{"id":10503,"date":"2022-02-03T12:04:42","date_gmt":"2022-02-03T11:04:42","guid":{"rendered":"https:\/\/www.transgourmet.es\/creixement-de-larea-de-retail-de-transgourmet\/"},"modified":"2022-02-03T12:04:42","modified_gmt":"2022-02-03T11:04:42","slug":"creixement-de-larea-de-retail-de-transgourmet","status":"publish","type":"post","link":"https:\/\/www.transgourmet.es\/ca\/blog\/creixement-de-larea-de-retail-de-transgourmet\/","title":{"rendered":"Els supermercats SUMA impulsen la seva pres\u00e8ncia a Madrid"},"content":{"rendered":"<p>2 de febrer de 2022. <strong>Transgourmet <\/strong><strong>Ib\u00e8rica, antiga GM FOOD<\/strong>, companyia referent en el sector de la distribuci\u00f3 aliment\u00e0ria, ha iniciat l&#8217;any impulsant tamb\u00e9 la seva \u00e0rea de retail en la Comunitat de Madrid amb les seves ensenyes de supermercats franquiciats SUMA i Proxim. Als vuit centres inaugurats durant 2021 (cinc SUMA i tres Proxim), s&#8217;uneix el SUMA obert en el barri d\u2019Aluche divendres passat.<\/p>\n<p>El nou establiment SUMA Aluche que t\u00e9 una superf\u00edcie de venda de 200m<sup>2<\/sup>, posa a la disposici\u00f3 dels seus clients totes les seccions habituals en lliure servei, entre les quals destaca la varietat de la zona de fruiteria.<\/p>\n<p>Transgourmet Ib\u00e8rica treballa en la Comunitat de Madrid amb <strong>203 prove\u00efdors locals<\/strong>, compta amb 21<strong>&nbsp;supermercats franquiciats<\/strong> (9&nbsp;SUMA i 12&nbsp;Proxim), una \u00e0mplia xarxa de distribu\u00efdors locals, 2 cash&amp;carry Gros Mercat a Alcal\u00e1 de Henares i Villaverde, i una plataforma log\u00edstica de 21.000m<sup>2<\/sup> a Torrej\u00f3n de Ardoz.<\/p>\n<p>Els supermercats de l&#8217;ensenya SUMA, creada l&#8217;any 2000, ofereixen un extens assortiment de refer\u00e8ncies entre les quals es troben m\u00e9s de 1.600 corresponents a les marques pr\u00f2pies Gourmet, Mical, Micaderm, Mic&amp;Friends i una destacada gamma de vins nacionals. SUMA ha adaptat els seus establiments a les necessitats dels seus clients, i disposa de seccions especialitzades (carnisseria, xarcuteria, fruiteria, fleca\u2026) per a oferir una \u00e0mplia varietat de productes de proximitat i temporada.<\/p>\n<p><strong>Sobre Transgourmet Ib\u00e8rica<\/strong><\/p>\n<p>Transgourmet Ib\u00e8rica, propietat del grup su\u00eds Transgourmet, compta amb 6 plataformes de distribuci\u00f3 repartides per tota Espanya i \u00e9s referent en el mercat horeca amb la seva ensenya de cash&amp;carry Gros Mercat, amb 70 centres i 23 gasolineres GM Oil, i la divisi\u00f3 de Food Service. L&#8217;empresa compta amb m\u00e9s de 800 supermercats franquiciats sota les ensenyes SUMA, Proxim i SPAR, i m\u00e9s de 2.000 clients independents.<\/p>\n","protected":false},"excerpt":{"rendered":"<p>2 de febrer de 2022. Transgourmet Ib\u00e8rica, antiga GM FOOD, companyia referent en el sector de la distribuci\u00f3 aliment\u00e0ria, ha iniciat l&#8217;any impulsant tamb\u00e9 la seva \u00e0rea de retail en la Comunitat de Madrid amb les seves ensenyes de supermercats franquiciats SUMA i Proxim. Als vuit centres inaugurats durant 2021 (cinc SUMA i tres Proxim),&hellip;&nbsp;<\/p>\n","protected":false},"author":1,"featured_media":9260,"comment_status":"open","ping_status":"open","sticky":false,"template":"","format":"standard","meta":{"_acf_changed":false,"neve_meta_sidebar":"","neve_meta_container":"","neve_meta_enable_content_width":"","neve_meta_content_width":0,"neve_meta_title_alignment":"","neve_meta_author_avatar":"","neve_post_elements_order":"","neve_meta_disable_header":"","neve_meta_disable_footer":"","neve_meta_disable_title":"","footnotes":""},"categories":[27],"tags":[],"class_list":["post-10503","post","type-post","status-publish","format-standard","has-post-thumbnail","hentry","category-supermercados"],"acf":[],"yoast_head":"<!-- This site is optimized with the Yoast SEO plugin v27.4 - https:\/\/yoast.com\/product\/yoast-seo-wordpress\/ -->\n<title>Els supermercats SUMA impulsen la seva pres\u00e8ncia a Madrid | Transgourmet<\/title>\n<meta name=\"robots\" content=\"index, follow, max-snippet:-1, max-image-preview:large, max-video-preview:-1\" \/>\n<link rel=\"canonical\" href=\"https:\/\/www.transgourmet.es\/ca\/blog\/creixement-de-larea-de-retail-de-transgourmet\/\" \/>\n<meta property=\"og:locale\" content=\"ca_ES\" \/>\n<meta property=\"og:type\" content=\"article\" \/>\n<meta property=\"og:title\" content=\"Els supermercats SUMA impulsen la seva pres\u00e8ncia a Madrid | Transgourmet\" \/>\n<meta property=\"og:description\" content=\"2 de febrer de 2022. Transgourmet Ib\u00e8rica, antiga GM FOOD, companyia referent en el sector de la distribuci\u00f3 aliment\u00e0ria, ha iniciat l&#8217;any impulsant tamb\u00e9 la seva \u00e0rea de retail en la Comunitat de Madrid amb les seves ensenyes de supermercats franquiciats SUMA i Proxim. Als vuit centres inaugurats durant 2021 (cinc SUMA i tres Proxim),&hellip;&nbsp;\" \/>\n<meta property=\"og:url\" content=\"https:\/\/www.transgourmet.es\/ca\/blog\/creixement-de-larea-de-retail-de-transgourmet\/\" \/>\n<meta property=\"og:site_name\" content=\"Transgourmet\" \/>\n<meta property=\"article:published_time\" content=\"2022-02-03T11:04:42+00:00\" \/>\n<meta property=\"og:image\" content=\"https:\/\/www.transgourmet.es\/wp-content\/uploads\/2022\/12\/SUMA_Aluche-1-scaled.jpg\" \/>\n\t<meta property=\"og:image:width\" content=\"2144\" \/>\n\t<meta property=\"og:image:height\" content=\"2560\" \/>\n\t<meta property=\"og:image:type\" content=\"image\/jpeg\" \/>\n<meta name=\"author\" content=\"Comunicaci\u00f3 Integral NEORG\" \/>\n<meta name=\"twitter:card\" content=\"summary_large_image\" \/>\n<meta name=\"twitter:creator\" content=\"@transgourmet_es\" \/>\n<meta name=\"twitter:site\" content=\"@transgourmet_es\" \/>\n<meta name=\"twitter:label1\" content=\"Escrit per\" \/>\n\t<meta name=\"twitter:data1\" content=\"Comunicaci\u00f3 Integral NEORG\" \/>\n\t<meta name=\"twitter:label2\" content=\"Temps estimat de lectura\" \/>\n\t<meta name=\"twitter:data2\" content=\"2 minuts\" \/>\n<script type=\"application\/ld+json\" class=\"yoast-schema-graph\">{\"@context\":\"https:\\\/\\\/schema.org\",\"@graph\":[{\"@type\":\"Article\",\"@id\":\"https:\\\/\\\/www.transgourmet.es\\\/ca\\\/blog\\\/creixement-de-larea-de-retail-de-transgourmet\\\/#article\",\"isPartOf\":{\"@id\":\"https:\\\/\\\/www.transgourmet.es\\\/ca\\\/blog\\\/creixement-de-larea-de-retail-de-transgourmet\\\/\"},\"author\":{\"name\":\"Comunicaci\u00f3 Integral NEORG\",\"@id\":\"https:\\\/\\\/www.transgourmet.es\\\/#\\\/schema\\\/person\\\/9645bac309d97c15c876f1e07c985243\"},\"headline\":\"Els supermercats SUMA impulsen la seva pres\u00e8ncia a Madrid\",\"datePublished\":\"2022-02-03T11:04:42+00:00\",\"mainEntityOfPage\":{\"@id\":\"https:\\\/\\\/www.transgourmet.es\\\/ca\\\/blog\\\/creixement-de-larea-de-retail-de-transgourmet\\\/\"},\"wordCount\":318,\"commentCount\":0,\"publisher\":{\"@id\":\"https:\\\/\\\/www.transgourmet.es\\\/#organization\"},\"image\":{\"@id\":\"https:\\\/\\\/www.transgourmet.es\\\/ca\\\/blog\\\/creixement-de-larea-de-retail-de-transgourmet\\\/#primaryimage\"},\"thumbnailUrl\":\"https:\\\/\\\/www.transgourmet.es\\\/wp-content\\\/uploads\\\/2022\\\/12\\\/SUMA_Aluche-1-scaled.jpg\",\"articleSection\":[\"Supermercados\"],\"inLanguage\":\"ca\",\"potentialAction\":[{\"@type\":\"CommentAction\",\"name\":\"Comment\",\"target\":[\"https:\\\/\\\/www.transgourmet.es\\\/ca\\\/blog\\\/creixement-de-larea-de-retail-de-transgourmet\\\/#respond\"]}]},{\"@type\":\"WebPage\",\"@id\":\"https:\\\/\\\/www.transgourmet.es\\\/ca\\\/blog\\\/creixement-de-larea-de-retail-de-transgourmet\\\/\",\"url\":\"https:\\\/\\\/www.transgourmet.es\\\/ca\\\/blog\\\/creixement-de-larea-de-retail-de-transgourmet\\\/\",\"name\":\"Els supermercats SUMA impulsen la seva pres\u00e8ncia a Madrid | Transgourmet\",\"isPartOf\":{\"@id\":\"https:\\\/\\\/www.transgourmet.es\\\/#website\"},\"primaryImageOfPage\":{\"@id\":\"https:\\\/\\\/www.transgourmet.es\\\/ca\\\/blog\\\/creixement-de-larea-de-retail-de-transgourmet\\\/#primaryimage\"},\"image\":{\"@id\":\"https:\\\/\\\/www.transgourmet.es\\\/ca\\\/blog\\\/creixement-de-larea-de-retail-de-transgourmet\\\/#primaryimage\"},\"thumbnailUrl\":\"https:\\\/\\\/www.transgourmet.es\\\/wp-content\\\/uploads\\\/2022\\\/12\\\/SUMA_Aluche-1-scaled.jpg\",\"datePublished\":\"2022-02-03T11:04:42+00:00\",\"breadcrumb\":{\"@id\":\"https:\\\/\\\/www.transgourmet.es\\\/ca\\\/blog\\\/creixement-de-larea-de-retail-de-transgourmet\\\/#breadcrumb\"},\"inLanguage\":\"ca\",\"potentialAction\":[{\"@type\":\"ReadAction\",\"target\":[\"https:\\\/\\\/www.transgourmet.es\\\/ca\\\/blog\\\/creixement-de-larea-de-retail-de-transgourmet\\\/\"]}]},{\"@type\":\"ImageObject\",\"inLanguage\":\"ca\",\"@id\":\"https:\\\/\\\/www.transgourmet.es\\\/ca\\\/blog\\\/creixement-de-larea-de-retail-de-transgourmet\\\/#primaryimage\",\"url\":\"https:\\\/\\\/www.transgourmet.es\\\/wp-content\\\/uploads\\\/2022\\\/12\\\/SUMA_Aluche-1-scaled.jpg\",\"contentUrl\":\"https:\\\/\\\/www.transgourmet.es\\\/wp-content\\\/uploads\\\/2022\\\/12\\\/SUMA_Aluche-1-scaled.jpg\",\"width\":2144,\"height\":2560},{\"@type\":\"BreadcrumbList\",\"@id\":\"https:\\\/\\\/www.transgourmet.es\\\/ca\\\/blog\\\/creixement-de-larea-de-retail-de-transgourmet\\\/#breadcrumb\",\"itemListElement\":[{\"@type\":\"ListItem\",\"position\":1,\"name\":\"Portada\",\"item\":\"https:\\\/\\\/www.transgourmet.es\\\/ca\\\/\"},{\"@type\":\"ListItem\",\"position\":2,\"name\":\"Els supermercats SUMA impulsen la seva pres\u00e8ncia a Madrid\"}]},{\"@type\":\"WebSite\",\"@id\":\"https:\\\/\\\/www.transgourmet.es\\\/#website\",\"url\":\"https:\\\/\\\/www.transgourmet.es\\\/\",\"name\":\"Transgourmet\",\"description\":\"Distribuci\u00f3n mayorista de alimentaci\u00f3n en Espa\u00f1a\",\"publisher\":{\"@id\":\"https:\\\/\\\/www.transgourmet.es\\\/#organization\"},\"alternateName\":\"Grupo Transgourmet\",\"potentialAction\":[{\"@type\":\"SearchAction\",\"target\":{\"@type\":\"EntryPoint\",\"urlTemplate\":\"https:\\\/\\\/www.transgourmet.es\\\/?s={search_term_string}\"},\"query-input\":{\"@type\":\"PropertyValueSpecification\",\"valueRequired\":true,\"valueName\":\"search_term_string\"}}],\"inLanguage\":\"ca\"},{\"@type\":\"Organization\",\"@id\":\"https:\\\/\\\/www.transgourmet.es\\\/#organization\",\"name\":\"Transgourmet\",\"url\":\"https:\\\/\\\/www.transgourmet.es\\\/\",\"logo\":{\"@type\":\"ImageObject\",\"inLanguage\":\"ca\",\"@id\":\"https:\\\/\\\/www.transgourmet.es\\\/#\\\/schema\\\/logo\\\/image\\\/\",\"url\":\"https:\\\/\\\/www.transgourmet.es\\\/wp-content\\\/uploads\\\/2022\\\/08\\\/trans-vert.svg\",\"contentUrl\":\"https:\\\/\\\/www.transgourmet.es\\\/wp-content\\\/uploads\\\/2022\\\/08\\\/trans-vert.svg\",\"width\":296,\"height\":113,\"caption\":\"Transgourmet\"},\"image\":{\"@id\":\"https:\\\/\\\/www.transgourmet.es\\\/#\\\/schema\\\/logo\\\/image\\\/\"},\"sameAs\":[\"https:\\\/\\\/x.com\\\/transgourmet_es\",\"https:\\\/\\\/www.youtube.com\\\/c\\\/TransgourmetIberica\",\"https:\\\/\\\/www.linkedin.com\\\/company\\\/transgourmet-iberica\"]},{\"@type\":\"Person\",\"@id\":\"https:\\\/\\\/www.transgourmet.es\\\/#\\\/schema\\\/person\\\/9645bac309d97c15c876f1e07c985243\",\"name\":\"Comunicaci\u00f3 Integral NEORG\",\"image\":{\"@type\":\"ImageObject\",\"inLanguage\":\"ca\",\"@id\":\"https:\\\/\\\/secure.gravatar.com\\\/avatar\\\/709d3d8015183afa7401c02e2291a538cbfd4ffe62f4d86ce5f4871f22e86b09?s=96&d=mm&r=g\",\"url\":\"https:\\\/\\\/secure.gravatar.com\\\/avatar\\\/709d3d8015183afa7401c02e2291a538cbfd4ffe62f4d86ce5f4871f22e86b09?s=96&d=mm&r=g\",\"contentUrl\":\"https:\\\/\\\/secure.gravatar.com\\\/avatar\\\/709d3d8015183afa7401c02e2291a538cbfd4ffe62f4d86ce5f4871f22e86b09?s=96&d=mm&r=g\",\"caption\":\"Comunicaci\u00f3 Integral NEORG\"},\"sameAs\":[\"https:\\\/\\\/www.neorgsite.com\\\/\"]}]}<\/script>\n<!-- \/ Yoast SEO plugin. -->","yoast_head_json":{"title":"Els supermercats SUMA impulsen la seva pres\u00e8ncia a Madrid | Transgourmet","robots":{"index":"index","follow":"follow","max-snippet":"max-snippet:-1","max-image-preview":"max-image-preview:large","max-video-preview":"max-video-preview:-1"},"canonical":"https:\/\/www.transgourmet.es\/ca\/blog\/creixement-de-larea-de-retail-de-transgourmet\/","og_locale":"ca_ES","og_type":"article","og_title":"Els supermercats SUMA impulsen la seva pres\u00e8ncia a Madrid | Transgourmet","og_description":"2 de febrer de 2022. Transgourmet Ib\u00e8rica, antiga GM FOOD, companyia referent en el sector de la distribuci\u00f3 aliment\u00e0ria, ha iniciat l&#8217;any impulsant tamb\u00e9 la seva \u00e0rea de retail en la Comunitat de Madrid amb les seves ensenyes de supermercats franquiciats SUMA i Proxim. Als vuit centres inaugurats durant 2021 (cinc SUMA i tres Proxim),&hellip;&nbsp;","og_url":"https:\/\/www.transgourmet.es\/ca\/blog\/creixement-de-larea-de-retail-de-transgourmet\/","og_site_name":"Transgourmet","article_published_time":"2022-02-03T11:04:42+00:00","og_image":[{"width":2144,"height":2560,"url":"https:\/\/www.transgourmet.es\/wp-content\/uploads\/2022\/12\/SUMA_Aluche-1-scaled.jpg","type":"image\/jpeg"}],"author":"Comunicaci\u00f3 Integral NEORG","twitter_card":"summary_large_image","twitter_creator":"@transgourmet_es","twitter_site":"@transgourmet_es","twitter_misc":{"Escrit per":"Comunicaci\u00f3 Integral NEORG","Temps estimat de lectura":"2 minuts"},"schema":{"@context":"https:\/\/schema.org","@graph":[{"@type":"Article","@id":"https:\/\/www.transgourmet.es\/ca\/blog\/creixement-de-larea-de-retail-de-transgourmet\/#article","isPartOf":{"@id":"https:\/\/www.transgourmet.es\/ca\/blog\/creixement-de-larea-de-retail-de-transgourmet\/"},"author":{"name":"Comunicaci\u00f3 Integral NEORG","@id":"https:\/\/www.transgourmet.es\/#\/schema\/person\/9645bac309d97c15c876f1e07c985243"},"headline":"Els supermercats SUMA impulsen la seva pres\u00e8ncia a Madrid","datePublished":"2022-02-03T11:04:42+00:00","mainEntityOfPage":{"@id":"https:\/\/www.transgourmet.es\/ca\/blog\/creixement-de-larea-de-retail-de-transgourmet\/"},"wordCount":318,"commentCount":0,"publisher":{"@id":"https:\/\/www.transgourmet.es\/#organization"},"image":{"@id":"https:\/\/www.transgourmet.es\/ca\/blog\/creixement-de-larea-de-retail-de-transgourmet\/#primaryimage"},"thumbnailUrl":"https:\/\/www.transgourmet.es\/wp-content\/uploads\/2022\/12\/SUMA_Aluche-1-scaled.jpg","articleSection":["Supermercados"],"inLanguage":"ca","potentialAction":[{"@type":"CommentAction","name":"Comment","target":["https:\/\/www.transgourmet.es\/ca\/blog\/creixement-de-larea-de-retail-de-transgourmet\/#respond"]}]},{"@type":"WebPage","@id":"https:\/\/www.transgourmet.es\/ca\/blog\/creixement-de-larea-de-retail-de-transgourmet\/","url":"https:\/\/www.transgourmet.es\/ca\/blog\/creixement-de-larea-de-retail-de-transgourmet\/","name":"Els supermercats SUMA impulsen la seva pres\u00e8ncia a Madrid | Transgourmet","isPartOf":{"@id":"https:\/\/www.transgourmet.es\/#website"},"primaryImageOfPage":{"@id":"https:\/\/www.transgourmet.es\/ca\/blog\/creixement-de-larea-de-retail-de-transgourmet\/#primaryimage"},"image":{"@id":"https:\/\/www.transgourmet.es\/ca\/blog\/creixement-de-larea-de-retail-de-transgourmet\/#primaryimage"},"thumbnailUrl":"https:\/\/www.transgourmet.es\/wp-content\/uploads\/2022\/12\/SUMA_Aluche-1-scaled.jpg","datePublished":"2022-02-03T11:04:42+00:00","breadcrumb":{"@id":"https:\/\/www.transgourmet.es\/ca\/blog\/creixement-de-larea-de-retail-de-transgourmet\/#breadcrumb"},"inLanguage":"ca","potentialAction":[{"@type":"ReadAction","target":["https:\/\/www.transgourmet.es\/ca\/blog\/creixement-de-larea-de-retail-de-transgourmet\/"]}]},{"@type":"ImageObject","inLanguage":"ca","@id":"https:\/\/www.transgourmet.es\/ca\/blog\/creixement-de-larea-de-retail-de-transgourmet\/#primaryimage","url":"https:\/\/www.transgourmet.es\/wp-content\/uploads\/2022\/12\/SUMA_Aluche-1-scaled.jpg","contentUrl":"https:\/\/www.transgourmet.es\/wp-content\/uploads\/2022\/12\/SUMA_Aluche-1-scaled.jpg","width":2144,"height":2560},{"@type":"BreadcrumbList","@id":"https:\/\/www.transgourmet.es\/ca\/blog\/creixement-de-larea-de-retail-de-transgourmet\/#breadcrumb","itemListElement":[{"@type":"ListItem","position":1,"name":"Portada","item":"https:\/\/www.transgourmet.es\/ca\/"},{"@type":"ListItem","position":2,"name":"Els supermercats SUMA impulsen la seva pres\u00e8ncia a Madrid"}]},{"@type":"WebSite","@id":"https:\/\/www.transgourmet.es\/#website","url":"https:\/\/www.transgourmet.es\/","name":"Transgourmet","description":"Distribuci\u00f3n mayorista de alimentaci\u00f3n en Espa\u00f1a","publisher":{"@id":"https:\/\/www.transgourmet.es\/#organization"},"alternateName":"Grupo Transgourmet","potentialAction":[{"@type":"SearchAction","target":{"@type":"EntryPoint","urlTemplate":"https:\/\/www.transgourmet.es\/?s={search_term_string}"},"query-input":{"@type":"PropertyValueSpecification","valueRequired":true,"valueName":"search_term_string"}}],"inLanguage":"ca"},{"@type":"Organization","@id":"https:\/\/www.transgourmet.es\/#organization","name":"Transgourmet","url":"https:\/\/www.transgourmet.es\/","logo":{"@type":"ImageObject","inLanguage":"ca","@id":"https:\/\/www.transgourmet.es\/#\/schema\/logo\/image\/","url":"https:\/\/www.transgourmet.es\/wp-content\/uploads\/2022\/08\/trans-vert.svg","contentUrl":"https:\/\/www.transgourmet.es\/wp-content\/uploads\/2022\/08\/trans-vert.svg","width":296,"height":113,"caption":"Transgourmet"},"image":{"@id":"https:\/\/www.transgourmet.es\/#\/schema\/logo\/image\/"},"sameAs":["https:\/\/x.com\/transgourmet_es","https:\/\/www.youtube.com\/c\/TransgourmetIberica","https:\/\/www.linkedin.com\/company\/transgourmet-iberica"]},{"@type":"Person","@id":"https:\/\/www.transgourmet.es\/#\/schema\/person\/9645bac309d97c15c876f1e07c985243","name":"Comunicaci\u00f3 Integral NEORG","image":{"@type":"ImageObject","inLanguage":"ca","@id":"https:\/\/secure.gravatar.com\/avatar\/709d3d8015183afa7401c02e2291a538cbfd4ffe62f4d86ce5f4871f22e86b09?s=96&d=mm&r=g","url":"https:\/\/secure.gravatar.com\/avatar\/709d3d8015183afa7401c02e2291a538cbfd4ffe62f4d86ce5f4871f22e86b09?s=96&d=mm&r=g","contentUrl":"https:\/\/secure.gravatar.com\/avatar\/709d3d8015183afa7401c02e2291a538cbfd4ffe62f4d86ce5f4871f22e86b09?s=96&d=mm&r=g","caption":"Comunicaci\u00f3 Integral NEORG"},"sameAs":["https:\/\/www.neorgsite.com\/"]}]}},"_links":{"self":[{"href":"https:\/\/www.transgourmet.es\/ca\/wp-json\/wp\/v2\/posts\/10503","targetHints":{"allow":["GET"]}}],"collection":[{"href":"https:\/\/www.transgourmet.es\/ca\/wp-json\/wp\/v2\/posts"}],"about":[{"href":"https:\/\/www.transgourmet.es\/ca\/wp-json\/wp\/v2\/types\/post"}],"author":[{"embeddable":true,"href":"https:\/\/www.transgourmet.es\/ca\/wp-json\/wp\/v2\/users\/1"}],"replies":[{"embeddable":true,"href":"https:\/\/www.transgourmet.es\/ca\/wp-json\/wp\/v2\/comments?post=10503"}],"version-history":[{"count":0,"href":"https:\/\/www.transgourmet.es\/ca\/wp-json\/wp\/v2\/posts\/10503\/revisions"}],"wp:featuredmedia":[{"embeddable":true,"href":"https:\/\/www.transgourmet.es\/ca\/wp-json\/wp\/v2\/media\/9260"}],"wp:attachment":[{"href":"https:\/\/www.transgourmet.es\/ca\/wp-json\/wp\/v2\/media?parent=10503"}],"wp:term":[{"taxonomy":"category","embeddable":true,"href":"https:\/\/www.transgourmet.es\/ca\/wp-json\/wp\/v2\/categories?post=10503"},{"taxonomy":"post_tag","embeddable":true,"href":"https:\/\/www.transgourmet.es\/ca\/wp-json\/wp\/v2\/tags?post=10503"}],"curies":[{"name":"wp","href":"https:\/\/api.w.org\/{rel}","templated":true}]}}