{"id":10509,"date":"2021-11-22T13:31:31","date_gmt":"2021-11-22T12:31:31","guid":{"rendered":"https:\/\/www.transgourmet.es\/la-companyia-aposta-pel-medi-ambient-en-la-renovacio-de-la-seva-flota\/"},"modified":"2021-11-22T13:31:31","modified_gmt":"2021-11-22T12:31:31","slug":"la-companyia-aposta-pel-medi-ambient-en-la-renovacio-de-la-seva-flota","status":"publish","type":"post","link":"https:\/\/www.transgourmet.es\/ca\/blog\/la-companyia-aposta-pel-medi-ambient-en-la-renovacio-de-la-seva-flota\/","title":{"rendered":"GM FOOD incorpora 27 vehicles h\u00edbrids en la seva estrat\u00e8gia a favor de la sostenibilitat"},"content":{"rendered":"<p>22 de novembre de 2021. <strong>GM FOOD<\/strong>, companyia referent en el sector de la distribuci\u00f3 aliment\u00e0ria a l\u2019Estat, ha incorporat vehicles h\u00edbrids a la seva xarxa comercial, dins de la seva estrat\u00e8gia per a reduir les emissions de CO2 i a favor de la sostenibilitat. La companyia ha contractat a Toyota en format r\u00e8nting <strong>27 vehicles Corolla Electric Hybrid amb distintiu ambiental ECO<\/strong> i retolats amb l&#8217;esl\u00f2gan \u201c<em>Hybrid, Cuido del planeta<\/em>\u201d, que comen\u00e7aran a donar servei en la xarxa comercial que la companyia t\u00e9 repartida per tota Espanya.<\/p>\n<p><strong>GM FOOD<\/strong> ha apostat per Toyota i la seva tecnologia h\u00edbrida el\u00e8ctrica per a renovar la seva flota de vehicles di\u00e8sel amb l&#8217;objectiu de <strong>reduir el consum i les emissions de <\/strong><strong>CO2<\/strong>, garantint aix\u00ed el <strong>respecte al medi ambient<\/strong> com a eix de les seves activitats. L&#8217;acci\u00f3 representa una reducci\u00f3 del 25% de les emissions respecte als vehicles substitu\u00efts.<\/p>\n<p>\nLa nova flota de cotxes ha estat lliurada en la seu de GM FOOD a Vilamalla (Girona), en un acte en el qual van ser presents el director general de GM FOOD, Llu\u00eds Labairu i el seu director executiu de Serveis Corporatius, Llu\u00eds Peri\u00e1\u00f1ez, al costat de Marc Peralta, fleet operations s\u00e8nior manager de Toyota Espa\u00f1a, i Roc\u00edo Garrido, fleet operations area manager de Toyota Espa\u00f1a.<\/p>\n<p>La tecnologia Toyota Electric Hybrid aglutina ja m\u00e9s de 25 anys d&#8217;hist\u00f2ria i m\u00e9s de 18 milions de vehicles electrificats comercialitzats a tot el m\u00f3n. Aquestes xifres permeten a Toyota ser l\u00edder en l&#8217;electrificaci\u00f3 del mercat i expandir-se tamb\u00e9 a nivell corporatiu, amb tota classe de flotes tant a nivell p\u00fablic com privat, amb entitats, governs, cossos de seguretat i empreses de tota mena apostant per una tecnologia eficient i mediambientalment sostenible.<\/p>\n<p><strong>Sobre GM FOOD<\/strong><\/p>\n<p>GM FOOD, propietat del grup su\u00eds Transgourmet, compta amb 6 plataformes de distribuci\u00f3 repartides per tot l\u2019Estat i \u00e9s referent en el mercat de l\u2019horeca amb la seva ensenya de cash&amp;carry GM Cash-Gros Mercat, amb 70 centres i 23 benzineres GM Oil, i la divisi\u00f3 de Food Service. L\u2019empresa compta amb m\u00e9s de 800 supermercats franquiciats sota les ensenyes SUMA, Proxim i SPAR, i m\u00e9s de 2.000 clients independents.<\/p>\n","protected":false},"excerpt":{"rendered":"<p>22 de novembre de 2021. GM FOOD, companyia referent en el sector de la distribuci\u00f3 aliment\u00e0ria a l\u2019Estat, ha incorporat vehicles h\u00edbrids a la seva xarxa comercial, dins de la seva estrat\u00e8gia per a reduir les emissions de CO2 i a favor de la sostenibilitat. La companyia ha contractat a Toyota en format r\u00e8nting 27&hellip;&nbsp;<\/p>\n","protected":false},"author":1,"featured_media":9348,"comment_status":"open","ping_status":"open","sticky":false,"template":"","format":"standard","meta":{"_acf_changed":false,"neve_meta_sidebar":"","neve_meta_container":"","neve_meta_enable_content_width":"","neve_meta_content_width":0,"neve_meta_title_alignment":"","neve_meta_author_avatar":"","neve_post_elements_order":"","neve_meta_disable_header":"","neve_meta_disable_footer":"","neve_meta_disable_title":"","footnotes":""},"categories":[25],"tags":[],"class_list":["post-10509","post","type-post","status-publish","format-standard","has-post-thumbnail","hentry","category-transgourmet"],"acf":[],"yoast_head":"<!-- This site is optimized with the Yoast SEO plugin v27.4 - https:\/\/yoast.com\/product\/yoast-seo-wordpress\/ -->\n<title>GM FOOD incorpora 27 vehicles h\u00edbrids en la seva estrat\u00e8gia a favor de la sostenibilitat | Transgourmet<\/title>\n<meta name=\"robots\" content=\"index, follow, max-snippet:-1, max-image-preview:large, max-video-preview:-1\" \/>\n<link rel=\"canonical\" href=\"https:\/\/www.transgourmet.es\/ca\/blog\/la-companyia-aposta-pel-medi-ambient-en-la-renovacio-de-la-seva-flota\/\" \/>\n<meta property=\"og:locale\" content=\"ca_ES\" \/>\n<meta property=\"og:type\" content=\"article\" \/>\n<meta property=\"og:title\" content=\"GM FOOD incorpora 27 vehicles h\u00edbrids en la seva estrat\u00e8gia a favor de la sostenibilitat | Transgourmet\" \/>\n<meta property=\"og:description\" content=\"22 de novembre de 2021. GM FOOD, companyia referent en el sector de la distribuci\u00f3 aliment\u00e0ria a l\u2019Estat, ha incorporat vehicles h\u00edbrids a la seva xarxa comercial, dins de la seva estrat\u00e8gia per a reduir les emissions de CO2 i a favor de la sostenibilitat. La companyia ha contractat a Toyota en format r\u00e8nting 27&hellip;&nbsp;\" \/>\n<meta property=\"og:url\" content=\"https:\/\/www.transgourmet.es\/ca\/blog\/la-companyia-aposta-pel-medi-ambient-en-la-renovacio-de-la-seva-flota\/\" \/>\n<meta property=\"og:site_name\" content=\"Transgourmet\" \/>\n<meta property=\"article:published_time\" content=\"2021-11-22T12:31:31+00:00\" \/>\n<meta property=\"og:image\" content=\"https:\/\/www.transgourmet.es\/wp-content\/uploads\/2022\/12\/GMFOOD_FlotaToyota-scaled.jpg\" \/>\n\t<meta property=\"og:image:width\" content=\"2560\" \/>\n\t<meta property=\"og:image:height\" content=\"1440\" \/>\n\t<meta property=\"og:image:type\" content=\"image\/jpeg\" \/>\n<meta name=\"author\" content=\"Comunicaci\u00f3 Integral NEORG\" \/>\n<meta name=\"twitter:card\" content=\"summary_large_image\" \/>\n<meta name=\"twitter:creator\" content=\"@transgourmet_es\" \/>\n<meta name=\"twitter:site\" content=\"@transgourmet_es\" \/>\n<meta name=\"twitter:label1\" content=\"Escrit per\" \/>\n\t<meta name=\"twitter:data1\" content=\"Comunicaci\u00f3 Integral NEORG\" \/>\n\t<meta name=\"twitter:label2\" content=\"Temps estimat de lectura\" \/>\n\t<meta name=\"twitter:data2\" content=\"2 minuts\" \/>\n<script type=\"application\/ld+json\" class=\"yoast-schema-graph\">{\"@context\":\"https:\\\/\\\/schema.org\",\"@graph\":[{\"@type\":\"Article\",\"@id\":\"https:\\\/\\\/www.transgourmet.es\\\/ca\\\/blog\\\/la-companyia-aposta-pel-medi-ambient-en-la-renovacio-de-la-seva-flota\\\/#article\",\"isPartOf\":{\"@id\":\"https:\\\/\\\/www.transgourmet.es\\\/ca\\\/blog\\\/la-companyia-aposta-pel-medi-ambient-en-la-renovacio-de-la-seva-flota\\\/\"},\"author\":{\"name\":\"Comunicaci\u00f3 Integral NEORG\",\"@id\":\"https:\\\/\\\/www.transgourmet.es\\\/#\\\/schema\\\/person\\\/9645bac309d97c15c876f1e07c985243\"},\"headline\":\"GM FOOD incorpora 27 vehicles h\u00edbrids en la seva estrat\u00e8gia a favor de la sostenibilitat\",\"datePublished\":\"2021-11-22T12:31:31+00:00\",\"mainEntityOfPage\":{\"@id\":\"https:\\\/\\\/www.transgourmet.es\\\/ca\\\/blog\\\/la-companyia-aposta-pel-medi-ambient-en-la-renovacio-de-la-seva-flota\\\/\"},\"wordCount\":399,\"commentCount\":0,\"publisher\":{\"@id\":\"https:\\\/\\\/www.transgourmet.es\\\/#organization\"},\"image\":{\"@id\":\"https:\\\/\\\/www.transgourmet.es\\\/ca\\\/blog\\\/la-companyia-aposta-pel-medi-ambient-en-la-renovacio-de-la-seva-flota\\\/#primaryimage\"},\"thumbnailUrl\":\"https:\\\/\\\/www.transgourmet.es\\\/wp-content\\\/uploads\\\/2022\\\/12\\\/GMFOOD_FlotaToyota-scaled.jpg\",\"articleSection\":[\"Transgourmet\"],\"inLanguage\":\"ca\",\"potentialAction\":[{\"@type\":\"CommentAction\",\"name\":\"Comment\",\"target\":[\"https:\\\/\\\/www.transgourmet.es\\\/ca\\\/blog\\\/la-companyia-aposta-pel-medi-ambient-en-la-renovacio-de-la-seva-flota\\\/#respond\"]}]},{\"@type\":\"WebPage\",\"@id\":\"https:\\\/\\\/www.transgourmet.es\\\/ca\\\/blog\\\/la-companyia-aposta-pel-medi-ambient-en-la-renovacio-de-la-seva-flota\\\/\",\"url\":\"https:\\\/\\\/www.transgourmet.es\\\/ca\\\/blog\\\/la-companyia-aposta-pel-medi-ambient-en-la-renovacio-de-la-seva-flota\\\/\",\"name\":\"GM FOOD incorpora 27 vehicles h\u00edbrids en la seva estrat\u00e8gia a favor de la sostenibilitat | Transgourmet\",\"isPartOf\":{\"@id\":\"https:\\\/\\\/www.transgourmet.es\\\/#website\"},\"primaryImageOfPage\":{\"@id\":\"https:\\\/\\\/www.transgourmet.es\\\/ca\\\/blog\\\/la-companyia-aposta-pel-medi-ambient-en-la-renovacio-de-la-seva-flota\\\/#primaryimage\"},\"image\":{\"@id\":\"https:\\\/\\\/www.transgourmet.es\\\/ca\\\/blog\\\/la-companyia-aposta-pel-medi-ambient-en-la-renovacio-de-la-seva-flota\\\/#primaryimage\"},\"thumbnailUrl\":\"https:\\\/\\\/www.transgourmet.es\\\/wp-content\\\/uploads\\\/2022\\\/12\\\/GMFOOD_FlotaToyota-scaled.jpg\",\"datePublished\":\"2021-11-22T12:31:31+00:00\",\"breadcrumb\":{\"@id\":\"https:\\\/\\\/www.transgourmet.es\\\/ca\\\/blog\\\/la-companyia-aposta-pel-medi-ambient-en-la-renovacio-de-la-seva-flota\\\/#breadcrumb\"},\"inLanguage\":\"ca\",\"potentialAction\":[{\"@type\":\"ReadAction\",\"target\":[\"https:\\\/\\\/www.transgourmet.es\\\/ca\\\/blog\\\/la-companyia-aposta-pel-medi-ambient-en-la-renovacio-de-la-seva-flota\\\/\"]}]},{\"@type\":\"ImageObject\",\"inLanguage\":\"ca\",\"@id\":\"https:\\\/\\\/www.transgourmet.es\\\/ca\\\/blog\\\/la-companyia-aposta-pel-medi-ambient-en-la-renovacio-de-la-seva-flota\\\/#primaryimage\",\"url\":\"https:\\\/\\\/www.transgourmet.es\\\/wp-content\\\/uploads\\\/2022\\\/12\\\/GMFOOD_FlotaToyota-scaled.jpg\",\"contentUrl\":\"https:\\\/\\\/www.transgourmet.es\\\/wp-content\\\/uploads\\\/2022\\\/12\\\/GMFOOD_FlotaToyota-scaled.jpg\",\"width\":2560,\"height\":1440},{\"@type\":\"BreadcrumbList\",\"@id\":\"https:\\\/\\\/www.transgourmet.es\\\/ca\\\/blog\\\/la-companyia-aposta-pel-medi-ambient-en-la-renovacio-de-la-seva-flota\\\/#breadcrumb\",\"itemListElement\":[{\"@type\":\"ListItem\",\"position\":1,\"name\":\"Portada\",\"item\":\"https:\\\/\\\/www.transgourmet.es\\\/ca\\\/\"},{\"@type\":\"ListItem\",\"position\":2,\"name\":\"GM FOOD incorpora 27 vehicles h\u00edbrids en la seva estrat\u00e8gia a favor de la sostenibilitat\"}]},{\"@type\":\"WebSite\",\"@id\":\"https:\\\/\\\/www.transgourmet.es\\\/#website\",\"url\":\"https:\\\/\\\/www.transgourmet.es\\\/\",\"name\":\"Transgourmet\",\"description\":\"Distribuci\u00f3n mayorista de alimentaci\u00f3n en Espa\u00f1a\",\"publisher\":{\"@id\":\"https:\\\/\\\/www.transgourmet.es\\\/#organization\"},\"alternateName\":\"Grupo Transgourmet\",\"potentialAction\":[{\"@type\":\"SearchAction\",\"target\":{\"@type\":\"EntryPoint\",\"urlTemplate\":\"https:\\\/\\\/www.transgourmet.es\\\/?s={search_term_string}\"},\"query-input\":{\"@type\":\"PropertyValueSpecification\",\"valueRequired\":true,\"valueName\":\"search_term_string\"}}],\"inLanguage\":\"ca\"},{\"@type\":\"Organization\",\"@id\":\"https:\\\/\\\/www.transgourmet.es\\\/#organization\",\"name\":\"Transgourmet\",\"url\":\"https:\\\/\\\/www.transgourmet.es\\\/\",\"logo\":{\"@type\":\"ImageObject\",\"inLanguage\":\"ca\",\"@id\":\"https:\\\/\\\/www.transgourmet.es\\\/#\\\/schema\\\/logo\\\/image\\\/\",\"url\":\"https:\\\/\\\/www.transgourmet.es\\\/wp-content\\\/uploads\\\/2022\\\/08\\\/trans-vert.svg\",\"contentUrl\":\"https:\\\/\\\/www.transgourmet.es\\\/wp-content\\\/uploads\\\/2022\\\/08\\\/trans-vert.svg\",\"width\":296,\"height\":113,\"caption\":\"Transgourmet\"},\"image\":{\"@id\":\"https:\\\/\\\/www.transgourmet.es\\\/#\\\/schema\\\/logo\\\/image\\\/\"},\"sameAs\":[\"https:\\\/\\\/x.com\\\/transgourmet_es\",\"https:\\\/\\\/www.youtube.com\\\/c\\\/TransgourmetIberica\",\"https:\\\/\\\/www.linkedin.com\\\/company\\\/transgourmet-iberica\"]},{\"@type\":\"Person\",\"@id\":\"https:\\\/\\\/www.transgourmet.es\\\/#\\\/schema\\\/person\\\/9645bac309d97c15c876f1e07c985243\",\"name\":\"Comunicaci\u00f3 Integral NEORG\",\"image\":{\"@type\":\"ImageObject\",\"inLanguage\":\"ca\",\"@id\":\"https:\\\/\\\/secure.gravatar.com\\\/avatar\\\/709d3d8015183afa7401c02e2291a538cbfd4ffe62f4d86ce5f4871f22e86b09?s=96&d=mm&r=g\",\"url\":\"https:\\\/\\\/secure.gravatar.com\\\/avatar\\\/709d3d8015183afa7401c02e2291a538cbfd4ffe62f4d86ce5f4871f22e86b09?s=96&d=mm&r=g\",\"contentUrl\":\"https:\\\/\\\/secure.gravatar.com\\\/avatar\\\/709d3d8015183afa7401c02e2291a538cbfd4ffe62f4d86ce5f4871f22e86b09?s=96&d=mm&r=g\",\"caption\":\"Comunicaci\u00f3 Integral NEORG\"},\"sameAs\":[\"https:\\\/\\\/www.neorgsite.com\\\/\"]}]}<\/script>\n<!-- \/ Yoast SEO plugin. -->","yoast_head_json":{"title":"GM FOOD incorpora 27 vehicles h\u00edbrids en la seva estrat\u00e8gia a favor de la sostenibilitat | Transgourmet","robots":{"index":"index","follow":"follow","max-snippet":"max-snippet:-1","max-image-preview":"max-image-preview:large","max-video-preview":"max-video-preview:-1"},"canonical":"https:\/\/www.transgourmet.es\/ca\/blog\/la-companyia-aposta-pel-medi-ambient-en-la-renovacio-de-la-seva-flota\/","og_locale":"ca_ES","og_type":"article","og_title":"GM FOOD incorpora 27 vehicles h\u00edbrids en la seva estrat\u00e8gia a favor de la sostenibilitat | Transgourmet","og_description":"22 de novembre de 2021. GM FOOD, companyia referent en el sector de la distribuci\u00f3 aliment\u00e0ria a l\u2019Estat, ha incorporat vehicles h\u00edbrids a la seva xarxa comercial, dins de la seva estrat\u00e8gia per a reduir les emissions de CO2 i a favor de la sostenibilitat. La companyia ha contractat a Toyota en format r\u00e8nting 27&hellip;&nbsp;","og_url":"https:\/\/www.transgourmet.es\/ca\/blog\/la-companyia-aposta-pel-medi-ambient-en-la-renovacio-de-la-seva-flota\/","og_site_name":"Transgourmet","article_published_time":"2021-11-22T12:31:31+00:00","og_image":[{"width":2560,"height":1440,"url":"https:\/\/www.transgourmet.es\/wp-content\/uploads\/2022\/12\/GMFOOD_FlotaToyota-scaled.jpg","type":"image\/jpeg"}],"author":"Comunicaci\u00f3 Integral NEORG","twitter_card":"summary_large_image","twitter_creator":"@transgourmet_es","twitter_site":"@transgourmet_es","twitter_misc":{"Escrit per":"Comunicaci\u00f3 Integral NEORG","Temps estimat de lectura":"2 minuts"},"schema":{"@context":"https:\/\/schema.org","@graph":[{"@type":"Article","@id":"https:\/\/www.transgourmet.es\/ca\/blog\/la-companyia-aposta-pel-medi-ambient-en-la-renovacio-de-la-seva-flota\/#article","isPartOf":{"@id":"https:\/\/www.transgourmet.es\/ca\/blog\/la-companyia-aposta-pel-medi-ambient-en-la-renovacio-de-la-seva-flota\/"},"author":{"name":"Comunicaci\u00f3 Integral NEORG","@id":"https:\/\/www.transgourmet.es\/#\/schema\/person\/9645bac309d97c15c876f1e07c985243"},"headline":"GM FOOD incorpora 27 vehicles h\u00edbrids en la seva estrat\u00e8gia a favor de la sostenibilitat","datePublished":"2021-11-22T12:31:31+00:00","mainEntityOfPage":{"@id":"https:\/\/www.transgourmet.es\/ca\/blog\/la-companyia-aposta-pel-medi-ambient-en-la-renovacio-de-la-seva-flota\/"},"wordCount":399,"commentCount":0,"publisher":{"@id":"https:\/\/www.transgourmet.es\/#organization"},"image":{"@id":"https:\/\/www.transgourmet.es\/ca\/blog\/la-companyia-aposta-pel-medi-ambient-en-la-renovacio-de-la-seva-flota\/#primaryimage"},"thumbnailUrl":"https:\/\/www.transgourmet.es\/wp-content\/uploads\/2022\/12\/GMFOOD_FlotaToyota-scaled.jpg","articleSection":["Transgourmet"],"inLanguage":"ca","potentialAction":[{"@type":"CommentAction","name":"Comment","target":["https:\/\/www.transgourmet.es\/ca\/blog\/la-companyia-aposta-pel-medi-ambient-en-la-renovacio-de-la-seva-flota\/#respond"]}]},{"@type":"WebPage","@id":"https:\/\/www.transgourmet.es\/ca\/blog\/la-companyia-aposta-pel-medi-ambient-en-la-renovacio-de-la-seva-flota\/","url":"https:\/\/www.transgourmet.es\/ca\/blog\/la-companyia-aposta-pel-medi-ambient-en-la-renovacio-de-la-seva-flota\/","name":"GM FOOD incorpora 27 vehicles h\u00edbrids en la seva estrat\u00e8gia a favor de la sostenibilitat | Transgourmet","isPartOf":{"@id":"https:\/\/www.transgourmet.es\/#website"},"primaryImageOfPage":{"@id":"https:\/\/www.transgourmet.es\/ca\/blog\/la-companyia-aposta-pel-medi-ambient-en-la-renovacio-de-la-seva-flota\/#primaryimage"},"image":{"@id":"https:\/\/www.transgourmet.es\/ca\/blog\/la-companyia-aposta-pel-medi-ambient-en-la-renovacio-de-la-seva-flota\/#primaryimage"},"thumbnailUrl":"https:\/\/www.transgourmet.es\/wp-content\/uploads\/2022\/12\/GMFOOD_FlotaToyota-scaled.jpg","datePublished":"2021-11-22T12:31:31+00:00","breadcrumb":{"@id":"https:\/\/www.transgourmet.es\/ca\/blog\/la-companyia-aposta-pel-medi-ambient-en-la-renovacio-de-la-seva-flota\/#breadcrumb"},"inLanguage":"ca","potentialAction":[{"@type":"ReadAction","target":["https:\/\/www.transgourmet.es\/ca\/blog\/la-companyia-aposta-pel-medi-ambient-en-la-renovacio-de-la-seva-flota\/"]}]},{"@type":"ImageObject","inLanguage":"ca","@id":"https:\/\/www.transgourmet.es\/ca\/blog\/la-companyia-aposta-pel-medi-ambient-en-la-renovacio-de-la-seva-flota\/#primaryimage","url":"https:\/\/www.transgourmet.es\/wp-content\/uploads\/2022\/12\/GMFOOD_FlotaToyota-scaled.jpg","contentUrl":"https:\/\/www.transgourmet.es\/wp-content\/uploads\/2022\/12\/GMFOOD_FlotaToyota-scaled.jpg","width":2560,"height":1440},{"@type":"BreadcrumbList","@id":"https:\/\/www.transgourmet.es\/ca\/blog\/la-companyia-aposta-pel-medi-ambient-en-la-renovacio-de-la-seva-flota\/#breadcrumb","itemListElement":[{"@type":"ListItem","position":1,"name":"Portada","item":"https:\/\/www.transgourmet.es\/ca\/"},{"@type":"ListItem","position":2,"name":"GM FOOD incorpora 27 vehicles h\u00edbrids en la seva estrat\u00e8gia a favor de la sostenibilitat"}]},{"@type":"WebSite","@id":"https:\/\/www.transgourmet.es\/#website","url":"https:\/\/www.transgourmet.es\/","name":"Transgourmet","description":"Distribuci\u00f3n mayorista de alimentaci\u00f3n en Espa\u00f1a","publisher":{"@id":"https:\/\/www.transgourmet.es\/#organization"},"alternateName":"Grupo Transgourmet","potentialAction":[{"@type":"SearchAction","target":{"@type":"EntryPoint","urlTemplate":"https:\/\/www.transgourmet.es\/?s={search_term_string}"},"query-input":{"@type":"PropertyValueSpecification","valueRequired":true,"valueName":"search_term_string"}}],"inLanguage":"ca"},{"@type":"Organization","@id":"https:\/\/www.transgourmet.es\/#organization","name":"Transgourmet","url":"https:\/\/www.transgourmet.es\/","logo":{"@type":"ImageObject","inLanguage":"ca","@id":"https:\/\/www.transgourmet.es\/#\/schema\/logo\/image\/","url":"https:\/\/www.transgourmet.es\/wp-content\/uploads\/2022\/08\/trans-vert.svg","contentUrl":"https:\/\/www.transgourmet.es\/wp-content\/uploads\/2022\/08\/trans-vert.svg","width":296,"height":113,"caption":"Transgourmet"},"image":{"@id":"https:\/\/www.transgourmet.es\/#\/schema\/logo\/image\/"},"sameAs":["https:\/\/x.com\/transgourmet_es","https:\/\/www.youtube.com\/c\/TransgourmetIberica","https:\/\/www.linkedin.com\/company\/transgourmet-iberica"]},{"@type":"Person","@id":"https:\/\/www.transgourmet.es\/#\/schema\/person\/9645bac309d97c15c876f1e07c985243","name":"Comunicaci\u00f3 Integral NEORG","image":{"@type":"ImageObject","inLanguage":"ca","@id":"https:\/\/secure.gravatar.com\/avatar\/709d3d8015183afa7401c02e2291a538cbfd4ffe62f4d86ce5f4871f22e86b09?s=96&d=mm&r=g","url":"https:\/\/secure.gravatar.com\/avatar\/709d3d8015183afa7401c02e2291a538cbfd4ffe62f4d86ce5f4871f22e86b09?s=96&d=mm&r=g","contentUrl":"https:\/\/secure.gravatar.com\/avatar\/709d3d8015183afa7401c02e2291a538cbfd4ffe62f4d86ce5f4871f22e86b09?s=96&d=mm&r=g","caption":"Comunicaci\u00f3 Integral NEORG"},"sameAs":["https:\/\/www.neorgsite.com\/"]}]}},"_links":{"self":[{"href":"https:\/\/www.transgourmet.es\/ca\/wp-json\/wp\/v2\/posts\/10509","targetHints":{"allow":["GET"]}}],"collection":[{"href":"https:\/\/www.transgourmet.es\/ca\/wp-json\/wp\/v2\/posts"}],"about":[{"href":"https:\/\/www.transgourmet.es\/ca\/wp-json\/wp\/v2\/types\/post"}],"author":[{"embeddable":true,"href":"https:\/\/www.transgourmet.es\/ca\/wp-json\/wp\/v2\/users\/1"}],"replies":[{"embeddable":true,"href":"https:\/\/www.transgourmet.es\/ca\/wp-json\/wp\/v2\/comments?post=10509"}],"version-history":[{"count":0,"href":"https:\/\/www.transgourmet.es\/ca\/wp-json\/wp\/v2\/posts\/10509\/revisions"}],"wp:featuredmedia":[{"embeddable":true,"href":"https:\/\/www.transgourmet.es\/ca\/wp-json\/wp\/v2\/media\/9348"}],"wp:attachment":[{"href":"https:\/\/www.transgourmet.es\/ca\/wp-json\/wp\/v2\/media?parent=10509"}],"wp:term":[{"taxonomy":"category","embeddable":true,"href":"https:\/\/www.transgourmet.es\/ca\/wp-json\/wp\/v2\/categories?post=10509"},{"taxonomy":"post_tag","embeddable":true,"href":"https:\/\/www.transgourmet.es\/ca\/wp-json\/wp\/v2\/tags?post=10509"}],"curies":[{"name":"wp","href":"https:\/\/api.w.org\/{rel}","templated":true}]}}