{"id":12364,"date":"2023-04-20T22:23:01","date_gmt":"2023-04-20T20:23:01","guid":{"rendered":"https:\/\/www.transgourmet.es\/?p=12364"},"modified":"2023-04-21T10:28:14","modified_gmt":"2023-04-21T08:28:14","slug":"nou-supermercat-spar-a-calldetenes-amb-gran-varietat-de-productes-locals","status":"publish","type":"post","link":"https:\/\/www.transgourmet.es\/ca\/blog\/nou-supermercat-spar-a-calldetenes-amb-gran-varietat-de-productes-locals\/","title":{"rendered":"Nou supermercat Spar a Calldetenes,  amb gran varietat de productes locals"},"content":{"rendered":"<p>Valvi ha obert un nou supermercat Spar a Calldetenes (Osona), a l\u2019Avda. Pau Casals, 2. Aquest supermercat t\u00e9 una sala de venda de 265 m<sup>2<\/sup> i dona feina a 6 persones.<\/p>\n<p>Valvi Supermercats t\u00e9 com a prove\u00efdor exclusiu Transgourmet Ib\u00e8rica, companyia l\u00edder a Espanya en el sector de la distribuci\u00f3 aliment\u00e0ria majorista.<\/p>\n<p>Dins la selecci\u00f3 d\u2019alimentaci\u00f3, es destaca l\u2019assortiment de m\u00e9s de 3.000 productes d\u2019origen Catalunya, dels quals, una gran varietat de diferents fabricants i productors d\u2019Osona, tant en les seccions en lliure servei de fruiteria, fleca, xarcuteria i carn envasada. A m\u00e9s, s\u2019ofereix una \u00e0mplia gamma de vins catalans, caves, licors i vins a granel de la Vinoteca VNTC Valvi. I, tamb\u00e9 s\u2019hi pot trobar una bona secci\u00f3 especialitzada en diet\u00e8tica i una zona dedicada a productes congelats.<\/p>\n<p>L\u2019establiment est\u00e0 ubicat al costat d\u2019on es fa tradicionalment el mercat setmanal dels diumenges de Calldetenes. El seu horari \u00e9s de dilluns a dissabte de les 8:30 a 14:00 i de 16:00 a 20:30, i diumenges obre de 9:00 a 14:00.<\/p>\n<p>Amb aquesta obertura, Valvi referma el model de botiga de proximitat Spar dirigida a fam\u00edlies i a llars que necessiten cobrir la compra di\u00e0ria o setmanal de tot tipus d\u2019articles de gran consum i de producte fresc, i on es poden trobar una \u00e0mplia oferta d\u2019articles en diferents formats, adaptats al consum diari.<\/p>\n<p><strong>SOBRE VALVI SUPERMERCATS<\/strong><\/p>\n<p>Valvi Supermercats \u00e9s una empresa de capital familiar 100% giron\u00ed i \u00e9s la primera xarxa de supermercats independents de les comarques de Girona. Amb un volum de negoci al voltant de 65 milions d\u2019euros, centra la seva activitat en la gesti\u00f3 de 66 supermercats propis amb les marques Spar i Valvi, i tamb\u00e9 en la gesti\u00f3 dels 41 supermercats SPAR pertanyents a Miservi, societat propietat de Transgourmet Ib\u00e8rica i de Valvi Supermercats, i amb un volum de negoci al voltant de 50 milions d\u2019euros. Tots aquests centres estan situats a les comarques de Girona i Barcelona.<\/p>\n<p><strong>SOBRE TRANSGOURMET IB\u00c8RICA<\/strong><\/p>\n<p>Transgourmet Ib\u00e8rica, propietat del grup su\u00eds Transgourmet, compta amb 6 plataformes de distribuci\u00f3 repartides per tot Espanya i \u00e9s referent en el sector horeca amb GM Cash-Gros Mercat, la seva ensenya de <em>cash&amp;carry<\/em> \u2014que compr\u00e8n 70 centres amb 25 benzineres GM Oil\u2014, i la divisi\u00f3 de Food Service per donar servei a l\u2019hostaleria.<\/p>\n<p>L\u2019empresa tamb\u00e9 compta amb m\u00e9s de 800 supermercats franquiciats amb les ensenyes Suma, Proxim i Spar, i amb m\u00e9s de 2.000 clients independents.<\/p>\n","protected":false},"excerpt":{"rendered":"<p>Valvi ha obert un nou supermercat Spar a Calldetenes (Osona), a l\u2019Avda. Pau Casals, 2. Aquest supermercat t\u00e9 una sala de venda de 265 m2 i dona feina a 6 persones. Valvi Supermercats t\u00e9 com a prove\u00efdor exclusiu Transgourmet Ib\u00e8rica, companyia l\u00edder a Espanya en el sector de la distribuci\u00f3 aliment\u00e0ria majorista. Dins la selecci\u00f3&hellip;&nbsp;<\/p>\n","protected":false},"author":3,"featured_media":12372,"comment_status":"open","ping_status":"open","sticky":false,"template":"","format":"standard","meta":{"_acf_changed":false,"neve_meta_sidebar":"","neve_meta_container":"","neve_meta_enable_content_width":"off","neve_meta_content_width":70,"neve_meta_title_alignment":"","neve_meta_author_avatar":"","neve_post_elements_order":"","neve_meta_disable_header":"","neve_meta_disable_footer":"","neve_meta_disable_title":"","footnotes":""},"categories":[35,40],"tags":[],"class_list":["post-12364","post","type-post","status-publish","format-standard","has-post-thumbnail","hentry","category-corporativa-ca","category-supermercats"],"acf":[],"yoast_head":"<!-- This site is optimized with the Yoast SEO plugin v27.4 - https:\/\/yoast.com\/product\/yoast-seo-wordpress\/ -->\n<title>Nou supermercat Spar a Calldetenes, amb gran varietat de productes locals | Transgourmet<\/title>\n<meta name=\"robots\" content=\"index, follow, max-snippet:-1, max-image-preview:large, max-video-preview:-1\" \/>\n<link rel=\"canonical\" href=\"https:\/\/www.transgourmet.es\/ca\/blog\/nou-supermercat-spar-a-calldetenes-amb-gran-varietat-de-productes-locals\/\" \/>\n<meta property=\"og:locale\" content=\"ca_ES\" \/>\n<meta property=\"og:type\" content=\"article\" \/>\n<meta property=\"og:title\" content=\"Nou supermercat Spar a Calldetenes, amb gran varietat de productes locals | Transgourmet\" \/>\n<meta property=\"og:description\" content=\"Valvi ha obert un nou supermercat Spar a Calldetenes (Osona), a l\u2019Avda. Pau Casals, 2. Aquest supermercat t\u00e9 una sala de venda de 265 m2 i dona feina a 6 persones. Valvi Supermercats t\u00e9 com a prove\u00efdor exclusiu Transgourmet Ib\u00e8rica, companyia l\u00edder a Espanya en el sector de la distribuci\u00f3 aliment\u00e0ria majorista. Dins la selecci\u00f3&hellip;&nbsp;\" \/>\n<meta property=\"og:url\" content=\"https:\/\/www.transgourmet.es\/ca\/blog\/nou-supermercat-spar-a-calldetenes-amb-gran-varietat-de-productes-locals\/\" \/>\n<meta property=\"og:site_name\" content=\"Transgourmet\" \/>\n<meta property=\"article:published_time\" content=\"2023-04-20T20:23:01+00:00\" \/>\n<meta property=\"article:modified_time\" content=\"2023-04-21T08:28:14+00:00\" \/>\n<meta property=\"og:image\" content=\"https:\/\/www.transgourmet.es\/wp-content\/uploads\/2023\/04\/PHOTO-2023-04-20-13-47-34.jpg\" \/>\n\t<meta property=\"og:image:width\" content=\"768\" \/>\n\t<meta property=\"og:image:height\" content=\"1024\" \/>\n\t<meta property=\"og:image:type\" content=\"image\/jpeg\" \/>\n<meta name=\"author\" content=\"Comunicacion\" \/>\n<meta name=\"twitter:card\" content=\"summary_large_image\" \/>\n<meta name=\"twitter:creator\" content=\"@transgourmet_es\" \/>\n<meta name=\"twitter:site\" content=\"@transgourmet_es\" \/>\n<meta name=\"twitter:label1\" content=\"Escrit per\" \/>\n\t<meta name=\"twitter:data1\" content=\"Comunicacion\" \/>\n\t<meta name=\"twitter:label2\" content=\"Temps estimat de lectura\" \/>\n\t<meta name=\"twitter:data2\" content=\"2 minuts\" \/>\n<script type=\"application\/ld+json\" class=\"yoast-schema-graph\">{\"@context\":\"https:\\\/\\\/schema.org\",\"@graph\":[{\"@type\":\"Article\",\"@id\":\"https:\\\/\\\/www.transgourmet.es\\\/ca\\\/blog\\\/nou-supermercat-spar-a-calldetenes-amb-gran-varietat-de-productes-locals\\\/#article\",\"isPartOf\":{\"@id\":\"https:\\\/\\\/www.transgourmet.es\\\/ca\\\/blog\\\/nou-supermercat-spar-a-calldetenes-amb-gran-varietat-de-productes-locals\\\/\"},\"author\":{\"name\":\"Comunicacion\",\"@id\":\"https:\\\/\\\/www.transgourmet.es\\\/#\\\/schema\\\/person\\\/7558b42d44946cf43b85426e3e9260ff\"},\"headline\":\"Nou supermercat Spar a Calldetenes, amb gran varietat de productes locals\",\"datePublished\":\"2023-04-20T20:23:01+00:00\",\"dateModified\":\"2023-04-21T08:28:14+00:00\",\"mainEntityOfPage\":{\"@id\":\"https:\\\/\\\/www.transgourmet.es\\\/ca\\\/blog\\\/nou-supermercat-spar-a-calldetenes-amb-gran-varietat-de-productes-locals\\\/\"},\"wordCount\":425,\"commentCount\":0,\"publisher\":{\"@id\":\"https:\\\/\\\/www.transgourmet.es\\\/#organization\"},\"image\":{\"@id\":\"https:\\\/\\\/www.transgourmet.es\\\/ca\\\/blog\\\/nou-supermercat-spar-a-calldetenes-amb-gran-varietat-de-productes-locals\\\/#primaryimage\"},\"thumbnailUrl\":\"https:\\\/\\\/www.transgourmet.es\\\/wp-content\\\/uploads\\\/2023\\\/04\\\/PHOTO-2023-04-20-13-47-34.jpg\",\"articleSection\":[\"Corporativa\",\"Supermercats\"],\"inLanguage\":\"ca\",\"potentialAction\":[{\"@type\":\"CommentAction\",\"name\":\"Comment\",\"target\":[\"https:\\\/\\\/www.transgourmet.es\\\/ca\\\/blog\\\/nou-supermercat-spar-a-calldetenes-amb-gran-varietat-de-productes-locals\\\/#respond\"]}]},{\"@type\":\"WebPage\",\"@id\":\"https:\\\/\\\/www.transgourmet.es\\\/ca\\\/blog\\\/nou-supermercat-spar-a-calldetenes-amb-gran-varietat-de-productes-locals\\\/\",\"url\":\"https:\\\/\\\/www.transgourmet.es\\\/ca\\\/blog\\\/nou-supermercat-spar-a-calldetenes-amb-gran-varietat-de-productes-locals\\\/\",\"name\":\"Nou supermercat Spar a Calldetenes, amb gran varietat de productes locals | Transgourmet\",\"isPartOf\":{\"@id\":\"https:\\\/\\\/www.transgourmet.es\\\/#website\"},\"primaryImageOfPage\":{\"@id\":\"https:\\\/\\\/www.transgourmet.es\\\/ca\\\/blog\\\/nou-supermercat-spar-a-calldetenes-amb-gran-varietat-de-productes-locals\\\/#primaryimage\"},\"image\":{\"@id\":\"https:\\\/\\\/www.transgourmet.es\\\/ca\\\/blog\\\/nou-supermercat-spar-a-calldetenes-amb-gran-varietat-de-productes-locals\\\/#primaryimage\"},\"thumbnailUrl\":\"https:\\\/\\\/www.transgourmet.es\\\/wp-content\\\/uploads\\\/2023\\\/04\\\/PHOTO-2023-04-20-13-47-34.jpg\",\"datePublished\":\"2023-04-20T20:23:01+00:00\",\"dateModified\":\"2023-04-21T08:28:14+00:00\",\"breadcrumb\":{\"@id\":\"https:\\\/\\\/www.transgourmet.es\\\/ca\\\/blog\\\/nou-supermercat-spar-a-calldetenes-amb-gran-varietat-de-productes-locals\\\/#breadcrumb\"},\"inLanguage\":\"ca\",\"potentialAction\":[{\"@type\":\"ReadAction\",\"target\":[\"https:\\\/\\\/www.transgourmet.es\\\/ca\\\/blog\\\/nou-supermercat-spar-a-calldetenes-amb-gran-varietat-de-productes-locals\\\/\"]}]},{\"@type\":\"ImageObject\",\"inLanguage\":\"ca\",\"@id\":\"https:\\\/\\\/www.transgourmet.es\\\/ca\\\/blog\\\/nou-supermercat-spar-a-calldetenes-amb-gran-varietat-de-productes-locals\\\/#primaryimage\",\"url\":\"https:\\\/\\\/www.transgourmet.es\\\/wp-content\\\/uploads\\\/2023\\\/04\\\/PHOTO-2023-04-20-13-47-34.jpg\",\"contentUrl\":\"https:\\\/\\\/www.transgourmet.es\\\/wp-content\\\/uploads\\\/2023\\\/04\\\/PHOTO-2023-04-20-13-47-34.jpg\",\"width\":768,\"height\":1024},{\"@type\":\"BreadcrumbList\",\"@id\":\"https:\\\/\\\/www.transgourmet.es\\\/ca\\\/blog\\\/nou-supermercat-spar-a-calldetenes-amb-gran-varietat-de-productes-locals\\\/#breadcrumb\",\"itemListElement\":[{\"@type\":\"ListItem\",\"position\":1,\"name\":\"Portada\",\"item\":\"https:\\\/\\\/www.transgourmet.es\\\/ca\\\/\"},{\"@type\":\"ListItem\",\"position\":2,\"name\":\"Nou supermercat Spar a Calldetenes, amb gran varietat de productes locals\"}]},{\"@type\":\"WebSite\",\"@id\":\"https:\\\/\\\/www.transgourmet.es\\\/#website\",\"url\":\"https:\\\/\\\/www.transgourmet.es\\\/\",\"name\":\"Transgourmet\",\"description\":\"Distribuci\u00f3n mayorista de alimentaci\u00f3n en Espa\u00f1a\",\"publisher\":{\"@id\":\"https:\\\/\\\/www.transgourmet.es\\\/#organization\"},\"alternateName\":\"Grupo Transgourmet\",\"potentialAction\":[{\"@type\":\"SearchAction\",\"target\":{\"@type\":\"EntryPoint\",\"urlTemplate\":\"https:\\\/\\\/www.transgourmet.es\\\/?s={search_term_string}\"},\"query-input\":{\"@type\":\"PropertyValueSpecification\",\"valueRequired\":true,\"valueName\":\"search_term_string\"}}],\"inLanguage\":\"ca\"},{\"@type\":\"Organization\",\"@id\":\"https:\\\/\\\/www.transgourmet.es\\\/#organization\",\"name\":\"Transgourmet\",\"url\":\"https:\\\/\\\/www.transgourmet.es\\\/\",\"logo\":{\"@type\":\"ImageObject\",\"inLanguage\":\"ca\",\"@id\":\"https:\\\/\\\/www.transgourmet.es\\\/#\\\/schema\\\/logo\\\/image\\\/\",\"url\":\"https:\\\/\\\/www.transgourmet.es\\\/wp-content\\\/uploads\\\/2022\\\/08\\\/trans-vert.svg\",\"contentUrl\":\"https:\\\/\\\/www.transgourmet.es\\\/wp-content\\\/uploads\\\/2022\\\/08\\\/trans-vert.svg\",\"width\":296,\"height\":113,\"caption\":\"Transgourmet\"},\"image\":{\"@id\":\"https:\\\/\\\/www.transgourmet.es\\\/#\\\/schema\\\/logo\\\/image\\\/\"},\"sameAs\":[\"https:\\\/\\\/x.com\\\/transgourmet_es\",\"https:\\\/\\\/www.youtube.com\\\/c\\\/TransgourmetIberica\",\"https:\\\/\\\/www.linkedin.com\\\/company\\\/transgourmet-iberica\"]},{\"@type\":\"Person\",\"@id\":\"https:\\\/\\\/www.transgourmet.es\\\/#\\\/schema\\\/person\\\/7558b42d44946cf43b85426e3e9260ff\",\"name\":\"Comunicacion\",\"image\":{\"@type\":\"ImageObject\",\"inLanguage\":\"ca\",\"@id\":\"https:\\\/\\\/secure.gravatar.com\\\/avatar\\\/22ed58e86b6fa1d603bc37a456b3c1eead2a5b2dc754952f01bc759bba31e2f3?s=96&d=mm&r=g\",\"url\":\"https:\\\/\\\/secure.gravatar.com\\\/avatar\\\/22ed58e86b6fa1d603bc37a456b3c1eead2a5b2dc754952f01bc759bba31e2f3?s=96&d=mm&r=g\",\"contentUrl\":\"https:\\\/\\\/secure.gravatar.com\\\/avatar\\\/22ed58e86b6fa1d603bc37a456b3c1eead2a5b2dc754952f01bc759bba31e2f3?s=96&d=mm&r=g\",\"caption\":\"Comunicacion\"},\"sameAs\":[\"https:\\\/\\\/www.transgourmet.es\\\/\"]}]}<\/script>\n<!-- \/ Yoast SEO plugin. -->","yoast_head_json":{"title":"Nou supermercat Spar a Calldetenes, amb gran varietat de productes locals | Transgourmet","robots":{"index":"index","follow":"follow","max-snippet":"max-snippet:-1","max-image-preview":"max-image-preview:large","max-video-preview":"max-video-preview:-1"},"canonical":"https:\/\/www.transgourmet.es\/ca\/blog\/nou-supermercat-spar-a-calldetenes-amb-gran-varietat-de-productes-locals\/","og_locale":"ca_ES","og_type":"article","og_title":"Nou supermercat Spar a Calldetenes, amb gran varietat de productes locals | Transgourmet","og_description":"Valvi ha obert un nou supermercat Spar a Calldetenes (Osona), a l\u2019Avda. Pau Casals, 2. Aquest supermercat t\u00e9 una sala de venda de 265 m2 i dona feina a 6 persones. Valvi Supermercats t\u00e9 com a prove\u00efdor exclusiu Transgourmet Ib\u00e8rica, companyia l\u00edder a Espanya en el sector de la distribuci\u00f3 aliment\u00e0ria majorista. Dins la selecci\u00f3&hellip;&nbsp;","og_url":"https:\/\/www.transgourmet.es\/ca\/blog\/nou-supermercat-spar-a-calldetenes-amb-gran-varietat-de-productes-locals\/","og_site_name":"Transgourmet","article_published_time":"2023-04-20T20:23:01+00:00","article_modified_time":"2023-04-21T08:28:14+00:00","og_image":[{"width":768,"height":1024,"url":"https:\/\/www.transgourmet.es\/wp-content\/uploads\/2023\/04\/PHOTO-2023-04-20-13-47-34.jpg","type":"image\/jpeg"}],"author":"Comunicacion","twitter_card":"summary_large_image","twitter_creator":"@transgourmet_es","twitter_site":"@transgourmet_es","twitter_misc":{"Escrit per":"Comunicacion","Temps estimat de lectura":"2 minuts"},"schema":{"@context":"https:\/\/schema.org","@graph":[{"@type":"Article","@id":"https:\/\/www.transgourmet.es\/ca\/blog\/nou-supermercat-spar-a-calldetenes-amb-gran-varietat-de-productes-locals\/#article","isPartOf":{"@id":"https:\/\/www.transgourmet.es\/ca\/blog\/nou-supermercat-spar-a-calldetenes-amb-gran-varietat-de-productes-locals\/"},"author":{"name":"Comunicacion","@id":"https:\/\/www.transgourmet.es\/#\/schema\/person\/7558b42d44946cf43b85426e3e9260ff"},"headline":"Nou supermercat Spar a Calldetenes, amb gran varietat de productes locals","datePublished":"2023-04-20T20:23:01+00:00","dateModified":"2023-04-21T08:28:14+00:00","mainEntityOfPage":{"@id":"https:\/\/www.transgourmet.es\/ca\/blog\/nou-supermercat-spar-a-calldetenes-amb-gran-varietat-de-productes-locals\/"},"wordCount":425,"commentCount":0,"publisher":{"@id":"https:\/\/www.transgourmet.es\/#organization"},"image":{"@id":"https:\/\/www.transgourmet.es\/ca\/blog\/nou-supermercat-spar-a-calldetenes-amb-gran-varietat-de-productes-locals\/#primaryimage"},"thumbnailUrl":"https:\/\/www.transgourmet.es\/wp-content\/uploads\/2023\/04\/PHOTO-2023-04-20-13-47-34.jpg","articleSection":["Corporativa","Supermercats"],"inLanguage":"ca","potentialAction":[{"@type":"CommentAction","name":"Comment","target":["https:\/\/www.transgourmet.es\/ca\/blog\/nou-supermercat-spar-a-calldetenes-amb-gran-varietat-de-productes-locals\/#respond"]}]},{"@type":"WebPage","@id":"https:\/\/www.transgourmet.es\/ca\/blog\/nou-supermercat-spar-a-calldetenes-amb-gran-varietat-de-productes-locals\/","url":"https:\/\/www.transgourmet.es\/ca\/blog\/nou-supermercat-spar-a-calldetenes-amb-gran-varietat-de-productes-locals\/","name":"Nou supermercat Spar a Calldetenes, amb gran varietat de productes locals | Transgourmet","isPartOf":{"@id":"https:\/\/www.transgourmet.es\/#website"},"primaryImageOfPage":{"@id":"https:\/\/www.transgourmet.es\/ca\/blog\/nou-supermercat-spar-a-calldetenes-amb-gran-varietat-de-productes-locals\/#primaryimage"},"image":{"@id":"https:\/\/www.transgourmet.es\/ca\/blog\/nou-supermercat-spar-a-calldetenes-amb-gran-varietat-de-productes-locals\/#primaryimage"},"thumbnailUrl":"https:\/\/www.transgourmet.es\/wp-content\/uploads\/2023\/04\/PHOTO-2023-04-20-13-47-34.jpg","datePublished":"2023-04-20T20:23:01+00:00","dateModified":"2023-04-21T08:28:14+00:00","breadcrumb":{"@id":"https:\/\/www.transgourmet.es\/ca\/blog\/nou-supermercat-spar-a-calldetenes-amb-gran-varietat-de-productes-locals\/#breadcrumb"},"inLanguage":"ca","potentialAction":[{"@type":"ReadAction","target":["https:\/\/www.transgourmet.es\/ca\/blog\/nou-supermercat-spar-a-calldetenes-amb-gran-varietat-de-productes-locals\/"]}]},{"@type":"ImageObject","inLanguage":"ca","@id":"https:\/\/www.transgourmet.es\/ca\/blog\/nou-supermercat-spar-a-calldetenes-amb-gran-varietat-de-productes-locals\/#primaryimage","url":"https:\/\/www.transgourmet.es\/wp-content\/uploads\/2023\/04\/PHOTO-2023-04-20-13-47-34.jpg","contentUrl":"https:\/\/www.transgourmet.es\/wp-content\/uploads\/2023\/04\/PHOTO-2023-04-20-13-47-34.jpg","width":768,"height":1024},{"@type":"BreadcrumbList","@id":"https:\/\/www.transgourmet.es\/ca\/blog\/nou-supermercat-spar-a-calldetenes-amb-gran-varietat-de-productes-locals\/#breadcrumb","itemListElement":[{"@type":"ListItem","position":1,"name":"Portada","item":"https:\/\/www.transgourmet.es\/ca\/"},{"@type":"ListItem","position":2,"name":"Nou supermercat Spar a Calldetenes, amb gran varietat de productes locals"}]},{"@type":"WebSite","@id":"https:\/\/www.transgourmet.es\/#website","url":"https:\/\/www.transgourmet.es\/","name":"Transgourmet","description":"Distribuci\u00f3n mayorista de alimentaci\u00f3n en Espa\u00f1a","publisher":{"@id":"https:\/\/www.transgourmet.es\/#organization"},"alternateName":"Grupo Transgourmet","potentialAction":[{"@type":"SearchAction","target":{"@type":"EntryPoint","urlTemplate":"https:\/\/www.transgourmet.es\/?s={search_term_string}"},"query-input":{"@type":"PropertyValueSpecification","valueRequired":true,"valueName":"search_term_string"}}],"inLanguage":"ca"},{"@type":"Organization","@id":"https:\/\/www.transgourmet.es\/#organization","name":"Transgourmet","url":"https:\/\/www.transgourmet.es\/","logo":{"@type":"ImageObject","inLanguage":"ca","@id":"https:\/\/www.transgourmet.es\/#\/schema\/logo\/image\/","url":"https:\/\/www.transgourmet.es\/wp-content\/uploads\/2022\/08\/trans-vert.svg","contentUrl":"https:\/\/www.transgourmet.es\/wp-content\/uploads\/2022\/08\/trans-vert.svg","width":296,"height":113,"caption":"Transgourmet"},"image":{"@id":"https:\/\/www.transgourmet.es\/#\/schema\/logo\/image\/"},"sameAs":["https:\/\/x.com\/transgourmet_es","https:\/\/www.youtube.com\/c\/TransgourmetIberica","https:\/\/www.linkedin.com\/company\/transgourmet-iberica"]},{"@type":"Person","@id":"https:\/\/www.transgourmet.es\/#\/schema\/person\/7558b42d44946cf43b85426e3e9260ff","name":"Comunicacion","image":{"@type":"ImageObject","inLanguage":"ca","@id":"https:\/\/secure.gravatar.com\/avatar\/22ed58e86b6fa1d603bc37a456b3c1eead2a5b2dc754952f01bc759bba31e2f3?s=96&d=mm&r=g","url":"https:\/\/secure.gravatar.com\/avatar\/22ed58e86b6fa1d603bc37a456b3c1eead2a5b2dc754952f01bc759bba31e2f3?s=96&d=mm&r=g","contentUrl":"https:\/\/secure.gravatar.com\/avatar\/22ed58e86b6fa1d603bc37a456b3c1eead2a5b2dc754952f01bc759bba31e2f3?s=96&d=mm&r=g","caption":"Comunicacion"},"sameAs":["https:\/\/www.transgourmet.es\/"]}]}},"_links":{"self":[{"href":"https:\/\/www.transgourmet.es\/ca\/wp-json\/wp\/v2\/posts\/12364","targetHints":{"allow":["GET"]}}],"collection":[{"href":"https:\/\/www.transgourmet.es\/ca\/wp-json\/wp\/v2\/posts"}],"about":[{"href":"https:\/\/www.transgourmet.es\/ca\/wp-json\/wp\/v2\/types\/post"}],"author":[{"embeddable":true,"href":"https:\/\/www.transgourmet.es\/ca\/wp-json\/wp\/v2\/users\/3"}],"replies":[{"embeddable":true,"href":"https:\/\/www.transgourmet.es\/ca\/wp-json\/wp\/v2\/comments?post=12364"}],"version-history":[{"count":5,"href":"https:\/\/www.transgourmet.es\/ca\/wp-json\/wp\/v2\/posts\/12364\/revisions"}],"predecessor-version":[{"id":12394,"href":"https:\/\/www.transgourmet.es\/ca\/wp-json\/wp\/v2\/posts\/12364\/revisions\/12394"}],"wp:featuredmedia":[{"embeddable":true,"href":"https:\/\/www.transgourmet.es\/ca\/wp-json\/wp\/v2\/media\/12372"}],"wp:attachment":[{"href":"https:\/\/www.transgourmet.es\/ca\/wp-json\/wp\/v2\/media?parent=12364"}],"wp:term":[{"taxonomy":"category","embeddable":true,"href":"https:\/\/www.transgourmet.es\/ca\/wp-json\/wp\/v2\/categories?post=12364"},{"taxonomy":"post_tag","embeddable":true,"href":"https:\/\/www.transgourmet.es\/ca\/wp-json\/wp\/v2\/tags?post=12364"}],"curies":[{"name":"wp","href":"https:\/\/api.w.org\/{rel}","templated":true}]}}