{"id":12399,"date":"2023-04-25T10:50:25","date_gmt":"2023-04-25T08:50:25","guid":{"rendered":"https:\/\/www.transgourmet.es\/?p=12399"},"modified":"2023-04-25T10:50:39","modified_gmt":"2023-04-25T08:50:39","slug":"transgourmet-iberica-inverteix-24-milions-en-la-reforma-del-gros-mercat-de-terrassa","status":"publish","type":"post","link":"https:\/\/www.transgourmet.es\/ca\/blog\/transgourmet-iberica-inverteix-24-milions-en-la-reforma-del-gros-mercat-de-terrassa\/","title":{"rendered":"Transgourmet Ib\u00e8rica inverteix 2,4 milions en la reforma del Gros Mercat de Terrassa"},"content":{"rendered":"<p>Transgourmet Ib\u00e8rica, referent de la distribuci\u00f3 de l\u2019hostaleria i el supermercat de proximitat, ha invertit 2,4 milions d\u2019euros en la reforma del Gros Mercat de Terrassa (Vall\u00e8s Occidental).<\/p>\n<p>La renovaci\u00f3 s\u2019emmarca en el programa de reformes que Transgourmet est\u00e0 fent als seus centres <em>cash&amp;carry <\/em>des del 2020 i que forma part del seu pla estrat\u00e8gic. En aquest sentit, ja ha acabat la reforma integral de 5 Gros Mercat en el que portem d\u2019any i preveu comen\u00e7ar la renovaci\u00f3 de 3 centres m\u00e9s aquest 2023.<\/p>\n<p>El centre completament reformat ha estat inaugurat amb un acte que ha comptat amb treballadors, familiars i clients. Amb una superf\u00edcie de venda de 2.486 m<sup>2<\/sup>, al Gros Mercat de Terrassa s\u2019ha potenciat el mercat de frescos, que ocupa 618 m<sup>2 <\/sup>i que compta amb productes de carnisseria, xarcuteria, fruiteria, formatges i lactis i congelats. L\u2019establiment tamb\u00e9 ofereix una \u00e0mplia bodega i un extens assortiment de producte sec.<\/p>\n<p>L\u2019objectiu \u00e9s renovar el concepte de <em>cash&amp;carry<\/em>, donant resposta amb innovaci\u00f3 a les noves necessitats i prefer\u00e8ncies dels seus clients, professionals de l\u2019hostaleria i del comer\u00e7, oferint-los m\u00e9s producte, m\u00e9s comoditat i un tracte m\u00e9s personalitzat.<\/p>\n<p>Tamb\u00e9 s\u2019han implantat mesures que afavoreixen la reducci\u00f3 del consum energ\u00e8tic i la millora de l\u2019efici\u00e8ncia de les instal\u00b7lacions, en l\u00ednia amb el comprom\u00eds de Transgourmet amb la transici\u00f3 energ\u00e8tica i la lluita contra el canvi clim\u00e0tic. El canvi d\u2019il\u00b7luminaci\u00f3 a tecnologia led, la substituci\u00f3 de les instal\u00b7lacions existents per d\u2019altres amb tecnologies que fan servir refrigerants sense afectaci\u00f3 sobre el medi ambient i la renovaci\u00f3 dels equips per altres de m\u00e9s eficients amb menor consum s\u00f3n algunes de les iniciatives que s\u2019han dut a terme en mat\u00e8ria de sostenibilitat.<\/p>\n<p>A m\u00e9s, com a tots els 70 centres de <em>cash&amp;carry <\/em>de Transgourmet Ib\u00e8rica, el Gros Mercat de Terrassa utilitza energia renovable amb certificat d\u2019origen i disposa de plans de gesti\u00f3 de residus.<\/p>\n<p>El centre est\u00e0 ubicat a la carretera de Montcada, 601 i compta amb una superf\u00edcie total de 3.842,40 m2, una plantilla de 20 treballadors i 40 places d\u2019aparcament.<\/p>\n<p>Transgourmet t\u00e9 24 centres Gros Mercat a Catalunya: 13 a les comarques de Barcelona, 6 a les de Girona, 4 a Tarragona i 1 a Lleida.<\/p>\n<p><strong>SOBRE TRANSGOURMET IB\u00c8RICA<\/strong><\/p>\n<p>Transgourmet Ib\u00e8rica, propietat del grup su\u00eds Transgourmet, compta amb 6 plataformes de distribuci\u00f3 repartides por tot Espanya i \u00e9s referent en el sector horeca amb GM Cash-Gros Mercat, la seva ensenya de <em>cash&amp;carry<\/em> \u2014que compr\u00e8n 70 centres amb 25 gasolineres GM Oil\u2014, i la divisi\u00f3 de Food Service.<\/p>\n<p>L\u2019empresa tamb\u00e9 compta amb m\u00e9s de 800 supermercats franquiciats amb les ensenyes Suma, Proxim i Spar, i amb m\u00e9s de 2.000 clients independents.<\/p>\n","protected":false},"excerpt":{"rendered":"<p>Transgourmet Ib\u00e8rica, referent de la distribuci\u00f3 de l\u2019hostaleria i el supermercat de proximitat, ha invertit 2,4 milions d\u2019euros en la reforma del Gros Mercat de Terrassa (Vall\u00e8s Occidental). La renovaci\u00f3 s\u2019emmarca en el programa de reformes que Transgourmet est\u00e0 fent als seus centres cash&amp;carry des del 2020 i que forma part del seu pla estrat\u00e8gic.&hellip;&nbsp;<\/p>\n","protected":false},"author":3,"featured_media":13751,"comment_status":"open","ping_status":"open","sticky":false,"template":"","format":"standard","meta":{"_acf_changed":false,"neve_meta_sidebar":"","neve_meta_container":"","neve_meta_enable_content_width":"off","neve_meta_content_width":70,"neve_meta_title_alignment":"","neve_meta_author_avatar":"","neve_post_elements_order":"","neve_meta_disable_header":"","neve_meta_disable_footer":"","neve_meta_disable_title":"","footnotes":""},"categories":[35,36],"tags":[],"class_list":["post-12399","post","type-post","status-publish","format-standard","has-post-thumbnail","hentry","category-corporativa-ca","category-gm-cash"],"acf":[],"yoast_head":"<!-- This site is optimized with the Yoast SEO plugin v27.4 - https:\/\/yoast.com\/product\/yoast-seo-wordpress\/ -->\n<title>Transgourmet Ib\u00e8rica inverteix 2,4 milions en la reforma del Gros Mercat de Terrassa | Transgourmet<\/title>\n<meta name=\"robots\" content=\"index, follow, max-snippet:-1, max-image-preview:large, max-video-preview:-1\" \/>\n<link rel=\"canonical\" href=\"https:\/\/www.transgourmet.es\/ca\/blog\/transgourmet-iberica-inverteix-24-milions-en-la-reforma-del-gros-mercat-de-terrassa\/\" \/>\n<meta property=\"og:locale\" content=\"ca_ES\" \/>\n<meta property=\"og:type\" content=\"article\" \/>\n<meta property=\"og:title\" content=\"Transgourmet Ib\u00e8rica inverteix 2,4 milions en la reforma del Gros Mercat de Terrassa | Transgourmet\" \/>\n<meta property=\"og:description\" content=\"Transgourmet Ib\u00e8rica, referent de la distribuci\u00f3 de l\u2019hostaleria i el supermercat de proximitat, ha invertit 2,4 milions d\u2019euros en la reforma del Gros Mercat de Terrassa (Vall\u00e8s Occidental). La renovaci\u00f3 s\u2019emmarca en el programa de reformes que Transgourmet est\u00e0 fent als seus centres cash&amp;carry des del 2020 i que forma part del seu pla estrat\u00e8gic.&hellip;&nbsp;\" \/>\n<meta property=\"og:url\" content=\"https:\/\/www.transgourmet.es\/ca\/blog\/transgourmet-iberica-inverteix-24-milions-en-la-reforma-del-gros-mercat-de-terrassa\/\" \/>\n<meta property=\"og:site_name\" content=\"Transgourmet\" \/>\n<meta property=\"article:published_time\" content=\"2023-04-25T08:50:25+00:00\" \/>\n<meta property=\"article:modified_time\" content=\"2023-04-25T08:50:39+00:00\" \/>\n<meta property=\"og:image\" content=\"https:\/\/www.transgourmet.es\/wp-content\/uploads\/2023\/04\/GmCash_Terrassa-2-1-scaled.jpg\" \/>\n\t<meta property=\"og:image:width\" content=\"2560\" \/>\n\t<meta property=\"og:image:height\" content=\"1707\" \/>\n\t<meta property=\"og:image:type\" content=\"image\/jpeg\" \/>\n<meta name=\"author\" content=\"Comunicacion\" \/>\n<meta name=\"twitter:card\" content=\"summary_large_image\" \/>\n<meta name=\"twitter:creator\" content=\"@transgourmet_es\" \/>\n<meta name=\"twitter:site\" content=\"@transgourmet_es\" \/>\n<meta name=\"twitter:label1\" content=\"Escrit per\" \/>\n\t<meta name=\"twitter:data1\" content=\"Comunicacion\" \/>\n\t<meta name=\"twitter:label2\" content=\"Temps estimat de lectura\" \/>\n\t<meta name=\"twitter:data2\" content=\"3 minuts\" \/>\n<script type=\"application\/ld+json\" class=\"yoast-schema-graph\">{\"@context\":\"https:\\\/\\\/schema.org\",\"@graph\":[{\"@type\":\"Article\",\"@id\":\"https:\\\/\\\/www.transgourmet.es\\\/ca\\\/blog\\\/transgourmet-iberica-inverteix-24-milions-en-la-reforma-del-gros-mercat-de-terrassa\\\/#article\",\"isPartOf\":{\"@id\":\"https:\\\/\\\/www.transgourmet.es\\\/ca\\\/blog\\\/transgourmet-iberica-inverteix-24-milions-en-la-reforma-del-gros-mercat-de-terrassa\\\/\"},\"author\":{\"name\":\"Comunicacion\",\"@id\":\"https:\\\/\\\/www.transgourmet.es\\\/#\\\/schema\\\/person\\\/7558b42d44946cf43b85426e3e9260ff\"},\"headline\":\"Transgourmet Ib\u00e8rica inverteix 2,4 milions en la reforma del Gros Mercat de Terrassa\",\"datePublished\":\"2023-04-25T08:50:25+00:00\",\"dateModified\":\"2023-04-25T08:50:39+00:00\",\"mainEntityOfPage\":{\"@id\":\"https:\\\/\\\/www.transgourmet.es\\\/ca\\\/blog\\\/transgourmet-iberica-inverteix-24-milions-en-la-reforma-del-gros-mercat-de-terrassa\\\/\"},\"wordCount\":484,\"commentCount\":0,\"publisher\":{\"@id\":\"https:\\\/\\\/www.transgourmet.es\\\/#organization\"},\"image\":{\"@id\":\"https:\\\/\\\/www.transgourmet.es\\\/ca\\\/blog\\\/transgourmet-iberica-inverteix-24-milions-en-la-reforma-del-gros-mercat-de-terrassa\\\/#primaryimage\"},\"thumbnailUrl\":\"https:\\\/\\\/www.transgourmet.es\\\/wp-content\\\/uploads\\\/2023\\\/04\\\/GmCash_Terrassa-2-1-scaled.jpg\",\"articleSection\":[\"Corporativa\",\"Gros Mercat\"],\"inLanguage\":\"ca\",\"potentialAction\":[{\"@type\":\"CommentAction\",\"name\":\"Comment\",\"target\":[\"https:\\\/\\\/www.transgourmet.es\\\/ca\\\/blog\\\/transgourmet-iberica-inverteix-24-milions-en-la-reforma-del-gros-mercat-de-terrassa\\\/#respond\"]}]},{\"@type\":\"WebPage\",\"@id\":\"https:\\\/\\\/www.transgourmet.es\\\/ca\\\/blog\\\/transgourmet-iberica-inverteix-24-milions-en-la-reforma-del-gros-mercat-de-terrassa\\\/\",\"url\":\"https:\\\/\\\/www.transgourmet.es\\\/ca\\\/blog\\\/transgourmet-iberica-inverteix-24-milions-en-la-reforma-del-gros-mercat-de-terrassa\\\/\",\"name\":\"Transgourmet Ib\u00e8rica inverteix 2,4 milions en la reforma del Gros Mercat de Terrassa | Transgourmet\",\"isPartOf\":{\"@id\":\"https:\\\/\\\/www.transgourmet.es\\\/#website\"},\"primaryImageOfPage\":{\"@id\":\"https:\\\/\\\/www.transgourmet.es\\\/ca\\\/blog\\\/transgourmet-iberica-inverteix-24-milions-en-la-reforma-del-gros-mercat-de-terrassa\\\/#primaryimage\"},\"image\":{\"@id\":\"https:\\\/\\\/www.transgourmet.es\\\/ca\\\/blog\\\/transgourmet-iberica-inverteix-24-milions-en-la-reforma-del-gros-mercat-de-terrassa\\\/#primaryimage\"},\"thumbnailUrl\":\"https:\\\/\\\/www.transgourmet.es\\\/wp-content\\\/uploads\\\/2023\\\/04\\\/GmCash_Terrassa-2-1-scaled.jpg\",\"datePublished\":\"2023-04-25T08:50:25+00:00\",\"dateModified\":\"2023-04-25T08:50:39+00:00\",\"breadcrumb\":{\"@id\":\"https:\\\/\\\/www.transgourmet.es\\\/ca\\\/blog\\\/transgourmet-iberica-inverteix-24-milions-en-la-reforma-del-gros-mercat-de-terrassa\\\/#breadcrumb\"},\"inLanguage\":\"ca\",\"potentialAction\":[{\"@type\":\"ReadAction\",\"target\":[\"https:\\\/\\\/www.transgourmet.es\\\/ca\\\/blog\\\/transgourmet-iberica-inverteix-24-milions-en-la-reforma-del-gros-mercat-de-terrassa\\\/\"]}]},{\"@type\":\"ImageObject\",\"inLanguage\":\"ca\",\"@id\":\"https:\\\/\\\/www.transgourmet.es\\\/ca\\\/blog\\\/transgourmet-iberica-inverteix-24-milions-en-la-reforma-del-gros-mercat-de-terrassa\\\/#primaryimage\",\"url\":\"https:\\\/\\\/www.transgourmet.es\\\/wp-content\\\/uploads\\\/2023\\\/04\\\/GmCash_Terrassa-2-1-scaled.jpg\",\"contentUrl\":\"https:\\\/\\\/www.transgourmet.es\\\/wp-content\\\/uploads\\\/2023\\\/04\\\/GmCash_Terrassa-2-1-scaled.jpg\",\"width\":2560,\"height\":1707},{\"@type\":\"BreadcrumbList\",\"@id\":\"https:\\\/\\\/www.transgourmet.es\\\/ca\\\/blog\\\/transgourmet-iberica-inverteix-24-milions-en-la-reforma-del-gros-mercat-de-terrassa\\\/#breadcrumb\",\"itemListElement\":[{\"@type\":\"ListItem\",\"position\":1,\"name\":\"Portada\",\"item\":\"https:\\\/\\\/www.transgourmet.es\\\/ca\\\/\"},{\"@type\":\"ListItem\",\"position\":2,\"name\":\"Transgourmet Ib\u00e8rica inverteix 2,4 milions en la reforma del Gros Mercat de Terrassa\"}]},{\"@type\":\"WebSite\",\"@id\":\"https:\\\/\\\/www.transgourmet.es\\\/#website\",\"url\":\"https:\\\/\\\/www.transgourmet.es\\\/\",\"name\":\"Transgourmet\",\"description\":\"Distribuci\u00f3n mayorista de alimentaci\u00f3n en Espa\u00f1a\",\"publisher\":{\"@id\":\"https:\\\/\\\/www.transgourmet.es\\\/#organization\"},\"alternateName\":\"Grupo Transgourmet\",\"potentialAction\":[{\"@type\":\"SearchAction\",\"target\":{\"@type\":\"EntryPoint\",\"urlTemplate\":\"https:\\\/\\\/www.transgourmet.es\\\/?s={search_term_string}\"},\"query-input\":{\"@type\":\"PropertyValueSpecification\",\"valueRequired\":true,\"valueName\":\"search_term_string\"}}],\"inLanguage\":\"ca\"},{\"@type\":\"Organization\",\"@id\":\"https:\\\/\\\/www.transgourmet.es\\\/#organization\",\"name\":\"Transgourmet\",\"url\":\"https:\\\/\\\/www.transgourmet.es\\\/\",\"logo\":{\"@type\":\"ImageObject\",\"inLanguage\":\"ca\",\"@id\":\"https:\\\/\\\/www.transgourmet.es\\\/#\\\/schema\\\/logo\\\/image\\\/\",\"url\":\"https:\\\/\\\/www.transgourmet.es\\\/wp-content\\\/uploads\\\/2022\\\/08\\\/trans-vert.svg\",\"contentUrl\":\"https:\\\/\\\/www.transgourmet.es\\\/wp-content\\\/uploads\\\/2022\\\/08\\\/trans-vert.svg\",\"width\":296,\"height\":113,\"caption\":\"Transgourmet\"},\"image\":{\"@id\":\"https:\\\/\\\/www.transgourmet.es\\\/#\\\/schema\\\/logo\\\/image\\\/\"},\"sameAs\":[\"https:\\\/\\\/x.com\\\/transgourmet_es\",\"https:\\\/\\\/www.youtube.com\\\/c\\\/TransgourmetIberica\",\"https:\\\/\\\/www.linkedin.com\\\/company\\\/transgourmet-iberica\"]},{\"@type\":\"Person\",\"@id\":\"https:\\\/\\\/www.transgourmet.es\\\/#\\\/schema\\\/person\\\/7558b42d44946cf43b85426e3e9260ff\",\"name\":\"Comunicacion\",\"image\":{\"@type\":\"ImageObject\",\"inLanguage\":\"ca\",\"@id\":\"https:\\\/\\\/secure.gravatar.com\\\/avatar\\\/22ed58e86b6fa1d603bc37a456b3c1eead2a5b2dc754952f01bc759bba31e2f3?s=96&d=mm&r=g\",\"url\":\"https:\\\/\\\/secure.gravatar.com\\\/avatar\\\/22ed58e86b6fa1d603bc37a456b3c1eead2a5b2dc754952f01bc759bba31e2f3?s=96&d=mm&r=g\",\"contentUrl\":\"https:\\\/\\\/secure.gravatar.com\\\/avatar\\\/22ed58e86b6fa1d603bc37a456b3c1eead2a5b2dc754952f01bc759bba31e2f3?s=96&d=mm&r=g\",\"caption\":\"Comunicacion\"},\"sameAs\":[\"https:\\\/\\\/www.transgourmet.es\\\/\"]}]}<\/script>\n<!-- \/ Yoast SEO plugin. -->","yoast_head_json":{"title":"Transgourmet Ib\u00e8rica inverteix 2,4 milions en la reforma del Gros Mercat de Terrassa | Transgourmet","robots":{"index":"index","follow":"follow","max-snippet":"max-snippet:-1","max-image-preview":"max-image-preview:large","max-video-preview":"max-video-preview:-1"},"canonical":"https:\/\/www.transgourmet.es\/ca\/blog\/transgourmet-iberica-inverteix-24-milions-en-la-reforma-del-gros-mercat-de-terrassa\/","og_locale":"ca_ES","og_type":"article","og_title":"Transgourmet Ib\u00e8rica inverteix 2,4 milions en la reforma del Gros Mercat de Terrassa | Transgourmet","og_description":"Transgourmet Ib\u00e8rica, referent de la distribuci\u00f3 de l\u2019hostaleria i el supermercat de proximitat, ha invertit 2,4 milions d\u2019euros en la reforma del Gros Mercat de Terrassa (Vall\u00e8s Occidental). La renovaci\u00f3 s\u2019emmarca en el programa de reformes que Transgourmet est\u00e0 fent als seus centres cash&amp;carry des del 2020 i que forma part del seu pla estrat\u00e8gic.&hellip;&nbsp;","og_url":"https:\/\/www.transgourmet.es\/ca\/blog\/transgourmet-iberica-inverteix-24-milions-en-la-reforma-del-gros-mercat-de-terrassa\/","og_site_name":"Transgourmet","article_published_time":"2023-04-25T08:50:25+00:00","article_modified_time":"2023-04-25T08:50:39+00:00","og_image":[{"width":2560,"height":1707,"url":"https:\/\/www.transgourmet.es\/wp-content\/uploads\/2023\/04\/GmCash_Terrassa-2-1-scaled.jpg","type":"image\/jpeg"}],"author":"Comunicacion","twitter_card":"summary_large_image","twitter_creator":"@transgourmet_es","twitter_site":"@transgourmet_es","twitter_misc":{"Escrit per":"Comunicacion","Temps estimat de lectura":"3 minuts"},"schema":{"@context":"https:\/\/schema.org","@graph":[{"@type":"Article","@id":"https:\/\/www.transgourmet.es\/ca\/blog\/transgourmet-iberica-inverteix-24-milions-en-la-reforma-del-gros-mercat-de-terrassa\/#article","isPartOf":{"@id":"https:\/\/www.transgourmet.es\/ca\/blog\/transgourmet-iberica-inverteix-24-milions-en-la-reforma-del-gros-mercat-de-terrassa\/"},"author":{"name":"Comunicacion","@id":"https:\/\/www.transgourmet.es\/#\/schema\/person\/7558b42d44946cf43b85426e3e9260ff"},"headline":"Transgourmet Ib\u00e8rica inverteix 2,4 milions en la reforma del Gros Mercat de Terrassa","datePublished":"2023-04-25T08:50:25+00:00","dateModified":"2023-04-25T08:50:39+00:00","mainEntityOfPage":{"@id":"https:\/\/www.transgourmet.es\/ca\/blog\/transgourmet-iberica-inverteix-24-milions-en-la-reforma-del-gros-mercat-de-terrassa\/"},"wordCount":484,"commentCount":0,"publisher":{"@id":"https:\/\/www.transgourmet.es\/#organization"},"image":{"@id":"https:\/\/www.transgourmet.es\/ca\/blog\/transgourmet-iberica-inverteix-24-milions-en-la-reforma-del-gros-mercat-de-terrassa\/#primaryimage"},"thumbnailUrl":"https:\/\/www.transgourmet.es\/wp-content\/uploads\/2023\/04\/GmCash_Terrassa-2-1-scaled.jpg","articleSection":["Corporativa","Gros Mercat"],"inLanguage":"ca","potentialAction":[{"@type":"CommentAction","name":"Comment","target":["https:\/\/www.transgourmet.es\/ca\/blog\/transgourmet-iberica-inverteix-24-milions-en-la-reforma-del-gros-mercat-de-terrassa\/#respond"]}]},{"@type":"WebPage","@id":"https:\/\/www.transgourmet.es\/ca\/blog\/transgourmet-iberica-inverteix-24-milions-en-la-reforma-del-gros-mercat-de-terrassa\/","url":"https:\/\/www.transgourmet.es\/ca\/blog\/transgourmet-iberica-inverteix-24-milions-en-la-reforma-del-gros-mercat-de-terrassa\/","name":"Transgourmet Ib\u00e8rica inverteix 2,4 milions en la reforma del Gros Mercat de Terrassa | Transgourmet","isPartOf":{"@id":"https:\/\/www.transgourmet.es\/#website"},"primaryImageOfPage":{"@id":"https:\/\/www.transgourmet.es\/ca\/blog\/transgourmet-iberica-inverteix-24-milions-en-la-reforma-del-gros-mercat-de-terrassa\/#primaryimage"},"image":{"@id":"https:\/\/www.transgourmet.es\/ca\/blog\/transgourmet-iberica-inverteix-24-milions-en-la-reforma-del-gros-mercat-de-terrassa\/#primaryimage"},"thumbnailUrl":"https:\/\/www.transgourmet.es\/wp-content\/uploads\/2023\/04\/GmCash_Terrassa-2-1-scaled.jpg","datePublished":"2023-04-25T08:50:25+00:00","dateModified":"2023-04-25T08:50:39+00:00","breadcrumb":{"@id":"https:\/\/www.transgourmet.es\/ca\/blog\/transgourmet-iberica-inverteix-24-milions-en-la-reforma-del-gros-mercat-de-terrassa\/#breadcrumb"},"inLanguage":"ca","potentialAction":[{"@type":"ReadAction","target":["https:\/\/www.transgourmet.es\/ca\/blog\/transgourmet-iberica-inverteix-24-milions-en-la-reforma-del-gros-mercat-de-terrassa\/"]}]},{"@type":"ImageObject","inLanguage":"ca","@id":"https:\/\/www.transgourmet.es\/ca\/blog\/transgourmet-iberica-inverteix-24-milions-en-la-reforma-del-gros-mercat-de-terrassa\/#primaryimage","url":"https:\/\/www.transgourmet.es\/wp-content\/uploads\/2023\/04\/GmCash_Terrassa-2-1-scaled.jpg","contentUrl":"https:\/\/www.transgourmet.es\/wp-content\/uploads\/2023\/04\/GmCash_Terrassa-2-1-scaled.jpg","width":2560,"height":1707},{"@type":"BreadcrumbList","@id":"https:\/\/www.transgourmet.es\/ca\/blog\/transgourmet-iberica-inverteix-24-milions-en-la-reforma-del-gros-mercat-de-terrassa\/#breadcrumb","itemListElement":[{"@type":"ListItem","position":1,"name":"Portada","item":"https:\/\/www.transgourmet.es\/ca\/"},{"@type":"ListItem","position":2,"name":"Transgourmet Ib\u00e8rica inverteix 2,4 milions en la reforma del Gros Mercat de Terrassa"}]},{"@type":"WebSite","@id":"https:\/\/www.transgourmet.es\/#website","url":"https:\/\/www.transgourmet.es\/","name":"Transgourmet","description":"Distribuci\u00f3n mayorista de alimentaci\u00f3n en Espa\u00f1a","publisher":{"@id":"https:\/\/www.transgourmet.es\/#organization"},"alternateName":"Grupo Transgourmet","potentialAction":[{"@type":"SearchAction","target":{"@type":"EntryPoint","urlTemplate":"https:\/\/www.transgourmet.es\/?s={search_term_string}"},"query-input":{"@type":"PropertyValueSpecification","valueRequired":true,"valueName":"search_term_string"}}],"inLanguage":"ca"},{"@type":"Organization","@id":"https:\/\/www.transgourmet.es\/#organization","name":"Transgourmet","url":"https:\/\/www.transgourmet.es\/","logo":{"@type":"ImageObject","inLanguage":"ca","@id":"https:\/\/www.transgourmet.es\/#\/schema\/logo\/image\/","url":"https:\/\/www.transgourmet.es\/wp-content\/uploads\/2022\/08\/trans-vert.svg","contentUrl":"https:\/\/www.transgourmet.es\/wp-content\/uploads\/2022\/08\/trans-vert.svg","width":296,"height":113,"caption":"Transgourmet"},"image":{"@id":"https:\/\/www.transgourmet.es\/#\/schema\/logo\/image\/"},"sameAs":["https:\/\/x.com\/transgourmet_es","https:\/\/www.youtube.com\/c\/TransgourmetIberica","https:\/\/www.linkedin.com\/company\/transgourmet-iberica"]},{"@type":"Person","@id":"https:\/\/www.transgourmet.es\/#\/schema\/person\/7558b42d44946cf43b85426e3e9260ff","name":"Comunicacion","image":{"@type":"ImageObject","inLanguage":"ca","@id":"https:\/\/secure.gravatar.com\/avatar\/22ed58e86b6fa1d603bc37a456b3c1eead2a5b2dc754952f01bc759bba31e2f3?s=96&d=mm&r=g","url":"https:\/\/secure.gravatar.com\/avatar\/22ed58e86b6fa1d603bc37a456b3c1eead2a5b2dc754952f01bc759bba31e2f3?s=96&d=mm&r=g","contentUrl":"https:\/\/secure.gravatar.com\/avatar\/22ed58e86b6fa1d603bc37a456b3c1eead2a5b2dc754952f01bc759bba31e2f3?s=96&d=mm&r=g","caption":"Comunicacion"},"sameAs":["https:\/\/www.transgourmet.es\/"]}]}},"_links":{"self":[{"href":"https:\/\/www.transgourmet.es\/ca\/wp-json\/wp\/v2\/posts\/12399","targetHints":{"allow":["GET"]}}],"collection":[{"href":"https:\/\/www.transgourmet.es\/ca\/wp-json\/wp\/v2\/posts"}],"about":[{"href":"https:\/\/www.transgourmet.es\/ca\/wp-json\/wp\/v2\/types\/post"}],"author":[{"embeddable":true,"href":"https:\/\/www.transgourmet.es\/ca\/wp-json\/wp\/v2\/users\/3"}],"replies":[{"embeddable":true,"href":"https:\/\/www.transgourmet.es\/ca\/wp-json\/wp\/v2\/comments?post=12399"}],"version-history":[{"count":7,"href":"https:\/\/www.transgourmet.es\/ca\/wp-json\/wp\/v2\/posts\/12399\/revisions"}],"predecessor-version":[{"id":12432,"href":"https:\/\/www.transgourmet.es\/ca\/wp-json\/wp\/v2\/posts\/12399\/revisions\/12432"}],"wp:featuredmedia":[{"embeddable":true,"href":"https:\/\/www.transgourmet.es\/ca\/wp-json\/wp\/v2\/media\/13751"}],"wp:attachment":[{"href":"https:\/\/www.transgourmet.es\/ca\/wp-json\/wp\/v2\/media?parent=12399"}],"wp:term":[{"taxonomy":"category","embeddable":true,"href":"https:\/\/www.transgourmet.es\/ca\/wp-json\/wp\/v2\/categories?post=12399"},{"taxonomy":"post_tag","embeddable":true,"href":"https:\/\/www.transgourmet.es\/ca\/wp-json\/wp\/v2\/tags?post=12399"}],"curies":[{"name":"wp","href":"https:\/\/api.w.org\/{rel}","templated":true}]}}