{"id":12909,"date":"2023-05-09T13:52:00","date_gmt":"2023-05-09T11:52:00","guid":{"rendered":"https:\/\/www.transgourmet.es\/blog\/aperitivo-con-vicente-del-rio\/"},"modified":"2023-05-11T23:02:01","modified_gmt":"2023-05-11T21:02:01","slug":"aperitivo-con-vicente-del-rio","status":"publish","type":"post","link":"https:\/\/www.transgourmet.es\/ca\/blog\/aperitivo-con-vicente-del-rio\/","title":{"rendered":"Aperitiu amb: Vicente del R\u00edo"},"content":{"rendered":"<p><strong>Nom i cognoms:<\/strong><\/p>\n<p>Vicente Javier del R\u00edo G\u00f3mez.<\/p>\n<p><strong>C\u00e0rrec i departament:<\/strong><\/p>\n<p>Operacional de Xarcuteria i Formatges (Departament de Compres).<\/p>\n<p><strong>Quants anys portes a Transgourmet? <\/strong><\/p>\n<p>Porto 5 anys a l\u2019empresa.<\/p>\n<p><strong>Qu\u00e8 \u00e9s el que t\u2019agrada m\u00e9s de la teva feina? <\/strong><\/p>\n<p>Tot! Fins i tot les discussions amb els meus company@s&#8230; Bromes a banda, em sento molt realitzat amb la meva feina i m\u2019agrada molt el que faig.<\/p>\n<p><strong>Si Transgourmet fos un plat, seria<\/strong>&#8230;<\/p>\n<p>Pernil ib\u00e8ric, perqu\u00e8 \u00e9s el plat estrella de qualsevol celebraci\u00f3 i per la seva versatilitat i adaptaci\u00f3 a cada situaci\u00f3.<\/p>\n<p><strong>Quin \u00e9s el teu producte favorit del nostre assortiment? <\/strong><\/p>\n<p>A veure si ho endevines! El pernil ib\u00e8ric!\u00a0 A Transgourmet tenim els millors pernils ib\u00e8rics. L\u2019heu tastat?<\/p>\n<p><strong>Ens recomanes un restaurant?<\/strong>\u00a0<strong>(i per qu\u00e8?) <\/strong><\/p>\n<p>Casa Ezequiel de Villaman\u00edn (Le\u00f3n),\u00a0perqu\u00e8 cada vegada que hi vaig em recorda la meva infantesa. A m\u00e9s, et serveixen una quantitat brutal de menjar i d\u2019una gran qualitat. Us ho recomano.<\/p>\n<p><strong>Qu\u00e8 \u00e9s el millor que t\u2019ha passat a l\u2019empresa? <\/strong><\/p>\n<p>Sens dubte, que m\u2019escollissin per formar-ne part. Soc molt afortunat.<\/p>\n<p><strong>Una frase que defineixi Transgourmet:<\/strong><\/p>\n<p><em>Rock and roll<\/em>,\u00a0perqu\u00e8 \u00e9s una companyia amb molta marxa, sempre en constant evoluci\u00f3, adaptant-se a l\u2019entorn.<\/p>\n<p><strong>Alguna cosa per afegir&#8230; <\/strong><\/p>\n<p>Que m\u2019agradaria acabar la meva vida laboral a Transgourmet. I vull agrair p\u00fablicament a l\u2019Antonio L\u00f3pez de la Nieta que apost\u00e9s per mi quan ni jo mateix ho feia.<\/p>\n<p><strong>A qui esculls per respondre el q\u00fcestionari de la propera newsletter? <\/strong><\/p>\n<p>A en Salvador Ferrer, gerent d\u2019Implantacions.<\/p>\n<p>&nbsp;<\/p>\n<p>&nbsp;<\/p>\n<p>&nbsp;<\/p>\n","protected":false},"excerpt":{"rendered":"<p>Nom i cognoms: Vicente Javier del R\u00edo G\u00f3mez. C\u00e0rrec i departament: Operacional de Xarcuteria i Formatges (Departament de Compres). Quants anys portes a Transgourmet? Porto 5 anys a l\u2019empresa. Qu\u00e8 \u00e9s el que t\u2019agrada m\u00e9s de la teva feina? Tot! Fins i tot les discussions amb els meus company@s&#8230; Bromes a banda, em sento molt&hellip;&nbsp;<\/p>\n","protected":false},"author":3,"featured_media":12978,"comment_status":"open","ping_status":"open","sticky":false,"template":"","format":"standard","meta":{"_acf_changed":false,"neve_meta_sidebar":"","neve_meta_container":"","neve_meta_enable_content_width":"off","neve_meta_content_width":70,"neve_meta_title_alignment":"","neve_meta_author_avatar":"","neve_post_elements_order":"","neve_meta_disable_header":"","neve_meta_disable_footer":"","neve_meta_disable_title":"","footnotes":""},"categories":[50],"tags":[],"class_list":["post-12909","post","type-post","status-publish","format-standard","has-post-thumbnail","hentry","category-newsletter-ca"],"acf":[],"yoast_head":"<!-- This site is optimized with the Yoast SEO plugin v27.4 - https:\/\/yoast.com\/product\/yoast-seo-wordpress\/ -->\n<title>Aperitiu amb: Vicente del R\u00edo | Transgourmet<\/title>\n<meta name=\"robots\" content=\"index, follow, max-snippet:-1, max-image-preview:large, max-video-preview:-1\" \/>\n<link rel=\"canonical\" href=\"https:\/\/www.transgourmet.es\/ca\/blog\/aperitivo-con-vicente-del-rio\/\" \/>\n<meta property=\"og:locale\" content=\"ca_ES\" \/>\n<meta property=\"og:type\" content=\"article\" \/>\n<meta property=\"og:title\" content=\"Aperitiu amb: Vicente del R\u00edo | Transgourmet\" \/>\n<meta property=\"og:description\" content=\"Nom i cognoms: Vicente Javier del R\u00edo G\u00f3mez. C\u00e0rrec i departament: Operacional de Xarcuteria i Formatges (Departament de Compres). Quants anys portes a Transgourmet? Porto 5 anys a l\u2019empresa. Qu\u00e8 \u00e9s el que t\u2019agrada m\u00e9s de la teva feina? Tot! Fins i tot les discussions amb els meus company@s&#8230; Bromes a banda, em sento molt&hellip;&nbsp;\" \/>\n<meta property=\"og:url\" content=\"https:\/\/www.transgourmet.es\/ca\/blog\/aperitivo-con-vicente-del-rio\/\" \/>\n<meta property=\"og:site_name\" content=\"Transgourmet\" \/>\n<meta property=\"article:published_time\" content=\"2023-05-09T11:52:00+00:00\" \/>\n<meta property=\"article:modified_time\" content=\"2023-05-11T21:02:01+00:00\" \/>\n<meta property=\"og:image\" content=\"https:\/\/www.transgourmet.es\/wp-content\/uploads\/2023\/05\/Vicente-scaled.jpg\" \/>\n\t<meta property=\"og:image:width\" content=\"2560\" \/>\n\t<meta property=\"og:image:height\" content=\"2345\" \/>\n\t<meta property=\"og:image:type\" content=\"image\/jpeg\" \/>\n<meta name=\"author\" content=\"Comunicacion\" \/>\n<meta name=\"twitter:card\" content=\"summary_large_image\" \/>\n<meta name=\"twitter:creator\" content=\"@transgourmet_es\" \/>\n<meta name=\"twitter:site\" content=\"@transgourmet_es\" \/>\n<meta name=\"twitter:label1\" content=\"Escrit per\" \/>\n\t<meta name=\"twitter:data1\" content=\"Comunicacion\" \/>\n\t<meta name=\"twitter:label2\" content=\"Temps estimat de lectura\" \/>\n\t<meta name=\"twitter:data2\" content=\"2 minuts\" \/>\n<script type=\"application\/ld+json\" class=\"yoast-schema-graph\">{\"@context\":\"https:\\\/\\\/schema.org\",\"@graph\":[{\"@type\":\"Article\",\"@id\":\"https:\\\/\\\/www.transgourmet.es\\\/ca\\\/blog\\\/aperitivo-con-vicente-del-rio\\\/#article\",\"isPartOf\":{\"@id\":\"https:\\\/\\\/www.transgourmet.es\\\/ca\\\/blog\\\/aperitivo-con-vicente-del-rio\\\/\"},\"author\":{\"name\":\"Comunicacion\",\"@id\":\"https:\\\/\\\/www.transgourmet.es\\\/#\\\/schema\\\/person\\\/7558b42d44946cf43b85426e3e9260ff\"},\"headline\":\"Aperitiu amb: Vicente del R\u00edo\",\"datePublished\":\"2023-05-09T11:52:00+00:00\",\"dateModified\":\"2023-05-11T21:02:01+00:00\",\"mainEntityOfPage\":{\"@id\":\"https:\\\/\\\/www.transgourmet.es\\\/ca\\\/blog\\\/aperitivo-con-vicente-del-rio\\\/\"},\"wordCount\":283,\"commentCount\":0,\"publisher\":{\"@id\":\"https:\\\/\\\/www.transgourmet.es\\\/#organization\"},\"image\":{\"@id\":\"https:\\\/\\\/www.transgourmet.es\\\/ca\\\/blog\\\/aperitivo-con-vicente-del-rio\\\/#primaryimage\"},\"thumbnailUrl\":\"https:\\\/\\\/www.transgourmet.es\\\/wp-content\\\/uploads\\\/2023\\\/05\\\/Vicente-scaled.jpg\",\"articleSection\":[\"Newsletter\"],\"inLanguage\":\"ca\",\"potentialAction\":[{\"@type\":\"CommentAction\",\"name\":\"Comment\",\"target\":[\"https:\\\/\\\/www.transgourmet.es\\\/ca\\\/blog\\\/aperitivo-con-vicente-del-rio\\\/#respond\"]}]},{\"@type\":\"WebPage\",\"@id\":\"https:\\\/\\\/www.transgourmet.es\\\/ca\\\/blog\\\/aperitivo-con-vicente-del-rio\\\/\",\"url\":\"https:\\\/\\\/www.transgourmet.es\\\/ca\\\/blog\\\/aperitivo-con-vicente-del-rio\\\/\",\"name\":\"Aperitiu amb: Vicente del R\u00edo | Transgourmet\",\"isPartOf\":{\"@id\":\"https:\\\/\\\/www.transgourmet.es\\\/#website\"},\"primaryImageOfPage\":{\"@id\":\"https:\\\/\\\/www.transgourmet.es\\\/ca\\\/blog\\\/aperitivo-con-vicente-del-rio\\\/#primaryimage\"},\"image\":{\"@id\":\"https:\\\/\\\/www.transgourmet.es\\\/ca\\\/blog\\\/aperitivo-con-vicente-del-rio\\\/#primaryimage\"},\"thumbnailUrl\":\"https:\\\/\\\/www.transgourmet.es\\\/wp-content\\\/uploads\\\/2023\\\/05\\\/Vicente-scaled.jpg\",\"datePublished\":\"2023-05-09T11:52:00+00:00\",\"dateModified\":\"2023-05-11T21:02:01+00:00\",\"breadcrumb\":{\"@id\":\"https:\\\/\\\/www.transgourmet.es\\\/ca\\\/blog\\\/aperitivo-con-vicente-del-rio\\\/#breadcrumb\"},\"inLanguage\":\"ca\",\"potentialAction\":[{\"@type\":\"ReadAction\",\"target\":[\"https:\\\/\\\/www.transgourmet.es\\\/ca\\\/blog\\\/aperitivo-con-vicente-del-rio\\\/\"]}]},{\"@type\":\"ImageObject\",\"inLanguage\":\"ca\",\"@id\":\"https:\\\/\\\/www.transgourmet.es\\\/ca\\\/blog\\\/aperitivo-con-vicente-del-rio\\\/#primaryimage\",\"url\":\"https:\\\/\\\/www.transgourmet.es\\\/wp-content\\\/uploads\\\/2023\\\/05\\\/Vicente-scaled.jpg\",\"contentUrl\":\"https:\\\/\\\/www.transgourmet.es\\\/wp-content\\\/uploads\\\/2023\\\/05\\\/Vicente-scaled.jpg\",\"width\":2560,\"height\":2345},{\"@type\":\"BreadcrumbList\",\"@id\":\"https:\\\/\\\/www.transgourmet.es\\\/ca\\\/blog\\\/aperitivo-con-vicente-del-rio\\\/#breadcrumb\",\"itemListElement\":[{\"@type\":\"ListItem\",\"position\":1,\"name\":\"Portada\",\"item\":\"https:\\\/\\\/www.transgourmet.es\\\/ca\\\/\"},{\"@type\":\"ListItem\",\"position\":2,\"name\":\"Aperitiu amb: Vicente del R\u00edo\"}]},{\"@type\":\"WebSite\",\"@id\":\"https:\\\/\\\/www.transgourmet.es\\\/#website\",\"url\":\"https:\\\/\\\/www.transgourmet.es\\\/\",\"name\":\"Transgourmet\",\"description\":\"Distribuci\u00f3n mayorista de alimentaci\u00f3n en Espa\u00f1a\",\"publisher\":{\"@id\":\"https:\\\/\\\/www.transgourmet.es\\\/#organization\"},\"alternateName\":\"Grupo Transgourmet\",\"potentialAction\":[{\"@type\":\"SearchAction\",\"target\":{\"@type\":\"EntryPoint\",\"urlTemplate\":\"https:\\\/\\\/www.transgourmet.es\\\/?s={search_term_string}\"},\"query-input\":{\"@type\":\"PropertyValueSpecification\",\"valueRequired\":true,\"valueName\":\"search_term_string\"}}],\"inLanguage\":\"ca\"},{\"@type\":\"Organization\",\"@id\":\"https:\\\/\\\/www.transgourmet.es\\\/#organization\",\"name\":\"Transgourmet\",\"url\":\"https:\\\/\\\/www.transgourmet.es\\\/\",\"logo\":{\"@type\":\"ImageObject\",\"inLanguage\":\"ca\",\"@id\":\"https:\\\/\\\/www.transgourmet.es\\\/#\\\/schema\\\/logo\\\/image\\\/\",\"url\":\"https:\\\/\\\/www.transgourmet.es\\\/wp-content\\\/uploads\\\/2022\\\/08\\\/trans-vert.svg\",\"contentUrl\":\"https:\\\/\\\/www.transgourmet.es\\\/wp-content\\\/uploads\\\/2022\\\/08\\\/trans-vert.svg\",\"width\":296,\"height\":113,\"caption\":\"Transgourmet\"},\"image\":{\"@id\":\"https:\\\/\\\/www.transgourmet.es\\\/#\\\/schema\\\/logo\\\/image\\\/\"},\"sameAs\":[\"https:\\\/\\\/x.com\\\/transgourmet_es\",\"https:\\\/\\\/www.youtube.com\\\/c\\\/TransgourmetIberica\",\"https:\\\/\\\/www.linkedin.com\\\/company\\\/transgourmet-iberica\"]},{\"@type\":\"Person\",\"@id\":\"https:\\\/\\\/www.transgourmet.es\\\/#\\\/schema\\\/person\\\/7558b42d44946cf43b85426e3e9260ff\",\"name\":\"Comunicacion\",\"image\":{\"@type\":\"ImageObject\",\"inLanguage\":\"ca\",\"@id\":\"https:\\\/\\\/secure.gravatar.com\\\/avatar\\\/22ed58e86b6fa1d603bc37a456b3c1eead2a5b2dc754952f01bc759bba31e2f3?s=96&d=mm&r=g\",\"url\":\"https:\\\/\\\/secure.gravatar.com\\\/avatar\\\/22ed58e86b6fa1d603bc37a456b3c1eead2a5b2dc754952f01bc759bba31e2f3?s=96&d=mm&r=g\",\"contentUrl\":\"https:\\\/\\\/secure.gravatar.com\\\/avatar\\\/22ed58e86b6fa1d603bc37a456b3c1eead2a5b2dc754952f01bc759bba31e2f3?s=96&d=mm&r=g\",\"caption\":\"Comunicacion\"},\"sameAs\":[\"https:\\\/\\\/www.transgourmet.es\\\/\"]}]}<\/script>\n<!-- \/ Yoast SEO plugin. -->","yoast_head_json":{"title":"Aperitiu amb: Vicente del R\u00edo | Transgourmet","robots":{"index":"index","follow":"follow","max-snippet":"max-snippet:-1","max-image-preview":"max-image-preview:large","max-video-preview":"max-video-preview:-1"},"canonical":"https:\/\/www.transgourmet.es\/ca\/blog\/aperitivo-con-vicente-del-rio\/","og_locale":"ca_ES","og_type":"article","og_title":"Aperitiu amb: Vicente del R\u00edo | Transgourmet","og_description":"Nom i cognoms: Vicente Javier del R\u00edo G\u00f3mez. C\u00e0rrec i departament: Operacional de Xarcuteria i Formatges (Departament de Compres). Quants anys portes a Transgourmet? Porto 5 anys a l\u2019empresa. Qu\u00e8 \u00e9s el que t\u2019agrada m\u00e9s de la teva feina? Tot! Fins i tot les discussions amb els meus company@s&#8230; Bromes a banda, em sento molt&hellip;&nbsp;","og_url":"https:\/\/www.transgourmet.es\/ca\/blog\/aperitivo-con-vicente-del-rio\/","og_site_name":"Transgourmet","article_published_time":"2023-05-09T11:52:00+00:00","article_modified_time":"2023-05-11T21:02:01+00:00","og_image":[{"width":2560,"height":2345,"url":"https:\/\/www.transgourmet.es\/wp-content\/uploads\/2023\/05\/Vicente-scaled.jpg","type":"image\/jpeg"}],"author":"Comunicacion","twitter_card":"summary_large_image","twitter_creator":"@transgourmet_es","twitter_site":"@transgourmet_es","twitter_misc":{"Escrit per":"Comunicacion","Temps estimat de lectura":"2 minuts"},"schema":{"@context":"https:\/\/schema.org","@graph":[{"@type":"Article","@id":"https:\/\/www.transgourmet.es\/ca\/blog\/aperitivo-con-vicente-del-rio\/#article","isPartOf":{"@id":"https:\/\/www.transgourmet.es\/ca\/blog\/aperitivo-con-vicente-del-rio\/"},"author":{"name":"Comunicacion","@id":"https:\/\/www.transgourmet.es\/#\/schema\/person\/7558b42d44946cf43b85426e3e9260ff"},"headline":"Aperitiu amb: Vicente del R\u00edo","datePublished":"2023-05-09T11:52:00+00:00","dateModified":"2023-05-11T21:02:01+00:00","mainEntityOfPage":{"@id":"https:\/\/www.transgourmet.es\/ca\/blog\/aperitivo-con-vicente-del-rio\/"},"wordCount":283,"commentCount":0,"publisher":{"@id":"https:\/\/www.transgourmet.es\/#organization"},"image":{"@id":"https:\/\/www.transgourmet.es\/ca\/blog\/aperitivo-con-vicente-del-rio\/#primaryimage"},"thumbnailUrl":"https:\/\/www.transgourmet.es\/wp-content\/uploads\/2023\/05\/Vicente-scaled.jpg","articleSection":["Newsletter"],"inLanguage":"ca","potentialAction":[{"@type":"CommentAction","name":"Comment","target":["https:\/\/www.transgourmet.es\/ca\/blog\/aperitivo-con-vicente-del-rio\/#respond"]}]},{"@type":"WebPage","@id":"https:\/\/www.transgourmet.es\/ca\/blog\/aperitivo-con-vicente-del-rio\/","url":"https:\/\/www.transgourmet.es\/ca\/blog\/aperitivo-con-vicente-del-rio\/","name":"Aperitiu amb: Vicente del R\u00edo | Transgourmet","isPartOf":{"@id":"https:\/\/www.transgourmet.es\/#website"},"primaryImageOfPage":{"@id":"https:\/\/www.transgourmet.es\/ca\/blog\/aperitivo-con-vicente-del-rio\/#primaryimage"},"image":{"@id":"https:\/\/www.transgourmet.es\/ca\/blog\/aperitivo-con-vicente-del-rio\/#primaryimage"},"thumbnailUrl":"https:\/\/www.transgourmet.es\/wp-content\/uploads\/2023\/05\/Vicente-scaled.jpg","datePublished":"2023-05-09T11:52:00+00:00","dateModified":"2023-05-11T21:02:01+00:00","breadcrumb":{"@id":"https:\/\/www.transgourmet.es\/ca\/blog\/aperitivo-con-vicente-del-rio\/#breadcrumb"},"inLanguage":"ca","potentialAction":[{"@type":"ReadAction","target":["https:\/\/www.transgourmet.es\/ca\/blog\/aperitivo-con-vicente-del-rio\/"]}]},{"@type":"ImageObject","inLanguage":"ca","@id":"https:\/\/www.transgourmet.es\/ca\/blog\/aperitivo-con-vicente-del-rio\/#primaryimage","url":"https:\/\/www.transgourmet.es\/wp-content\/uploads\/2023\/05\/Vicente-scaled.jpg","contentUrl":"https:\/\/www.transgourmet.es\/wp-content\/uploads\/2023\/05\/Vicente-scaled.jpg","width":2560,"height":2345},{"@type":"BreadcrumbList","@id":"https:\/\/www.transgourmet.es\/ca\/blog\/aperitivo-con-vicente-del-rio\/#breadcrumb","itemListElement":[{"@type":"ListItem","position":1,"name":"Portada","item":"https:\/\/www.transgourmet.es\/ca\/"},{"@type":"ListItem","position":2,"name":"Aperitiu amb: Vicente del R\u00edo"}]},{"@type":"WebSite","@id":"https:\/\/www.transgourmet.es\/#website","url":"https:\/\/www.transgourmet.es\/","name":"Transgourmet","description":"Distribuci\u00f3n mayorista de alimentaci\u00f3n en Espa\u00f1a","publisher":{"@id":"https:\/\/www.transgourmet.es\/#organization"},"alternateName":"Grupo Transgourmet","potentialAction":[{"@type":"SearchAction","target":{"@type":"EntryPoint","urlTemplate":"https:\/\/www.transgourmet.es\/?s={search_term_string}"},"query-input":{"@type":"PropertyValueSpecification","valueRequired":true,"valueName":"search_term_string"}}],"inLanguage":"ca"},{"@type":"Organization","@id":"https:\/\/www.transgourmet.es\/#organization","name":"Transgourmet","url":"https:\/\/www.transgourmet.es\/","logo":{"@type":"ImageObject","inLanguage":"ca","@id":"https:\/\/www.transgourmet.es\/#\/schema\/logo\/image\/","url":"https:\/\/www.transgourmet.es\/wp-content\/uploads\/2022\/08\/trans-vert.svg","contentUrl":"https:\/\/www.transgourmet.es\/wp-content\/uploads\/2022\/08\/trans-vert.svg","width":296,"height":113,"caption":"Transgourmet"},"image":{"@id":"https:\/\/www.transgourmet.es\/#\/schema\/logo\/image\/"},"sameAs":["https:\/\/x.com\/transgourmet_es","https:\/\/www.youtube.com\/c\/TransgourmetIberica","https:\/\/www.linkedin.com\/company\/transgourmet-iberica"]},{"@type":"Person","@id":"https:\/\/www.transgourmet.es\/#\/schema\/person\/7558b42d44946cf43b85426e3e9260ff","name":"Comunicacion","image":{"@type":"ImageObject","inLanguage":"ca","@id":"https:\/\/secure.gravatar.com\/avatar\/22ed58e86b6fa1d603bc37a456b3c1eead2a5b2dc754952f01bc759bba31e2f3?s=96&d=mm&r=g","url":"https:\/\/secure.gravatar.com\/avatar\/22ed58e86b6fa1d603bc37a456b3c1eead2a5b2dc754952f01bc759bba31e2f3?s=96&d=mm&r=g","contentUrl":"https:\/\/secure.gravatar.com\/avatar\/22ed58e86b6fa1d603bc37a456b3c1eead2a5b2dc754952f01bc759bba31e2f3?s=96&d=mm&r=g","caption":"Comunicacion"},"sameAs":["https:\/\/www.transgourmet.es\/"]}]}},"_links":{"self":[{"href":"https:\/\/www.transgourmet.es\/ca\/wp-json\/wp\/v2\/posts\/12909","targetHints":{"allow":["GET"]}}],"collection":[{"href":"https:\/\/www.transgourmet.es\/ca\/wp-json\/wp\/v2\/posts"}],"about":[{"href":"https:\/\/www.transgourmet.es\/ca\/wp-json\/wp\/v2\/types\/post"}],"author":[{"embeddable":true,"href":"https:\/\/www.transgourmet.es\/ca\/wp-json\/wp\/v2\/users\/3"}],"replies":[{"embeddable":true,"href":"https:\/\/www.transgourmet.es\/ca\/wp-json\/wp\/v2\/comments?post=12909"}],"version-history":[{"count":3,"href":"https:\/\/www.transgourmet.es\/ca\/wp-json\/wp\/v2\/posts\/12909\/revisions"}],"predecessor-version":[{"id":12932,"href":"https:\/\/www.transgourmet.es\/ca\/wp-json\/wp\/v2\/posts\/12909\/revisions\/12932"}],"wp:featuredmedia":[{"embeddable":true,"href":"https:\/\/www.transgourmet.es\/ca\/wp-json\/wp\/v2\/media\/12978"}],"wp:attachment":[{"href":"https:\/\/www.transgourmet.es\/ca\/wp-json\/wp\/v2\/media?parent=12909"}],"wp:term":[{"taxonomy":"category","embeddable":true,"href":"https:\/\/www.transgourmet.es\/ca\/wp-json\/wp\/v2\/categories?post=12909"},{"taxonomy":"post_tag","embeddable":true,"href":"https:\/\/www.transgourmet.es\/ca\/wp-json\/wp\/v2\/tags?post=12909"}],"curies":[{"name":"wp","href":"https:\/\/api.w.org\/{rel}","templated":true}]}}