{"id":14025,"date":"2023-09-07T22:30:55","date_gmt":"2023-09-07T20:30:55","guid":{"rendered":"https:\/\/www.transgourmet.es\/?p=14025"},"modified":"2023-09-11T14:59:59","modified_gmt":"2023-09-11T12:59:59","slug":"els-millors-ambaixadors-de-la-companyia","status":"publish","type":"post","link":"https:\/\/www.transgourmet.es\/ca\/blog\/els-millors-ambaixadors-de-la-companyia\/","title":{"rendered":"Els millors ambaixador@s de la companyia"},"content":{"rendered":"<p>Som una empresa de persones per a persones i tamb\u00e9 ho demostrem a les xarxes socials. Cada cop s\u00f3n m\u00e9s les publicacions en qu\u00e8 vosaltres sou la veu i la imatge de la nostra companyia, i el resultat \u00e9s una major acollida i inter\u00e8s per part dels nostres seguidors i seguidores.<\/p>\n<p>Per exemple, la secci\u00f3 de \u201cConsells dels nostres expert@s\u201d \u00e9s una de les m\u00e9s <em>top<\/em> de GM Cash (<a href=\"https:\/\/www.facebook.com\/GmCashProfesional\/?locale=es_ES\">Facebook<\/a> i <a href=\"https:\/\/www.instagram.com\/gmcash_es\/\">Instagram)<\/a>. Els nostres company@s Antonio de la Nieta, Jordi Sol\u00e9, Fernando C\u00e1novas, Irina Puerto i Vicente del R\u00edo ja hi han participat, recomanant amb gran professionalitat els nostres productes i marques.<\/p>\n<p>Aquest estiu, a m\u00e9s, hem estrenat la campanya #equipoTransgourmet a <a href=\"https:\/\/twitter.com\/transgourmet_es\">Twitter<\/a> i a <a href=\"https:\/\/www.linkedin.com\/company\/transgourmet-iberica\/?originalSubdomain=es\">LinkedIn<\/a>. En Daniel Palencia i l\u2019Abel Borrego han sigut els primers en compartir el seu creixement professional a la companyia.<\/p>\n<p>A Suma (<a href=\"https:\/\/www.linkedin.com\/company\/90827149\/admin\/feed\/posts\/\">LinkedIn<\/a>, <a href=\"https:\/\/www.facebook.com\/sumasupermercadosespana\">Facebook<\/a> i <a href=\"https:\/\/www.instagram.com\/suma_supermercados_oficial\/\">Instagram)<\/a>, els nostres company@s de Retail ens van informant de les inauguracions de nous supermercats franquiciats per tot el territori.<\/p>\n<p>Els \u00faltims mesos tamb\u00e9 heu estat els protagonistes de la nostra col\u00b7laboraci\u00f3 amb PortAventura, heu rebut el premi Ciudad de Mijas, heu estrenat nous uniformes, heu assistit a cursos, congressos, fires d\u2019ocupaci\u00f3, inauguracions dels <em>cash <\/em>renovats&#8230; i, per descomptat, heu participat als Family Day.<\/p>\n<p>I els caps i les caps no se\u2019n deslliuren pas de ser-hi! Tamb\u00e9 hem publicat les seves intervencions en f\u00f2rums i congressos i en els actes de l\u2019empresa, i fins i tot ens hem colat en alguna jornada de l\u2019equip directiu&#8230;<\/p>\n<p>Nom\u00e9s ens resta agrair-vos la vostra col\u00b7laboraci\u00f3, perqu\u00e8 sou els millors ambaixadors i ambaixadores que pot tenir la companyia!<\/p>\n","protected":false},"excerpt":{"rendered":"<p>Som una empresa de persones per a persones i tamb\u00e9 ho demostrem a les xarxes socials. Cada cop s\u00f3n m\u00e9s les publicacions en qu\u00e8 vosaltres sou la veu i la imatge de la nostra companyia, i el resultat \u00e9s una major acollida i inter\u00e8s per part dels nostres seguidors i seguidores. Per exemple, la secci\u00f3&hellip;&nbsp;<\/p>\n","protected":false},"author":3,"featured_media":14058,"comment_status":"open","ping_status":"open","sticky":false,"template":"","format":"standard","meta":{"_acf_changed":false,"neve_meta_sidebar":"","neve_meta_container":"","neve_meta_enable_content_width":"off","neve_meta_content_width":70,"neve_meta_title_alignment":"","neve_meta_author_avatar":"","neve_post_elements_order":"","neve_meta_disable_header":"","neve_meta_disable_footer":"","neve_meta_disable_title":"","footnotes":""},"categories":[50],"tags":[],"class_list":["post-14025","post","type-post","status-publish","format-standard","has-post-thumbnail","hentry","category-newsletter-ca"],"acf":[],"yoast_head":"<!-- This site is optimized with the Yoast SEO plugin v27.4 - https:\/\/yoast.com\/product\/yoast-seo-wordpress\/ -->\n<title>Els millors ambaixador@s de la companyia | Transgourmet<\/title>\n<meta name=\"robots\" content=\"index, follow, max-snippet:-1, max-image-preview:large, max-video-preview:-1\" \/>\n<link rel=\"canonical\" href=\"https:\/\/www.transgourmet.es\/ca\/blog\/els-millors-ambaixadors-de-la-companyia\/\" \/>\n<meta property=\"og:locale\" content=\"ca_ES\" \/>\n<meta property=\"og:type\" content=\"article\" \/>\n<meta property=\"og:title\" content=\"Els millors ambaixador@s de la companyia | Transgourmet\" \/>\n<meta property=\"og:description\" content=\"Som una empresa de persones per a persones i tamb\u00e9 ho demostrem a les xarxes socials. Cada cop s\u00f3n m\u00e9s les publicacions en qu\u00e8 vosaltres sou la veu i la imatge de la nostra companyia, i el resultat \u00e9s una major acollida i inter\u00e8s per part dels nostres seguidors i seguidores. Per exemple, la secci\u00f3&hellip;&nbsp;\" \/>\n<meta property=\"og:url\" content=\"https:\/\/www.transgourmet.es\/ca\/blog\/els-millors-ambaixadors-de-la-companyia\/\" \/>\n<meta property=\"og:site_name\" content=\"Transgourmet\" \/>\n<meta property=\"article:published_time\" content=\"2023-09-07T20:30:55+00:00\" \/>\n<meta property=\"article:modified_time\" content=\"2023-09-11T12:59:59+00:00\" \/>\n<meta property=\"og:image\" content=\"https:\/\/www.transgourmet.es\/wp-content\/uploads\/2023\/09\/IMG_5320.jpg\" \/>\n\t<meta property=\"og:image:width\" content=\"1280\" \/>\n\t<meta property=\"og:image:height\" content=\"1073\" \/>\n\t<meta property=\"og:image:type\" content=\"image\/jpeg\" \/>\n<meta name=\"author\" content=\"Comunicacion\" \/>\n<meta name=\"twitter:card\" content=\"summary_large_image\" \/>\n<meta name=\"twitter:creator\" content=\"@transgourmet_es\" \/>\n<meta name=\"twitter:site\" content=\"@transgourmet_es\" \/>\n<meta name=\"twitter:label1\" content=\"Escrit per\" \/>\n\t<meta name=\"twitter:data1\" content=\"Comunicacion\" \/>\n\t<meta name=\"twitter:label2\" content=\"Temps estimat de lectura\" \/>\n\t<meta name=\"twitter:data2\" content=\"2 minuts\" \/>\n<script type=\"application\/ld+json\" class=\"yoast-schema-graph\">{\"@context\":\"https:\\\/\\\/schema.org\",\"@graph\":[{\"@type\":\"Article\",\"@id\":\"https:\\\/\\\/www.transgourmet.es\\\/ca\\\/blog\\\/els-millors-ambaixadors-de-la-companyia\\\/#article\",\"isPartOf\":{\"@id\":\"https:\\\/\\\/www.transgourmet.es\\\/ca\\\/blog\\\/els-millors-ambaixadors-de-la-companyia\\\/\"},\"author\":{\"name\":\"Comunicacion\",\"@id\":\"https:\\\/\\\/www.transgourmet.es\\\/#\\\/schema\\\/person\\\/7558b42d44946cf43b85426e3e9260ff\"},\"headline\":\"Els millors ambaixador@s de la companyia\",\"datePublished\":\"2023-09-07T20:30:55+00:00\",\"dateModified\":\"2023-09-11T12:59:59+00:00\",\"mainEntityOfPage\":{\"@id\":\"https:\\\/\\\/www.transgourmet.es\\\/ca\\\/blog\\\/els-millors-ambaixadors-de-la-companyia\\\/\"},\"wordCount\":290,\"commentCount\":0,\"publisher\":{\"@id\":\"https:\\\/\\\/www.transgourmet.es\\\/#organization\"},\"image\":{\"@id\":\"https:\\\/\\\/www.transgourmet.es\\\/ca\\\/blog\\\/els-millors-ambaixadors-de-la-companyia\\\/#primaryimage\"},\"thumbnailUrl\":\"https:\\\/\\\/www.transgourmet.es\\\/wp-content\\\/uploads\\\/2023\\\/09\\\/IMG_5320.jpg\",\"articleSection\":[\"Newsletter\"],\"inLanguage\":\"ca\",\"potentialAction\":[{\"@type\":\"CommentAction\",\"name\":\"Comment\",\"target\":[\"https:\\\/\\\/www.transgourmet.es\\\/ca\\\/blog\\\/els-millors-ambaixadors-de-la-companyia\\\/#respond\"]}]},{\"@type\":\"WebPage\",\"@id\":\"https:\\\/\\\/www.transgourmet.es\\\/ca\\\/blog\\\/els-millors-ambaixadors-de-la-companyia\\\/\",\"url\":\"https:\\\/\\\/www.transgourmet.es\\\/ca\\\/blog\\\/els-millors-ambaixadors-de-la-companyia\\\/\",\"name\":\"Els millors ambaixador@s de la companyia | Transgourmet\",\"isPartOf\":{\"@id\":\"https:\\\/\\\/www.transgourmet.es\\\/#website\"},\"primaryImageOfPage\":{\"@id\":\"https:\\\/\\\/www.transgourmet.es\\\/ca\\\/blog\\\/els-millors-ambaixadors-de-la-companyia\\\/#primaryimage\"},\"image\":{\"@id\":\"https:\\\/\\\/www.transgourmet.es\\\/ca\\\/blog\\\/els-millors-ambaixadors-de-la-companyia\\\/#primaryimage\"},\"thumbnailUrl\":\"https:\\\/\\\/www.transgourmet.es\\\/wp-content\\\/uploads\\\/2023\\\/09\\\/IMG_5320.jpg\",\"datePublished\":\"2023-09-07T20:30:55+00:00\",\"dateModified\":\"2023-09-11T12:59:59+00:00\",\"breadcrumb\":{\"@id\":\"https:\\\/\\\/www.transgourmet.es\\\/ca\\\/blog\\\/els-millors-ambaixadors-de-la-companyia\\\/#breadcrumb\"},\"inLanguage\":\"ca\",\"potentialAction\":[{\"@type\":\"ReadAction\",\"target\":[\"https:\\\/\\\/www.transgourmet.es\\\/ca\\\/blog\\\/els-millors-ambaixadors-de-la-companyia\\\/\"]}]},{\"@type\":\"ImageObject\",\"inLanguage\":\"ca\",\"@id\":\"https:\\\/\\\/www.transgourmet.es\\\/ca\\\/blog\\\/els-millors-ambaixadors-de-la-companyia\\\/#primaryimage\",\"url\":\"https:\\\/\\\/www.transgourmet.es\\\/wp-content\\\/uploads\\\/2023\\\/09\\\/IMG_5320.jpg\",\"contentUrl\":\"https:\\\/\\\/www.transgourmet.es\\\/wp-content\\\/uploads\\\/2023\\\/09\\\/IMG_5320.jpg\",\"width\":1280,\"height\":1073},{\"@type\":\"BreadcrumbList\",\"@id\":\"https:\\\/\\\/www.transgourmet.es\\\/ca\\\/blog\\\/els-millors-ambaixadors-de-la-companyia\\\/#breadcrumb\",\"itemListElement\":[{\"@type\":\"ListItem\",\"position\":1,\"name\":\"Portada\",\"item\":\"https:\\\/\\\/www.transgourmet.es\\\/ca\\\/\"},{\"@type\":\"ListItem\",\"position\":2,\"name\":\"Els millors ambaixador@s de la companyia\"}]},{\"@type\":\"WebSite\",\"@id\":\"https:\\\/\\\/www.transgourmet.es\\\/#website\",\"url\":\"https:\\\/\\\/www.transgourmet.es\\\/\",\"name\":\"Transgourmet\",\"description\":\"Distribuci\u00f3n mayorista de alimentaci\u00f3n en Espa\u00f1a\",\"publisher\":{\"@id\":\"https:\\\/\\\/www.transgourmet.es\\\/#organization\"},\"alternateName\":\"Grupo Transgourmet\",\"potentialAction\":[{\"@type\":\"SearchAction\",\"target\":{\"@type\":\"EntryPoint\",\"urlTemplate\":\"https:\\\/\\\/www.transgourmet.es\\\/?s={search_term_string}\"},\"query-input\":{\"@type\":\"PropertyValueSpecification\",\"valueRequired\":true,\"valueName\":\"search_term_string\"}}],\"inLanguage\":\"ca\"},{\"@type\":\"Organization\",\"@id\":\"https:\\\/\\\/www.transgourmet.es\\\/#organization\",\"name\":\"Transgourmet\",\"url\":\"https:\\\/\\\/www.transgourmet.es\\\/\",\"logo\":{\"@type\":\"ImageObject\",\"inLanguage\":\"ca\",\"@id\":\"https:\\\/\\\/www.transgourmet.es\\\/#\\\/schema\\\/logo\\\/image\\\/\",\"url\":\"https:\\\/\\\/www.transgourmet.es\\\/wp-content\\\/uploads\\\/2022\\\/08\\\/trans-vert.svg\",\"contentUrl\":\"https:\\\/\\\/www.transgourmet.es\\\/wp-content\\\/uploads\\\/2022\\\/08\\\/trans-vert.svg\",\"width\":296,\"height\":113,\"caption\":\"Transgourmet\"},\"image\":{\"@id\":\"https:\\\/\\\/www.transgourmet.es\\\/#\\\/schema\\\/logo\\\/image\\\/\"},\"sameAs\":[\"https:\\\/\\\/x.com\\\/transgourmet_es\",\"https:\\\/\\\/www.youtube.com\\\/c\\\/TransgourmetIberica\",\"https:\\\/\\\/www.linkedin.com\\\/company\\\/transgourmet-iberica\"]},{\"@type\":\"Person\",\"@id\":\"https:\\\/\\\/www.transgourmet.es\\\/#\\\/schema\\\/person\\\/7558b42d44946cf43b85426e3e9260ff\",\"name\":\"Comunicacion\",\"image\":{\"@type\":\"ImageObject\",\"inLanguage\":\"ca\",\"@id\":\"https:\\\/\\\/secure.gravatar.com\\\/avatar\\\/22ed58e86b6fa1d603bc37a456b3c1eead2a5b2dc754952f01bc759bba31e2f3?s=96&d=mm&r=g\",\"url\":\"https:\\\/\\\/secure.gravatar.com\\\/avatar\\\/22ed58e86b6fa1d603bc37a456b3c1eead2a5b2dc754952f01bc759bba31e2f3?s=96&d=mm&r=g\",\"contentUrl\":\"https:\\\/\\\/secure.gravatar.com\\\/avatar\\\/22ed58e86b6fa1d603bc37a456b3c1eead2a5b2dc754952f01bc759bba31e2f3?s=96&d=mm&r=g\",\"caption\":\"Comunicacion\"},\"sameAs\":[\"https:\\\/\\\/www.transgourmet.es\\\/\"]}]}<\/script>\n<!-- \/ Yoast SEO plugin. -->","yoast_head_json":{"title":"Els millors ambaixador@s de la companyia | Transgourmet","robots":{"index":"index","follow":"follow","max-snippet":"max-snippet:-1","max-image-preview":"max-image-preview:large","max-video-preview":"max-video-preview:-1"},"canonical":"https:\/\/www.transgourmet.es\/ca\/blog\/els-millors-ambaixadors-de-la-companyia\/","og_locale":"ca_ES","og_type":"article","og_title":"Els millors ambaixador@s de la companyia | Transgourmet","og_description":"Som una empresa de persones per a persones i tamb\u00e9 ho demostrem a les xarxes socials. Cada cop s\u00f3n m\u00e9s les publicacions en qu\u00e8 vosaltres sou la veu i la imatge de la nostra companyia, i el resultat \u00e9s una major acollida i inter\u00e8s per part dels nostres seguidors i seguidores. Per exemple, la secci\u00f3&hellip;&nbsp;","og_url":"https:\/\/www.transgourmet.es\/ca\/blog\/els-millors-ambaixadors-de-la-companyia\/","og_site_name":"Transgourmet","article_published_time":"2023-09-07T20:30:55+00:00","article_modified_time":"2023-09-11T12:59:59+00:00","og_image":[{"width":1280,"height":1073,"url":"https:\/\/www.transgourmet.es\/wp-content\/uploads\/2023\/09\/IMG_5320.jpg","type":"image\/jpeg"}],"author":"Comunicacion","twitter_card":"summary_large_image","twitter_creator":"@transgourmet_es","twitter_site":"@transgourmet_es","twitter_misc":{"Escrit per":"Comunicacion","Temps estimat de lectura":"2 minuts"},"schema":{"@context":"https:\/\/schema.org","@graph":[{"@type":"Article","@id":"https:\/\/www.transgourmet.es\/ca\/blog\/els-millors-ambaixadors-de-la-companyia\/#article","isPartOf":{"@id":"https:\/\/www.transgourmet.es\/ca\/blog\/els-millors-ambaixadors-de-la-companyia\/"},"author":{"name":"Comunicacion","@id":"https:\/\/www.transgourmet.es\/#\/schema\/person\/7558b42d44946cf43b85426e3e9260ff"},"headline":"Els millors ambaixador@s de la companyia","datePublished":"2023-09-07T20:30:55+00:00","dateModified":"2023-09-11T12:59:59+00:00","mainEntityOfPage":{"@id":"https:\/\/www.transgourmet.es\/ca\/blog\/els-millors-ambaixadors-de-la-companyia\/"},"wordCount":290,"commentCount":0,"publisher":{"@id":"https:\/\/www.transgourmet.es\/#organization"},"image":{"@id":"https:\/\/www.transgourmet.es\/ca\/blog\/els-millors-ambaixadors-de-la-companyia\/#primaryimage"},"thumbnailUrl":"https:\/\/www.transgourmet.es\/wp-content\/uploads\/2023\/09\/IMG_5320.jpg","articleSection":["Newsletter"],"inLanguage":"ca","potentialAction":[{"@type":"CommentAction","name":"Comment","target":["https:\/\/www.transgourmet.es\/ca\/blog\/els-millors-ambaixadors-de-la-companyia\/#respond"]}]},{"@type":"WebPage","@id":"https:\/\/www.transgourmet.es\/ca\/blog\/els-millors-ambaixadors-de-la-companyia\/","url":"https:\/\/www.transgourmet.es\/ca\/blog\/els-millors-ambaixadors-de-la-companyia\/","name":"Els millors ambaixador@s de la companyia | Transgourmet","isPartOf":{"@id":"https:\/\/www.transgourmet.es\/#website"},"primaryImageOfPage":{"@id":"https:\/\/www.transgourmet.es\/ca\/blog\/els-millors-ambaixadors-de-la-companyia\/#primaryimage"},"image":{"@id":"https:\/\/www.transgourmet.es\/ca\/blog\/els-millors-ambaixadors-de-la-companyia\/#primaryimage"},"thumbnailUrl":"https:\/\/www.transgourmet.es\/wp-content\/uploads\/2023\/09\/IMG_5320.jpg","datePublished":"2023-09-07T20:30:55+00:00","dateModified":"2023-09-11T12:59:59+00:00","breadcrumb":{"@id":"https:\/\/www.transgourmet.es\/ca\/blog\/els-millors-ambaixadors-de-la-companyia\/#breadcrumb"},"inLanguage":"ca","potentialAction":[{"@type":"ReadAction","target":["https:\/\/www.transgourmet.es\/ca\/blog\/els-millors-ambaixadors-de-la-companyia\/"]}]},{"@type":"ImageObject","inLanguage":"ca","@id":"https:\/\/www.transgourmet.es\/ca\/blog\/els-millors-ambaixadors-de-la-companyia\/#primaryimage","url":"https:\/\/www.transgourmet.es\/wp-content\/uploads\/2023\/09\/IMG_5320.jpg","contentUrl":"https:\/\/www.transgourmet.es\/wp-content\/uploads\/2023\/09\/IMG_5320.jpg","width":1280,"height":1073},{"@type":"BreadcrumbList","@id":"https:\/\/www.transgourmet.es\/ca\/blog\/els-millors-ambaixadors-de-la-companyia\/#breadcrumb","itemListElement":[{"@type":"ListItem","position":1,"name":"Portada","item":"https:\/\/www.transgourmet.es\/ca\/"},{"@type":"ListItem","position":2,"name":"Els millors ambaixador@s de la companyia"}]},{"@type":"WebSite","@id":"https:\/\/www.transgourmet.es\/#website","url":"https:\/\/www.transgourmet.es\/","name":"Transgourmet","description":"Distribuci\u00f3n mayorista de alimentaci\u00f3n en Espa\u00f1a","publisher":{"@id":"https:\/\/www.transgourmet.es\/#organization"},"alternateName":"Grupo Transgourmet","potentialAction":[{"@type":"SearchAction","target":{"@type":"EntryPoint","urlTemplate":"https:\/\/www.transgourmet.es\/?s={search_term_string}"},"query-input":{"@type":"PropertyValueSpecification","valueRequired":true,"valueName":"search_term_string"}}],"inLanguage":"ca"},{"@type":"Organization","@id":"https:\/\/www.transgourmet.es\/#organization","name":"Transgourmet","url":"https:\/\/www.transgourmet.es\/","logo":{"@type":"ImageObject","inLanguage":"ca","@id":"https:\/\/www.transgourmet.es\/#\/schema\/logo\/image\/","url":"https:\/\/www.transgourmet.es\/wp-content\/uploads\/2022\/08\/trans-vert.svg","contentUrl":"https:\/\/www.transgourmet.es\/wp-content\/uploads\/2022\/08\/trans-vert.svg","width":296,"height":113,"caption":"Transgourmet"},"image":{"@id":"https:\/\/www.transgourmet.es\/#\/schema\/logo\/image\/"},"sameAs":["https:\/\/x.com\/transgourmet_es","https:\/\/www.youtube.com\/c\/TransgourmetIberica","https:\/\/www.linkedin.com\/company\/transgourmet-iberica"]},{"@type":"Person","@id":"https:\/\/www.transgourmet.es\/#\/schema\/person\/7558b42d44946cf43b85426e3e9260ff","name":"Comunicacion","image":{"@type":"ImageObject","inLanguage":"ca","@id":"https:\/\/secure.gravatar.com\/avatar\/22ed58e86b6fa1d603bc37a456b3c1eead2a5b2dc754952f01bc759bba31e2f3?s=96&d=mm&r=g","url":"https:\/\/secure.gravatar.com\/avatar\/22ed58e86b6fa1d603bc37a456b3c1eead2a5b2dc754952f01bc759bba31e2f3?s=96&d=mm&r=g","contentUrl":"https:\/\/secure.gravatar.com\/avatar\/22ed58e86b6fa1d603bc37a456b3c1eead2a5b2dc754952f01bc759bba31e2f3?s=96&d=mm&r=g","caption":"Comunicacion"},"sameAs":["https:\/\/www.transgourmet.es\/"]}]}},"_links":{"self":[{"href":"https:\/\/www.transgourmet.es\/ca\/wp-json\/wp\/v2\/posts\/14025","targetHints":{"allow":["GET"]}}],"collection":[{"href":"https:\/\/www.transgourmet.es\/ca\/wp-json\/wp\/v2\/posts"}],"about":[{"href":"https:\/\/www.transgourmet.es\/ca\/wp-json\/wp\/v2\/types\/post"}],"author":[{"embeddable":true,"href":"https:\/\/www.transgourmet.es\/ca\/wp-json\/wp\/v2\/users\/3"}],"replies":[{"embeddable":true,"href":"https:\/\/www.transgourmet.es\/ca\/wp-json\/wp\/v2\/comments?post=14025"}],"version-history":[{"count":8,"href":"https:\/\/www.transgourmet.es\/ca\/wp-json\/wp\/v2\/posts\/14025\/revisions"}],"predecessor-version":[{"id":14118,"href":"https:\/\/www.transgourmet.es\/ca\/wp-json\/wp\/v2\/posts\/14025\/revisions\/14118"}],"wp:featuredmedia":[{"embeddable":true,"href":"https:\/\/www.transgourmet.es\/ca\/wp-json\/wp\/v2\/media\/14058"}],"wp:attachment":[{"href":"https:\/\/www.transgourmet.es\/ca\/wp-json\/wp\/v2\/media?parent=14025"}],"wp:term":[{"taxonomy":"category","embeddable":true,"href":"https:\/\/www.transgourmet.es\/ca\/wp-json\/wp\/v2\/categories?post=14025"},{"taxonomy":"post_tag","embeddable":true,"href":"https:\/\/www.transgourmet.es\/ca\/wp-json\/wp\/v2\/tags?post=14025"}],"curies":[{"name":"wp","href":"https:\/\/api.w.org\/{rel}","templated":true}]}}