{"id":14441,"date":"2023-10-26T10:57:41","date_gmt":"2023-10-26T08:57:41","guid":{"rendered":"https:\/\/www.transgourmet.es\/?p=14441"},"modified":"2023-10-26T10:57:58","modified_gmt":"2023-10-26T08:57:58","slug":"el-grup-transgourmet-torna-a-organitzar-el-seu-concurs-culinari-internacional-chefs-en-or","status":"publish","type":"post","link":"https:\/\/www.transgourmet.es\/ca\/blog\/el-grup-transgourmet-torna-a-organitzar-el-seu-concurs-culinari-internacional-chefs-en-or\/","title":{"rendered":"El grup Transgourmet torna a organitzar el seu concurs culinari internacional \u201cChefs en Or\u201d"},"content":{"rendered":"<p>El grup Transgourmet, segona empresa de distribuci\u00f3 majorista d\u2019Europa, celebrar\u00e0 el dimarts 31 d\u2019octubre, a Vars\u00f2via, el concurs culinari internacional \u201cChefs en Or\u201d. El certamen reunir\u00e0 set xefs procedents dels pa\u00efsos on opera el grup \u2015Alemanya, \u00c0ustria, Espanya, Fran\u00e7a, Pol\u00f2nia, Romania i Su\u00efssa\u2015, que competiran per cuinar el plat m\u00e9s sabor\u00f3s en un per\u00edode de temps determinat i aprofitant al m\u00e0xim tots els ingredients que se\u2019ls facilitaran.<\/p>\n<p>El representant de Transgourmet Ib\u00e8rica ser\u00e0 en Ra\u00fcl Ru\u00edz Ayats, xef del restaurant\u00a09 Suprem\u00a0de Figueres (Girona),\u00a0que demostrar\u00e0 les seves habilitats culin\u00e0ries davant d\u2019un jurat internacional de 13 experts.<\/p>\n<p>L\u2019ingredient principal ser\u00e0 el pollastre de corral i els concursants comptaran amb una cistella d\u2019aliments amb tres productes que coneixeran nom\u00e9s quinze hores abans no comenci el concurs. Hauran de preparar en directe un plat principal i un entrant, i es valoraran aspectes com ara el sabor i la presentaci\u00f3. Tamb\u00e9 seran importants la t\u00e8cnica, l\u2019organitzaci\u00f3 i la creativitat, aix\u00ed com aconseguir evitar el malbaratament d\u2019aliments.<\/p>\n<p>Al jurat, la representaci\u00f3 de Transgourmet Ib\u00e8rica l\u2019ostentar\u00e0 la Roc\u00edo Morcillo, formadora d\u2019Hostaleria del grup i finalista del programa \u201cMasterchef Espa\u00f1a\u201d l\u2019any 2016.<\/p>\n<p>El grup Transgourmet ha decidit recuperar aquest concurs despr\u00e9s d\u2019una pausa per la pand\u00e8mia. Els \u201cChefs en Or\u201d van ser creats el 2004 per Transgourmet Fran\u00e7a. A partir de 2014, es va convertir en un certamen internacional que aquests anys ha evolucionat fins a esdevenir un dels tres concursos culinaris m\u00e9s importants de Fran\u00e7a.<\/p>\n<p>El certamen ser\u00e0 de 8.00 a 17.00 h i despr\u00e9s hi haur\u00e0 una gala.\u00a0 Tot es podr\u00e0 seguir en directe a trav\u00e9s de la web oficial (<a href=\"https:\/\/chefsenor.com\/\">https:\/\/chefsenor.com\/<\/a>) i a les xarxes socials de GM Cash a\u00a0<a href=\"https:\/\/www.facebook.com\/GmCashProfesional\/\">Facebook<\/a>\u00a0i\u00a0<a href=\"https:\/\/www.instagram.com\/gmcash_es\/\">Instagram<\/a>.<\/p>\n<p><strong>SOBRE TRANSGOURMET IB\u00c8RICA<\/strong><\/p>\n<p>Transgourmet Ib\u00e8rica \u00e9s propietat del grup su\u00eds Transgourmet, la segona empresa de distribuci\u00f3 majorista d\u2019Europa, que al seu torn pertany al grup Coop. En l\u2019actualitat compta amb 6 plataformes de distribuci\u00f3 majorista repartides per tot Espanya i \u00e9s referent en el sector horeca amb GM Cash-Gros Mercat, la seva ensenya de <em>cash&amp;carry <\/em>\u2014que compr\u00e8n 70 centres amb 26 gasolineres GM Oil\u2014, i la divisi\u00f3 de Food Service.<\/p>\n<p>L\u2019empresa tamb\u00e9 compta amb la seva l\u00ednia de Retail, amb gaireb\u00e9 800 supermercats franquiciats amb les ensenyes Suma, Proxim i Spar, i amb m\u00e9s de 2.000 clients independents.<\/p>\n","protected":false},"excerpt":{"rendered":"<p>El grup Transgourmet, segona empresa de distribuci\u00f3 majorista d\u2019Europa, celebrar\u00e0 el dimarts 31 d\u2019octubre, a Vars\u00f2via, el concurs culinari internacional \u201cChefs en Or\u201d. El certamen reunir\u00e0 set xefs procedents dels pa\u00efsos on opera el grup \u2015Alemanya, \u00c0ustria, Espanya, Fran\u00e7a, Pol\u00f2nia, Romania i Su\u00efssa\u2015, que competiran per cuinar el plat m\u00e9s sabor\u00f3s en un per\u00edode de&hellip;&nbsp;<\/p>\n","protected":false},"author":3,"featured_media":14410,"comment_status":"open","ping_status":"open","sticky":false,"template":"","format":"standard","meta":{"_acf_changed":false,"neve_meta_sidebar":"","neve_meta_container":"","neve_meta_enable_content_width":"off","neve_meta_content_width":70,"neve_meta_title_alignment":"","neve_meta_author_avatar":"","neve_post_elements_order":"","neve_meta_disable_header":"","neve_meta_disable_footer":"","neve_meta_disable_title":"","footnotes":""},"categories":[35,36],"tags":[],"class_list":["post-14441","post","type-post","status-publish","format-standard","has-post-thumbnail","hentry","category-corporativa-ca","category-gm-cash"],"acf":[],"yoast_head":"<!-- This site is optimized with the Yoast SEO plugin v27.4 - https:\/\/yoast.com\/product\/yoast-seo-wordpress\/ -->\n<title>El grup Transgourmet torna a organitzar el seu concurs culinari internacional \u201cChefs en Or\u201d | Transgourmet<\/title>\n<meta name=\"robots\" content=\"index, follow, max-snippet:-1, max-image-preview:large, max-video-preview:-1\" \/>\n<link rel=\"canonical\" href=\"https:\/\/www.transgourmet.es\/ca\/blog\/el-grup-transgourmet-torna-a-organitzar-el-seu-concurs-culinari-internacional-chefs-en-or\/\" \/>\n<meta property=\"og:locale\" content=\"ca_ES\" \/>\n<meta property=\"og:type\" content=\"article\" \/>\n<meta property=\"og:title\" content=\"El grup Transgourmet torna a organitzar el seu concurs culinari internacional \u201cChefs en Or\u201d | Transgourmet\" \/>\n<meta property=\"og:description\" content=\"El grup Transgourmet, segona empresa de distribuci\u00f3 majorista d\u2019Europa, celebrar\u00e0 el dimarts 31 d\u2019octubre, a Vars\u00f2via, el concurs culinari internacional \u201cChefs en Or\u201d. El certamen reunir\u00e0 set xefs procedents dels pa\u00efsos on opera el grup \u2015Alemanya, \u00c0ustria, Espanya, Fran\u00e7a, Pol\u00f2nia, Romania i Su\u00efssa\u2015, que competiran per cuinar el plat m\u00e9s sabor\u00f3s en un per\u00edode de&hellip;&nbsp;\" \/>\n<meta property=\"og:url\" content=\"https:\/\/www.transgourmet.es\/ca\/blog\/el-grup-transgourmet-torna-a-organitzar-el-seu-concurs-culinari-internacional-chefs-en-or\/\" \/>\n<meta property=\"og:site_name\" content=\"Transgourmet\" \/>\n<meta property=\"article:published_time\" content=\"2023-10-26T08:57:41+00:00\" \/>\n<meta property=\"article:modified_time\" content=\"2023-10-26T08:57:58+00:00\" \/>\n<meta property=\"og:image\" content=\"https:\/\/www.transgourmet.es\/wp-content\/uploads\/2023\/10\/Imagen-1-1.jpg\" \/>\n\t<meta property=\"og:image:width\" content=\"1850\" \/>\n\t<meta property=\"og:image:height\" content=\"1780\" \/>\n\t<meta property=\"og:image:type\" content=\"image\/jpeg\" \/>\n<meta name=\"author\" content=\"Comunicacion\" \/>\n<meta name=\"twitter:card\" content=\"summary_large_image\" \/>\n<meta name=\"twitter:creator\" content=\"@transgourmet_es\" \/>\n<meta name=\"twitter:site\" content=\"@transgourmet_es\" \/>\n<meta name=\"twitter:label1\" content=\"Escrit per\" \/>\n\t<meta name=\"twitter:data1\" content=\"Comunicacion\" \/>\n\t<meta name=\"twitter:label2\" content=\"Temps estimat de lectura\" \/>\n\t<meta name=\"twitter:data2\" content=\"2 minuts\" \/>\n<script type=\"application\/ld+json\" class=\"yoast-schema-graph\">{\"@context\":\"https:\\\/\\\/schema.org\",\"@graph\":[{\"@type\":\"Article\",\"@id\":\"https:\\\/\\\/www.transgourmet.es\\\/ca\\\/blog\\\/el-grup-transgourmet-torna-a-organitzar-el-seu-concurs-culinari-internacional-chefs-en-or\\\/#article\",\"isPartOf\":{\"@id\":\"https:\\\/\\\/www.transgourmet.es\\\/ca\\\/blog\\\/el-grup-transgourmet-torna-a-organitzar-el-seu-concurs-culinari-internacional-chefs-en-or\\\/\"},\"author\":{\"name\":\"Comunicacion\",\"@id\":\"https:\\\/\\\/www.transgourmet.es\\\/#\\\/schema\\\/person\\\/7558b42d44946cf43b85426e3e9260ff\"},\"headline\":\"El grup Transgourmet torna a organitzar el seu concurs culinari internacional \u201cChefs en Or\u201d\",\"datePublished\":\"2023-10-26T08:57:41+00:00\",\"dateModified\":\"2023-10-26T08:57:58+00:00\",\"mainEntityOfPage\":{\"@id\":\"https:\\\/\\\/www.transgourmet.es\\\/ca\\\/blog\\\/el-grup-transgourmet-torna-a-organitzar-el-seu-concurs-culinari-internacional-chefs-en-or\\\/\"},\"wordCount\":429,\"commentCount\":0,\"publisher\":{\"@id\":\"https:\\\/\\\/www.transgourmet.es\\\/#organization\"},\"image\":{\"@id\":\"https:\\\/\\\/www.transgourmet.es\\\/ca\\\/blog\\\/el-grup-transgourmet-torna-a-organitzar-el-seu-concurs-culinari-internacional-chefs-en-or\\\/#primaryimage\"},\"thumbnailUrl\":\"https:\\\/\\\/www.transgourmet.es\\\/wp-content\\\/uploads\\\/2023\\\/10\\\/Imagen-1-1.jpg\",\"articleSection\":[\"Corporativa\",\"Gros Mercat\"],\"inLanguage\":\"ca\",\"potentialAction\":[{\"@type\":\"CommentAction\",\"name\":\"Comment\",\"target\":[\"https:\\\/\\\/www.transgourmet.es\\\/ca\\\/blog\\\/el-grup-transgourmet-torna-a-organitzar-el-seu-concurs-culinari-internacional-chefs-en-or\\\/#respond\"]}]},{\"@type\":\"WebPage\",\"@id\":\"https:\\\/\\\/www.transgourmet.es\\\/ca\\\/blog\\\/el-grup-transgourmet-torna-a-organitzar-el-seu-concurs-culinari-internacional-chefs-en-or\\\/\",\"url\":\"https:\\\/\\\/www.transgourmet.es\\\/ca\\\/blog\\\/el-grup-transgourmet-torna-a-organitzar-el-seu-concurs-culinari-internacional-chefs-en-or\\\/\",\"name\":\"El grup Transgourmet torna a organitzar el seu concurs culinari internacional \u201cChefs en Or\u201d | Transgourmet\",\"isPartOf\":{\"@id\":\"https:\\\/\\\/www.transgourmet.es\\\/#website\"},\"primaryImageOfPage\":{\"@id\":\"https:\\\/\\\/www.transgourmet.es\\\/ca\\\/blog\\\/el-grup-transgourmet-torna-a-organitzar-el-seu-concurs-culinari-internacional-chefs-en-or\\\/#primaryimage\"},\"image\":{\"@id\":\"https:\\\/\\\/www.transgourmet.es\\\/ca\\\/blog\\\/el-grup-transgourmet-torna-a-organitzar-el-seu-concurs-culinari-internacional-chefs-en-or\\\/#primaryimage\"},\"thumbnailUrl\":\"https:\\\/\\\/www.transgourmet.es\\\/wp-content\\\/uploads\\\/2023\\\/10\\\/Imagen-1-1.jpg\",\"datePublished\":\"2023-10-26T08:57:41+00:00\",\"dateModified\":\"2023-10-26T08:57:58+00:00\",\"breadcrumb\":{\"@id\":\"https:\\\/\\\/www.transgourmet.es\\\/ca\\\/blog\\\/el-grup-transgourmet-torna-a-organitzar-el-seu-concurs-culinari-internacional-chefs-en-or\\\/#breadcrumb\"},\"inLanguage\":\"ca\",\"potentialAction\":[{\"@type\":\"ReadAction\",\"target\":[\"https:\\\/\\\/www.transgourmet.es\\\/ca\\\/blog\\\/el-grup-transgourmet-torna-a-organitzar-el-seu-concurs-culinari-internacional-chefs-en-or\\\/\"]}]},{\"@type\":\"ImageObject\",\"inLanguage\":\"ca\",\"@id\":\"https:\\\/\\\/www.transgourmet.es\\\/ca\\\/blog\\\/el-grup-transgourmet-torna-a-organitzar-el-seu-concurs-culinari-internacional-chefs-en-or\\\/#primaryimage\",\"url\":\"https:\\\/\\\/www.transgourmet.es\\\/wp-content\\\/uploads\\\/2023\\\/10\\\/Imagen-1-1.jpg\",\"contentUrl\":\"https:\\\/\\\/www.transgourmet.es\\\/wp-content\\\/uploads\\\/2023\\\/10\\\/Imagen-1-1.jpg\",\"width\":1850,\"height\":1780},{\"@type\":\"BreadcrumbList\",\"@id\":\"https:\\\/\\\/www.transgourmet.es\\\/ca\\\/blog\\\/el-grup-transgourmet-torna-a-organitzar-el-seu-concurs-culinari-internacional-chefs-en-or\\\/#breadcrumb\",\"itemListElement\":[{\"@type\":\"ListItem\",\"position\":1,\"name\":\"Portada\",\"item\":\"https:\\\/\\\/www.transgourmet.es\\\/ca\\\/\"},{\"@type\":\"ListItem\",\"position\":2,\"name\":\"El grup Transgourmet torna a organitzar el seu concurs culinari internacional \u201cChefs en Or\u201d\"}]},{\"@type\":\"WebSite\",\"@id\":\"https:\\\/\\\/www.transgourmet.es\\\/#website\",\"url\":\"https:\\\/\\\/www.transgourmet.es\\\/\",\"name\":\"Transgourmet\",\"description\":\"Distribuci\u00f3n mayorista de alimentaci\u00f3n en Espa\u00f1a\",\"publisher\":{\"@id\":\"https:\\\/\\\/www.transgourmet.es\\\/#organization\"},\"alternateName\":\"Grupo Transgourmet\",\"potentialAction\":[{\"@type\":\"SearchAction\",\"target\":{\"@type\":\"EntryPoint\",\"urlTemplate\":\"https:\\\/\\\/www.transgourmet.es\\\/?s={search_term_string}\"},\"query-input\":{\"@type\":\"PropertyValueSpecification\",\"valueRequired\":true,\"valueName\":\"search_term_string\"}}],\"inLanguage\":\"ca\"},{\"@type\":\"Organization\",\"@id\":\"https:\\\/\\\/www.transgourmet.es\\\/#organization\",\"name\":\"Transgourmet\",\"url\":\"https:\\\/\\\/www.transgourmet.es\\\/\",\"logo\":{\"@type\":\"ImageObject\",\"inLanguage\":\"ca\",\"@id\":\"https:\\\/\\\/www.transgourmet.es\\\/#\\\/schema\\\/logo\\\/image\\\/\",\"url\":\"https:\\\/\\\/www.transgourmet.es\\\/wp-content\\\/uploads\\\/2022\\\/08\\\/trans-vert.svg\",\"contentUrl\":\"https:\\\/\\\/www.transgourmet.es\\\/wp-content\\\/uploads\\\/2022\\\/08\\\/trans-vert.svg\",\"width\":296,\"height\":113,\"caption\":\"Transgourmet\"},\"image\":{\"@id\":\"https:\\\/\\\/www.transgourmet.es\\\/#\\\/schema\\\/logo\\\/image\\\/\"},\"sameAs\":[\"https:\\\/\\\/x.com\\\/transgourmet_es\",\"https:\\\/\\\/www.youtube.com\\\/c\\\/TransgourmetIberica\",\"https:\\\/\\\/www.linkedin.com\\\/company\\\/transgourmet-iberica\"]},{\"@type\":\"Person\",\"@id\":\"https:\\\/\\\/www.transgourmet.es\\\/#\\\/schema\\\/person\\\/7558b42d44946cf43b85426e3e9260ff\",\"name\":\"Comunicacion\",\"image\":{\"@type\":\"ImageObject\",\"inLanguage\":\"ca\",\"@id\":\"https:\\\/\\\/secure.gravatar.com\\\/avatar\\\/22ed58e86b6fa1d603bc37a456b3c1eead2a5b2dc754952f01bc759bba31e2f3?s=96&d=mm&r=g\",\"url\":\"https:\\\/\\\/secure.gravatar.com\\\/avatar\\\/22ed58e86b6fa1d603bc37a456b3c1eead2a5b2dc754952f01bc759bba31e2f3?s=96&d=mm&r=g\",\"contentUrl\":\"https:\\\/\\\/secure.gravatar.com\\\/avatar\\\/22ed58e86b6fa1d603bc37a456b3c1eead2a5b2dc754952f01bc759bba31e2f3?s=96&d=mm&r=g\",\"caption\":\"Comunicacion\"},\"sameAs\":[\"https:\\\/\\\/www.transgourmet.es\\\/\"]}]}<\/script>\n<!-- \/ Yoast SEO plugin. -->","yoast_head_json":{"title":"El grup Transgourmet torna a organitzar el seu concurs culinari internacional \u201cChefs en Or\u201d | Transgourmet","robots":{"index":"index","follow":"follow","max-snippet":"max-snippet:-1","max-image-preview":"max-image-preview:large","max-video-preview":"max-video-preview:-1"},"canonical":"https:\/\/www.transgourmet.es\/ca\/blog\/el-grup-transgourmet-torna-a-organitzar-el-seu-concurs-culinari-internacional-chefs-en-or\/","og_locale":"ca_ES","og_type":"article","og_title":"El grup Transgourmet torna a organitzar el seu concurs culinari internacional \u201cChefs en Or\u201d | Transgourmet","og_description":"El grup Transgourmet, segona empresa de distribuci\u00f3 majorista d\u2019Europa, celebrar\u00e0 el dimarts 31 d\u2019octubre, a Vars\u00f2via, el concurs culinari internacional \u201cChefs en Or\u201d. El certamen reunir\u00e0 set xefs procedents dels pa\u00efsos on opera el grup \u2015Alemanya, \u00c0ustria, Espanya, Fran\u00e7a, Pol\u00f2nia, Romania i Su\u00efssa\u2015, que competiran per cuinar el plat m\u00e9s sabor\u00f3s en un per\u00edode de&hellip;&nbsp;","og_url":"https:\/\/www.transgourmet.es\/ca\/blog\/el-grup-transgourmet-torna-a-organitzar-el-seu-concurs-culinari-internacional-chefs-en-or\/","og_site_name":"Transgourmet","article_published_time":"2023-10-26T08:57:41+00:00","article_modified_time":"2023-10-26T08:57:58+00:00","og_image":[{"width":1850,"height":1780,"url":"https:\/\/www.transgourmet.es\/wp-content\/uploads\/2023\/10\/Imagen-1-1.jpg","type":"image\/jpeg"}],"author":"Comunicacion","twitter_card":"summary_large_image","twitter_creator":"@transgourmet_es","twitter_site":"@transgourmet_es","twitter_misc":{"Escrit per":"Comunicacion","Temps estimat de lectura":"2 minuts"},"schema":{"@context":"https:\/\/schema.org","@graph":[{"@type":"Article","@id":"https:\/\/www.transgourmet.es\/ca\/blog\/el-grup-transgourmet-torna-a-organitzar-el-seu-concurs-culinari-internacional-chefs-en-or\/#article","isPartOf":{"@id":"https:\/\/www.transgourmet.es\/ca\/blog\/el-grup-transgourmet-torna-a-organitzar-el-seu-concurs-culinari-internacional-chefs-en-or\/"},"author":{"name":"Comunicacion","@id":"https:\/\/www.transgourmet.es\/#\/schema\/person\/7558b42d44946cf43b85426e3e9260ff"},"headline":"El grup Transgourmet torna a organitzar el seu concurs culinari internacional \u201cChefs en Or\u201d","datePublished":"2023-10-26T08:57:41+00:00","dateModified":"2023-10-26T08:57:58+00:00","mainEntityOfPage":{"@id":"https:\/\/www.transgourmet.es\/ca\/blog\/el-grup-transgourmet-torna-a-organitzar-el-seu-concurs-culinari-internacional-chefs-en-or\/"},"wordCount":429,"commentCount":0,"publisher":{"@id":"https:\/\/www.transgourmet.es\/#organization"},"image":{"@id":"https:\/\/www.transgourmet.es\/ca\/blog\/el-grup-transgourmet-torna-a-organitzar-el-seu-concurs-culinari-internacional-chefs-en-or\/#primaryimage"},"thumbnailUrl":"https:\/\/www.transgourmet.es\/wp-content\/uploads\/2023\/10\/Imagen-1-1.jpg","articleSection":["Corporativa","Gros Mercat"],"inLanguage":"ca","potentialAction":[{"@type":"CommentAction","name":"Comment","target":["https:\/\/www.transgourmet.es\/ca\/blog\/el-grup-transgourmet-torna-a-organitzar-el-seu-concurs-culinari-internacional-chefs-en-or\/#respond"]}]},{"@type":"WebPage","@id":"https:\/\/www.transgourmet.es\/ca\/blog\/el-grup-transgourmet-torna-a-organitzar-el-seu-concurs-culinari-internacional-chefs-en-or\/","url":"https:\/\/www.transgourmet.es\/ca\/blog\/el-grup-transgourmet-torna-a-organitzar-el-seu-concurs-culinari-internacional-chefs-en-or\/","name":"El grup Transgourmet torna a organitzar el seu concurs culinari internacional \u201cChefs en Or\u201d | Transgourmet","isPartOf":{"@id":"https:\/\/www.transgourmet.es\/#website"},"primaryImageOfPage":{"@id":"https:\/\/www.transgourmet.es\/ca\/blog\/el-grup-transgourmet-torna-a-organitzar-el-seu-concurs-culinari-internacional-chefs-en-or\/#primaryimage"},"image":{"@id":"https:\/\/www.transgourmet.es\/ca\/blog\/el-grup-transgourmet-torna-a-organitzar-el-seu-concurs-culinari-internacional-chefs-en-or\/#primaryimage"},"thumbnailUrl":"https:\/\/www.transgourmet.es\/wp-content\/uploads\/2023\/10\/Imagen-1-1.jpg","datePublished":"2023-10-26T08:57:41+00:00","dateModified":"2023-10-26T08:57:58+00:00","breadcrumb":{"@id":"https:\/\/www.transgourmet.es\/ca\/blog\/el-grup-transgourmet-torna-a-organitzar-el-seu-concurs-culinari-internacional-chefs-en-or\/#breadcrumb"},"inLanguage":"ca","potentialAction":[{"@type":"ReadAction","target":["https:\/\/www.transgourmet.es\/ca\/blog\/el-grup-transgourmet-torna-a-organitzar-el-seu-concurs-culinari-internacional-chefs-en-or\/"]}]},{"@type":"ImageObject","inLanguage":"ca","@id":"https:\/\/www.transgourmet.es\/ca\/blog\/el-grup-transgourmet-torna-a-organitzar-el-seu-concurs-culinari-internacional-chefs-en-or\/#primaryimage","url":"https:\/\/www.transgourmet.es\/wp-content\/uploads\/2023\/10\/Imagen-1-1.jpg","contentUrl":"https:\/\/www.transgourmet.es\/wp-content\/uploads\/2023\/10\/Imagen-1-1.jpg","width":1850,"height":1780},{"@type":"BreadcrumbList","@id":"https:\/\/www.transgourmet.es\/ca\/blog\/el-grup-transgourmet-torna-a-organitzar-el-seu-concurs-culinari-internacional-chefs-en-or\/#breadcrumb","itemListElement":[{"@type":"ListItem","position":1,"name":"Portada","item":"https:\/\/www.transgourmet.es\/ca\/"},{"@type":"ListItem","position":2,"name":"El grup Transgourmet torna a organitzar el seu concurs culinari internacional \u201cChefs en Or\u201d"}]},{"@type":"WebSite","@id":"https:\/\/www.transgourmet.es\/#website","url":"https:\/\/www.transgourmet.es\/","name":"Transgourmet","description":"Distribuci\u00f3n mayorista de alimentaci\u00f3n en Espa\u00f1a","publisher":{"@id":"https:\/\/www.transgourmet.es\/#organization"},"alternateName":"Grupo Transgourmet","potentialAction":[{"@type":"SearchAction","target":{"@type":"EntryPoint","urlTemplate":"https:\/\/www.transgourmet.es\/?s={search_term_string}"},"query-input":{"@type":"PropertyValueSpecification","valueRequired":true,"valueName":"search_term_string"}}],"inLanguage":"ca"},{"@type":"Organization","@id":"https:\/\/www.transgourmet.es\/#organization","name":"Transgourmet","url":"https:\/\/www.transgourmet.es\/","logo":{"@type":"ImageObject","inLanguage":"ca","@id":"https:\/\/www.transgourmet.es\/#\/schema\/logo\/image\/","url":"https:\/\/www.transgourmet.es\/wp-content\/uploads\/2022\/08\/trans-vert.svg","contentUrl":"https:\/\/www.transgourmet.es\/wp-content\/uploads\/2022\/08\/trans-vert.svg","width":296,"height":113,"caption":"Transgourmet"},"image":{"@id":"https:\/\/www.transgourmet.es\/#\/schema\/logo\/image\/"},"sameAs":["https:\/\/x.com\/transgourmet_es","https:\/\/www.youtube.com\/c\/TransgourmetIberica","https:\/\/www.linkedin.com\/company\/transgourmet-iberica"]},{"@type":"Person","@id":"https:\/\/www.transgourmet.es\/#\/schema\/person\/7558b42d44946cf43b85426e3e9260ff","name":"Comunicacion","image":{"@type":"ImageObject","inLanguage":"ca","@id":"https:\/\/secure.gravatar.com\/avatar\/22ed58e86b6fa1d603bc37a456b3c1eead2a5b2dc754952f01bc759bba31e2f3?s=96&d=mm&r=g","url":"https:\/\/secure.gravatar.com\/avatar\/22ed58e86b6fa1d603bc37a456b3c1eead2a5b2dc754952f01bc759bba31e2f3?s=96&d=mm&r=g","contentUrl":"https:\/\/secure.gravatar.com\/avatar\/22ed58e86b6fa1d603bc37a456b3c1eead2a5b2dc754952f01bc759bba31e2f3?s=96&d=mm&r=g","caption":"Comunicacion"},"sameAs":["https:\/\/www.transgourmet.es\/"]}]}},"_links":{"self":[{"href":"https:\/\/www.transgourmet.es\/ca\/wp-json\/wp\/v2\/posts\/14441","targetHints":{"allow":["GET"]}}],"collection":[{"href":"https:\/\/www.transgourmet.es\/ca\/wp-json\/wp\/v2\/posts"}],"about":[{"href":"https:\/\/www.transgourmet.es\/ca\/wp-json\/wp\/v2\/types\/post"}],"author":[{"embeddable":true,"href":"https:\/\/www.transgourmet.es\/ca\/wp-json\/wp\/v2\/users\/3"}],"replies":[{"embeddable":true,"href":"https:\/\/www.transgourmet.es\/ca\/wp-json\/wp\/v2\/comments?post=14441"}],"version-history":[{"count":2,"href":"https:\/\/www.transgourmet.es\/ca\/wp-json\/wp\/v2\/posts\/14441\/revisions"}],"predecessor-version":[{"id":14457,"href":"https:\/\/www.transgourmet.es\/ca\/wp-json\/wp\/v2\/posts\/14441\/revisions\/14457"}],"wp:featuredmedia":[{"embeddable":true,"href":"https:\/\/www.transgourmet.es\/ca\/wp-json\/wp\/v2\/media\/14410"}],"wp:attachment":[{"href":"https:\/\/www.transgourmet.es\/ca\/wp-json\/wp\/v2\/media?parent=14441"}],"wp:term":[{"taxonomy":"category","embeddable":true,"href":"https:\/\/www.transgourmet.es\/ca\/wp-json\/wp\/v2\/categories?post=14441"},{"taxonomy":"post_tag","embeddable":true,"href":"https:\/\/www.transgourmet.es\/ca\/wp-json\/wp\/v2\/tags?post=14441"}],"curies":[{"name":"wp","href":"https:\/\/api.w.org\/{rel}","templated":true}]}}