{"id":14665,"date":"2023-12-11T10:44:08","date_gmt":"2023-12-11T09:44:08","guid":{"rendered":"https:\/\/www.transgourmet.es\/?p=14665"},"modified":"2023-12-11T10:44:25","modified_gmt":"2023-12-11T09:44:25","slug":"transgourmet-suma-20-nous-supermercats-franquiciats-a-catalunya-des-de-principi-dany","status":"publish","type":"post","link":"https:\/\/www.transgourmet.es\/ca\/blog\/transgourmet-suma-20-nous-supermercats-franquiciats-a-catalunya-des-de-principi-dany\/","title":{"rendered":"Transgourmet suma 20 nous supermercats  franquiciats a Catalunya des de principi d\u2019any"},"content":{"rendered":"<p>Transgourmet Ib\u00e8rica, referent de la distribuci\u00f3 a l\u2019hostaleria i del supermercat de proximitat, continua creixent a Catalunya amb la seva l\u00ednia de Retail i enguany, entre els mesos de gener i novembre, ja ha incorporat 20 nous supermercats franquiciats.<\/p>\n<p>Els nous establiments han comportat la creaci\u00f3 de 87 llocs de treball i sumen una superf\u00edcie de vendes de 3.854 m<sup>2<\/sup>. Per localitzaci\u00f3, 12 s\u00f3n a la demarcaci\u00f3 de Barcelona, 5 a Girona, 2 a Lleida i 1 a Tarragona. Per ensenya, 9 supermercats corresponen a Proxim, 6 a Spar i 5 a Suma.<\/p>\n<p>En total, la companyia acumula m\u00e9s de 400 supermercats franquiciats a Catalunya, que \u00e9s la comunitat aut\u00f2noma on hi ha m\u00e9s establiments amb aquestes ensenyes.<\/p>\n<p>Si tenim en compte tots els establiments que Transgourmet ha obert a Espanya entre gener i novembre, el resultat s\u00f3n 53 nous centres: els 20 de Catalunya, 12 a les Balears (7 a Mallorca i 5 a Eivissa), 9 a Andalusia (4 a la prov\u00edncia de Granada, 2 a Sevilla, 2 a Almeria i 1 a Ja\u00e9n), 4 a la Comunitat Valenciana (tots 4 a la prov\u00edncia de Val\u00e8ncia), 3 a la Comunitat de Madrid (2 a Madrid capital i 1 a la localitat de Fuenlabrada),\u00a0 2 a Arag\u00f3 (a Saragossa), 2 a Castella \u2013 la Manxa (1 a Cuenca i l\u2019altre a Ciudad Real) i 1 a Can\u00e0ries (a Tenerife).<\/p>\n<p>La companyia continua consolidant l\u2019expansi\u00f3 del seu concepte de franqu\u00edcia que fusiona la proximitat del comer\u00e7 tradicional amb els avantatges dels supermercats actuals, adaptant-se a les necessitats i demandes dels franquiciats i dels consumidors de cada zona.<\/p>\n<p><strong>\u00a0<\/strong><strong>SOBRE TRANSGOURMET IB\u00c8RICA<\/strong><\/p>\n<p>Transgourmet Ib\u00e8rica \u00e9s propietat del grup su\u00eds Transgourmet, la segona empresa de distribuci\u00f3 majorista d\u2019Europa que, al seu torn, pertany al grup Coop. En l\u2019actualitat compta amb 5 plataformes de distribuci\u00f3 repartides per tot Espanya i \u00e9s referent en el sector horeca amb GM Cash-Gros Mercat, la seva ensenya de <em>cash&amp;carry<\/em> \u00a0\u00a0\u2014que compr\u00e8n 70 centres amb 26 gasolineres GM Oil\u2014, i la divisi\u00f3 de Food Service.<\/p>\n<p>L\u2019empresa tamb\u00e9 compta amb la seva l\u00ednia de Retail, amb prop de 800 supermercats franquiciats amb les ensenyes Suma, Proxim i Spar, i amb m\u00e9s de 2.000 clients independents.<\/p>\n","protected":false},"excerpt":{"rendered":"<p>Transgourmet Ib\u00e8rica, referent de la distribuci\u00f3 a l\u2019hostaleria i del supermercat de proximitat, continua creixent a Catalunya amb la seva l\u00ednia de Retail i enguany, entre els mesos de gener i novembre, ja ha incorporat 20 nous supermercats franquiciats. Els nous establiments han comportat la creaci\u00f3 de 87 llocs de treball i sumen una superf\u00edcie&hellip;&nbsp;<\/p>\n","protected":false},"author":3,"featured_media":14668,"comment_status":"open","ping_status":"open","sticky":false,"template":"","format":"standard","meta":{"_acf_changed":false,"neve_meta_sidebar":"","neve_meta_container":"","neve_meta_enable_content_width":"off","neve_meta_content_width":70,"neve_meta_title_alignment":"","neve_meta_author_avatar":"","neve_post_elements_order":"","neve_meta_disable_header":"","neve_meta_disable_footer":"","neve_meta_disable_title":"","footnotes":""},"categories":[40],"tags":[],"class_list":["post-14665","post","type-post","status-publish","format-standard","has-post-thumbnail","hentry","category-supermercats"],"acf":[],"yoast_head":"<!-- This site is optimized with the Yoast SEO plugin v27.4 - https:\/\/yoast.com\/product\/yoast-seo-wordpress\/ -->\n<title>Transgourmet suma 20 nous supermercats franquiciats a Catalunya des de principi d\u2019any | Transgourmet<\/title>\n<meta name=\"robots\" content=\"index, follow, max-snippet:-1, max-image-preview:large, max-video-preview:-1\" \/>\n<link rel=\"canonical\" href=\"https:\/\/www.transgourmet.es\/ca\/blog\/transgourmet-suma-20-nous-supermercats-franquiciats-a-catalunya-des-de-principi-dany\/\" \/>\n<meta property=\"og:locale\" content=\"ca_ES\" \/>\n<meta property=\"og:type\" content=\"article\" \/>\n<meta property=\"og:title\" content=\"Transgourmet suma 20 nous supermercats franquiciats a Catalunya des de principi d\u2019any | Transgourmet\" \/>\n<meta property=\"og:description\" content=\"Transgourmet Ib\u00e8rica, referent de la distribuci\u00f3 a l\u2019hostaleria i del supermercat de proximitat, continua creixent a Catalunya amb la seva l\u00ednia de Retail i enguany, entre els mesos de gener i novembre, ja ha incorporat 20 nous supermercats franquiciats. Els nous establiments han comportat la creaci\u00f3 de 87 llocs de treball i sumen una superf\u00edcie&hellip;&nbsp;\" \/>\n<meta property=\"og:url\" content=\"https:\/\/www.transgourmet.es\/ca\/blog\/transgourmet-suma-20-nous-supermercats-franquiciats-a-catalunya-des-de-principi-dany\/\" \/>\n<meta property=\"og:site_name\" content=\"Transgourmet\" \/>\n<meta property=\"article:published_time\" content=\"2023-12-11T09:44:08+00:00\" \/>\n<meta property=\"article:modified_time\" content=\"2023-12-11T09:44:25+00:00\" \/>\n<meta property=\"og:image\" content=\"https:\/\/www.transgourmet.es\/wp-content\/uploads\/2023\/12\/PHOTO-2023-10-27-14-04-36.jpg\" \/>\n\t<meta property=\"og:image:width\" content=\"965\" \/>\n\t<meta property=\"og:image:height\" content=\"620\" \/>\n\t<meta property=\"og:image:type\" content=\"image\/jpeg\" \/>\n<meta name=\"author\" content=\"Comunicacion\" \/>\n<meta name=\"twitter:card\" content=\"summary_large_image\" \/>\n<meta name=\"twitter:creator\" content=\"@transgourmet_es\" \/>\n<meta name=\"twitter:site\" content=\"@transgourmet_es\" \/>\n<meta name=\"twitter:label1\" content=\"Escrit per\" \/>\n\t<meta name=\"twitter:data1\" content=\"Comunicacion\" \/>\n\t<meta name=\"twitter:label2\" content=\"Temps estimat de lectura\" \/>\n\t<meta name=\"twitter:data2\" content=\"2 minuts\" \/>\n<script type=\"application\/ld+json\" class=\"yoast-schema-graph\">{\"@context\":\"https:\\\/\\\/schema.org\",\"@graph\":[{\"@type\":\"Article\",\"@id\":\"https:\\\/\\\/www.transgourmet.es\\\/ca\\\/blog\\\/transgourmet-suma-20-nous-supermercats-franquiciats-a-catalunya-des-de-principi-dany\\\/#article\",\"isPartOf\":{\"@id\":\"https:\\\/\\\/www.transgourmet.es\\\/ca\\\/blog\\\/transgourmet-suma-20-nous-supermercats-franquiciats-a-catalunya-des-de-principi-dany\\\/\"},\"author\":{\"name\":\"Comunicacion\",\"@id\":\"https:\\\/\\\/www.transgourmet.es\\\/#\\\/schema\\\/person\\\/7558b42d44946cf43b85426e3e9260ff\"},\"headline\":\"Transgourmet suma 20 nous supermercats franquiciats a Catalunya des de principi d\u2019any\",\"datePublished\":\"2023-12-11T09:44:08+00:00\",\"dateModified\":\"2023-12-11T09:44:25+00:00\",\"mainEntityOfPage\":{\"@id\":\"https:\\\/\\\/www.transgourmet.es\\\/ca\\\/blog\\\/transgourmet-suma-20-nous-supermercats-franquiciats-a-catalunya-des-de-principi-dany\\\/\"},\"wordCount\":368,\"commentCount\":0,\"publisher\":{\"@id\":\"https:\\\/\\\/www.transgourmet.es\\\/#organization\"},\"image\":{\"@id\":\"https:\\\/\\\/www.transgourmet.es\\\/ca\\\/blog\\\/transgourmet-suma-20-nous-supermercats-franquiciats-a-catalunya-des-de-principi-dany\\\/#primaryimage\"},\"thumbnailUrl\":\"https:\\\/\\\/www.transgourmet.es\\\/wp-content\\\/uploads\\\/2023\\\/12\\\/PHOTO-2023-10-27-14-04-36.jpg\",\"articleSection\":[\"Supermercats\"],\"inLanguage\":\"ca\",\"potentialAction\":[{\"@type\":\"CommentAction\",\"name\":\"Comment\",\"target\":[\"https:\\\/\\\/www.transgourmet.es\\\/ca\\\/blog\\\/transgourmet-suma-20-nous-supermercats-franquiciats-a-catalunya-des-de-principi-dany\\\/#respond\"]}]},{\"@type\":\"WebPage\",\"@id\":\"https:\\\/\\\/www.transgourmet.es\\\/ca\\\/blog\\\/transgourmet-suma-20-nous-supermercats-franquiciats-a-catalunya-des-de-principi-dany\\\/\",\"url\":\"https:\\\/\\\/www.transgourmet.es\\\/ca\\\/blog\\\/transgourmet-suma-20-nous-supermercats-franquiciats-a-catalunya-des-de-principi-dany\\\/\",\"name\":\"Transgourmet suma 20 nous supermercats franquiciats a Catalunya des de principi d\u2019any | Transgourmet\",\"isPartOf\":{\"@id\":\"https:\\\/\\\/www.transgourmet.es\\\/#website\"},\"primaryImageOfPage\":{\"@id\":\"https:\\\/\\\/www.transgourmet.es\\\/ca\\\/blog\\\/transgourmet-suma-20-nous-supermercats-franquiciats-a-catalunya-des-de-principi-dany\\\/#primaryimage\"},\"image\":{\"@id\":\"https:\\\/\\\/www.transgourmet.es\\\/ca\\\/blog\\\/transgourmet-suma-20-nous-supermercats-franquiciats-a-catalunya-des-de-principi-dany\\\/#primaryimage\"},\"thumbnailUrl\":\"https:\\\/\\\/www.transgourmet.es\\\/wp-content\\\/uploads\\\/2023\\\/12\\\/PHOTO-2023-10-27-14-04-36.jpg\",\"datePublished\":\"2023-12-11T09:44:08+00:00\",\"dateModified\":\"2023-12-11T09:44:25+00:00\",\"breadcrumb\":{\"@id\":\"https:\\\/\\\/www.transgourmet.es\\\/ca\\\/blog\\\/transgourmet-suma-20-nous-supermercats-franquiciats-a-catalunya-des-de-principi-dany\\\/#breadcrumb\"},\"inLanguage\":\"ca\",\"potentialAction\":[{\"@type\":\"ReadAction\",\"target\":[\"https:\\\/\\\/www.transgourmet.es\\\/ca\\\/blog\\\/transgourmet-suma-20-nous-supermercats-franquiciats-a-catalunya-des-de-principi-dany\\\/\"]}]},{\"@type\":\"ImageObject\",\"inLanguage\":\"ca\",\"@id\":\"https:\\\/\\\/www.transgourmet.es\\\/ca\\\/blog\\\/transgourmet-suma-20-nous-supermercats-franquiciats-a-catalunya-des-de-principi-dany\\\/#primaryimage\",\"url\":\"https:\\\/\\\/www.transgourmet.es\\\/wp-content\\\/uploads\\\/2023\\\/12\\\/PHOTO-2023-10-27-14-04-36.jpg\",\"contentUrl\":\"https:\\\/\\\/www.transgourmet.es\\\/wp-content\\\/uploads\\\/2023\\\/12\\\/PHOTO-2023-10-27-14-04-36.jpg\",\"width\":965,\"height\":620},{\"@type\":\"BreadcrumbList\",\"@id\":\"https:\\\/\\\/www.transgourmet.es\\\/ca\\\/blog\\\/transgourmet-suma-20-nous-supermercats-franquiciats-a-catalunya-des-de-principi-dany\\\/#breadcrumb\",\"itemListElement\":[{\"@type\":\"ListItem\",\"position\":1,\"name\":\"Portada\",\"item\":\"https:\\\/\\\/www.transgourmet.es\\\/ca\\\/\"},{\"@type\":\"ListItem\",\"position\":2,\"name\":\"Transgourmet suma 20 nous supermercats franquiciats a Catalunya des de principi d\u2019any\"}]},{\"@type\":\"WebSite\",\"@id\":\"https:\\\/\\\/www.transgourmet.es\\\/#website\",\"url\":\"https:\\\/\\\/www.transgourmet.es\\\/\",\"name\":\"Transgourmet\",\"description\":\"Distribuci\u00f3n mayorista de alimentaci\u00f3n en Espa\u00f1a\",\"publisher\":{\"@id\":\"https:\\\/\\\/www.transgourmet.es\\\/#organization\"},\"alternateName\":\"Grupo Transgourmet\",\"potentialAction\":[{\"@type\":\"SearchAction\",\"target\":{\"@type\":\"EntryPoint\",\"urlTemplate\":\"https:\\\/\\\/www.transgourmet.es\\\/?s={search_term_string}\"},\"query-input\":{\"@type\":\"PropertyValueSpecification\",\"valueRequired\":true,\"valueName\":\"search_term_string\"}}],\"inLanguage\":\"ca\"},{\"@type\":\"Organization\",\"@id\":\"https:\\\/\\\/www.transgourmet.es\\\/#organization\",\"name\":\"Transgourmet\",\"url\":\"https:\\\/\\\/www.transgourmet.es\\\/\",\"logo\":{\"@type\":\"ImageObject\",\"inLanguage\":\"ca\",\"@id\":\"https:\\\/\\\/www.transgourmet.es\\\/#\\\/schema\\\/logo\\\/image\\\/\",\"url\":\"https:\\\/\\\/www.transgourmet.es\\\/wp-content\\\/uploads\\\/2022\\\/08\\\/trans-vert.svg\",\"contentUrl\":\"https:\\\/\\\/www.transgourmet.es\\\/wp-content\\\/uploads\\\/2022\\\/08\\\/trans-vert.svg\",\"width\":296,\"height\":113,\"caption\":\"Transgourmet\"},\"image\":{\"@id\":\"https:\\\/\\\/www.transgourmet.es\\\/#\\\/schema\\\/logo\\\/image\\\/\"},\"sameAs\":[\"https:\\\/\\\/x.com\\\/transgourmet_es\",\"https:\\\/\\\/www.youtube.com\\\/c\\\/TransgourmetIberica\",\"https:\\\/\\\/www.linkedin.com\\\/company\\\/transgourmet-iberica\"]},{\"@type\":\"Person\",\"@id\":\"https:\\\/\\\/www.transgourmet.es\\\/#\\\/schema\\\/person\\\/7558b42d44946cf43b85426e3e9260ff\",\"name\":\"Comunicacion\",\"image\":{\"@type\":\"ImageObject\",\"inLanguage\":\"ca\",\"@id\":\"https:\\\/\\\/secure.gravatar.com\\\/avatar\\\/22ed58e86b6fa1d603bc37a456b3c1eead2a5b2dc754952f01bc759bba31e2f3?s=96&d=mm&r=g\",\"url\":\"https:\\\/\\\/secure.gravatar.com\\\/avatar\\\/22ed58e86b6fa1d603bc37a456b3c1eead2a5b2dc754952f01bc759bba31e2f3?s=96&d=mm&r=g\",\"contentUrl\":\"https:\\\/\\\/secure.gravatar.com\\\/avatar\\\/22ed58e86b6fa1d603bc37a456b3c1eead2a5b2dc754952f01bc759bba31e2f3?s=96&d=mm&r=g\",\"caption\":\"Comunicacion\"},\"sameAs\":[\"https:\\\/\\\/www.transgourmet.es\\\/\"]}]}<\/script>\n<!-- \/ Yoast SEO plugin. -->","yoast_head_json":{"title":"Transgourmet suma 20 nous supermercats franquiciats a Catalunya des de principi d\u2019any | Transgourmet","robots":{"index":"index","follow":"follow","max-snippet":"max-snippet:-1","max-image-preview":"max-image-preview:large","max-video-preview":"max-video-preview:-1"},"canonical":"https:\/\/www.transgourmet.es\/ca\/blog\/transgourmet-suma-20-nous-supermercats-franquiciats-a-catalunya-des-de-principi-dany\/","og_locale":"ca_ES","og_type":"article","og_title":"Transgourmet suma 20 nous supermercats franquiciats a Catalunya des de principi d\u2019any | Transgourmet","og_description":"Transgourmet Ib\u00e8rica, referent de la distribuci\u00f3 a l\u2019hostaleria i del supermercat de proximitat, continua creixent a Catalunya amb la seva l\u00ednia de Retail i enguany, entre els mesos de gener i novembre, ja ha incorporat 20 nous supermercats franquiciats. Els nous establiments han comportat la creaci\u00f3 de 87 llocs de treball i sumen una superf\u00edcie&hellip;&nbsp;","og_url":"https:\/\/www.transgourmet.es\/ca\/blog\/transgourmet-suma-20-nous-supermercats-franquiciats-a-catalunya-des-de-principi-dany\/","og_site_name":"Transgourmet","article_published_time":"2023-12-11T09:44:08+00:00","article_modified_time":"2023-12-11T09:44:25+00:00","og_image":[{"width":965,"height":620,"url":"https:\/\/www.transgourmet.es\/wp-content\/uploads\/2023\/12\/PHOTO-2023-10-27-14-04-36.jpg","type":"image\/jpeg"}],"author":"Comunicacion","twitter_card":"summary_large_image","twitter_creator":"@transgourmet_es","twitter_site":"@transgourmet_es","twitter_misc":{"Escrit per":"Comunicacion","Temps estimat de lectura":"2 minuts"},"schema":{"@context":"https:\/\/schema.org","@graph":[{"@type":"Article","@id":"https:\/\/www.transgourmet.es\/ca\/blog\/transgourmet-suma-20-nous-supermercats-franquiciats-a-catalunya-des-de-principi-dany\/#article","isPartOf":{"@id":"https:\/\/www.transgourmet.es\/ca\/blog\/transgourmet-suma-20-nous-supermercats-franquiciats-a-catalunya-des-de-principi-dany\/"},"author":{"name":"Comunicacion","@id":"https:\/\/www.transgourmet.es\/#\/schema\/person\/7558b42d44946cf43b85426e3e9260ff"},"headline":"Transgourmet suma 20 nous supermercats franquiciats a Catalunya des de principi d\u2019any","datePublished":"2023-12-11T09:44:08+00:00","dateModified":"2023-12-11T09:44:25+00:00","mainEntityOfPage":{"@id":"https:\/\/www.transgourmet.es\/ca\/blog\/transgourmet-suma-20-nous-supermercats-franquiciats-a-catalunya-des-de-principi-dany\/"},"wordCount":368,"commentCount":0,"publisher":{"@id":"https:\/\/www.transgourmet.es\/#organization"},"image":{"@id":"https:\/\/www.transgourmet.es\/ca\/blog\/transgourmet-suma-20-nous-supermercats-franquiciats-a-catalunya-des-de-principi-dany\/#primaryimage"},"thumbnailUrl":"https:\/\/www.transgourmet.es\/wp-content\/uploads\/2023\/12\/PHOTO-2023-10-27-14-04-36.jpg","articleSection":["Supermercats"],"inLanguage":"ca","potentialAction":[{"@type":"CommentAction","name":"Comment","target":["https:\/\/www.transgourmet.es\/ca\/blog\/transgourmet-suma-20-nous-supermercats-franquiciats-a-catalunya-des-de-principi-dany\/#respond"]}]},{"@type":"WebPage","@id":"https:\/\/www.transgourmet.es\/ca\/blog\/transgourmet-suma-20-nous-supermercats-franquiciats-a-catalunya-des-de-principi-dany\/","url":"https:\/\/www.transgourmet.es\/ca\/blog\/transgourmet-suma-20-nous-supermercats-franquiciats-a-catalunya-des-de-principi-dany\/","name":"Transgourmet suma 20 nous supermercats franquiciats a Catalunya des de principi d\u2019any | Transgourmet","isPartOf":{"@id":"https:\/\/www.transgourmet.es\/#website"},"primaryImageOfPage":{"@id":"https:\/\/www.transgourmet.es\/ca\/blog\/transgourmet-suma-20-nous-supermercats-franquiciats-a-catalunya-des-de-principi-dany\/#primaryimage"},"image":{"@id":"https:\/\/www.transgourmet.es\/ca\/blog\/transgourmet-suma-20-nous-supermercats-franquiciats-a-catalunya-des-de-principi-dany\/#primaryimage"},"thumbnailUrl":"https:\/\/www.transgourmet.es\/wp-content\/uploads\/2023\/12\/PHOTO-2023-10-27-14-04-36.jpg","datePublished":"2023-12-11T09:44:08+00:00","dateModified":"2023-12-11T09:44:25+00:00","breadcrumb":{"@id":"https:\/\/www.transgourmet.es\/ca\/blog\/transgourmet-suma-20-nous-supermercats-franquiciats-a-catalunya-des-de-principi-dany\/#breadcrumb"},"inLanguage":"ca","potentialAction":[{"@type":"ReadAction","target":["https:\/\/www.transgourmet.es\/ca\/blog\/transgourmet-suma-20-nous-supermercats-franquiciats-a-catalunya-des-de-principi-dany\/"]}]},{"@type":"ImageObject","inLanguage":"ca","@id":"https:\/\/www.transgourmet.es\/ca\/blog\/transgourmet-suma-20-nous-supermercats-franquiciats-a-catalunya-des-de-principi-dany\/#primaryimage","url":"https:\/\/www.transgourmet.es\/wp-content\/uploads\/2023\/12\/PHOTO-2023-10-27-14-04-36.jpg","contentUrl":"https:\/\/www.transgourmet.es\/wp-content\/uploads\/2023\/12\/PHOTO-2023-10-27-14-04-36.jpg","width":965,"height":620},{"@type":"BreadcrumbList","@id":"https:\/\/www.transgourmet.es\/ca\/blog\/transgourmet-suma-20-nous-supermercats-franquiciats-a-catalunya-des-de-principi-dany\/#breadcrumb","itemListElement":[{"@type":"ListItem","position":1,"name":"Portada","item":"https:\/\/www.transgourmet.es\/ca\/"},{"@type":"ListItem","position":2,"name":"Transgourmet suma 20 nous supermercats franquiciats a Catalunya des de principi d\u2019any"}]},{"@type":"WebSite","@id":"https:\/\/www.transgourmet.es\/#website","url":"https:\/\/www.transgourmet.es\/","name":"Transgourmet","description":"Distribuci\u00f3n mayorista de alimentaci\u00f3n en Espa\u00f1a","publisher":{"@id":"https:\/\/www.transgourmet.es\/#organization"},"alternateName":"Grupo Transgourmet","potentialAction":[{"@type":"SearchAction","target":{"@type":"EntryPoint","urlTemplate":"https:\/\/www.transgourmet.es\/?s={search_term_string}"},"query-input":{"@type":"PropertyValueSpecification","valueRequired":true,"valueName":"search_term_string"}}],"inLanguage":"ca"},{"@type":"Organization","@id":"https:\/\/www.transgourmet.es\/#organization","name":"Transgourmet","url":"https:\/\/www.transgourmet.es\/","logo":{"@type":"ImageObject","inLanguage":"ca","@id":"https:\/\/www.transgourmet.es\/#\/schema\/logo\/image\/","url":"https:\/\/www.transgourmet.es\/wp-content\/uploads\/2022\/08\/trans-vert.svg","contentUrl":"https:\/\/www.transgourmet.es\/wp-content\/uploads\/2022\/08\/trans-vert.svg","width":296,"height":113,"caption":"Transgourmet"},"image":{"@id":"https:\/\/www.transgourmet.es\/#\/schema\/logo\/image\/"},"sameAs":["https:\/\/x.com\/transgourmet_es","https:\/\/www.youtube.com\/c\/TransgourmetIberica","https:\/\/www.linkedin.com\/company\/transgourmet-iberica"]},{"@type":"Person","@id":"https:\/\/www.transgourmet.es\/#\/schema\/person\/7558b42d44946cf43b85426e3e9260ff","name":"Comunicacion","image":{"@type":"ImageObject","inLanguage":"ca","@id":"https:\/\/secure.gravatar.com\/avatar\/22ed58e86b6fa1d603bc37a456b3c1eead2a5b2dc754952f01bc759bba31e2f3?s=96&d=mm&r=g","url":"https:\/\/secure.gravatar.com\/avatar\/22ed58e86b6fa1d603bc37a456b3c1eead2a5b2dc754952f01bc759bba31e2f3?s=96&d=mm&r=g","contentUrl":"https:\/\/secure.gravatar.com\/avatar\/22ed58e86b6fa1d603bc37a456b3c1eead2a5b2dc754952f01bc759bba31e2f3?s=96&d=mm&r=g","caption":"Comunicacion"},"sameAs":["https:\/\/www.transgourmet.es\/"]}]}},"_links":{"self":[{"href":"https:\/\/www.transgourmet.es\/ca\/wp-json\/wp\/v2\/posts\/14665","targetHints":{"allow":["GET"]}}],"collection":[{"href":"https:\/\/www.transgourmet.es\/ca\/wp-json\/wp\/v2\/posts"}],"about":[{"href":"https:\/\/www.transgourmet.es\/ca\/wp-json\/wp\/v2\/types\/post"}],"author":[{"embeddable":true,"href":"https:\/\/www.transgourmet.es\/ca\/wp-json\/wp\/v2\/users\/3"}],"replies":[{"embeddable":true,"href":"https:\/\/www.transgourmet.es\/ca\/wp-json\/wp\/v2\/comments?post=14665"}],"version-history":[{"count":4,"href":"https:\/\/www.transgourmet.es\/ca\/wp-json\/wp\/v2\/posts\/14665\/revisions"}],"predecessor-version":[{"id":14682,"href":"https:\/\/www.transgourmet.es\/ca\/wp-json\/wp\/v2\/posts\/14665\/revisions\/14682"}],"wp:featuredmedia":[{"embeddable":true,"href":"https:\/\/www.transgourmet.es\/ca\/wp-json\/wp\/v2\/media\/14668"}],"wp:attachment":[{"href":"https:\/\/www.transgourmet.es\/ca\/wp-json\/wp\/v2\/media?parent=14665"}],"wp:term":[{"taxonomy":"category","embeddable":true,"href":"https:\/\/www.transgourmet.es\/ca\/wp-json\/wp\/v2\/categories?post=14665"},{"taxonomy":"post_tag","embeddable":true,"href":"https:\/\/www.transgourmet.es\/ca\/wp-json\/wp\/v2\/tags?post=14665"}],"curies":[{"name":"wp","href":"https:\/\/api.w.org\/{rel}","templated":true}]}}