{"id":14739,"date":"2024-01-11T11:26:06","date_gmt":"2024-01-11T10:26:06","guid":{"rendered":"https:\/\/www.transgourmet.es\/?p=14739"},"modified":"2024-01-11T11:28:58","modified_gmt":"2024-01-11T10:28:58","slug":"transgourmet-consolida-la-seva-franquicia-el-2023-amb-52-nous-supermercats-i-la-reforma-de-104-botigues","status":"publish","type":"post","link":"https:\/\/www.transgourmet.es\/ca\/blog\/transgourmet-consolida-la-seva-franquicia-el-2023-amb-52-nous-supermercats-i-la-reforma-de-104-botigues\/","title":{"rendered":"Transgourmet consolida la seva franqu\u00edcia el 2023 amb 52 nous supermercats"},"content":{"rendered":"<p>Transgourmet Ib\u00e8rica, referent de la distribuci\u00f3 a l\u2019hostaleria i del supermercat de proximitat, ha refor\u00e7at el 2023 el seu model de supermercat franquiciat gr\u00e0cies a l\u2019estrat\u00e8gia de la seva \u00e0rea de Retail de potenciar la qualitat dels seus establiments. Aix\u00ed, l\u2019any passat es van inaugurar 52 nous supermercats amb les ensenyes Suma, Proxim i Spar, que responen als pilars estrat\u00e8gics de la companyia: negoci de proximitat, relaci\u00f3 personal amb els clients, productes de quil\u00f2metre zero, seccions especialitzades, professionalitat, digitalitzaci\u00f3, solucions innovadores per al consumidor, \u00e0mplia varietat de serveis i rendibilitat.<\/p>\n<p>Els nous establiments s\u00f3n 33 Suma, 12 Proxim i 7 Spar, que en total han representat la creaci\u00f3 de 243 llocs de treball i 10.758 m<sup>2<\/sup> de nova superf\u00edcie de vendes.<\/p>\n<p>A aquestes obertures cal afegir-hi les reformes que s\u2019han fet a 104 botigues de la seva xarxa de supermercats Suma i Proxim, amb l\u2019objectiu d\u2019adaptar-les a les necessitats i demandes dels franquiciats i dels consumidors de cada zona, per continuar mantenint l\u2019excel\u00b7l\u00e8ncia en els seus serveis.<\/p>\n<p>A m\u00e9s, les cadenes d\u2019alimentaci\u00f3 amb les quals Transgourmet t\u00e9 un contracte de subministrament han obert nous supermercats el 2023.<\/p>\n<p>Durant 2023, Miservi, la societat propietat al 50 % de Valvi Supermercats i Transgourmet Ib\u00e8rica, tamb\u00e9 va comprar 4 supermercats al centre de Barcelona amb la marca Superestalvi. Aquests establiments destaquen per la seva atenci\u00f3 personalitzada, la varietat de marques en l\u2019assortiment i pel seu comprom\u00eds amb el medi ambient i els residus zero.<\/p>\n<p>En la seva aposta per la digitalitzaci\u00f3, Transgourmet ja ha implantat la seva aplicaci\u00f3 de compra <em>online<\/em> a gaireb\u00e9 100 botigues Suma. Aquesta eina \u00e9s \u00fanica en el mercat perqu\u00e8 es personalitza per a cada supermercat en funci\u00f3 del seu assortiment, preus i serveis espec\u00edfics.<\/p>\n<p><strong>Catalunya i Baleares, les comunitats amb un major creixement<br \/>\n<\/strong>En l\u2019actualitat, Transgourmet compta amb prop de 800 supermercats franquiciats repartits en 15 comunitats aut\u00f2nomes i amb les ensenyes Suma, Proxim i Spar, aquestes dues \u00faltimes a les comarques de Barcelona i Girona.<\/p>\n<p>Dels 52 nous establiments de 2023, 21 s\u00f3n a Catalunya, que \u00e9s la comunitat on hi ha hagut m\u00e9s inauguracions: 12 a la demarcaci\u00f3 de Barcelona, 6 a la de Girona, 2 a Lleida i 1 a Tarragona.<\/p>\n<p>A les Balears s\u2019han inaugurat 11 nous establiments: 7 a l\u2019illa de Mallorca i 4 a l\u2019illa d\u2019Eivissa.<\/p>\n<p>A Andalusia se n\u2019han obert 8 (4 a la prov\u00edncia de Granada, 2 a la de Sevilla i 2 a la d\u2019Almeria) i 4 a la Comunitat Valenciana (tots quatre a la prov\u00edncia de Val\u00e8ncia).<\/p>\n<p>La resta es troben situats a la Comunitat de Madrid (2 a Madrid capital i 1 a la localitat de Fuenlabrada), 2 a l\u2019Arag\u00f3 (a la prov\u00edncia de Saragossa), 2 a Castella \u2013 la Manxa (a les prov\u00edncies de Cuenca i Ciudad Real) i 1 a les Can\u00e0ries (a l\u2019illa de Tenerife).<\/p>\n<p><strong>SOBRE TRANSGOURMET IB\u00c8RICA<\/strong><\/p>\n<p>Transgourmet Ib\u00e8rica \u00e9s propietat del grup su\u00eds Transgourmet, la segona empresa de distribuci\u00f3 majorista d\u2019Europa que, al seu torn, pertany al grup Coop. En l\u2019actualitat compta amb 5 plataformes de distribuci\u00f3 repartides per tot Espanya i \u00e9s referent en el sector horeca amb GM Cash-Gros Mercat, la seva ensenya de <em>cash&amp;carry<\/em>\u00a0\u00a0 \u2014que compr\u00e8n 70 centres amb 27 gasolineres GM Oil\u2014, i la divisi\u00f3 de Food Service.<\/p>\n<p>L\u2019empresa tamb\u00e9 compta amb la seva l\u00ednia de Retail, amb prop de 800 supermercats franquiciats amb les ensenyes Suma, Proxim i Spar, i amb m\u00e9s de 2.000 clients independents.<\/p>\n","protected":false},"excerpt":{"rendered":"<p>Transgourmet Ib\u00e8rica, referent de la distribuci\u00f3 a l\u2019hostaleria i del supermercat de proximitat, ha refor\u00e7at el 2023 el seu model de supermercat franquiciat gr\u00e0cies a l\u2019estrat\u00e8gia de la seva \u00e0rea de Retail de potenciar la qualitat dels seus establiments. Aix\u00ed, l\u2019any passat es van inaugurar 52 nous supermercats amb les ensenyes Suma, Proxim i Spar,&hellip;&nbsp;<\/p>\n","protected":false},"author":3,"featured_media":14741,"comment_status":"open","ping_status":"open","sticky":false,"template":"","format":"standard","meta":{"_acf_changed":false,"neve_meta_sidebar":"","neve_meta_container":"","neve_meta_enable_content_width":"off","neve_meta_content_width":70,"neve_meta_title_alignment":"","neve_meta_author_avatar":"","neve_post_elements_order":"","neve_meta_disable_header":"","neve_meta_disable_footer":"","neve_meta_disable_title":"","footnotes":""},"categories":[40,35],"tags":[],"class_list":["post-14739","post","type-post","status-publish","format-standard","has-post-thumbnail","hentry","category-supermercats","category-corporativa-ca"],"acf":[],"yoast_head":"<!-- This site is optimized with the Yoast SEO plugin v27.4 - https:\/\/yoast.com\/product\/yoast-seo-wordpress\/ -->\n<title>Transgourmet consolida la seva franqu\u00edcia el 2023 amb 52 nous supermercats | Transgourmet<\/title>\n<meta name=\"robots\" content=\"index, follow, max-snippet:-1, max-image-preview:large, max-video-preview:-1\" \/>\n<link rel=\"canonical\" href=\"https:\/\/www.transgourmet.es\/ca\/blog\/transgourmet-consolida-la-seva-franquicia-el-2023-amb-52-nous-supermercats-i-la-reforma-de-104-botigues\/\" \/>\n<meta property=\"og:locale\" content=\"ca_ES\" \/>\n<meta property=\"og:type\" content=\"article\" \/>\n<meta property=\"og:title\" content=\"Transgourmet consolida la seva franqu\u00edcia el 2023 amb 52 nous supermercats | Transgourmet\" \/>\n<meta property=\"og:description\" content=\"Transgourmet Ib\u00e8rica, referent de la distribuci\u00f3 a l\u2019hostaleria i del supermercat de proximitat, ha refor\u00e7at el 2023 el seu model de supermercat franquiciat gr\u00e0cies a l\u2019estrat\u00e8gia de la seva \u00e0rea de Retail de potenciar la qualitat dels seus establiments. Aix\u00ed, l\u2019any passat es van inaugurar 52 nous supermercats amb les ensenyes Suma, Proxim i Spar,&hellip;&nbsp;\" \/>\n<meta property=\"og:url\" content=\"https:\/\/www.transgourmet.es\/ca\/blog\/transgourmet-consolida-la-seva-franquicia-el-2023-amb-52-nous-supermercats-i-la-reforma-de-104-botigues\/\" \/>\n<meta property=\"og:site_name\" content=\"Transgourmet\" \/>\n<meta property=\"article:published_time\" content=\"2024-01-11T10:26:06+00:00\" \/>\n<meta property=\"article:modified_time\" content=\"2024-01-11T10:28:58+00:00\" \/>\n<meta property=\"og:image\" content=\"https:\/\/www.transgourmet.es\/wp-content\/uploads\/2024\/01\/Suma_Catalunya.jpg\" \/>\n\t<meta property=\"og:image:width\" content=\"1014\" \/>\n\t<meta property=\"og:image:height\" content=\"871\" \/>\n\t<meta property=\"og:image:type\" content=\"image\/jpeg\" \/>\n<meta name=\"author\" content=\"Comunicacion\" \/>\n<meta name=\"twitter:card\" content=\"summary_large_image\" \/>\n<meta name=\"twitter:creator\" content=\"@transgourmet_es\" \/>\n<meta name=\"twitter:site\" content=\"@transgourmet_es\" \/>\n<meta name=\"twitter:label1\" content=\"Escrit per\" \/>\n\t<meta name=\"twitter:data1\" content=\"Comunicacion\" \/>\n\t<meta name=\"twitter:label2\" content=\"Temps estimat de lectura\" \/>\n\t<meta name=\"twitter:data2\" content=\"3 minuts\" \/>\n<script type=\"application\/ld+json\" class=\"yoast-schema-graph\">{\"@context\":\"https:\\\/\\\/schema.org\",\"@graph\":[{\"@type\":\"Article\",\"@id\":\"https:\\\/\\\/www.transgourmet.es\\\/ca\\\/blog\\\/transgourmet-consolida-la-seva-franquicia-el-2023-amb-52-nous-supermercats-i-la-reforma-de-104-botigues\\\/#article\",\"isPartOf\":{\"@id\":\"https:\\\/\\\/www.transgourmet.es\\\/ca\\\/blog\\\/transgourmet-consolida-la-seva-franquicia-el-2023-amb-52-nous-supermercats-i-la-reforma-de-104-botigues\\\/\"},\"author\":{\"name\":\"Comunicacion\",\"@id\":\"https:\\\/\\\/www.transgourmet.es\\\/#\\\/schema\\\/person\\\/7558b42d44946cf43b85426e3e9260ff\"},\"headline\":\"Transgourmet consolida la seva franqu\u00edcia el 2023 amb 52 nous supermercats\",\"datePublished\":\"2024-01-11T10:26:06+00:00\",\"dateModified\":\"2024-01-11T10:28:58+00:00\",\"mainEntityOfPage\":{\"@id\":\"https:\\\/\\\/www.transgourmet.es\\\/ca\\\/blog\\\/transgourmet-consolida-la-seva-franquicia-el-2023-amb-52-nous-supermercats-i-la-reforma-de-104-botigues\\\/\"},\"wordCount\":589,\"commentCount\":0,\"publisher\":{\"@id\":\"https:\\\/\\\/www.transgourmet.es\\\/#organization\"},\"image\":{\"@id\":\"https:\\\/\\\/www.transgourmet.es\\\/ca\\\/blog\\\/transgourmet-consolida-la-seva-franquicia-el-2023-amb-52-nous-supermercats-i-la-reforma-de-104-botigues\\\/#primaryimage\"},\"thumbnailUrl\":\"https:\\\/\\\/www.transgourmet.es\\\/wp-content\\\/uploads\\\/2024\\\/01\\\/Suma_Catalunya.jpg\",\"articleSection\":[\"Supermercats\",\"Corporativa\"],\"inLanguage\":\"ca\",\"potentialAction\":[{\"@type\":\"CommentAction\",\"name\":\"Comment\",\"target\":[\"https:\\\/\\\/www.transgourmet.es\\\/ca\\\/blog\\\/transgourmet-consolida-la-seva-franquicia-el-2023-amb-52-nous-supermercats-i-la-reforma-de-104-botigues\\\/#respond\"]}]},{\"@type\":\"WebPage\",\"@id\":\"https:\\\/\\\/www.transgourmet.es\\\/ca\\\/blog\\\/transgourmet-consolida-la-seva-franquicia-el-2023-amb-52-nous-supermercats-i-la-reforma-de-104-botigues\\\/\",\"url\":\"https:\\\/\\\/www.transgourmet.es\\\/ca\\\/blog\\\/transgourmet-consolida-la-seva-franquicia-el-2023-amb-52-nous-supermercats-i-la-reforma-de-104-botigues\\\/\",\"name\":\"Transgourmet consolida la seva franqu\u00edcia el 2023 amb 52 nous supermercats | Transgourmet\",\"isPartOf\":{\"@id\":\"https:\\\/\\\/www.transgourmet.es\\\/#website\"},\"primaryImageOfPage\":{\"@id\":\"https:\\\/\\\/www.transgourmet.es\\\/ca\\\/blog\\\/transgourmet-consolida-la-seva-franquicia-el-2023-amb-52-nous-supermercats-i-la-reforma-de-104-botigues\\\/#primaryimage\"},\"image\":{\"@id\":\"https:\\\/\\\/www.transgourmet.es\\\/ca\\\/blog\\\/transgourmet-consolida-la-seva-franquicia-el-2023-amb-52-nous-supermercats-i-la-reforma-de-104-botigues\\\/#primaryimage\"},\"thumbnailUrl\":\"https:\\\/\\\/www.transgourmet.es\\\/wp-content\\\/uploads\\\/2024\\\/01\\\/Suma_Catalunya.jpg\",\"datePublished\":\"2024-01-11T10:26:06+00:00\",\"dateModified\":\"2024-01-11T10:28:58+00:00\",\"breadcrumb\":{\"@id\":\"https:\\\/\\\/www.transgourmet.es\\\/ca\\\/blog\\\/transgourmet-consolida-la-seva-franquicia-el-2023-amb-52-nous-supermercats-i-la-reforma-de-104-botigues\\\/#breadcrumb\"},\"inLanguage\":\"ca\",\"potentialAction\":[{\"@type\":\"ReadAction\",\"target\":[\"https:\\\/\\\/www.transgourmet.es\\\/ca\\\/blog\\\/transgourmet-consolida-la-seva-franquicia-el-2023-amb-52-nous-supermercats-i-la-reforma-de-104-botigues\\\/\"]}]},{\"@type\":\"ImageObject\",\"inLanguage\":\"ca\",\"@id\":\"https:\\\/\\\/www.transgourmet.es\\\/ca\\\/blog\\\/transgourmet-consolida-la-seva-franquicia-el-2023-amb-52-nous-supermercats-i-la-reforma-de-104-botigues\\\/#primaryimage\",\"url\":\"https:\\\/\\\/www.transgourmet.es\\\/wp-content\\\/uploads\\\/2024\\\/01\\\/Suma_Catalunya.jpg\",\"contentUrl\":\"https:\\\/\\\/www.transgourmet.es\\\/wp-content\\\/uploads\\\/2024\\\/01\\\/Suma_Catalunya.jpg\",\"width\":1014,\"height\":871},{\"@type\":\"BreadcrumbList\",\"@id\":\"https:\\\/\\\/www.transgourmet.es\\\/ca\\\/blog\\\/transgourmet-consolida-la-seva-franquicia-el-2023-amb-52-nous-supermercats-i-la-reforma-de-104-botigues\\\/#breadcrumb\",\"itemListElement\":[{\"@type\":\"ListItem\",\"position\":1,\"name\":\"Portada\",\"item\":\"https:\\\/\\\/www.transgourmet.es\\\/ca\\\/\"},{\"@type\":\"ListItem\",\"position\":2,\"name\":\"Transgourmet consolida la seva franqu\u00edcia el 2023 amb 52 nous supermercats\"}]},{\"@type\":\"WebSite\",\"@id\":\"https:\\\/\\\/www.transgourmet.es\\\/#website\",\"url\":\"https:\\\/\\\/www.transgourmet.es\\\/\",\"name\":\"Transgourmet\",\"description\":\"Distribuci\u00f3n mayorista de alimentaci\u00f3n en Espa\u00f1a\",\"publisher\":{\"@id\":\"https:\\\/\\\/www.transgourmet.es\\\/#organization\"},\"alternateName\":\"Grupo Transgourmet\",\"potentialAction\":[{\"@type\":\"SearchAction\",\"target\":{\"@type\":\"EntryPoint\",\"urlTemplate\":\"https:\\\/\\\/www.transgourmet.es\\\/?s={search_term_string}\"},\"query-input\":{\"@type\":\"PropertyValueSpecification\",\"valueRequired\":true,\"valueName\":\"search_term_string\"}}],\"inLanguage\":\"ca\"},{\"@type\":\"Organization\",\"@id\":\"https:\\\/\\\/www.transgourmet.es\\\/#organization\",\"name\":\"Transgourmet\",\"url\":\"https:\\\/\\\/www.transgourmet.es\\\/\",\"logo\":{\"@type\":\"ImageObject\",\"inLanguage\":\"ca\",\"@id\":\"https:\\\/\\\/www.transgourmet.es\\\/#\\\/schema\\\/logo\\\/image\\\/\",\"url\":\"https:\\\/\\\/www.transgourmet.es\\\/wp-content\\\/uploads\\\/2022\\\/08\\\/trans-vert.svg\",\"contentUrl\":\"https:\\\/\\\/www.transgourmet.es\\\/wp-content\\\/uploads\\\/2022\\\/08\\\/trans-vert.svg\",\"width\":296,\"height\":113,\"caption\":\"Transgourmet\"},\"image\":{\"@id\":\"https:\\\/\\\/www.transgourmet.es\\\/#\\\/schema\\\/logo\\\/image\\\/\"},\"sameAs\":[\"https:\\\/\\\/x.com\\\/transgourmet_es\",\"https:\\\/\\\/www.youtube.com\\\/c\\\/TransgourmetIberica\",\"https:\\\/\\\/www.linkedin.com\\\/company\\\/transgourmet-iberica\"]},{\"@type\":\"Person\",\"@id\":\"https:\\\/\\\/www.transgourmet.es\\\/#\\\/schema\\\/person\\\/7558b42d44946cf43b85426e3e9260ff\",\"name\":\"Comunicacion\",\"image\":{\"@type\":\"ImageObject\",\"inLanguage\":\"ca\",\"@id\":\"https:\\\/\\\/secure.gravatar.com\\\/avatar\\\/22ed58e86b6fa1d603bc37a456b3c1eead2a5b2dc754952f01bc759bba31e2f3?s=96&d=mm&r=g\",\"url\":\"https:\\\/\\\/secure.gravatar.com\\\/avatar\\\/22ed58e86b6fa1d603bc37a456b3c1eead2a5b2dc754952f01bc759bba31e2f3?s=96&d=mm&r=g\",\"contentUrl\":\"https:\\\/\\\/secure.gravatar.com\\\/avatar\\\/22ed58e86b6fa1d603bc37a456b3c1eead2a5b2dc754952f01bc759bba31e2f3?s=96&d=mm&r=g\",\"caption\":\"Comunicacion\"},\"sameAs\":[\"https:\\\/\\\/www.transgourmet.es\\\/\"]}]}<\/script>\n<!-- \/ Yoast SEO plugin. -->","yoast_head_json":{"title":"Transgourmet consolida la seva franqu\u00edcia el 2023 amb 52 nous supermercats | Transgourmet","robots":{"index":"index","follow":"follow","max-snippet":"max-snippet:-1","max-image-preview":"max-image-preview:large","max-video-preview":"max-video-preview:-1"},"canonical":"https:\/\/www.transgourmet.es\/ca\/blog\/transgourmet-consolida-la-seva-franquicia-el-2023-amb-52-nous-supermercats-i-la-reforma-de-104-botigues\/","og_locale":"ca_ES","og_type":"article","og_title":"Transgourmet consolida la seva franqu\u00edcia el 2023 amb 52 nous supermercats | Transgourmet","og_description":"Transgourmet Ib\u00e8rica, referent de la distribuci\u00f3 a l\u2019hostaleria i del supermercat de proximitat, ha refor\u00e7at el 2023 el seu model de supermercat franquiciat gr\u00e0cies a l\u2019estrat\u00e8gia de la seva \u00e0rea de Retail de potenciar la qualitat dels seus establiments. Aix\u00ed, l\u2019any passat es van inaugurar 52 nous supermercats amb les ensenyes Suma, Proxim i Spar,&hellip;&nbsp;","og_url":"https:\/\/www.transgourmet.es\/ca\/blog\/transgourmet-consolida-la-seva-franquicia-el-2023-amb-52-nous-supermercats-i-la-reforma-de-104-botigues\/","og_site_name":"Transgourmet","article_published_time":"2024-01-11T10:26:06+00:00","article_modified_time":"2024-01-11T10:28:58+00:00","og_image":[{"width":1014,"height":871,"url":"https:\/\/www.transgourmet.es\/wp-content\/uploads\/2024\/01\/Suma_Catalunya.jpg","type":"image\/jpeg"}],"author":"Comunicacion","twitter_card":"summary_large_image","twitter_creator":"@transgourmet_es","twitter_site":"@transgourmet_es","twitter_misc":{"Escrit per":"Comunicacion","Temps estimat de lectura":"3 minuts"},"schema":{"@context":"https:\/\/schema.org","@graph":[{"@type":"Article","@id":"https:\/\/www.transgourmet.es\/ca\/blog\/transgourmet-consolida-la-seva-franquicia-el-2023-amb-52-nous-supermercats-i-la-reforma-de-104-botigues\/#article","isPartOf":{"@id":"https:\/\/www.transgourmet.es\/ca\/blog\/transgourmet-consolida-la-seva-franquicia-el-2023-amb-52-nous-supermercats-i-la-reforma-de-104-botigues\/"},"author":{"name":"Comunicacion","@id":"https:\/\/www.transgourmet.es\/#\/schema\/person\/7558b42d44946cf43b85426e3e9260ff"},"headline":"Transgourmet consolida la seva franqu\u00edcia el 2023 amb 52 nous supermercats","datePublished":"2024-01-11T10:26:06+00:00","dateModified":"2024-01-11T10:28:58+00:00","mainEntityOfPage":{"@id":"https:\/\/www.transgourmet.es\/ca\/blog\/transgourmet-consolida-la-seva-franquicia-el-2023-amb-52-nous-supermercats-i-la-reforma-de-104-botigues\/"},"wordCount":589,"commentCount":0,"publisher":{"@id":"https:\/\/www.transgourmet.es\/#organization"},"image":{"@id":"https:\/\/www.transgourmet.es\/ca\/blog\/transgourmet-consolida-la-seva-franquicia-el-2023-amb-52-nous-supermercats-i-la-reforma-de-104-botigues\/#primaryimage"},"thumbnailUrl":"https:\/\/www.transgourmet.es\/wp-content\/uploads\/2024\/01\/Suma_Catalunya.jpg","articleSection":["Supermercats","Corporativa"],"inLanguage":"ca","potentialAction":[{"@type":"CommentAction","name":"Comment","target":["https:\/\/www.transgourmet.es\/ca\/blog\/transgourmet-consolida-la-seva-franquicia-el-2023-amb-52-nous-supermercats-i-la-reforma-de-104-botigues\/#respond"]}]},{"@type":"WebPage","@id":"https:\/\/www.transgourmet.es\/ca\/blog\/transgourmet-consolida-la-seva-franquicia-el-2023-amb-52-nous-supermercats-i-la-reforma-de-104-botigues\/","url":"https:\/\/www.transgourmet.es\/ca\/blog\/transgourmet-consolida-la-seva-franquicia-el-2023-amb-52-nous-supermercats-i-la-reforma-de-104-botigues\/","name":"Transgourmet consolida la seva franqu\u00edcia el 2023 amb 52 nous supermercats | Transgourmet","isPartOf":{"@id":"https:\/\/www.transgourmet.es\/#website"},"primaryImageOfPage":{"@id":"https:\/\/www.transgourmet.es\/ca\/blog\/transgourmet-consolida-la-seva-franquicia-el-2023-amb-52-nous-supermercats-i-la-reforma-de-104-botigues\/#primaryimage"},"image":{"@id":"https:\/\/www.transgourmet.es\/ca\/blog\/transgourmet-consolida-la-seva-franquicia-el-2023-amb-52-nous-supermercats-i-la-reforma-de-104-botigues\/#primaryimage"},"thumbnailUrl":"https:\/\/www.transgourmet.es\/wp-content\/uploads\/2024\/01\/Suma_Catalunya.jpg","datePublished":"2024-01-11T10:26:06+00:00","dateModified":"2024-01-11T10:28:58+00:00","breadcrumb":{"@id":"https:\/\/www.transgourmet.es\/ca\/blog\/transgourmet-consolida-la-seva-franquicia-el-2023-amb-52-nous-supermercats-i-la-reforma-de-104-botigues\/#breadcrumb"},"inLanguage":"ca","potentialAction":[{"@type":"ReadAction","target":["https:\/\/www.transgourmet.es\/ca\/blog\/transgourmet-consolida-la-seva-franquicia-el-2023-amb-52-nous-supermercats-i-la-reforma-de-104-botigues\/"]}]},{"@type":"ImageObject","inLanguage":"ca","@id":"https:\/\/www.transgourmet.es\/ca\/blog\/transgourmet-consolida-la-seva-franquicia-el-2023-amb-52-nous-supermercats-i-la-reforma-de-104-botigues\/#primaryimage","url":"https:\/\/www.transgourmet.es\/wp-content\/uploads\/2024\/01\/Suma_Catalunya.jpg","contentUrl":"https:\/\/www.transgourmet.es\/wp-content\/uploads\/2024\/01\/Suma_Catalunya.jpg","width":1014,"height":871},{"@type":"BreadcrumbList","@id":"https:\/\/www.transgourmet.es\/ca\/blog\/transgourmet-consolida-la-seva-franquicia-el-2023-amb-52-nous-supermercats-i-la-reforma-de-104-botigues\/#breadcrumb","itemListElement":[{"@type":"ListItem","position":1,"name":"Portada","item":"https:\/\/www.transgourmet.es\/ca\/"},{"@type":"ListItem","position":2,"name":"Transgourmet consolida la seva franqu\u00edcia el 2023 amb 52 nous supermercats"}]},{"@type":"WebSite","@id":"https:\/\/www.transgourmet.es\/#website","url":"https:\/\/www.transgourmet.es\/","name":"Transgourmet","description":"Distribuci\u00f3n mayorista de alimentaci\u00f3n en Espa\u00f1a","publisher":{"@id":"https:\/\/www.transgourmet.es\/#organization"},"alternateName":"Grupo Transgourmet","potentialAction":[{"@type":"SearchAction","target":{"@type":"EntryPoint","urlTemplate":"https:\/\/www.transgourmet.es\/?s={search_term_string}"},"query-input":{"@type":"PropertyValueSpecification","valueRequired":true,"valueName":"search_term_string"}}],"inLanguage":"ca"},{"@type":"Organization","@id":"https:\/\/www.transgourmet.es\/#organization","name":"Transgourmet","url":"https:\/\/www.transgourmet.es\/","logo":{"@type":"ImageObject","inLanguage":"ca","@id":"https:\/\/www.transgourmet.es\/#\/schema\/logo\/image\/","url":"https:\/\/www.transgourmet.es\/wp-content\/uploads\/2022\/08\/trans-vert.svg","contentUrl":"https:\/\/www.transgourmet.es\/wp-content\/uploads\/2022\/08\/trans-vert.svg","width":296,"height":113,"caption":"Transgourmet"},"image":{"@id":"https:\/\/www.transgourmet.es\/#\/schema\/logo\/image\/"},"sameAs":["https:\/\/x.com\/transgourmet_es","https:\/\/www.youtube.com\/c\/TransgourmetIberica","https:\/\/www.linkedin.com\/company\/transgourmet-iberica"]},{"@type":"Person","@id":"https:\/\/www.transgourmet.es\/#\/schema\/person\/7558b42d44946cf43b85426e3e9260ff","name":"Comunicacion","image":{"@type":"ImageObject","inLanguage":"ca","@id":"https:\/\/secure.gravatar.com\/avatar\/22ed58e86b6fa1d603bc37a456b3c1eead2a5b2dc754952f01bc759bba31e2f3?s=96&d=mm&r=g","url":"https:\/\/secure.gravatar.com\/avatar\/22ed58e86b6fa1d603bc37a456b3c1eead2a5b2dc754952f01bc759bba31e2f3?s=96&d=mm&r=g","contentUrl":"https:\/\/secure.gravatar.com\/avatar\/22ed58e86b6fa1d603bc37a456b3c1eead2a5b2dc754952f01bc759bba31e2f3?s=96&d=mm&r=g","caption":"Comunicacion"},"sameAs":["https:\/\/www.transgourmet.es\/"]}]}},"_links":{"self":[{"href":"https:\/\/www.transgourmet.es\/ca\/wp-json\/wp\/v2\/posts\/14739","targetHints":{"allow":["GET"]}}],"collection":[{"href":"https:\/\/www.transgourmet.es\/ca\/wp-json\/wp\/v2\/posts"}],"about":[{"href":"https:\/\/www.transgourmet.es\/ca\/wp-json\/wp\/v2\/types\/post"}],"author":[{"embeddable":true,"href":"https:\/\/www.transgourmet.es\/ca\/wp-json\/wp\/v2\/users\/3"}],"replies":[{"embeddable":true,"href":"https:\/\/www.transgourmet.es\/ca\/wp-json\/wp\/v2\/comments?post=14739"}],"version-history":[{"count":3,"href":"https:\/\/www.transgourmet.es\/ca\/wp-json\/wp\/v2\/posts\/14739\/revisions"}],"predecessor-version":[{"id":14750,"href":"https:\/\/www.transgourmet.es\/ca\/wp-json\/wp\/v2\/posts\/14739\/revisions\/14750"}],"wp:featuredmedia":[{"embeddable":true,"href":"https:\/\/www.transgourmet.es\/ca\/wp-json\/wp\/v2\/media\/14741"}],"wp:attachment":[{"href":"https:\/\/www.transgourmet.es\/ca\/wp-json\/wp\/v2\/media?parent=14739"}],"wp:term":[{"taxonomy":"category","embeddable":true,"href":"https:\/\/www.transgourmet.es\/ca\/wp-json\/wp\/v2\/categories?post=14739"},{"taxonomy":"post_tag","embeddable":true,"href":"https:\/\/www.transgourmet.es\/ca\/wp-json\/wp\/v2\/tags?post=14739"}],"curies":[{"name":"wp","href":"https:\/\/api.w.org\/{rel}","templated":true}]}}