{"id":15532,"date":"2024-03-25T11:41:07","date_gmt":"2024-03-25T10:41:07","guid":{"rendered":"https:\/\/www.transgourmet.es\/?p=15532"},"modified":"2024-03-25T11:41:41","modified_gmt":"2024-03-25T10:41:41","slug":"valvi-inaugura-un-nou-spar-a-la-jonquera-amb-un-ampli-assortiment-de-productes-locals","status":"publish","type":"post","link":"https:\/\/www.transgourmet.es\/ca\/blog\/valvi-inaugura-un-nou-spar-a-la-jonquera-amb-un-ampli-assortiment-de-productes-locals\/","title":{"rendered":"Valvi inaugura un nou Spar a La Jonquera amb un ampli assortiment de productes locals"},"content":{"rendered":"<p>Valvi ha obert un nou supermercat Spar a La Jonquera (Alt Empord\u00e0) especialitzat en productes locals. L\u2019establiment t\u00e9 una sala de vendes de 285 m<sup>2<\/sup> i hi treballen 7 persones. Aquest nou Spar est\u00e0 situat al centre del municipi, refermant el seu model de botiga de proximitat.<\/p>\n<p>De la seva selecci\u00f3 d\u2019alimentaci\u00f3 de gran consum, destaca l\u2019assortiment de m\u00e9s de \u00a03.000 productes d\u2019origen Catalunya, una gran varietat dels quals procedeix de diferents fabricants i productors de la comarca de l\u2019Alt Empord\u00e0. Disposa de carnisseria i xarcuteria pr\u00f2pia amb servei al client, a m\u00e9s d\u2019oferir seccions de lliure servei de fruiteria i fleca, i una extensa varietat de refer\u00e8ncies pensades per cobrir la compra di\u00e0ria o setmanal de fam\u00edlies i llars. Tamb\u00e9 compta amb una \u00e0mplia gamma de vins catalans, caves, licors i vins a granel de la seva bodega especialitzada \u201cVinoteca VNTC Valvi\u201d.<\/p>\n<p>L\u2019establiment es troba al carrer Major, 104. Obre de dilluns a dissabte de 8:00 a 20:00 h i els diumenges, de 8:00 a 14:30 h.<\/p>\n<p><strong>SOBRE VALVI SUPERMERCATS <\/strong><\/p>\n<p>Valvi Supermercats t\u00e9 com a prove\u00efdor a Transgourmet Ib\u00e8rica, companyia l\u00edder a Espanya en el sector de la distribuci\u00f3 aliment\u00e0ria majorista. Valvi Supermercats \u00e9s una companyia especialitzada en supermercats de proximitat. \u00c9s de capital familiar 100 % giron\u00ed i la primera xarxa de supermercats independents de la demarcaci\u00f3 de Girona. Va tancar l\u2019any 2023 gestionant un volum de negoci de 161 milions d\u2019euros.<\/p>\n<p>Amb les ensenyes Valvi, Spar, Eurospar, Spar Express i Suma, en l\u2019actualitat est\u00e0 gestionant 122 supermercats distribu\u00efts entre les comarques de Girona, la demarcaci\u00f3 de Barcelona i les illes d\u2019Eivissa i de Mallorca, inclosos els de la societat Miservi, propietat de Valvi Supermercats i Transgourmet Ib\u00e8rica.<\/p>\n<p><strong>SOBRE TRANSGOURMET IB\u00c8RICA <\/strong><\/p>\n<p>Transgourmet Ib\u00e8rica \u00e9s propietat del grup su\u00eds Transgourmet, la segona empresa de distribuci\u00f3 majorista d\u2019Europa que, al seu torn, pertany al grup Coop. En l\u2019actualitat compta amb 5 plataformes de distribuci\u00f3 repartides per tot Espanya i \u00e9s referent en el sector horeca amb GM Cash-Gros Mercat, la seva ensenya de <em>cash&amp;carry<\/em> \u2014que compr\u00e8n 70 centres amb 28 gasolineres GM Oil\u2014, i la divisi\u00f3 de Food Service.<\/p>\n<p>L\u2019empresa tamb\u00e9 compta amb la seva l\u00ednia de Retail, amb prop de 800 supermercats franquiciats amb les ensenyes Suma, Proxim i Spar, i amb m\u00e9s de 2.000 clients independents.<\/p>\n","protected":false},"excerpt":{"rendered":"<p>Valvi ha obert un nou supermercat Spar a La Jonquera (Alt Empord\u00e0) especialitzat en productes locals. L\u2019establiment t\u00e9 una sala de vendes de 285 m2 i hi treballen 7 persones. Aquest nou Spar est\u00e0 situat al centre del municipi, refermant el seu model de botiga de proximitat. De la seva selecci\u00f3 d\u2019alimentaci\u00f3 de gran consum,&hellip;&nbsp;<\/p>\n","protected":false},"author":3,"featured_media":15531,"comment_status":"open","ping_status":"open","sticky":false,"template":"","format":"standard","meta":{"_acf_changed":false,"neve_meta_sidebar":"","neve_meta_container":"","neve_meta_enable_content_width":"off","neve_meta_content_width":70,"neve_meta_title_alignment":"","neve_meta_author_avatar":"","neve_post_elements_order":"","neve_meta_disable_header":"","neve_meta_disable_footer":"","neve_meta_disable_title":"","footnotes":""},"categories":[35,40],"tags":[],"class_list":["post-15532","post","type-post","status-publish","format-standard","has-post-thumbnail","hentry","category-corporativa-ca","category-supermercats"],"acf":[],"yoast_head":"<!-- This site is optimized with the Yoast SEO plugin v27.4 - https:\/\/yoast.com\/product\/yoast-seo-wordpress\/ -->\n<title>Valvi inaugura un nou Spar a La Jonquera amb un ampli assortiment de productes locals | Transgourmet<\/title>\n<meta name=\"robots\" content=\"index, follow, max-snippet:-1, max-image-preview:large, max-video-preview:-1\" \/>\n<link rel=\"canonical\" href=\"https:\/\/www.transgourmet.es\/ca\/blog\/valvi-inaugura-un-nou-spar-a-la-jonquera-amb-un-ampli-assortiment-de-productes-locals\/\" \/>\n<meta property=\"og:locale\" content=\"ca_ES\" \/>\n<meta property=\"og:type\" content=\"article\" \/>\n<meta property=\"og:title\" content=\"Valvi inaugura un nou Spar a La Jonquera amb un ampli assortiment de productes locals | Transgourmet\" \/>\n<meta property=\"og:description\" content=\"Valvi ha obert un nou supermercat Spar a La Jonquera (Alt Empord\u00e0) especialitzat en productes locals. L\u2019establiment t\u00e9 una sala de vendes de 285 m2 i hi treballen 7 persones. Aquest nou Spar est\u00e0 situat al centre del municipi, refermant el seu model de botiga de proximitat. De la seva selecci\u00f3 d\u2019alimentaci\u00f3 de gran consum,&hellip;&nbsp;\" \/>\n<meta property=\"og:url\" content=\"https:\/\/www.transgourmet.es\/ca\/blog\/valvi-inaugura-un-nou-spar-a-la-jonquera-amb-un-ampli-assortiment-de-productes-locals\/\" \/>\n<meta property=\"og:site_name\" content=\"Transgourmet\" \/>\n<meta property=\"article:published_time\" content=\"2024-03-25T10:41:07+00:00\" \/>\n<meta property=\"article:modified_time\" content=\"2024-03-25T10:41:41+00:00\" \/>\n<meta property=\"og:image\" content=\"https:\/\/www.transgourmet.es\/wp-content\/uploads\/2024\/03\/SparLaJonquera.jpg\" \/>\n\t<meta property=\"og:image:width\" content=\"1367\" \/>\n\t<meta property=\"og:image:height\" content=\"773\" \/>\n\t<meta property=\"og:image:type\" content=\"image\/jpeg\" \/>\n<meta name=\"author\" content=\"Comunicacion\" \/>\n<meta name=\"twitter:card\" content=\"summary_large_image\" \/>\n<meta name=\"twitter:creator\" content=\"@transgourmet_es\" \/>\n<meta name=\"twitter:site\" content=\"@transgourmet_es\" \/>\n<meta name=\"twitter:label1\" content=\"Escrit per\" \/>\n\t<meta name=\"twitter:data1\" content=\"Comunicacion\" \/>\n\t<meta name=\"twitter:label2\" content=\"Temps estimat de lectura\" \/>\n\t<meta name=\"twitter:data2\" content=\"2 minuts\" \/>\n<script type=\"application\/ld+json\" class=\"yoast-schema-graph\">{\"@context\":\"https:\\\/\\\/schema.org\",\"@graph\":[{\"@type\":\"Article\",\"@id\":\"https:\\\/\\\/www.transgourmet.es\\\/ca\\\/blog\\\/valvi-inaugura-un-nou-spar-a-la-jonquera-amb-un-ampli-assortiment-de-productes-locals\\\/#article\",\"isPartOf\":{\"@id\":\"https:\\\/\\\/www.transgourmet.es\\\/ca\\\/blog\\\/valvi-inaugura-un-nou-spar-a-la-jonquera-amb-un-ampli-assortiment-de-productes-locals\\\/\"},\"author\":{\"name\":\"Comunicacion\",\"@id\":\"https:\\\/\\\/www.transgourmet.es\\\/#\\\/schema\\\/person\\\/7558b42d44946cf43b85426e3e9260ff\"},\"headline\":\"Valvi inaugura un nou Spar a La Jonquera amb un ampli assortiment de productes locals\",\"datePublished\":\"2024-03-25T10:41:07+00:00\",\"dateModified\":\"2024-03-25T10:41:41+00:00\",\"mainEntityOfPage\":{\"@id\":\"https:\\\/\\\/www.transgourmet.es\\\/ca\\\/blog\\\/valvi-inaugura-un-nou-spar-a-la-jonquera-amb-un-ampli-assortiment-de-productes-locals\\\/\"},\"wordCount\":409,\"commentCount\":0,\"publisher\":{\"@id\":\"https:\\\/\\\/www.transgourmet.es\\\/#organization\"},\"image\":{\"@id\":\"https:\\\/\\\/www.transgourmet.es\\\/ca\\\/blog\\\/valvi-inaugura-un-nou-spar-a-la-jonquera-amb-un-ampli-assortiment-de-productes-locals\\\/#primaryimage\"},\"thumbnailUrl\":\"https:\\\/\\\/www.transgourmet.es\\\/wp-content\\\/uploads\\\/2024\\\/03\\\/SparLaJonquera.jpg\",\"articleSection\":[\"Corporativa\",\"Supermercats\"],\"inLanguage\":\"ca\",\"potentialAction\":[{\"@type\":\"CommentAction\",\"name\":\"Comment\",\"target\":[\"https:\\\/\\\/www.transgourmet.es\\\/ca\\\/blog\\\/valvi-inaugura-un-nou-spar-a-la-jonquera-amb-un-ampli-assortiment-de-productes-locals\\\/#respond\"]}]},{\"@type\":\"WebPage\",\"@id\":\"https:\\\/\\\/www.transgourmet.es\\\/ca\\\/blog\\\/valvi-inaugura-un-nou-spar-a-la-jonquera-amb-un-ampli-assortiment-de-productes-locals\\\/\",\"url\":\"https:\\\/\\\/www.transgourmet.es\\\/ca\\\/blog\\\/valvi-inaugura-un-nou-spar-a-la-jonquera-amb-un-ampli-assortiment-de-productes-locals\\\/\",\"name\":\"Valvi inaugura un nou Spar a La Jonquera amb un ampli assortiment de productes locals | Transgourmet\",\"isPartOf\":{\"@id\":\"https:\\\/\\\/www.transgourmet.es\\\/#website\"},\"primaryImageOfPage\":{\"@id\":\"https:\\\/\\\/www.transgourmet.es\\\/ca\\\/blog\\\/valvi-inaugura-un-nou-spar-a-la-jonquera-amb-un-ampli-assortiment-de-productes-locals\\\/#primaryimage\"},\"image\":{\"@id\":\"https:\\\/\\\/www.transgourmet.es\\\/ca\\\/blog\\\/valvi-inaugura-un-nou-spar-a-la-jonquera-amb-un-ampli-assortiment-de-productes-locals\\\/#primaryimage\"},\"thumbnailUrl\":\"https:\\\/\\\/www.transgourmet.es\\\/wp-content\\\/uploads\\\/2024\\\/03\\\/SparLaJonquera.jpg\",\"datePublished\":\"2024-03-25T10:41:07+00:00\",\"dateModified\":\"2024-03-25T10:41:41+00:00\",\"breadcrumb\":{\"@id\":\"https:\\\/\\\/www.transgourmet.es\\\/ca\\\/blog\\\/valvi-inaugura-un-nou-spar-a-la-jonquera-amb-un-ampli-assortiment-de-productes-locals\\\/#breadcrumb\"},\"inLanguage\":\"ca\",\"potentialAction\":[{\"@type\":\"ReadAction\",\"target\":[\"https:\\\/\\\/www.transgourmet.es\\\/ca\\\/blog\\\/valvi-inaugura-un-nou-spar-a-la-jonquera-amb-un-ampli-assortiment-de-productes-locals\\\/\"]}]},{\"@type\":\"ImageObject\",\"inLanguage\":\"ca\",\"@id\":\"https:\\\/\\\/www.transgourmet.es\\\/ca\\\/blog\\\/valvi-inaugura-un-nou-spar-a-la-jonquera-amb-un-ampli-assortiment-de-productes-locals\\\/#primaryimage\",\"url\":\"https:\\\/\\\/www.transgourmet.es\\\/wp-content\\\/uploads\\\/2024\\\/03\\\/SparLaJonquera.jpg\",\"contentUrl\":\"https:\\\/\\\/www.transgourmet.es\\\/wp-content\\\/uploads\\\/2024\\\/03\\\/SparLaJonquera.jpg\",\"width\":1367,\"height\":773},{\"@type\":\"BreadcrumbList\",\"@id\":\"https:\\\/\\\/www.transgourmet.es\\\/ca\\\/blog\\\/valvi-inaugura-un-nou-spar-a-la-jonquera-amb-un-ampli-assortiment-de-productes-locals\\\/#breadcrumb\",\"itemListElement\":[{\"@type\":\"ListItem\",\"position\":1,\"name\":\"Portada\",\"item\":\"https:\\\/\\\/www.transgourmet.es\\\/ca\\\/\"},{\"@type\":\"ListItem\",\"position\":2,\"name\":\"Valvi inaugura un nou Spar a La Jonquera amb un ampli assortiment de productes locals\"}]},{\"@type\":\"WebSite\",\"@id\":\"https:\\\/\\\/www.transgourmet.es\\\/#website\",\"url\":\"https:\\\/\\\/www.transgourmet.es\\\/\",\"name\":\"Transgourmet\",\"description\":\"Distribuci\u00f3n mayorista de alimentaci\u00f3n en Espa\u00f1a\",\"publisher\":{\"@id\":\"https:\\\/\\\/www.transgourmet.es\\\/#organization\"},\"alternateName\":\"Grupo Transgourmet\",\"potentialAction\":[{\"@type\":\"SearchAction\",\"target\":{\"@type\":\"EntryPoint\",\"urlTemplate\":\"https:\\\/\\\/www.transgourmet.es\\\/?s={search_term_string}\"},\"query-input\":{\"@type\":\"PropertyValueSpecification\",\"valueRequired\":true,\"valueName\":\"search_term_string\"}}],\"inLanguage\":\"ca\"},{\"@type\":\"Organization\",\"@id\":\"https:\\\/\\\/www.transgourmet.es\\\/#organization\",\"name\":\"Transgourmet\",\"url\":\"https:\\\/\\\/www.transgourmet.es\\\/\",\"logo\":{\"@type\":\"ImageObject\",\"inLanguage\":\"ca\",\"@id\":\"https:\\\/\\\/www.transgourmet.es\\\/#\\\/schema\\\/logo\\\/image\\\/\",\"url\":\"https:\\\/\\\/www.transgourmet.es\\\/wp-content\\\/uploads\\\/2022\\\/08\\\/trans-vert.svg\",\"contentUrl\":\"https:\\\/\\\/www.transgourmet.es\\\/wp-content\\\/uploads\\\/2022\\\/08\\\/trans-vert.svg\",\"width\":296,\"height\":113,\"caption\":\"Transgourmet\"},\"image\":{\"@id\":\"https:\\\/\\\/www.transgourmet.es\\\/#\\\/schema\\\/logo\\\/image\\\/\"},\"sameAs\":[\"https:\\\/\\\/x.com\\\/transgourmet_es\",\"https:\\\/\\\/www.youtube.com\\\/c\\\/TransgourmetIberica\",\"https:\\\/\\\/www.linkedin.com\\\/company\\\/transgourmet-iberica\"]},{\"@type\":\"Person\",\"@id\":\"https:\\\/\\\/www.transgourmet.es\\\/#\\\/schema\\\/person\\\/7558b42d44946cf43b85426e3e9260ff\",\"name\":\"Comunicacion\",\"image\":{\"@type\":\"ImageObject\",\"inLanguage\":\"ca\",\"@id\":\"https:\\\/\\\/secure.gravatar.com\\\/avatar\\\/22ed58e86b6fa1d603bc37a456b3c1eead2a5b2dc754952f01bc759bba31e2f3?s=96&d=mm&r=g\",\"url\":\"https:\\\/\\\/secure.gravatar.com\\\/avatar\\\/22ed58e86b6fa1d603bc37a456b3c1eead2a5b2dc754952f01bc759bba31e2f3?s=96&d=mm&r=g\",\"contentUrl\":\"https:\\\/\\\/secure.gravatar.com\\\/avatar\\\/22ed58e86b6fa1d603bc37a456b3c1eead2a5b2dc754952f01bc759bba31e2f3?s=96&d=mm&r=g\",\"caption\":\"Comunicacion\"},\"sameAs\":[\"https:\\\/\\\/www.transgourmet.es\\\/\"]}]}<\/script>\n<!-- \/ Yoast SEO plugin. -->","yoast_head_json":{"title":"Valvi inaugura un nou Spar a La Jonquera amb un ampli assortiment de productes locals | Transgourmet","robots":{"index":"index","follow":"follow","max-snippet":"max-snippet:-1","max-image-preview":"max-image-preview:large","max-video-preview":"max-video-preview:-1"},"canonical":"https:\/\/www.transgourmet.es\/ca\/blog\/valvi-inaugura-un-nou-spar-a-la-jonquera-amb-un-ampli-assortiment-de-productes-locals\/","og_locale":"ca_ES","og_type":"article","og_title":"Valvi inaugura un nou Spar a La Jonquera amb un ampli assortiment de productes locals | Transgourmet","og_description":"Valvi ha obert un nou supermercat Spar a La Jonquera (Alt Empord\u00e0) especialitzat en productes locals. L\u2019establiment t\u00e9 una sala de vendes de 285 m2 i hi treballen 7 persones. Aquest nou Spar est\u00e0 situat al centre del municipi, refermant el seu model de botiga de proximitat. De la seva selecci\u00f3 d\u2019alimentaci\u00f3 de gran consum,&hellip;&nbsp;","og_url":"https:\/\/www.transgourmet.es\/ca\/blog\/valvi-inaugura-un-nou-spar-a-la-jonquera-amb-un-ampli-assortiment-de-productes-locals\/","og_site_name":"Transgourmet","article_published_time":"2024-03-25T10:41:07+00:00","article_modified_time":"2024-03-25T10:41:41+00:00","og_image":[{"width":1367,"height":773,"url":"https:\/\/www.transgourmet.es\/wp-content\/uploads\/2024\/03\/SparLaJonquera.jpg","type":"image\/jpeg"}],"author":"Comunicacion","twitter_card":"summary_large_image","twitter_creator":"@transgourmet_es","twitter_site":"@transgourmet_es","twitter_misc":{"Escrit per":"Comunicacion","Temps estimat de lectura":"2 minuts"},"schema":{"@context":"https:\/\/schema.org","@graph":[{"@type":"Article","@id":"https:\/\/www.transgourmet.es\/ca\/blog\/valvi-inaugura-un-nou-spar-a-la-jonquera-amb-un-ampli-assortiment-de-productes-locals\/#article","isPartOf":{"@id":"https:\/\/www.transgourmet.es\/ca\/blog\/valvi-inaugura-un-nou-spar-a-la-jonquera-amb-un-ampli-assortiment-de-productes-locals\/"},"author":{"name":"Comunicacion","@id":"https:\/\/www.transgourmet.es\/#\/schema\/person\/7558b42d44946cf43b85426e3e9260ff"},"headline":"Valvi inaugura un nou Spar a La Jonquera amb un ampli assortiment de productes locals","datePublished":"2024-03-25T10:41:07+00:00","dateModified":"2024-03-25T10:41:41+00:00","mainEntityOfPage":{"@id":"https:\/\/www.transgourmet.es\/ca\/blog\/valvi-inaugura-un-nou-spar-a-la-jonquera-amb-un-ampli-assortiment-de-productes-locals\/"},"wordCount":409,"commentCount":0,"publisher":{"@id":"https:\/\/www.transgourmet.es\/#organization"},"image":{"@id":"https:\/\/www.transgourmet.es\/ca\/blog\/valvi-inaugura-un-nou-spar-a-la-jonquera-amb-un-ampli-assortiment-de-productes-locals\/#primaryimage"},"thumbnailUrl":"https:\/\/www.transgourmet.es\/wp-content\/uploads\/2024\/03\/SparLaJonquera.jpg","articleSection":["Corporativa","Supermercats"],"inLanguage":"ca","potentialAction":[{"@type":"CommentAction","name":"Comment","target":["https:\/\/www.transgourmet.es\/ca\/blog\/valvi-inaugura-un-nou-spar-a-la-jonquera-amb-un-ampli-assortiment-de-productes-locals\/#respond"]}]},{"@type":"WebPage","@id":"https:\/\/www.transgourmet.es\/ca\/blog\/valvi-inaugura-un-nou-spar-a-la-jonquera-amb-un-ampli-assortiment-de-productes-locals\/","url":"https:\/\/www.transgourmet.es\/ca\/blog\/valvi-inaugura-un-nou-spar-a-la-jonquera-amb-un-ampli-assortiment-de-productes-locals\/","name":"Valvi inaugura un nou Spar a La Jonquera amb un ampli assortiment de productes locals | Transgourmet","isPartOf":{"@id":"https:\/\/www.transgourmet.es\/#website"},"primaryImageOfPage":{"@id":"https:\/\/www.transgourmet.es\/ca\/blog\/valvi-inaugura-un-nou-spar-a-la-jonquera-amb-un-ampli-assortiment-de-productes-locals\/#primaryimage"},"image":{"@id":"https:\/\/www.transgourmet.es\/ca\/blog\/valvi-inaugura-un-nou-spar-a-la-jonquera-amb-un-ampli-assortiment-de-productes-locals\/#primaryimage"},"thumbnailUrl":"https:\/\/www.transgourmet.es\/wp-content\/uploads\/2024\/03\/SparLaJonquera.jpg","datePublished":"2024-03-25T10:41:07+00:00","dateModified":"2024-03-25T10:41:41+00:00","breadcrumb":{"@id":"https:\/\/www.transgourmet.es\/ca\/blog\/valvi-inaugura-un-nou-spar-a-la-jonquera-amb-un-ampli-assortiment-de-productes-locals\/#breadcrumb"},"inLanguage":"ca","potentialAction":[{"@type":"ReadAction","target":["https:\/\/www.transgourmet.es\/ca\/blog\/valvi-inaugura-un-nou-spar-a-la-jonquera-amb-un-ampli-assortiment-de-productes-locals\/"]}]},{"@type":"ImageObject","inLanguage":"ca","@id":"https:\/\/www.transgourmet.es\/ca\/blog\/valvi-inaugura-un-nou-spar-a-la-jonquera-amb-un-ampli-assortiment-de-productes-locals\/#primaryimage","url":"https:\/\/www.transgourmet.es\/wp-content\/uploads\/2024\/03\/SparLaJonquera.jpg","contentUrl":"https:\/\/www.transgourmet.es\/wp-content\/uploads\/2024\/03\/SparLaJonquera.jpg","width":1367,"height":773},{"@type":"BreadcrumbList","@id":"https:\/\/www.transgourmet.es\/ca\/blog\/valvi-inaugura-un-nou-spar-a-la-jonquera-amb-un-ampli-assortiment-de-productes-locals\/#breadcrumb","itemListElement":[{"@type":"ListItem","position":1,"name":"Portada","item":"https:\/\/www.transgourmet.es\/ca\/"},{"@type":"ListItem","position":2,"name":"Valvi inaugura un nou Spar a La Jonquera amb un ampli assortiment de productes locals"}]},{"@type":"WebSite","@id":"https:\/\/www.transgourmet.es\/#website","url":"https:\/\/www.transgourmet.es\/","name":"Transgourmet","description":"Distribuci\u00f3n mayorista de alimentaci\u00f3n en Espa\u00f1a","publisher":{"@id":"https:\/\/www.transgourmet.es\/#organization"},"alternateName":"Grupo Transgourmet","potentialAction":[{"@type":"SearchAction","target":{"@type":"EntryPoint","urlTemplate":"https:\/\/www.transgourmet.es\/?s={search_term_string}"},"query-input":{"@type":"PropertyValueSpecification","valueRequired":true,"valueName":"search_term_string"}}],"inLanguage":"ca"},{"@type":"Organization","@id":"https:\/\/www.transgourmet.es\/#organization","name":"Transgourmet","url":"https:\/\/www.transgourmet.es\/","logo":{"@type":"ImageObject","inLanguage":"ca","@id":"https:\/\/www.transgourmet.es\/#\/schema\/logo\/image\/","url":"https:\/\/www.transgourmet.es\/wp-content\/uploads\/2022\/08\/trans-vert.svg","contentUrl":"https:\/\/www.transgourmet.es\/wp-content\/uploads\/2022\/08\/trans-vert.svg","width":296,"height":113,"caption":"Transgourmet"},"image":{"@id":"https:\/\/www.transgourmet.es\/#\/schema\/logo\/image\/"},"sameAs":["https:\/\/x.com\/transgourmet_es","https:\/\/www.youtube.com\/c\/TransgourmetIberica","https:\/\/www.linkedin.com\/company\/transgourmet-iberica"]},{"@type":"Person","@id":"https:\/\/www.transgourmet.es\/#\/schema\/person\/7558b42d44946cf43b85426e3e9260ff","name":"Comunicacion","image":{"@type":"ImageObject","inLanguage":"ca","@id":"https:\/\/secure.gravatar.com\/avatar\/22ed58e86b6fa1d603bc37a456b3c1eead2a5b2dc754952f01bc759bba31e2f3?s=96&d=mm&r=g","url":"https:\/\/secure.gravatar.com\/avatar\/22ed58e86b6fa1d603bc37a456b3c1eead2a5b2dc754952f01bc759bba31e2f3?s=96&d=mm&r=g","contentUrl":"https:\/\/secure.gravatar.com\/avatar\/22ed58e86b6fa1d603bc37a456b3c1eead2a5b2dc754952f01bc759bba31e2f3?s=96&d=mm&r=g","caption":"Comunicacion"},"sameAs":["https:\/\/www.transgourmet.es\/"]}]}},"_links":{"self":[{"href":"https:\/\/www.transgourmet.es\/ca\/wp-json\/wp\/v2\/posts\/15532","targetHints":{"allow":["GET"]}}],"collection":[{"href":"https:\/\/www.transgourmet.es\/ca\/wp-json\/wp\/v2\/posts"}],"about":[{"href":"https:\/\/www.transgourmet.es\/ca\/wp-json\/wp\/v2\/types\/post"}],"author":[{"embeddable":true,"href":"https:\/\/www.transgourmet.es\/ca\/wp-json\/wp\/v2\/users\/3"}],"replies":[{"embeddable":true,"href":"https:\/\/www.transgourmet.es\/ca\/wp-json\/wp\/v2\/comments?post=15532"}],"version-history":[{"count":4,"href":"https:\/\/www.transgourmet.es\/ca\/wp-json\/wp\/v2\/posts\/15532\/revisions"}],"predecessor-version":[{"id":15544,"href":"https:\/\/www.transgourmet.es\/ca\/wp-json\/wp\/v2\/posts\/15532\/revisions\/15544"}],"wp:featuredmedia":[{"embeddable":true,"href":"https:\/\/www.transgourmet.es\/ca\/wp-json\/wp\/v2\/media\/15531"}],"wp:attachment":[{"href":"https:\/\/www.transgourmet.es\/ca\/wp-json\/wp\/v2\/media?parent=15532"}],"wp:term":[{"taxonomy":"category","embeddable":true,"href":"https:\/\/www.transgourmet.es\/ca\/wp-json\/wp\/v2\/categories?post=15532"},{"taxonomy":"post_tag","embeddable":true,"href":"https:\/\/www.transgourmet.es\/ca\/wp-json\/wp\/v2\/tags?post=15532"}],"curies":[{"name":"wp","href":"https:\/\/api.w.org\/{rel}","templated":true}]}}