{"id":15654,"date":"2024-04-02T11:42:19","date_gmt":"2024-04-02T09:42:19","guid":{"rendered":"https:\/\/www.transgourmet.es\/?p=15654"},"modified":"2024-04-02T16:19:24","modified_gmt":"2024-04-02T14:19:24","slug":"els-210-camions-ja-son-al-carrer","status":"publish","type":"post","link":"https:\/\/www.transgourmet.es\/ca\/blog\/els-210-camions-ja-son-al-carrer\/","title":{"rendered":"Els 210 camions ja s\u00f3n al carrer"},"content":{"rendered":"<p>Estem d\u2019estrena! Els nostres 210 camions propis ja circulen, distribuint a l\u2019hostaleria l\u2019assortiment de productes Transgourmet. I ben aviat comptarem amb 40 vehicles m\u00e9s.<\/p>\n<p>D\u2019aquesta manera, es refor\u00e7a la nostra l\u00ednia de Food Service perqu\u00e8 la nostra clientela rebi als seus negocis el producte quan el necessiti, en perfecte estat de conservaci\u00f3. De forma r\u00e0pida, c\u00f2moda i senzilla!<\/p>\n<p>Continuem avan\u00e7ant a tota velocitat!<\/p>\n","protected":false},"excerpt":{"rendered":"<p>Estem d\u2019estrena! Els nostres 210 camions propis ja circulen, distribuint a l\u2019hostaleria l\u2019assortiment de productes Transgourmet. I ben aviat comptarem amb 40 vehicles m\u00e9s. D\u2019aquesta manera, es refor\u00e7a la nostra l\u00ednia de Food Service perqu\u00e8 la nostra clientela rebi als seus negocis el producte quan el necessiti, en perfecte estat de conservaci\u00f3. De forma r\u00e0pida,&hellip;&nbsp;<\/p>\n","protected":false},"author":3,"featured_media":15598,"comment_status":"open","ping_status":"open","sticky":false,"template":"","format":"standard","meta":{"_acf_changed":false,"neve_meta_sidebar":"","neve_meta_container":"","neve_meta_enable_content_width":"off","neve_meta_content_width":70,"neve_meta_title_alignment":"","neve_meta_author_avatar":"","neve_post_elements_order":"","neve_meta_disable_header":"","neve_meta_disable_footer":"","neve_meta_disable_title":"","footnotes":""},"categories":[50],"tags":[],"class_list":["post-15654","post","type-post","status-publish","format-standard","has-post-thumbnail","hentry","category-newsletter-ca"],"acf":[],"yoast_head":"<!-- This site is optimized with the Yoast SEO plugin v27.4 - https:\/\/yoast.com\/product\/yoast-seo-wordpress\/ -->\n<title>Els 210 camions ja s\u00f3n al carrer | Transgourmet<\/title>\n<meta name=\"robots\" content=\"index, follow, max-snippet:-1, max-image-preview:large, max-video-preview:-1\" \/>\n<link rel=\"canonical\" href=\"https:\/\/www.transgourmet.es\/blog\/los-210-camiones-ya-estan-en-la-calle\/\" \/>\n<meta property=\"og:locale\" content=\"ca_ES\" \/>\n<meta property=\"og:type\" content=\"article\" \/>\n<meta property=\"og:title\" content=\"Els 210 camions ja s\u00f3n al carrer | Transgourmet\" \/>\n<meta property=\"og:description\" content=\"Estem d\u2019estrena! Els nostres 210 camions propis ja circulen, distribuint a l\u2019hostaleria l\u2019assortiment de productes Transgourmet. I ben aviat comptarem amb 40 vehicles m\u00e9s. D\u2019aquesta manera, es refor\u00e7a la nostra l\u00ednia de Food Service perqu\u00e8 la nostra clientela rebi als seus negocis el producte quan el necessiti, en perfecte estat de conservaci\u00f3. De forma r\u00e0pida,&hellip;&nbsp;\" \/>\n<meta property=\"og:url\" content=\"https:\/\/www.transgourmet.es\/blog\/los-210-camiones-ya-estan-en-la-calle\/\" \/>\n<meta property=\"og:site_name\" content=\"Transgourmet\" \/>\n<meta property=\"article:published_time\" content=\"2024-04-02T09:42:19+00:00\" \/>\n<meta property=\"article:modified_time\" content=\"2024-04-02T14:19:24+00:00\" \/>\n<meta property=\"og:image\" content=\"https:\/\/www.transgourmet.es\/wp-content\/uploads\/2024\/03\/TG_CamionsVilamalla_0023-scaled.jpg\" \/>\n\t<meta property=\"og:image:width\" content=\"2560\" \/>\n\t<meta property=\"og:image:height\" content=\"1707\" \/>\n\t<meta property=\"og:image:type\" content=\"image\/jpeg\" \/>\n<meta name=\"author\" content=\"Comunicacion\" \/>\n<meta name=\"twitter:card\" content=\"summary_large_image\" \/>\n<meta name=\"twitter:creator\" content=\"@transgourmet_es\" \/>\n<meta name=\"twitter:site\" content=\"@transgourmet_es\" \/>\n<meta name=\"twitter:label1\" content=\"Escrit per\" \/>\n\t<meta name=\"twitter:data1\" content=\"Comunicacion\" \/>\n\t<meta name=\"twitter:label2\" content=\"Temps estimat de lectura\" \/>\n\t<meta name=\"twitter:data2\" content=\"1 minut\" \/>\n<script type=\"application\/ld+json\" class=\"yoast-schema-graph\">{\"@context\":\"https:\\\/\\\/schema.org\",\"@graph\":[{\"@type\":\"Article\",\"@id\":\"https:\\\/\\\/www.transgourmet.es\\\/blog\\\/los-210-camiones-ya-estan-en-la-calle\\\/#article\",\"isPartOf\":{\"@id\":\"https:\\\/\\\/www.transgourmet.es\\\/blog\\\/los-210-camiones-ya-estan-en-la-calle\\\/\"},\"author\":{\"name\":\"Comunicacion\",\"@id\":\"https:\\\/\\\/www.transgourmet.es\\\/#\\\/schema\\\/person\\\/7558b42d44946cf43b85426e3e9260ff\"},\"headline\":\"Els 210 camions ja s\u00f3n al carrer\",\"datePublished\":\"2024-04-02T09:42:19+00:00\",\"dateModified\":\"2024-04-02T14:19:24+00:00\",\"mainEntityOfPage\":{\"@id\":\"https:\\\/\\\/www.transgourmet.es\\\/blog\\\/los-210-camiones-ya-estan-en-la-calle\\\/\"},\"wordCount\":78,\"commentCount\":0,\"publisher\":{\"@id\":\"https:\\\/\\\/www.transgourmet.es\\\/#organization\"},\"image\":{\"@id\":\"https:\\\/\\\/www.transgourmet.es\\\/blog\\\/los-210-camiones-ya-estan-en-la-calle\\\/#primaryimage\"},\"thumbnailUrl\":\"https:\\\/\\\/www.transgourmet.es\\\/wp-content\\\/uploads\\\/2024\\\/03\\\/TG_CamionsVilamalla_0023-scaled.jpg\",\"articleSection\":[\"Newsletter\"],\"inLanguage\":\"ca\",\"potentialAction\":[{\"@type\":\"CommentAction\",\"name\":\"Comment\",\"target\":[\"https:\\\/\\\/www.transgourmet.es\\\/blog\\\/los-210-camiones-ya-estan-en-la-calle\\\/#respond\"]}]},{\"@type\":\"WebPage\",\"@id\":\"https:\\\/\\\/www.transgourmet.es\\\/blog\\\/los-210-camiones-ya-estan-en-la-calle\\\/\",\"url\":\"https:\\\/\\\/www.transgourmet.es\\\/blog\\\/los-210-camiones-ya-estan-en-la-calle\\\/\",\"name\":\"Els 210 camions ja s\u00f3n al carrer | Transgourmet\",\"isPartOf\":{\"@id\":\"https:\\\/\\\/www.transgourmet.es\\\/#website\"},\"primaryImageOfPage\":{\"@id\":\"https:\\\/\\\/www.transgourmet.es\\\/blog\\\/los-210-camiones-ya-estan-en-la-calle\\\/#primaryimage\"},\"image\":{\"@id\":\"https:\\\/\\\/www.transgourmet.es\\\/blog\\\/los-210-camiones-ya-estan-en-la-calle\\\/#primaryimage\"},\"thumbnailUrl\":\"https:\\\/\\\/www.transgourmet.es\\\/wp-content\\\/uploads\\\/2024\\\/03\\\/TG_CamionsVilamalla_0023-scaled.jpg\",\"datePublished\":\"2024-04-02T09:42:19+00:00\",\"dateModified\":\"2024-04-02T14:19:24+00:00\",\"breadcrumb\":{\"@id\":\"https:\\\/\\\/www.transgourmet.es\\\/blog\\\/los-210-camiones-ya-estan-en-la-calle\\\/#breadcrumb\"},\"inLanguage\":\"ca\",\"potentialAction\":[{\"@type\":\"ReadAction\",\"target\":[\"https:\\\/\\\/www.transgourmet.es\\\/blog\\\/los-210-camiones-ya-estan-en-la-calle\\\/\"]}]},{\"@type\":\"ImageObject\",\"inLanguage\":\"ca\",\"@id\":\"https:\\\/\\\/www.transgourmet.es\\\/blog\\\/los-210-camiones-ya-estan-en-la-calle\\\/#primaryimage\",\"url\":\"https:\\\/\\\/www.transgourmet.es\\\/wp-content\\\/uploads\\\/2024\\\/03\\\/TG_CamionsVilamalla_0023-scaled.jpg\",\"contentUrl\":\"https:\\\/\\\/www.transgourmet.es\\\/wp-content\\\/uploads\\\/2024\\\/03\\\/TG_CamionsVilamalla_0023-scaled.jpg\",\"width\":2560,\"height\":1707},{\"@type\":\"BreadcrumbList\",\"@id\":\"https:\\\/\\\/www.transgourmet.es\\\/blog\\\/los-210-camiones-ya-estan-en-la-calle\\\/#breadcrumb\",\"itemListElement\":[{\"@type\":\"ListItem\",\"position\":1,\"name\":\"Portada\",\"item\":\"https:\\\/\\\/www.transgourmet.es\\\/ca\\\/\"},{\"@type\":\"ListItem\",\"position\":2,\"name\":\"Els 210 camions ja s\u00f3n al carrer\"}]},{\"@type\":\"WebSite\",\"@id\":\"https:\\\/\\\/www.transgourmet.es\\\/#website\",\"url\":\"https:\\\/\\\/www.transgourmet.es\\\/\",\"name\":\"Transgourmet\",\"description\":\"Distribuci\u00f3n mayorista de alimentaci\u00f3n en Espa\u00f1a\",\"publisher\":{\"@id\":\"https:\\\/\\\/www.transgourmet.es\\\/#organization\"},\"alternateName\":\"Grupo Transgourmet\",\"potentialAction\":[{\"@type\":\"SearchAction\",\"target\":{\"@type\":\"EntryPoint\",\"urlTemplate\":\"https:\\\/\\\/www.transgourmet.es\\\/?s={search_term_string}\"},\"query-input\":{\"@type\":\"PropertyValueSpecification\",\"valueRequired\":true,\"valueName\":\"search_term_string\"}}],\"inLanguage\":\"ca\"},{\"@type\":\"Organization\",\"@id\":\"https:\\\/\\\/www.transgourmet.es\\\/#organization\",\"name\":\"Transgourmet\",\"url\":\"https:\\\/\\\/www.transgourmet.es\\\/\",\"logo\":{\"@type\":\"ImageObject\",\"inLanguage\":\"ca\",\"@id\":\"https:\\\/\\\/www.transgourmet.es\\\/#\\\/schema\\\/logo\\\/image\\\/\",\"url\":\"https:\\\/\\\/www.transgourmet.es\\\/wp-content\\\/uploads\\\/2022\\\/08\\\/trans-vert.svg\",\"contentUrl\":\"https:\\\/\\\/www.transgourmet.es\\\/wp-content\\\/uploads\\\/2022\\\/08\\\/trans-vert.svg\",\"width\":296,\"height\":113,\"caption\":\"Transgourmet\"},\"image\":{\"@id\":\"https:\\\/\\\/www.transgourmet.es\\\/#\\\/schema\\\/logo\\\/image\\\/\"},\"sameAs\":[\"https:\\\/\\\/x.com\\\/transgourmet_es\",\"https:\\\/\\\/www.youtube.com\\\/c\\\/TransgourmetIberica\",\"https:\\\/\\\/www.linkedin.com\\\/company\\\/transgourmet-iberica\"]},{\"@type\":\"Person\",\"@id\":\"https:\\\/\\\/www.transgourmet.es\\\/#\\\/schema\\\/person\\\/7558b42d44946cf43b85426e3e9260ff\",\"name\":\"Comunicacion\",\"image\":{\"@type\":\"ImageObject\",\"inLanguage\":\"ca\",\"@id\":\"https:\\\/\\\/secure.gravatar.com\\\/avatar\\\/22ed58e86b6fa1d603bc37a456b3c1eead2a5b2dc754952f01bc759bba31e2f3?s=96&d=mm&r=g\",\"url\":\"https:\\\/\\\/secure.gravatar.com\\\/avatar\\\/22ed58e86b6fa1d603bc37a456b3c1eead2a5b2dc754952f01bc759bba31e2f3?s=96&d=mm&r=g\",\"contentUrl\":\"https:\\\/\\\/secure.gravatar.com\\\/avatar\\\/22ed58e86b6fa1d603bc37a456b3c1eead2a5b2dc754952f01bc759bba31e2f3?s=96&d=mm&r=g\",\"caption\":\"Comunicacion\"},\"sameAs\":[\"https:\\\/\\\/www.transgourmet.es\\\/\"]}]}<\/script>\n<!-- \/ Yoast SEO plugin. -->","yoast_head_json":{"title":"Els 210 camions ja s\u00f3n al carrer | Transgourmet","robots":{"index":"index","follow":"follow","max-snippet":"max-snippet:-1","max-image-preview":"max-image-preview:large","max-video-preview":"max-video-preview:-1"},"canonical":"https:\/\/www.transgourmet.es\/blog\/los-210-camiones-ya-estan-en-la-calle\/","og_locale":"ca_ES","og_type":"article","og_title":"Els 210 camions ja s\u00f3n al carrer | Transgourmet","og_description":"Estem d\u2019estrena! Els nostres 210 camions propis ja circulen, distribuint a l\u2019hostaleria l\u2019assortiment de productes Transgourmet. I ben aviat comptarem amb 40 vehicles m\u00e9s. D\u2019aquesta manera, es refor\u00e7a la nostra l\u00ednia de Food Service perqu\u00e8 la nostra clientela rebi als seus negocis el producte quan el necessiti, en perfecte estat de conservaci\u00f3. De forma r\u00e0pida,&hellip;&nbsp;","og_url":"https:\/\/www.transgourmet.es\/blog\/los-210-camiones-ya-estan-en-la-calle\/","og_site_name":"Transgourmet","article_published_time":"2024-04-02T09:42:19+00:00","article_modified_time":"2024-04-02T14:19:24+00:00","og_image":[{"width":2560,"height":1707,"url":"https:\/\/www.transgourmet.es\/wp-content\/uploads\/2024\/03\/TG_CamionsVilamalla_0023-scaled.jpg","type":"image\/jpeg"}],"author":"Comunicacion","twitter_card":"summary_large_image","twitter_creator":"@transgourmet_es","twitter_site":"@transgourmet_es","twitter_misc":{"Escrit per":"Comunicacion","Temps estimat de lectura":"1 minut"},"schema":{"@context":"https:\/\/schema.org","@graph":[{"@type":"Article","@id":"https:\/\/www.transgourmet.es\/blog\/los-210-camiones-ya-estan-en-la-calle\/#article","isPartOf":{"@id":"https:\/\/www.transgourmet.es\/blog\/los-210-camiones-ya-estan-en-la-calle\/"},"author":{"name":"Comunicacion","@id":"https:\/\/www.transgourmet.es\/#\/schema\/person\/7558b42d44946cf43b85426e3e9260ff"},"headline":"Els 210 camions ja s\u00f3n al carrer","datePublished":"2024-04-02T09:42:19+00:00","dateModified":"2024-04-02T14:19:24+00:00","mainEntityOfPage":{"@id":"https:\/\/www.transgourmet.es\/blog\/los-210-camiones-ya-estan-en-la-calle\/"},"wordCount":78,"commentCount":0,"publisher":{"@id":"https:\/\/www.transgourmet.es\/#organization"},"image":{"@id":"https:\/\/www.transgourmet.es\/blog\/los-210-camiones-ya-estan-en-la-calle\/#primaryimage"},"thumbnailUrl":"https:\/\/www.transgourmet.es\/wp-content\/uploads\/2024\/03\/TG_CamionsVilamalla_0023-scaled.jpg","articleSection":["Newsletter"],"inLanguage":"ca","potentialAction":[{"@type":"CommentAction","name":"Comment","target":["https:\/\/www.transgourmet.es\/blog\/los-210-camiones-ya-estan-en-la-calle\/#respond"]}]},{"@type":"WebPage","@id":"https:\/\/www.transgourmet.es\/blog\/los-210-camiones-ya-estan-en-la-calle\/","url":"https:\/\/www.transgourmet.es\/blog\/los-210-camiones-ya-estan-en-la-calle\/","name":"Els 210 camions ja s\u00f3n al carrer | Transgourmet","isPartOf":{"@id":"https:\/\/www.transgourmet.es\/#website"},"primaryImageOfPage":{"@id":"https:\/\/www.transgourmet.es\/blog\/los-210-camiones-ya-estan-en-la-calle\/#primaryimage"},"image":{"@id":"https:\/\/www.transgourmet.es\/blog\/los-210-camiones-ya-estan-en-la-calle\/#primaryimage"},"thumbnailUrl":"https:\/\/www.transgourmet.es\/wp-content\/uploads\/2024\/03\/TG_CamionsVilamalla_0023-scaled.jpg","datePublished":"2024-04-02T09:42:19+00:00","dateModified":"2024-04-02T14:19:24+00:00","breadcrumb":{"@id":"https:\/\/www.transgourmet.es\/blog\/los-210-camiones-ya-estan-en-la-calle\/#breadcrumb"},"inLanguage":"ca","potentialAction":[{"@type":"ReadAction","target":["https:\/\/www.transgourmet.es\/blog\/los-210-camiones-ya-estan-en-la-calle\/"]}]},{"@type":"ImageObject","inLanguage":"ca","@id":"https:\/\/www.transgourmet.es\/blog\/los-210-camiones-ya-estan-en-la-calle\/#primaryimage","url":"https:\/\/www.transgourmet.es\/wp-content\/uploads\/2024\/03\/TG_CamionsVilamalla_0023-scaled.jpg","contentUrl":"https:\/\/www.transgourmet.es\/wp-content\/uploads\/2024\/03\/TG_CamionsVilamalla_0023-scaled.jpg","width":2560,"height":1707},{"@type":"BreadcrumbList","@id":"https:\/\/www.transgourmet.es\/blog\/los-210-camiones-ya-estan-en-la-calle\/#breadcrumb","itemListElement":[{"@type":"ListItem","position":1,"name":"Portada","item":"https:\/\/www.transgourmet.es\/ca\/"},{"@type":"ListItem","position":2,"name":"Els 210 camions ja s\u00f3n al carrer"}]},{"@type":"WebSite","@id":"https:\/\/www.transgourmet.es\/#website","url":"https:\/\/www.transgourmet.es\/","name":"Transgourmet","description":"Distribuci\u00f3n mayorista de alimentaci\u00f3n en Espa\u00f1a","publisher":{"@id":"https:\/\/www.transgourmet.es\/#organization"},"alternateName":"Grupo Transgourmet","potentialAction":[{"@type":"SearchAction","target":{"@type":"EntryPoint","urlTemplate":"https:\/\/www.transgourmet.es\/?s={search_term_string}"},"query-input":{"@type":"PropertyValueSpecification","valueRequired":true,"valueName":"search_term_string"}}],"inLanguage":"ca"},{"@type":"Organization","@id":"https:\/\/www.transgourmet.es\/#organization","name":"Transgourmet","url":"https:\/\/www.transgourmet.es\/","logo":{"@type":"ImageObject","inLanguage":"ca","@id":"https:\/\/www.transgourmet.es\/#\/schema\/logo\/image\/","url":"https:\/\/www.transgourmet.es\/wp-content\/uploads\/2022\/08\/trans-vert.svg","contentUrl":"https:\/\/www.transgourmet.es\/wp-content\/uploads\/2022\/08\/trans-vert.svg","width":296,"height":113,"caption":"Transgourmet"},"image":{"@id":"https:\/\/www.transgourmet.es\/#\/schema\/logo\/image\/"},"sameAs":["https:\/\/x.com\/transgourmet_es","https:\/\/www.youtube.com\/c\/TransgourmetIberica","https:\/\/www.linkedin.com\/company\/transgourmet-iberica"]},{"@type":"Person","@id":"https:\/\/www.transgourmet.es\/#\/schema\/person\/7558b42d44946cf43b85426e3e9260ff","name":"Comunicacion","image":{"@type":"ImageObject","inLanguage":"ca","@id":"https:\/\/secure.gravatar.com\/avatar\/22ed58e86b6fa1d603bc37a456b3c1eead2a5b2dc754952f01bc759bba31e2f3?s=96&d=mm&r=g","url":"https:\/\/secure.gravatar.com\/avatar\/22ed58e86b6fa1d603bc37a456b3c1eead2a5b2dc754952f01bc759bba31e2f3?s=96&d=mm&r=g","contentUrl":"https:\/\/secure.gravatar.com\/avatar\/22ed58e86b6fa1d603bc37a456b3c1eead2a5b2dc754952f01bc759bba31e2f3?s=96&d=mm&r=g","caption":"Comunicacion"},"sameAs":["https:\/\/www.transgourmet.es\/"]}]}},"_links":{"self":[{"href":"https:\/\/www.transgourmet.es\/ca\/wp-json\/wp\/v2\/posts\/15654","targetHints":{"allow":["GET"]}}],"collection":[{"href":"https:\/\/www.transgourmet.es\/ca\/wp-json\/wp\/v2\/posts"}],"about":[{"href":"https:\/\/www.transgourmet.es\/ca\/wp-json\/wp\/v2\/types\/post"}],"author":[{"embeddable":true,"href":"https:\/\/www.transgourmet.es\/ca\/wp-json\/wp\/v2\/users\/3"}],"replies":[{"embeddable":true,"href":"https:\/\/www.transgourmet.es\/ca\/wp-json\/wp\/v2\/comments?post=15654"}],"version-history":[{"count":3,"href":"https:\/\/www.transgourmet.es\/ca\/wp-json\/wp\/v2\/posts\/15654\/revisions"}],"predecessor-version":[{"id":15670,"href":"https:\/\/www.transgourmet.es\/ca\/wp-json\/wp\/v2\/posts\/15654\/revisions\/15670"}],"wp:featuredmedia":[{"embeddable":true,"href":"https:\/\/www.transgourmet.es\/ca\/wp-json\/wp\/v2\/media\/15598"}],"wp:attachment":[{"href":"https:\/\/www.transgourmet.es\/ca\/wp-json\/wp\/v2\/media?parent=15654"}],"wp:term":[{"taxonomy":"category","embeddable":true,"href":"https:\/\/www.transgourmet.es\/ca\/wp-json\/wp\/v2\/categories?post=15654"},{"taxonomy":"post_tag","embeddable":true,"href":"https:\/\/www.transgourmet.es\/ca\/wp-json\/wp\/v2\/tags?post=15654"}],"curies":[{"name":"wp","href":"https:\/\/api.w.org\/{rel}","templated":true}]}}