{"id":15665,"date":"2024-04-03T11:39:05","date_gmt":"2024-04-03T09:39:05","guid":{"rendered":"https:\/\/www.transgourmet.es\/?p=15665"},"modified":"2024-04-03T11:39:21","modified_gmt":"2024-04-03T09:39:21","slug":"transgourmet-incorpora-10-nous-supermercats-franquiciats-durant-el-primer-trimestre","status":"publish","type":"post","link":"https:\/\/www.transgourmet.es\/ca\/blog\/transgourmet-incorpora-10-nous-supermercats-franquiciats-durant-el-primer-trimestre\/","title":{"rendered":"Transgourmet incorpora 10 nous supermercats franquiciats durant el primer trimestre"},"content":{"rendered":"<p>Transgourmet Ib\u00e8rica, referent de la distribuci\u00f3 a l\u2019hostaleria i del supermercat de proximitat, ha obert 5 supermercats franquiciats m\u00e9s el mes de mar\u00e7. Amb aquests, s\u00f3n 10 els nous establiments que ha incorporat durant el primer trimestre de l\u2019any.<\/p>\n<p>Amb les ensenyes Suma, Proxim i Spar, el mar\u00e7 la companyia ha inaugurat 2 supermercats a Balears (a l\u2019illa d\u2019Eivissa), 1 a Catalunya (a la demarcaci\u00f3 de Girona), 1 a Arag\u00f3 (a la prov\u00edncia d\u2019Osca) i 1 a Castella \u2013 la Manxa (a la prov\u00edncia de Toledo). En total, els nous establiments han creat 16 llocs de treball i sumen una superf\u00edcie de vendes de 1.183 m<sup>2<\/sup>.<\/p>\n<p>Els 10 establiments incorporats des de gener es localitzen a Catalunya (2 a la demarcaci\u00f3 de Girona, 1 a la de Barcelona i 1 a la de Lleida), Balears (2 a l\u2019illa d\u2019Eivissa i 2 a la de Mallorca), Arag\u00f3 (1 a la prov\u00edncia d\u2019Osca) i Castella \u2013 la Manxa (1 a la prov\u00edncia de Toledo). Per ensenya, es tracta de 7 supermercats Suma, 2 Proxim i 1 Spar, que en total han generat 36 llocs de treball i sumen una superf\u00edcie de vendes de 2.043 m<sup>2<\/sup>.<\/p>\n<p>La companyia continua la seva aposta pel comer\u00e7 de proximitat amb aquestes obertures que responen als seus pilars estrat\u00e8gics: negoci de proximitat, relaci\u00f3 personal amb els clients, productes de quil\u00f2metre zero, seccions especialitzades, professionalitat, digitalitzaci\u00f3, solucions innovadores per al consumidor, \u00e0mplia varietat de serveis i rendibilitat.<\/p>\n<p>En l\u2019actualitat, Transgourmet acumula prop de 800 franqu\u00edcies repartides en 15 comunitats aut\u00f2nomes amb les marques Suma, Proxim i Spar, aquestes \u00faltimes a les demarcacions de Barcelona i Girona.<\/p>\n<p><strong>SOBRE TRANSGOURMET IB\u00c8RICA<\/strong><\/p>\n<p>Transgourmet Ib\u00e8rica \u00e9s propietat del grup su\u00eds Transgourmet, la segona empresa de distribuci\u00f3 majorista d\u2019Europa que, al seu torn, pertany al grup Coop. Actualment compta amb 5 plataformes de distribuci\u00f3 repartides per tot Espanya i \u00e9s referent en el sector horeca amb GM Cash-Gros Mercat, la seva ensenya de <em>cash&amp;carry<\/em> \u2014que compr\u00e8n 70 centres con 28 gasolineres GM Oil\u2014, i la divisi\u00f3 de Food Service.<\/p>\n<p>L\u2019empresa tamb\u00e9 compta amb la seva l\u00ednia de Retail, amb prop de 800 supermercats franquiciats amb les ensenyes Suma, Proxim i Spar, i amb m\u00e9s de 2.000 clients independents.<\/p>\n","protected":false},"excerpt":{"rendered":"<p>Transgourmet Ib\u00e8rica, referent de la distribuci\u00f3 a l\u2019hostaleria i del supermercat de proximitat, ha obert 5 supermercats franquiciats m\u00e9s el mes de mar\u00e7. Amb aquests, s\u00f3n 10 els nous establiments que ha incorporat durant el primer trimestre de l\u2019any. Amb les ensenyes Suma, Proxim i Spar, el mar\u00e7 la companyia ha inaugurat 2 supermercats a&hellip;&nbsp;<\/p>\n","protected":false},"author":3,"featured_media":15662,"comment_status":"open","ping_status":"open","sticky":false,"template":"","format":"standard","meta":{"_acf_changed":false,"neve_meta_sidebar":"","neve_meta_container":"","neve_meta_enable_content_width":"off","neve_meta_content_width":100,"neve_meta_title_alignment":"","neve_meta_author_avatar":"","neve_post_elements_order":"","neve_meta_disable_header":"","neve_meta_disable_footer":"","neve_meta_disable_title":"","footnotes":""},"categories":[40],"tags":[],"class_list":["post-15665","post","type-post","status-publish","format-standard","has-post-thumbnail","hentry","category-supermercats"],"acf":[],"yoast_head":"<!-- This site is optimized with the Yoast SEO plugin v27.4 - https:\/\/yoast.com\/product\/yoast-seo-wordpress\/ -->\n<title>Transgourmet incorpora 10 nous supermercats franquiciats durant el primer trimestre | Transgourmet<\/title>\n<meta name=\"robots\" content=\"index, follow, max-snippet:-1, max-image-preview:large, max-video-preview:-1\" \/>\n<link rel=\"canonical\" href=\"https:\/\/www.transgourmet.es\/ca\/blog\/transgourmet-incorpora-10-nous-supermercats-franquiciats-durant-el-primer-trimestre\/\" \/>\n<meta property=\"og:locale\" content=\"ca_ES\" \/>\n<meta property=\"og:type\" content=\"article\" \/>\n<meta property=\"og:title\" content=\"Transgourmet incorpora 10 nous supermercats franquiciats durant el primer trimestre | Transgourmet\" \/>\n<meta property=\"og:description\" content=\"Transgourmet Ib\u00e8rica, referent de la distribuci\u00f3 a l\u2019hostaleria i del supermercat de proximitat, ha obert 5 supermercats franquiciats m\u00e9s el mes de mar\u00e7. Amb aquests, s\u00f3n 10 els nous establiments que ha incorporat durant el primer trimestre de l\u2019any. Amb les ensenyes Suma, Proxim i Spar, el mar\u00e7 la companyia ha inaugurat 2 supermercats a&hellip;&nbsp;\" \/>\n<meta property=\"og:url\" content=\"https:\/\/www.transgourmet.es\/ca\/blog\/transgourmet-incorpora-10-nous-supermercats-franquiciats-durant-el-primer-trimestre\/\" \/>\n<meta property=\"og:site_name\" content=\"Transgourmet\" \/>\n<meta property=\"article:published_time\" content=\"2024-04-03T09:39:05+00:00\" \/>\n<meta property=\"article:modified_time\" content=\"2024-04-03T09:39:21+00:00\" \/>\n<meta property=\"og:image\" content=\"https:\/\/www.transgourmet.es\/wp-content\/uploads\/2024\/04\/SupermercadoSuma.jpg\" \/>\n\t<meta property=\"og:image:width\" content=\"1600\" \/>\n\t<meta property=\"og:image:height\" content=\"975\" \/>\n\t<meta property=\"og:image:type\" content=\"image\/jpeg\" \/>\n<meta name=\"author\" content=\"Comunicacion\" \/>\n<meta name=\"twitter:card\" content=\"summary_large_image\" \/>\n<meta name=\"twitter:creator\" content=\"@transgourmet_es\" \/>\n<meta name=\"twitter:site\" content=\"@transgourmet_es\" \/>\n<meta name=\"twitter:label1\" content=\"Escrit per\" \/>\n\t<meta name=\"twitter:data1\" content=\"Comunicacion\" \/>\n\t<meta name=\"twitter:label2\" content=\"Temps estimat de lectura\" \/>\n\t<meta name=\"twitter:data2\" content=\"2 minuts\" \/>\n<script type=\"application\/ld+json\" class=\"yoast-schema-graph\">{\"@context\":\"https:\\\/\\\/schema.org\",\"@graph\":[{\"@type\":\"Article\",\"@id\":\"https:\\\/\\\/www.transgourmet.es\\\/ca\\\/blog\\\/transgourmet-incorpora-10-nous-supermercats-franquiciats-durant-el-primer-trimestre\\\/#article\",\"isPartOf\":{\"@id\":\"https:\\\/\\\/www.transgourmet.es\\\/ca\\\/blog\\\/transgourmet-incorpora-10-nous-supermercats-franquiciats-durant-el-primer-trimestre\\\/\"},\"author\":{\"name\":\"Comunicacion\",\"@id\":\"https:\\\/\\\/www.transgourmet.es\\\/#\\\/schema\\\/person\\\/7558b42d44946cf43b85426e3e9260ff\"},\"headline\":\"Transgourmet incorpora 10 nous supermercats franquiciats durant el primer trimestre\",\"datePublished\":\"2024-04-03T09:39:05+00:00\",\"dateModified\":\"2024-04-03T09:39:21+00:00\",\"mainEntityOfPage\":{\"@id\":\"https:\\\/\\\/www.transgourmet.es\\\/ca\\\/blog\\\/transgourmet-incorpora-10-nous-supermercats-franquiciats-durant-el-primer-trimestre\\\/\"},\"wordCount\":376,\"commentCount\":0,\"publisher\":{\"@id\":\"https:\\\/\\\/www.transgourmet.es\\\/#organization\"},\"image\":{\"@id\":\"https:\\\/\\\/www.transgourmet.es\\\/ca\\\/blog\\\/transgourmet-incorpora-10-nous-supermercats-franquiciats-durant-el-primer-trimestre\\\/#primaryimage\"},\"thumbnailUrl\":\"https:\\\/\\\/www.transgourmet.es\\\/wp-content\\\/uploads\\\/2024\\\/04\\\/SupermercadoSuma.jpg\",\"articleSection\":[\"Supermercats\"],\"inLanguage\":\"ca\",\"potentialAction\":[{\"@type\":\"CommentAction\",\"name\":\"Comment\",\"target\":[\"https:\\\/\\\/www.transgourmet.es\\\/ca\\\/blog\\\/transgourmet-incorpora-10-nous-supermercats-franquiciats-durant-el-primer-trimestre\\\/#respond\"]}]},{\"@type\":\"WebPage\",\"@id\":\"https:\\\/\\\/www.transgourmet.es\\\/ca\\\/blog\\\/transgourmet-incorpora-10-nous-supermercats-franquiciats-durant-el-primer-trimestre\\\/\",\"url\":\"https:\\\/\\\/www.transgourmet.es\\\/ca\\\/blog\\\/transgourmet-incorpora-10-nous-supermercats-franquiciats-durant-el-primer-trimestre\\\/\",\"name\":\"Transgourmet incorpora 10 nous supermercats franquiciats durant el primer trimestre | Transgourmet\",\"isPartOf\":{\"@id\":\"https:\\\/\\\/www.transgourmet.es\\\/#website\"},\"primaryImageOfPage\":{\"@id\":\"https:\\\/\\\/www.transgourmet.es\\\/ca\\\/blog\\\/transgourmet-incorpora-10-nous-supermercats-franquiciats-durant-el-primer-trimestre\\\/#primaryimage\"},\"image\":{\"@id\":\"https:\\\/\\\/www.transgourmet.es\\\/ca\\\/blog\\\/transgourmet-incorpora-10-nous-supermercats-franquiciats-durant-el-primer-trimestre\\\/#primaryimage\"},\"thumbnailUrl\":\"https:\\\/\\\/www.transgourmet.es\\\/wp-content\\\/uploads\\\/2024\\\/04\\\/SupermercadoSuma.jpg\",\"datePublished\":\"2024-04-03T09:39:05+00:00\",\"dateModified\":\"2024-04-03T09:39:21+00:00\",\"breadcrumb\":{\"@id\":\"https:\\\/\\\/www.transgourmet.es\\\/ca\\\/blog\\\/transgourmet-incorpora-10-nous-supermercats-franquiciats-durant-el-primer-trimestre\\\/#breadcrumb\"},\"inLanguage\":\"ca\",\"potentialAction\":[{\"@type\":\"ReadAction\",\"target\":[\"https:\\\/\\\/www.transgourmet.es\\\/ca\\\/blog\\\/transgourmet-incorpora-10-nous-supermercats-franquiciats-durant-el-primer-trimestre\\\/\"]}]},{\"@type\":\"ImageObject\",\"inLanguage\":\"ca\",\"@id\":\"https:\\\/\\\/www.transgourmet.es\\\/ca\\\/blog\\\/transgourmet-incorpora-10-nous-supermercats-franquiciats-durant-el-primer-trimestre\\\/#primaryimage\",\"url\":\"https:\\\/\\\/www.transgourmet.es\\\/wp-content\\\/uploads\\\/2024\\\/04\\\/SupermercadoSuma.jpg\",\"contentUrl\":\"https:\\\/\\\/www.transgourmet.es\\\/wp-content\\\/uploads\\\/2024\\\/04\\\/SupermercadoSuma.jpg\",\"width\":1600,\"height\":975},{\"@type\":\"BreadcrumbList\",\"@id\":\"https:\\\/\\\/www.transgourmet.es\\\/ca\\\/blog\\\/transgourmet-incorpora-10-nous-supermercats-franquiciats-durant-el-primer-trimestre\\\/#breadcrumb\",\"itemListElement\":[{\"@type\":\"ListItem\",\"position\":1,\"name\":\"Portada\",\"item\":\"https:\\\/\\\/www.transgourmet.es\\\/ca\\\/\"},{\"@type\":\"ListItem\",\"position\":2,\"name\":\"Transgourmet incorpora 10 nous supermercats franquiciats durant el primer trimestre\"}]},{\"@type\":\"WebSite\",\"@id\":\"https:\\\/\\\/www.transgourmet.es\\\/#website\",\"url\":\"https:\\\/\\\/www.transgourmet.es\\\/\",\"name\":\"Transgourmet\",\"description\":\"Distribuci\u00f3n mayorista de alimentaci\u00f3n en Espa\u00f1a\",\"publisher\":{\"@id\":\"https:\\\/\\\/www.transgourmet.es\\\/#organization\"},\"alternateName\":\"Grupo Transgourmet\",\"potentialAction\":[{\"@type\":\"SearchAction\",\"target\":{\"@type\":\"EntryPoint\",\"urlTemplate\":\"https:\\\/\\\/www.transgourmet.es\\\/?s={search_term_string}\"},\"query-input\":{\"@type\":\"PropertyValueSpecification\",\"valueRequired\":true,\"valueName\":\"search_term_string\"}}],\"inLanguage\":\"ca\"},{\"@type\":\"Organization\",\"@id\":\"https:\\\/\\\/www.transgourmet.es\\\/#organization\",\"name\":\"Transgourmet\",\"url\":\"https:\\\/\\\/www.transgourmet.es\\\/\",\"logo\":{\"@type\":\"ImageObject\",\"inLanguage\":\"ca\",\"@id\":\"https:\\\/\\\/www.transgourmet.es\\\/#\\\/schema\\\/logo\\\/image\\\/\",\"url\":\"https:\\\/\\\/www.transgourmet.es\\\/wp-content\\\/uploads\\\/2022\\\/08\\\/trans-vert.svg\",\"contentUrl\":\"https:\\\/\\\/www.transgourmet.es\\\/wp-content\\\/uploads\\\/2022\\\/08\\\/trans-vert.svg\",\"width\":296,\"height\":113,\"caption\":\"Transgourmet\"},\"image\":{\"@id\":\"https:\\\/\\\/www.transgourmet.es\\\/#\\\/schema\\\/logo\\\/image\\\/\"},\"sameAs\":[\"https:\\\/\\\/x.com\\\/transgourmet_es\",\"https:\\\/\\\/www.youtube.com\\\/c\\\/TransgourmetIberica\",\"https:\\\/\\\/www.linkedin.com\\\/company\\\/transgourmet-iberica\"]},{\"@type\":\"Person\",\"@id\":\"https:\\\/\\\/www.transgourmet.es\\\/#\\\/schema\\\/person\\\/7558b42d44946cf43b85426e3e9260ff\",\"name\":\"Comunicacion\",\"image\":{\"@type\":\"ImageObject\",\"inLanguage\":\"ca\",\"@id\":\"https:\\\/\\\/secure.gravatar.com\\\/avatar\\\/22ed58e86b6fa1d603bc37a456b3c1eead2a5b2dc754952f01bc759bba31e2f3?s=96&d=mm&r=g\",\"url\":\"https:\\\/\\\/secure.gravatar.com\\\/avatar\\\/22ed58e86b6fa1d603bc37a456b3c1eead2a5b2dc754952f01bc759bba31e2f3?s=96&d=mm&r=g\",\"contentUrl\":\"https:\\\/\\\/secure.gravatar.com\\\/avatar\\\/22ed58e86b6fa1d603bc37a456b3c1eead2a5b2dc754952f01bc759bba31e2f3?s=96&d=mm&r=g\",\"caption\":\"Comunicacion\"},\"sameAs\":[\"https:\\\/\\\/www.transgourmet.es\\\/\"]}]}<\/script>\n<!-- \/ Yoast SEO plugin. -->","yoast_head_json":{"title":"Transgourmet incorpora 10 nous supermercats franquiciats durant el primer trimestre | Transgourmet","robots":{"index":"index","follow":"follow","max-snippet":"max-snippet:-1","max-image-preview":"max-image-preview:large","max-video-preview":"max-video-preview:-1"},"canonical":"https:\/\/www.transgourmet.es\/ca\/blog\/transgourmet-incorpora-10-nous-supermercats-franquiciats-durant-el-primer-trimestre\/","og_locale":"ca_ES","og_type":"article","og_title":"Transgourmet incorpora 10 nous supermercats franquiciats durant el primer trimestre | Transgourmet","og_description":"Transgourmet Ib\u00e8rica, referent de la distribuci\u00f3 a l\u2019hostaleria i del supermercat de proximitat, ha obert 5 supermercats franquiciats m\u00e9s el mes de mar\u00e7. Amb aquests, s\u00f3n 10 els nous establiments que ha incorporat durant el primer trimestre de l\u2019any. Amb les ensenyes Suma, Proxim i Spar, el mar\u00e7 la companyia ha inaugurat 2 supermercats a&hellip;&nbsp;","og_url":"https:\/\/www.transgourmet.es\/ca\/blog\/transgourmet-incorpora-10-nous-supermercats-franquiciats-durant-el-primer-trimestre\/","og_site_name":"Transgourmet","article_published_time":"2024-04-03T09:39:05+00:00","article_modified_time":"2024-04-03T09:39:21+00:00","og_image":[{"width":1600,"height":975,"url":"https:\/\/www.transgourmet.es\/wp-content\/uploads\/2024\/04\/SupermercadoSuma.jpg","type":"image\/jpeg"}],"author":"Comunicacion","twitter_card":"summary_large_image","twitter_creator":"@transgourmet_es","twitter_site":"@transgourmet_es","twitter_misc":{"Escrit per":"Comunicacion","Temps estimat de lectura":"2 minuts"},"schema":{"@context":"https:\/\/schema.org","@graph":[{"@type":"Article","@id":"https:\/\/www.transgourmet.es\/ca\/blog\/transgourmet-incorpora-10-nous-supermercats-franquiciats-durant-el-primer-trimestre\/#article","isPartOf":{"@id":"https:\/\/www.transgourmet.es\/ca\/blog\/transgourmet-incorpora-10-nous-supermercats-franquiciats-durant-el-primer-trimestre\/"},"author":{"name":"Comunicacion","@id":"https:\/\/www.transgourmet.es\/#\/schema\/person\/7558b42d44946cf43b85426e3e9260ff"},"headline":"Transgourmet incorpora 10 nous supermercats franquiciats durant el primer trimestre","datePublished":"2024-04-03T09:39:05+00:00","dateModified":"2024-04-03T09:39:21+00:00","mainEntityOfPage":{"@id":"https:\/\/www.transgourmet.es\/ca\/blog\/transgourmet-incorpora-10-nous-supermercats-franquiciats-durant-el-primer-trimestre\/"},"wordCount":376,"commentCount":0,"publisher":{"@id":"https:\/\/www.transgourmet.es\/#organization"},"image":{"@id":"https:\/\/www.transgourmet.es\/ca\/blog\/transgourmet-incorpora-10-nous-supermercats-franquiciats-durant-el-primer-trimestre\/#primaryimage"},"thumbnailUrl":"https:\/\/www.transgourmet.es\/wp-content\/uploads\/2024\/04\/SupermercadoSuma.jpg","articleSection":["Supermercats"],"inLanguage":"ca","potentialAction":[{"@type":"CommentAction","name":"Comment","target":["https:\/\/www.transgourmet.es\/ca\/blog\/transgourmet-incorpora-10-nous-supermercats-franquiciats-durant-el-primer-trimestre\/#respond"]}]},{"@type":"WebPage","@id":"https:\/\/www.transgourmet.es\/ca\/blog\/transgourmet-incorpora-10-nous-supermercats-franquiciats-durant-el-primer-trimestre\/","url":"https:\/\/www.transgourmet.es\/ca\/blog\/transgourmet-incorpora-10-nous-supermercats-franquiciats-durant-el-primer-trimestre\/","name":"Transgourmet incorpora 10 nous supermercats franquiciats durant el primer trimestre | Transgourmet","isPartOf":{"@id":"https:\/\/www.transgourmet.es\/#website"},"primaryImageOfPage":{"@id":"https:\/\/www.transgourmet.es\/ca\/blog\/transgourmet-incorpora-10-nous-supermercats-franquiciats-durant-el-primer-trimestre\/#primaryimage"},"image":{"@id":"https:\/\/www.transgourmet.es\/ca\/blog\/transgourmet-incorpora-10-nous-supermercats-franquiciats-durant-el-primer-trimestre\/#primaryimage"},"thumbnailUrl":"https:\/\/www.transgourmet.es\/wp-content\/uploads\/2024\/04\/SupermercadoSuma.jpg","datePublished":"2024-04-03T09:39:05+00:00","dateModified":"2024-04-03T09:39:21+00:00","breadcrumb":{"@id":"https:\/\/www.transgourmet.es\/ca\/blog\/transgourmet-incorpora-10-nous-supermercats-franquiciats-durant-el-primer-trimestre\/#breadcrumb"},"inLanguage":"ca","potentialAction":[{"@type":"ReadAction","target":["https:\/\/www.transgourmet.es\/ca\/blog\/transgourmet-incorpora-10-nous-supermercats-franquiciats-durant-el-primer-trimestre\/"]}]},{"@type":"ImageObject","inLanguage":"ca","@id":"https:\/\/www.transgourmet.es\/ca\/blog\/transgourmet-incorpora-10-nous-supermercats-franquiciats-durant-el-primer-trimestre\/#primaryimage","url":"https:\/\/www.transgourmet.es\/wp-content\/uploads\/2024\/04\/SupermercadoSuma.jpg","contentUrl":"https:\/\/www.transgourmet.es\/wp-content\/uploads\/2024\/04\/SupermercadoSuma.jpg","width":1600,"height":975},{"@type":"BreadcrumbList","@id":"https:\/\/www.transgourmet.es\/ca\/blog\/transgourmet-incorpora-10-nous-supermercats-franquiciats-durant-el-primer-trimestre\/#breadcrumb","itemListElement":[{"@type":"ListItem","position":1,"name":"Portada","item":"https:\/\/www.transgourmet.es\/ca\/"},{"@type":"ListItem","position":2,"name":"Transgourmet incorpora 10 nous supermercats franquiciats durant el primer trimestre"}]},{"@type":"WebSite","@id":"https:\/\/www.transgourmet.es\/#website","url":"https:\/\/www.transgourmet.es\/","name":"Transgourmet","description":"Distribuci\u00f3n mayorista de alimentaci\u00f3n en Espa\u00f1a","publisher":{"@id":"https:\/\/www.transgourmet.es\/#organization"},"alternateName":"Grupo Transgourmet","potentialAction":[{"@type":"SearchAction","target":{"@type":"EntryPoint","urlTemplate":"https:\/\/www.transgourmet.es\/?s={search_term_string}"},"query-input":{"@type":"PropertyValueSpecification","valueRequired":true,"valueName":"search_term_string"}}],"inLanguage":"ca"},{"@type":"Organization","@id":"https:\/\/www.transgourmet.es\/#organization","name":"Transgourmet","url":"https:\/\/www.transgourmet.es\/","logo":{"@type":"ImageObject","inLanguage":"ca","@id":"https:\/\/www.transgourmet.es\/#\/schema\/logo\/image\/","url":"https:\/\/www.transgourmet.es\/wp-content\/uploads\/2022\/08\/trans-vert.svg","contentUrl":"https:\/\/www.transgourmet.es\/wp-content\/uploads\/2022\/08\/trans-vert.svg","width":296,"height":113,"caption":"Transgourmet"},"image":{"@id":"https:\/\/www.transgourmet.es\/#\/schema\/logo\/image\/"},"sameAs":["https:\/\/x.com\/transgourmet_es","https:\/\/www.youtube.com\/c\/TransgourmetIberica","https:\/\/www.linkedin.com\/company\/transgourmet-iberica"]},{"@type":"Person","@id":"https:\/\/www.transgourmet.es\/#\/schema\/person\/7558b42d44946cf43b85426e3e9260ff","name":"Comunicacion","image":{"@type":"ImageObject","inLanguage":"ca","@id":"https:\/\/secure.gravatar.com\/avatar\/22ed58e86b6fa1d603bc37a456b3c1eead2a5b2dc754952f01bc759bba31e2f3?s=96&d=mm&r=g","url":"https:\/\/secure.gravatar.com\/avatar\/22ed58e86b6fa1d603bc37a456b3c1eead2a5b2dc754952f01bc759bba31e2f3?s=96&d=mm&r=g","contentUrl":"https:\/\/secure.gravatar.com\/avatar\/22ed58e86b6fa1d603bc37a456b3c1eead2a5b2dc754952f01bc759bba31e2f3?s=96&d=mm&r=g","caption":"Comunicacion"},"sameAs":["https:\/\/www.transgourmet.es\/"]}]}},"_links":{"self":[{"href":"https:\/\/www.transgourmet.es\/ca\/wp-json\/wp\/v2\/posts\/15665","targetHints":{"allow":["GET"]}}],"collection":[{"href":"https:\/\/www.transgourmet.es\/ca\/wp-json\/wp\/v2\/posts"}],"about":[{"href":"https:\/\/www.transgourmet.es\/ca\/wp-json\/wp\/v2\/types\/post"}],"author":[{"embeddable":true,"href":"https:\/\/www.transgourmet.es\/ca\/wp-json\/wp\/v2\/users\/3"}],"replies":[{"embeddable":true,"href":"https:\/\/www.transgourmet.es\/ca\/wp-json\/wp\/v2\/comments?post=15665"}],"version-history":[{"count":4,"href":"https:\/\/www.transgourmet.es\/ca\/wp-json\/wp\/v2\/posts\/15665\/revisions"}],"predecessor-version":[{"id":15679,"href":"https:\/\/www.transgourmet.es\/ca\/wp-json\/wp\/v2\/posts\/15665\/revisions\/15679"}],"wp:featuredmedia":[{"embeddable":true,"href":"https:\/\/www.transgourmet.es\/ca\/wp-json\/wp\/v2\/media\/15662"}],"wp:attachment":[{"href":"https:\/\/www.transgourmet.es\/ca\/wp-json\/wp\/v2\/media?parent=15665"}],"wp:term":[{"taxonomy":"category","embeddable":true,"href":"https:\/\/www.transgourmet.es\/ca\/wp-json\/wp\/v2\/categories?post=15665"},{"taxonomy":"post_tag","embeddable":true,"href":"https:\/\/www.transgourmet.es\/ca\/wp-json\/wp\/v2\/tags?post=15665"}],"curies":[{"name":"wp","href":"https:\/\/api.w.org\/{rel}","templated":true}]}}