{"id":15800,"date":"2024-05-15T13:53:25","date_gmt":"2024-05-15T11:53:25","guid":{"rendered":"https:\/\/www.transgourmet.es\/?p=15800"},"modified":"2024-05-15T14:00:04","modified_gmt":"2024-05-15T12:00:04","slug":"sestrena-la-casa-que-transgourmet-ha-financat-a-portaventura-per-a-menors-malalts","status":"publish","type":"post","link":"https:\/\/www.transgourmet.es\/ca\/blog\/sestrena-la-casa-que-transgourmet-ha-financat-a-portaventura-per-a-menors-malalts\/","title":{"rendered":"S\u2019estrena la casa que Transgourmet ha finan\u00e7at a PortAventura per a menors malalts"},"content":{"rendered":"<p>Transgourmet Ib\u00e8rica, referent de la distribuci\u00f3 a l\u2019hostaleria i del supermercat de proximitat, ha participat avui en la inauguraci\u00f3 de l\u2019ampliaci\u00f3 del PortAventura Dreams Village, el complex d\u2019habitatges integrat al parc tem\u00e0tic per allotjar fam\u00edlies amb menors afectats per una malaltia greu i en situaci\u00f3 de vulnerabilitat com una part m\u00e9s de la seva ter\u00e0pia de recuperaci\u00f3.<\/p>\n<p>Transgourmet ha aportat 350.000 euros a la Fundaci\u00f3 PortAventura per a una de les quatre noves cases que s\u2019han constru\u00eft al recinte i que s\u2019afegeixen a les sis que ja hi havia. L\u2019ampliaci\u00f3 ha representat una inversi\u00f3 total de 2,5 milions d\u2019euros i permetr\u00e0 que el Dreams Village pugui acollir cada any m\u00e9s de 400 fam\u00edlies. L\u2019acte, que s\u2019ha celebrat amb motiu del Dia Internacional de les Fam\u00edlies, ha comptat amb la participaci\u00f3 de fam\u00edlies usu\u00e0ries del Dreams Village. La iniciativa compta amb la implicaci\u00f3 de l\u2019Hospital Universitari Vall d\u2019Hebron, l\u2019Hospital maternoinfantil Sant Joan de D\u00e9u, l\u2019Hospital Infantil Universitario Ni\u00f1o Jes\u00fas de Madrid i, per a aquesta ampliaci\u00f3, dels donants Transgourmet i la Fundaci\u00f3 \u201cLa Caixa\u201d.<\/p>\n<p>El director general de Transgourmet, Llu\u00eds Labairu, ha assenyalat que \u201cens fa molt feli\u00e7os que la \u2018nostra casa\u2019 ja sigui una realitat i poder posar el nostre granet de sorra en un projecte que respon perfectament als objectius de responsabilitat social de la companyia, amb el nostre esl\u00f2gan \u2018Fets en lloc de paraules\u2019. A Transgourmet situem les persones sempre al davant i aquesta iniciativa \u00e9s una aposta clara per contribuir a millorar la vida dels col\u00b7lectius que, per diferents motius, es troben en una situaci\u00f3 de vulnerabilitat\u201d.<\/p>\n<p>Ram\u00f3n Marsal, president de la Fundaci\u00f3 PortAventura, ha destacat durant la jornada que \u201cestem molt orgullosos de presentar l\u2019ampliaci\u00f3 del PortAventura Dreams Village. Des de la seva creaci\u00f3 el 2019 hem contribu\u00eft a la recuperaci\u00f3 d\u2019un miler de nens i nenes i de les seves fam\u00edlies, i amb les quatre noves cases que presentem rebrem centenars de fam\u00edlies m\u00e9s. L\u2019ampliaci\u00f3 era una prioritat absoluta i estem molt feli\u00e7os de veure-la materialitzada\u201d.<\/p>\n<p>El president tamb\u00e9 ha volgut expressar el seu agra\u00efment a les entitats col\u00b7laboradores en aquesta segona fase del projecte, Transgourmet i la Fundaci\u00f3 \u201cla Caixa\u201d, perqu\u00e8, \u201csense la seva inestimable aportaci\u00f3 i el seu suport incondicional, PortAventura Dreams Village i tot el que representa no podria continuar creixent\u201d.<\/p>\n<p>El projecte contempla que una setmana a l\u2019any, batejada com la \u201cSetmana Transgourmet\u201d, el complex pugui acollir fam\u00edlies de treballadors de Transgourmet Ib\u00e8rica i de qualsevol altra societat del grup su\u00eds Coop, al qual pertany, amb algun menor afectat per una malaltia greu. Durant aquella setmana, el personal de Transgourmet podr\u00e0 fer-hi accions de voluntariat.<\/p>\n<p>Transgourmet Ib\u00e8rica col\u00b7labora des del 2016 amb la Fundaci\u00f3 PortAventura. A m\u00e9s del projecte PortAventura Dreams Village, dona suport a diferents esdeveniments solidaris per refor\u00e7ar el treball conjunt en projectes de valor social, com el seu Sopar Solidari anual. En aquest sentit, la Fundaci\u00f3 respon al comprom\u00eds de Transgourmet de retornar a la societat el que li dona com a companyia.<\/p>\n<p><strong>L\u2019oci com a valor terap\u00e8utic<br \/>\n<\/strong>El complex Dreams, que ocupa prop de 8.850 m<sup>2<\/sup> amb deu cases de 135 m<sup>2<\/sup>, est\u00e0 pensat per a nens i adolescents d\u2019entre 4 i 17 anys, que durant una setmana comparteixen amb les seves fam\u00edlies una estada \u00fanica al <em>resort<\/em>, on, a m\u00e9s de la casa, poden gaudir d\u2019unes instal\u00b7lacions amb menjador, espai de jocs i jardins, camp de futbol i una sala polivalent on es fan activitats recreatives. Tamb\u00e9 s\u2019ha constru\u00eft una zona aqu\u00e0tica, un <em>splash pad<\/em>, per a refrescar-se els dies m\u00e9s calorosos, i noves \u00e0rees verdes.<\/p>\n<p>El projecte busca fomentar el valor terap\u00e8utic de l\u2019oci, aix\u00ed com impulsar la import\u00e0ncia del benestar emocional en la lluita contra una malaltia, oferint suport i motivaci\u00f3 a les fam\u00edlies, que els permeti generar tamb\u00e9 nous moments d\u2019unitat familiar durant el tractament.<\/p>\n<p><strong>SOBRE TRANSGOURMET IB\u00c8RICA<br \/>\n<\/strong>Transgourmet Ib\u00e8rica \u00e9s propietat del grup su\u00eds Transgourmet, la segona empresa de distribuci\u00f3 majorista d\u2019Europa que pertany, al seu torn, al grup Coop. Actualment compta amb 5 plataformes de distribuci\u00f3 repartides per tot Espanya i \u00e9s referent en el sector horeca amb GM Cash-Gros Mercat, la seva ensenya de <em>cash&amp;carry<\/em> \u2014que compr\u00e8n 70 centres amb 28 gasolineres GM Oil\u2014, i la divisi\u00f3 de Food Service. L\u2019empresa tamb\u00e9 compta amb la seva l\u00ednia de Retail, amb prop de 800 supermercats franquiciats amb les ensenyes Suma, Proxim i Spar, i amb m\u00e9s de 2.000 clients independents.<\/p>\n<p><strong>SOBRE LA FUNDACI\u00d3 PORTAVENTURA<br \/>\n<\/strong>La Fundaci\u00f3 PortAventura \u00e9s una organitzaci\u00f3 sense \u00e0nim de lucre que treballa per aconseguir la integraci\u00f3 a la societat de col\u00b7lectius en risc d\u2019exclusi\u00f3 o vulnerables, amb especial atenci\u00f3 a nens i nenes i joves. Des de la seva creaci\u00f3, el 2011, vehicula totes les accions emmarcades en l\u2019\u00e0mbit social de l\u2019estrat\u00e8gia ESG (mediambiental, social i de bon govern) de PortAventura World. El seu projecte ins\u00edgnia \u00e9s PortAventura Dreams, una iniciativa pionera a Europa que ofereix estades gratu\u00eftes d\u2019una setmana en un <em>village <\/em>dins del <em>resort<\/em> a nens i adolescents amb malalties greus i a les seves fam\u00edlies, com una part m\u00e9s de la seva ter\u00e0pia emocional i de recuperaci\u00f3. M\u00e9s de 200 fam\u00edlies s\u2019allotgen cada any al <em>village<\/em>. La Fundaci\u00f3 PortAventura tamb\u00e9 impulsa nombroses activitats per a la captaci\u00f3 de fons destinats a organitzacions amb fins socials, dona suport al desenvolupament d\u2019esdeveniments i programes solidaris i de sensibilitzaci\u00f3 i facilita l\u2019acc\u00e9s a l\u2019oci a persones en risc d\u2019exclusi\u00f3 social.<\/p>\n<p>&nbsp;<\/p>\n","protected":false},"excerpt":{"rendered":"<p>Transgourmet Ib\u00e8rica, referent de la distribuci\u00f3 a l\u2019hostaleria i del supermercat de proximitat, ha participat avui en la inauguraci\u00f3 de l\u2019ampliaci\u00f3 del PortAventura Dreams Village, el complex d\u2019habitatges integrat al parc tem\u00e0tic per allotjar fam\u00edlies amb menors afectats per una malaltia greu i en situaci\u00f3 de vulnerabilitat com una part m\u00e9s de la seva ter\u00e0pia&hellip;&nbsp;<\/p>\n","protected":false},"author":3,"featured_media":15806,"comment_status":"open","ping_status":"open","sticky":false,"template":"","format":"standard","meta":{"_acf_changed":false,"neve_meta_sidebar":"","neve_meta_container":"","neve_meta_enable_content_width":"off","neve_meta_content_width":70,"neve_meta_title_alignment":"","neve_meta_author_avatar":"","neve_post_elements_order":"","neve_meta_disable_header":"","neve_meta_disable_footer":"","neve_meta_disable_title":"","footnotes":""},"categories":[35],"tags":[],"class_list":["post-15800","post","type-post","status-publish","format-standard","has-post-thumbnail","hentry","category-corporativa-ca"],"acf":[],"yoast_head":"<!-- This site is optimized with the Yoast SEO plugin v27.4 - https:\/\/yoast.com\/product\/yoast-seo-wordpress\/ -->\n<title>S\u2019estrena la casa que Transgourmet ha finan\u00e7at a PortAventura per a menors malalts | Transgourmet<\/title>\n<meta name=\"robots\" content=\"index, follow, max-snippet:-1, max-image-preview:large, max-video-preview:-1\" \/>\n<link rel=\"canonical\" href=\"https:\/\/www.transgourmet.es\/ca\/blog\/sestrena-la-casa-que-transgourmet-ha-financat-a-portaventura-per-a-menors-malalts\/\" \/>\n<meta property=\"og:locale\" content=\"ca_ES\" \/>\n<meta property=\"og:type\" content=\"article\" \/>\n<meta property=\"og:title\" content=\"S\u2019estrena la casa que Transgourmet ha finan\u00e7at a PortAventura per a menors malalts | Transgourmet\" \/>\n<meta property=\"og:description\" content=\"Transgourmet Ib\u00e8rica, referent de la distribuci\u00f3 a l\u2019hostaleria i del supermercat de proximitat, ha participat avui en la inauguraci\u00f3 de l\u2019ampliaci\u00f3 del PortAventura Dreams Village, el complex d\u2019habitatges integrat al parc tem\u00e0tic per allotjar fam\u00edlies amb menors afectats per una malaltia greu i en situaci\u00f3 de vulnerabilitat com una part m\u00e9s de la seva ter\u00e0pia&hellip;&nbsp;\" \/>\n<meta property=\"og:url\" content=\"https:\/\/www.transgourmet.es\/ca\/blog\/sestrena-la-casa-que-transgourmet-ha-financat-a-portaventura-per-a-menors-malalts\/\" \/>\n<meta property=\"og:site_name\" content=\"Transgourmet\" \/>\n<meta property=\"article:published_time\" content=\"2024-05-15T11:53:25+00:00\" \/>\n<meta property=\"article:modified_time\" content=\"2024-05-15T12:00:04+00:00\" \/>\n<meta property=\"og:image\" content=\"https:\/\/www.transgourmet.es\/wp-content\/uploads\/2024\/05\/InauguracionAmpliacionDreamVillage.jpeg\" \/>\n\t<meta property=\"og:image:width\" content=\"1616\" \/>\n\t<meta property=\"og:image:height\" content=\"1080\" \/>\n\t<meta property=\"og:image:type\" content=\"image\/jpeg\" \/>\n<meta name=\"author\" content=\"Comunicacion\" \/>\n<meta name=\"twitter:card\" content=\"summary_large_image\" \/>\n<meta name=\"twitter:creator\" content=\"@transgourmet_es\" \/>\n<meta name=\"twitter:site\" content=\"@transgourmet_es\" \/>\n<meta name=\"twitter:label1\" content=\"Escrit per\" \/>\n\t<meta name=\"twitter:data1\" content=\"Comunicacion\" \/>\n\t<meta name=\"twitter:label2\" content=\"Temps estimat de lectura\" \/>\n\t<meta name=\"twitter:data2\" content=\"5 minuts\" \/>\n<script type=\"application\/ld+json\" class=\"yoast-schema-graph\">{\"@context\":\"https:\\\/\\\/schema.org\",\"@graph\":[{\"@type\":\"Article\",\"@id\":\"https:\\\/\\\/www.transgourmet.es\\\/ca\\\/blog\\\/sestrena-la-casa-que-transgourmet-ha-financat-a-portaventura-per-a-menors-malalts\\\/#article\",\"isPartOf\":{\"@id\":\"https:\\\/\\\/www.transgourmet.es\\\/ca\\\/blog\\\/sestrena-la-casa-que-transgourmet-ha-financat-a-portaventura-per-a-menors-malalts\\\/\"},\"author\":{\"name\":\"Comunicacion\",\"@id\":\"https:\\\/\\\/www.transgourmet.es\\\/#\\\/schema\\\/person\\\/7558b42d44946cf43b85426e3e9260ff\"},\"headline\":\"S\u2019estrena la casa que Transgourmet ha finan\u00e7at a PortAventura per a menors malalts\",\"datePublished\":\"2024-05-15T11:53:25+00:00\",\"dateModified\":\"2024-05-15T12:00:04+00:00\",\"mainEntityOfPage\":{\"@id\":\"https:\\\/\\\/www.transgourmet.es\\\/ca\\\/blog\\\/sestrena-la-casa-que-transgourmet-ha-financat-a-portaventura-per-a-menors-malalts\\\/\"},\"wordCount\":989,\"commentCount\":0,\"publisher\":{\"@id\":\"https:\\\/\\\/www.transgourmet.es\\\/#organization\"},\"image\":{\"@id\":\"https:\\\/\\\/www.transgourmet.es\\\/ca\\\/blog\\\/sestrena-la-casa-que-transgourmet-ha-financat-a-portaventura-per-a-menors-malalts\\\/#primaryimage\"},\"thumbnailUrl\":\"https:\\\/\\\/www.transgourmet.es\\\/wp-content\\\/uploads\\\/2024\\\/05\\\/InauguracionAmpliacionDreamVillage.jpeg\",\"articleSection\":[\"Corporativa\"],\"inLanguage\":\"ca\",\"potentialAction\":[{\"@type\":\"CommentAction\",\"name\":\"Comment\",\"target\":[\"https:\\\/\\\/www.transgourmet.es\\\/ca\\\/blog\\\/sestrena-la-casa-que-transgourmet-ha-financat-a-portaventura-per-a-menors-malalts\\\/#respond\"]}]},{\"@type\":\"WebPage\",\"@id\":\"https:\\\/\\\/www.transgourmet.es\\\/ca\\\/blog\\\/sestrena-la-casa-que-transgourmet-ha-financat-a-portaventura-per-a-menors-malalts\\\/\",\"url\":\"https:\\\/\\\/www.transgourmet.es\\\/ca\\\/blog\\\/sestrena-la-casa-que-transgourmet-ha-financat-a-portaventura-per-a-menors-malalts\\\/\",\"name\":\"S\u2019estrena la casa que Transgourmet ha finan\u00e7at a PortAventura per a menors malalts | Transgourmet\",\"isPartOf\":{\"@id\":\"https:\\\/\\\/www.transgourmet.es\\\/#website\"},\"primaryImageOfPage\":{\"@id\":\"https:\\\/\\\/www.transgourmet.es\\\/ca\\\/blog\\\/sestrena-la-casa-que-transgourmet-ha-financat-a-portaventura-per-a-menors-malalts\\\/#primaryimage\"},\"image\":{\"@id\":\"https:\\\/\\\/www.transgourmet.es\\\/ca\\\/blog\\\/sestrena-la-casa-que-transgourmet-ha-financat-a-portaventura-per-a-menors-malalts\\\/#primaryimage\"},\"thumbnailUrl\":\"https:\\\/\\\/www.transgourmet.es\\\/wp-content\\\/uploads\\\/2024\\\/05\\\/InauguracionAmpliacionDreamVillage.jpeg\",\"datePublished\":\"2024-05-15T11:53:25+00:00\",\"dateModified\":\"2024-05-15T12:00:04+00:00\",\"breadcrumb\":{\"@id\":\"https:\\\/\\\/www.transgourmet.es\\\/ca\\\/blog\\\/sestrena-la-casa-que-transgourmet-ha-financat-a-portaventura-per-a-menors-malalts\\\/#breadcrumb\"},\"inLanguage\":\"ca\",\"potentialAction\":[{\"@type\":\"ReadAction\",\"target\":[\"https:\\\/\\\/www.transgourmet.es\\\/ca\\\/blog\\\/sestrena-la-casa-que-transgourmet-ha-financat-a-portaventura-per-a-menors-malalts\\\/\"]}]},{\"@type\":\"ImageObject\",\"inLanguage\":\"ca\",\"@id\":\"https:\\\/\\\/www.transgourmet.es\\\/ca\\\/blog\\\/sestrena-la-casa-que-transgourmet-ha-financat-a-portaventura-per-a-menors-malalts\\\/#primaryimage\",\"url\":\"https:\\\/\\\/www.transgourmet.es\\\/wp-content\\\/uploads\\\/2024\\\/05\\\/InauguracionAmpliacionDreamVillage.jpeg\",\"contentUrl\":\"https:\\\/\\\/www.transgourmet.es\\\/wp-content\\\/uploads\\\/2024\\\/05\\\/InauguracionAmpliacionDreamVillage.jpeg\",\"width\":1616,\"height\":1080},{\"@type\":\"BreadcrumbList\",\"@id\":\"https:\\\/\\\/www.transgourmet.es\\\/ca\\\/blog\\\/sestrena-la-casa-que-transgourmet-ha-financat-a-portaventura-per-a-menors-malalts\\\/#breadcrumb\",\"itemListElement\":[{\"@type\":\"ListItem\",\"position\":1,\"name\":\"Portada\",\"item\":\"https:\\\/\\\/www.transgourmet.es\\\/ca\\\/\"},{\"@type\":\"ListItem\",\"position\":2,\"name\":\"S\u2019estrena la casa que Transgourmet ha finan\u00e7at a PortAventura per a menors malalts\"}]},{\"@type\":\"WebSite\",\"@id\":\"https:\\\/\\\/www.transgourmet.es\\\/#website\",\"url\":\"https:\\\/\\\/www.transgourmet.es\\\/\",\"name\":\"Transgourmet\",\"description\":\"Distribuci\u00f3n mayorista de alimentaci\u00f3n en Espa\u00f1a\",\"publisher\":{\"@id\":\"https:\\\/\\\/www.transgourmet.es\\\/#organization\"},\"alternateName\":\"Grupo Transgourmet\",\"potentialAction\":[{\"@type\":\"SearchAction\",\"target\":{\"@type\":\"EntryPoint\",\"urlTemplate\":\"https:\\\/\\\/www.transgourmet.es\\\/?s={search_term_string}\"},\"query-input\":{\"@type\":\"PropertyValueSpecification\",\"valueRequired\":true,\"valueName\":\"search_term_string\"}}],\"inLanguage\":\"ca\"},{\"@type\":\"Organization\",\"@id\":\"https:\\\/\\\/www.transgourmet.es\\\/#organization\",\"name\":\"Transgourmet\",\"url\":\"https:\\\/\\\/www.transgourmet.es\\\/\",\"logo\":{\"@type\":\"ImageObject\",\"inLanguage\":\"ca\",\"@id\":\"https:\\\/\\\/www.transgourmet.es\\\/#\\\/schema\\\/logo\\\/image\\\/\",\"url\":\"https:\\\/\\\/www.transgourmet.es\\\/wp-content\\\/uploads\\\/2022\\\/08\\\/trans-vert.svg\",\"contentUrl\":\"https:\\\/\\\/www.transgourmet.es\\\/wp-content\\\/uploads\\\/2022\\\/08\\\/trans-vert.svg\",\"width\":296,\"height\":113,\"caption\":\"Transgourmet\"},\"image\":{\"@id\":\"https:\\\/\\\/www.transgourmet.es\\\/#\\\/schema\\\/logo\\\/image\\\/\"},\"sameAs\":[\"https:\\\/\\\/x.com\\\/transgourmet_es\",\"https:\\\/\\\/www.youtube.com\\\/c\\\/TransgourmetIberica\",\"https:\\\/\\\/www.linkedin.com\\\/company\\\/transgourmet-iberica\"]},{\"@type\":\"Person\",\"@id\":\"https:\\\/\\\/www.transgourmet.es\\\/#\\\/schema\\\/person\\\/7558b42d44946cf43b85426e3e9260ff\",\"name\":\"Comunicacion\",\"image\":{\"@type\":\"ImageObject\",\"inLanguage\":\"ca\",\"@id\":\"https:\\\/\\\/secure.gravatar.com\\\/avatar\\\/22ed58e86b6fa1d603bc37a456b3c1eead2a5b2dc754952f01bc759bba31e2f3?s=96&d=mm&r=g\",\"url\":\"https:\\\/\\\/secure.gravatar.com\\\/avatar\\\/22ed58e86b6fa1d603bc37a456b3c1eead2a5b2dc754952f01bc759bba31e2f3?s=96&d=mm&r=g\",\"contentUrl\":\"https:\\\/\\\/secure.gravatar.com\\\/avatar\\\/22ed58e86b6fa1d603bc37a456b3c1eead2a5b2dc754952f01bc759bba31e2f3?s=96&d=mm&r=g\",\"caption\":\"Comunicacion\"},\"sameAs\":[\"https:\\\/\\\/www.transgourmet.es\\\/\"]}]}<\/script>\n<!-- \/ Yoast SEO plugin. -->","yoast_head_json":{"title":"S\u2019estrena la casa que Transgourmet ha finan\u00e7at a PortAventura per a menors malalts | Transgourmet","robots":{"index":"index","follow":"follow","max-snippet":"max-snippet:-1","max-image-preview":"max-image-preview:large","max-video-preview":"max-video-preview:-1"},"canonical":"https:\/\/www.transgourmet.es\/ca\/blog\/sestrena-la-casa-que-transgourmet-ha-financat-a-portaventura-per-a-menors-malalts\/","og_locale":"ca_ES","og_type":"article","og_title":"S\u2019estrena la casa que Transgourmet ha finan\u00e7at a PortAventura per a menors malalts | Transgourmet","og_description":"Transgourmet Ib\u00e8rica, referent de la distribuci\u00f3 a l\u2019hostaleria i del supermercat de proximitat, ha participat avui en la inauguraci\u00f3 de l\u2019ampliaci\u00f3 del PortAventura Dreams Village, el complex d\u2019habitatges integrat al parc tem\u00e0tic per allotjar fam\u00edlies amb menors afectats per una malaltia greu i en situaci\u00f3 de vulnerabilitat com una part m\u00e9s de la seva ter\u00e0pia&hellip;&nbsp;","og_url":"https:\/\/www.transgourmet.es\/ca\/blog\/sestrena-la-casa-que-transgourmet-ha-financat-a-portaventura-per-a-menors-malalts\/","og_site_name":"Transgourmet","article_published_time":"2024-05-15T11:53:25+00:00","article_modified_time":"2024-05-15T12:00:04+00:00","og_image":[{"width":1616,"height":1080,"url":"https:\/\/www.transgourmet.es\/wp-content\/uploads\/2024\/05\/InauguracionAmpliacionDreamVillage.jpeg","type":"image\/jpeg"}],"author":"Comunicacion","twitter_card":"summary_large_image","twitter_creator":"@transgourmet_es","twitter_site":"@transgourmet_es","twitter_misc":{"Escrit per":"Comunicacion","Temps estimat de lectura":"5 minuts"},"schema":{"@context":"https:\/\/schema.org","@graph":[{"@type":"Article","@id":"https:\/\/www.transgourmet.es\/ca\/blog\/sestrena-la-casa-que-transgourmet-ha-financat-a-portaventura-per-a-menors-malalts\/#article","isPartOf":{"@id":"https:\/\/www.transgourmet.es\/ca\/blog\/sestrena-la-casa-que-transgourmet-ha-financat-a-portaventura-per-a-menors-malalts\/"},"author":{"name":"Comunicacion","@id":"https:\/\/www.transgourmet.es\/#\/schema\/person\/7558b42d44946cf43b85426e3e9260ff"},"headline":"S\u2019estrena la casa que Transgourmet ha finan\u00e7at a PortAventura per a menors malalts","datePublished":"2024-05-15T11:53:25+00:00","dateModified":"2024-05-15T12:00:04+00:00","mainEntityOfPage":{"@id":"https:\/\/www.transgourmet.es\/ca\/blog\/sestrena-la-casa-que-transgourmet-ha-financat-a-portaventura-per-a-menors-malalts\/"},"wordCount":989,"commentCount":0,"publisher":{"@id":"https:\/\/www.transgourmet.es\/#organization"},"image":{"@id":"https:\/\/www.transgourmet.es\/ca\/blog\/sestrena-la-casa-que-transgourmet-ha-financat-a-portaventura-per-a-menors-malalts\/#primaryimage"},"thumbnailUrl":"https:\/\/www.transgourmet.es\/wp-content\/uploads\/2024\/05\/InauguracionAmpliacionDreamVillage.jpeg","articleSection":["Corporativa"],"inLanguage":"ca","potentialAction":[{"@type":"CommentAction","name":"Comment","target":["https:\/\/www.transgourmet.es\/ca\/blog\/sestrena-la-casa-que-transgourmet-ha-financat-a-portaventura-per-a-menors-malalts\/#respond"]}]},{"@type":"WebPage","@id":"https:\/\/www.transgourmet.es\/ca\/blog\/sestrena-la-casa-que-transgourmet-ha-financat-a-portaventura-per-a-menors-malalts\/","url":"https:\/\/www.transgourmet.es\/ca\/blog\/sestrena-la-casa-que-transgourmet-ha-financat-a-portaventura-per-a-menors-malalts\/","name":"S\u2019estrena la casa que Transgourmet ha finan\u00e7at a PortAventura per a menors malalts | Transgourmet","isPartOf":{"@id":"https:\/\/www.transgourmet.es\/#website"},"primaryImageOfPage":{"@id":"https:\/\/www.transgourmet.es\/ca\/blog\/sestrena-la-casa-que-transgourmet-ha-financat-a-portaventura-per-a-menors-malalts\/#primaryimage"},"image":{"@id":"https:\/\/www.transgourmet.es\/ca\/blog\/sestrena-la-casa-que-transgourmet-ha-financat-a-portaventura-per-a-menors-malalts\/#primaryimage"},"thumbnailUrl":"https:\/\/www.transgourmet.es\/wp-content\/uploads\/2024\/05\/InauguracionAmpliacionDreamVillage.jpeg","datePublished":"2024-05-15T11:53:25+00:00","dateModified":"2024-05-15T12:00:04+00:00","breadcrumb":{"@id":"https:\/\/www.transgourmet.es\/ca\/blog\/sestrena-la-casa-que-transgourmet-ha-financat-a-portaventura-per-a-menors-malalts\/#breadcrumb"},"inLanguage":"ca","potentialAction":[{"@type":"ReadAction","target":["https:\/\/www.transgourmet.es\/ca\/blog\/sestrena-la-casa-que-transgourmet-ha-financat-a-portaventura-per-a-menors-malalts\/"]}]},{"@type":"ImageObject","inLanguage":"ca","@id":"https:\/\/www.transgourmet.es\/ca\/blog\/sestrena-la-casa-que-transgourmet-ha-financat-a-portaventura-per-a-menors-malalts\/#primaryimage","url":"https:\/\/www.transgourmet.es\/wp-content\/uploads\/2024\/05\/InauguracionAmpliacionDreamVillage.jpeg","contentUrl":"https:\/\/www.transgourmet.es\/wp-content\/uploads\/2024\/05\/InauguracionAmpliacionDreamVillage.jpeg","width":1616,"height":1080},{"@type":"BreadcrumbList","@id":"https:\/\/www.transgourmet.es\/ca\/blog\/sestrena-la-casa-que-transgourmet-ha-financat-a-portaventura-per-a-menors-malalts\/#breadcrumb","itemListElement":[{"@type":"ListItem","position":1,"name":"Portada","item":"https:\/\/www.transgourmet.es\/ca\/"},{"@type":"ListItem","position":2,"name":"S\u2019estrena la casa que Transgourmet ha finan\u00e7at a PortAventura per a menors malalts"}]},{"@type":"WebSite","@id":"https:\/\/www.transgourmet.es\/#website","url":"https:\/\/www.transgourmet.es\/","name":"Transgourmet","description":"Distribuci\u00f3n mayorista de alimentaci\u00f3n en Espa\u00f1a","publisher":{"@id":"https:\/\/www.transgourmet.es\/#organization"},"alternateName":"Grupo Transgourmet","potentialAction":[{"@type":"SearchAction","target":{"@type":"EntryPoint","urlTemplate":"https:\/\/www.transgourmet.es\/?s={search_term_string}"},"query-input":{"@type":"PropertyValueSpecification","valueRequired":true,"valueName":"search_term_string"}}],"inLanguage":"ca"},{"@type":"Organization","@id":"https:\/\/www.transgourmet.es\/#organization","name":"Transgourmet","url":"https:\/\/www.transgourmet.es\/","logo":{"@type":"ImageObject","inLanguage":"ca","@id":"https:\/\/www.transgourmet.es\/#\/schema\/logo\/image\/","url":"https:\/\/www.transgourmet.es\/wp-content\/uploads\/2022\/08\/trans-vert.svg","contentUrl":"https:\/\/www.transgourmet.es\/wp-content\/uploads\/2022\/08\/trans-vert.svg","width":296,"height":113,"caption":"Transgourmet"},"image":{"@id":"https:\/\/www.transgourmet.es\/#\/schema\/logo\/image\/"},"sameAs":["https:\/\/x.com\/transgourmet_es","https:\/\/www.youtube.com\/c\/TransgourmetIberica","https:\/\/www.linkedin.com\/company\/transgourmet-iberica"]},{"@type":"Person","@id":"https:\/\/www.transgourmet.es\/#\/schema\/person\/7558b42d44946cf43b85426e3e9260ff","name":"Comunicacion","image":{"@type":"ImageObject","inLanguage":"ca","@id":"https:\/\/secure.gravatar.com\/avatar\/22ed58e86b6fa1d603bc37a456b3c1eead2a5b2dc754952f01bc759bba31e2f3?s=96&d=mm&r=g","url":"https:\/\/secure.gravatar.com\/avatar\/22ed58e86b6fa1d603bc37a456b3c1eead2a5b2dc754952f01bc759bba31e2f3?s=96&d=mm&r=g","contentUrl":"https:\/\/secure.gravatar.com\/avatar\/22ed58e86b6fa1d603bc37a456b3c1eead2a5b2dc754952f01bc759bba31e2f3?s=96&d=mm&r=g","caption":"Comunicacion"},"sameAs":["https:\/\/www.transgourmet.es\/"]}]}},"_links":{"self":[{"href":"https:\/\/www.transgourmet.es\/ca\/wp-json\/wp\/v2\/posts\/15800","targetHints":{"allow":["GET"]}}],"collection":[{"href":"https:\/\/www.transgourmet.es\/ca\/wp-json\/wp\/v2\/posts"}],"about":[{"href":"https:\/\/www.transgourmet.es\/ca\/wp-json\/wp\/v2\/types\/post"}],"author":[{"embeddable":true,"href":"https:\/\/www.transgourmet.es\/ca\/wp-json\/wp\/v2\/users\/3"}],"replies":[{"embeddable":true,"href":"https:\/\/www.transgourmet.es\/ca\/wp-json\/wp\/v2\/comments?post=15800"}],"version-history":[{"count":4,"href":"https:\/\/www.transgourmet.es\/ca\/wp-json\/wp\/v2\/posts\/15800\/revisions"}],"predecessor-version":[{"id":15815,"href":"https:\/\/www.transgourmet.es\/ca\/wp-json\/wp\/v2\/posts\/15800\/revisions\/15815"}],"wp:featuredmedia":[{"embeddable":true,"href":"https:\/\/www.transgourmet.es\/ca\/wp-json\/wp\/v2\/media\/15806"}],"wp:attachment":[{"href":"https:\/\/www.transgourmet.es\/ca\/wp-json\/wp\/v2\/media?parent=15800"}],"wp:term":[{"taxonomy":"category","embeddable":true,"href":"https:\/\/www.transgourmet.es\/ca\/wp-json\/wp\/v2\/categories?post=15800"},{"taxonomy":"post_tag","embeddable":true,"href":"https:\/\/www.transgourmet.es\/ca\/wp-json\/wp\/v2\/tags?post=15800"}],"curies":[{"name":"wp","href":"https:\/\/api.w.org\/{rel}","templated":true}]}}