{"id":16230,"date":"2024-06-20T10:57:30","date_gmt":"2024-06-20T08:57:30","guid":{"rendered":"https:\/\/www.transgourmet.es\/?p=16230"},"modified":"2024-06-20T10:58:03","modified_gmt":"2024-06-20T08:58:03","slug":"valvi-i-miservi-reforcen-amb-500-persones-la-plantilla-per-la-temporada-destiu-i-arriben-als-1-500-treballadors","status":"publish","type":"post","link":"https:\/\/www.transgourmet.es\/ca\/blog\/valvi-i-miservi-reforcen-amb-500-persones-la-plantilla-per-la-temporada-destiu-i-arriben-als-1-500-treballadors\/","title":{"rendered":"Valvi i Miservi reforcen amb 500 persones la plantilla per la temporada d\u2019estiu i arriben als 1.500 treballadors"},"content":{"rendered":"<p>Les societats Valvi i Miservi, que gestionen 122 supermercats amb les marques Spar, Eurospar, Valvi i Suma, contractaran unes 500 persones per refor\u00e7ar la plantilla durant els mesos d\u2019estiu, passant dels 1.000 treballadors i treballadores que tenen actualment, als gaireb\u00e9 1.500 persones. L\u2019objectiu \u00e9s refor\u00e7ar els equips professionals dels establiments situats en municipis que, durant l\u2019estiu, incrementen la seva poblaci\u00f3 degut al turisme.<\/p>\n<p>En aquests moments, dels 122 supermercats que gestionen, 73 pertanyen a Valvi i 49 a Miservi, la societat propietat de Valvi Supermercats i de Transgourmet Iberica, al 50%. De fet Valvi tamb\u00e9 t\u00e9 com a prove\u00efdor exclusiu a Transgourmet Ib\u00e8rica, companyia l\u00edder a Espanya en el sector de la distribuci\u00f3 aliment\u00e0ria majorista.<\/p>\n<p>Els establiments que gestiona estan situats a les comarques de Girona, Barcelona ciutat i l\u2019\u00e0rea metropolitana; les comarques del Maresme i Osona, i tamb\u00e9 a les illes d\u2019E\u00efvissa i Mallorca. Els \u00faltims mesos, se n\u2019han obert 3 en diferents mercats municipals de Barcelona, un a l\u2019Eixample de Barcelona, un a Olot, un a La Jonquera i un altre a Sant Joan de les Abadesses. A part, tamb\u00e9 destaquen les reformes dels Eurospar de Pals i l\u2019Escala, a la Costa Brava, per tal d\u2019adaptar-los al nou model m\u00e9s sostenible i millorar l\u2019experi\u00e8ncia de compra de la clientela.<\/p>\n<p>En totes les noves obertures es busca integrar-se al m\u00e0xim al municipi i establir les sin\u00e8rgies possibles mitjan\u00e7ant acords amb els prove\u00efdors locals. A m\u00e9s, dins la varietat de selecci\u00f3 d\u2019alimentaci\u00f3, destaca l\u2019assortiment de m\u00e9s de 3.000 productes d\u2019origen Catalunya. Tamb\u00e9 s\u2019ofereix una \u00e0mplia gamma de vins, caves i licors de la secci\u00f3 especialitzada Vinoteca VNTC Valvi, que disposa de m\u00e9s de 2.000 refer\u00e8ncies, entre les quals hi ha una gran varietat de vins de denominaci\u00f3 d\u2019origen Empord\u00e0.<\/p>\n","protected":false},"excerpt":{"rendered":"<p>Les societats Valvi i Miservi, que gestionen 122 supermercats amb les marques Spar, Eurospar, Valvi i Suma, contractaran unes 500 persones per refor\u00e7ar la plantilla durant els mesos d\u2019estiu, passant dels 1.000 treballadors i treballadores que tenen actualment, als gaireb\u00e9 1.500 persones. L\u2019objectiu \u00e9s refor\u00e7ar els equips professionals dels establiments situats en municipis que, durant&hellip;&nbsp;<\/p>\n","protected":false},"author":3,"featured_media":16229,"comment_status":"open","ping_status":"open","sticky":false,"template":"","format":"standard","meta":{"_acf_changed":false,"neve_meta_sidebar":"","neve_meta_container":"","neve_meta_enable_content_width":"off","neve_meta_content_width":70,"neve_meta_title_alignment":"","neve_meta_author_avatar":"","neve_post_elements_order":"","neve_meta_disable_header":"","neve_meta_disable_footer":"","neve_meta_disable_title":"","footnotes":""},"categories":[40],"tags":[],"class_list":["post-16230","post","type-post","status-publish","format-standard","has-post-thumbnail","hentry","category-supermercats"],"acf":[],"yoast_head":"<!-- This site is optimized with the Yoast SEO plugin v27.4 - https:\/\/yoast.com\/product\/yoast-seo-wordpress\/ -->\n<title>Valvi i Miservi reforcen amb 500 persones la plantilla per la temporada d\u2019estiu i arriben als 1.500 treballadors | Transgourmet<\/title>\n<meta name=\"robots\" content=\"index, follow, max-snippet:-1, max-image-preview:large, max-video-preview:-1\" \/>\n<link rel=\"canonical\" href=\"https:\/\/www.transgourmet.es\/ca\/blog\/valvi-i-miservi-reforcen-amb-500-persones-la-plantilla-per-la-temporada-destiu-i-arriben-als-1-500-treballadors\/\" \/>\n<meta property=\"og:locale\" content=\"ca_ES\" \/>\n<meta property=\"og:type\" content=\"article\" \/>\n<meta property=\"og:title\" content=\"Valvi i Miservi reforcen amb 500 persones la plantilla per la temporada d\u2019estiu i arriben als 1.500 treballadors | Transgourmet\" \/>\n<meta property=\"og:description\" content=\"Les societats Valvi i Miservi, que gestionen 122 supermercats amb les marques Spar, Eurospar, Valvi i Suma, contractaran unes 500 persones per refor\u00e7ar la plantilla durant els mesos d\u2019estiu, passant dels 1.000 treballadors i treballadores que tenen actualment, als gaireb\u00e9 1.500 persones. L\u2019objectiu \u00e9s refor\u00e7ar els equips professionals dels establiments situats en municipis que, durant&hellip;&nbsp;\" \/>\n<meta property=\"og:url\" content=\"https:\/\/www.transgourmet.es\/ca\/blog\/valvi-i-miservi-reforcen-amb-500-persones-la-plantilla-per-la-temporada-destiu-i-arriben-als-1-500-treballadors\/\" \/>\n<meta property=\"og:site_name\" content=\"Transgourmet\" \/>\n<meta property=\"article:published_time\" content=\"2024-06-20T08:57:30+00:00\" \/>\n<meta property=\"article:modified_time\" content=\"2024-06-20T08:58:03+00:00\" \/>\n<meta property=\"og:image\" content=\"https:\/\/www.transgourmet.es\/wp-content\/uploads\/2024\/06\/FOTOSPAR-scaled.jpg\" \/>\n\t<meta property=\"og:image:width\" content=\"2560\" \/>\n\t<meta property=\"og:image:height\" content=\"1920\" \/>\n\t<meta property=\"og:image:type\" content=\"image\/jpeg\" \/>\n<meta name=\"author\" content=\"Comunicacion\" \/>\n<meta name=\"twitter:card\" content=\"summary_large_image\" \/>\n<meta name=\"twitter:creator\" content=\"@transgourmet_es\" \/>\n<meta name=\"twitter:site\" content=\"@transgourmet_es\" \/>\n<meta name=\"twitter:label1\" content=\"Escrit per\" \/>\n\t<meta name=\"twitter:data1\" content=\"Comunicacion\" \/>\n\t<meta name=\"twitter:label2\" content=\"Temps estimat de lectura\" \/>\n\t<meta name=\"twitter:data2\" content=\"2 minuts\" \/>\n<script type=\"application\/ld+json\" class=\"yoast-schema-graph\">{\"@context\":\"https:\\\/\\\/schema.org\",\"@graph\":[{\"@type\":\"Article\",\"@id\":\"https:\\\/\\\/www.transgourmet.es\\\/ca\\\/blog\\\/valvi-i-miservi-reforcen-amb-500-persones-la-plantilla-per-la-temporada-destiu-i-arriben-als-1-500-treballadors\\\/#article\",\"isPartOf\":{\"@id\":\"https:\\\/\\\/www.transgourmet.es\\\/ca\\\/blog\\\/valvi-i-miservi-reforcen-amb-500-persones-la-plantilla-per-la-temporada-destiu-i-arriben-als-1-500-treballadors\\\/\"},\"author\":{\"name\":\"Comunicacion\",\"@id\":\"https:\\\/\\\/www.transgourmet.es\\\/#\\\/schema\\\/person\\\/7558b42d44946cf43b85426e3e9260ff\"},\"headline\":\"Valvi i Miservi reforcen amb 500 persones la plantilla per la temporada d\u2019estiu i arriben als 1.500 treballadors\",\"datePublished\":\"2024-06-20T08:57:30+00:00\",\"dateModified\":\"2024-06-20T08:58:03+00:00\",\"mainEntityOfPage\":{\"@id\":\"https:\\\/\\\/www.transgourmet.es\\\/ca\\\/blog\\\/valvi-i-miservi-reforcen-amb-500-persones-la-plantilla-per-la-temporada-destiu-i-arriben-als-1-500-treballadors\\\/\"},\"wordCount\":327,\"commentCount\":0,\"publisher\":{\"@id\":\"https:\\\/\\\/www.transgourmet.es\\\/#organization\"},\"image\":{\"@id\":\"https:\\\/\\\/www.transgourmet.es\\\/ca\\\/blog\\\/valvi-i-miservi-reforcen-amb-500-persones-la-plantilla-per-la-temporada-destiu-i-arriben-als-1-500-treballadors\\\/#primaryimage\"},\"thumbnailUrl\":\"https:\\\/\\\/www.transgourmet.es\\\/wp-content\\\/uploads\\\/2024\\\/06\\\/FOTOSPAR-scaled.jpg\",\"articleSection\":[\"Supermercats\"],\"inLanguage\":\"ca\",\"potentialAction\":[{\"@type\":\"CommentAction\",\"name\":\"Comment\",\"target\":[\"https:\\\/\\\/www.transgourmet.es\\\/ca\\\/blog\\\/valvi-i-miservi-reforcen-amb-500-persones-la-plantilla-per-la-temporada-destiu-i-arriben-als-1-500-treballadors\\\/#respond\"]}]},{\"@type\":\"WebPage\",\"@id\":\"https:\\\/\\\/www.transgourmet.es\\\/ca\\\/blog\\\/valvi-i-miservi-reforcen-amb-500-persones-la-plantilla-per-la-temporada-destiu-i-arriben-als-1-500-treballadors\\\/\",\"url\":\"https:\\\/\\\/www.transgourmet.es\\\/ca\\\/blog\\\/valvi-i-miservi-reforcen-amb-500-persones-la-plantilla-per-la-temporada-destiu-i-arriben-als-1-500-treballadors\\\/\",\"name\":\"Valvi i Miservi reforcen amb 500 persones la plantilla per la temporada d\u2019estiu i arriben als 1.500 treballadors | Transgourmet\",\"isPartOf\":{\"@id\":\"https:\\\/\\\/www.transgourmet.es\\\/#website\"},\"primaryImageOfPage\":{\"@id\":\"https:\\\/\\\/www.transgourmet.es\\\/ca\\\/blog\\\/valvi-i-miservi-reforcen-amb-500-persones-la-plantilla-per-la-temporada-destiu-i-arriben-als-1-500-treballadors\\\/#primaryimage\"},\"image\":{\"@id\":\"https:\\\/\\\/www.transgourmet.es\\\/ca\\\/blog\\\/valvi-i-miservi-reforcen-amb-500-persones-la-plantilla-per-la-temporada-destiu-i-arriben-als-1-500-treballadors\\\/#primaryimage\"},\"thumbnailUrl\":\"https:\\\/\\\/www.transgourmet.es\\\/wp-content\\\/uploads\\\/2024\\\/06\\\/FOTOSPAR-scaled.jpg\",\"datePublished\":\"2024-06-20T08:57:30+00:00\",\"dateModified\":\"2024-06-20T08:58:03+00:00\",\"breadcrumb\":{\"@id\":\"https:\\\/\\\/www.transgourmet.es\\\/ca\\\/blog\\\/valvi-i-miservi-reforcen-amb-500-persones-la-plantilla-per-la-temporada-destiu-i-arriben-als-1-500-treballadors\\\/#breadcrumb\"},\"inLanguage\":\"ca\",\"potentialAction\":[{\"@type\":\"ReadAction\",\"target\":[\"https:\\\/\\\/www.transgourmet.es\\\/ca\\\/blog\\\/valvi-i-miservi-reforcen-amb-500-persones-la-plantilla-per-la-temporada-destiu-i-arriben-als-1-500-treballadors\\\/\"]}]},{\"@type\":\"ImageObject\",\"inLanguage\":\"ca\",\"@id\":\"https:\\\/\\\/www.transgourmet.es\\\/ca\\\/blog\\\/valvi-i-miservi-reforcen-amb-500-persones-la-plantilla-per-la-temporada-destiu-i-arriben-als-1-500-treballadors\\\/#primaryimage\",\"url\":\"https:\\\/\\\/www.transgourmet.es\\\/wp-content\\\/uploads\\\/2024\\\/06\\\/FOTOSPAR-scaled.jpg\",\"contentUrl\":\"https:\\\/\\\/www.transgourmet.es\\\/wp-content\\\/uploads\\\/2024\\\/06\\\/FOTOSPAR-scaled.jpg\",\"width\":2560,\"height\":1920},{\"@type\":\"BreadcrumbList\",\"@id\":\"https:\\\/\\\/www.transgourmet.es\\\/ca\\\/blog\\\/valvi-i-miservi-reforcen-amb-500-persones-la-plantilla-per-la-temporada-destiu-i-arriben-als-1-500-treballadors\\\/#breadcrumb\",\"itemListElement\":[{\"@type\":\"ListItem\",\"position\":1,\"name\":\"Portada\",\"item\":\"https:\\\/\\\/www.transgourmet.es\\\/ca\\\/\"},{\"@type\":\"ListItem\",\"position\":2,\"name\":\"Valvi i Miservi reforcen amb 500 persones la plantilla per la temporada d\u2019estiu i arriben als 1.500 treballadors\"}]},{\"@type\":\"WebSite\",\"@id\":\"https:\\\/\\\/www.transgourmet.es\\\/#website\",\"url\":\"https:\\\/\\\/www.transgourmet.es\\\/\",\"name\":\"Transgourmet\",\"description\":\"Distribuci\u00f3n mayorista de alimentaci\u00f3n en Espa\u00f1a\",\"publisher\":{\"@id\":\"https:\\\/\\\/www.transgourmet.es\\\/#organization\"},\"alternateName\":\"Grupo Transgourmet\",\"potentialAction\":[{\"@type\":\"SearchAction\",\"target\":{\"@type\":\"EntryPoint\",\"urlTemplate\":\"https:\\\/\\\/www.transgourmet.es\\\/?s={search_term_string}\"},\"query-input\":{\"@type\":\"PropertyValueSpecification\",\"valueRequired\":true,\"valueName\":\"search_term_string\"}}],\"inLanguage\":\"ca\"},{\"@type\":\"Organization\",\"@id\":\"https:\\\/\\\/www.transgourmet.es\\\/#organization\",\"name\":\"Transgourmet\",\"url\":\"https:\\\/\\\/www.transgourmet.es\\\/\",\"logo\":{\"@type\":\"ImageObject\",\"inLanguage\":\"ca\",\"@id\":\"https:\\\/\\\/www.transgourmet.es\\\/#\\\/schema\\\/logo\\\/image\\\/\",\"url\":\"https:\\\/\\\/www.transgourmet.es\\\/wp-content\\\/uploads\\\/2022\\\/08\\\/trans-vert.svg\",\"contentUrl\":\"https:\\\/\\\/www.transgourmet.es\\\/wp-content\\\/uploads\\\/2022\\\/08\\\/trans-vert.svg\",\"width\":296,\"height\":113,\"caption\":\"Transgourmet\"},\"image\":{\"@id\":\"https:\\\/\\\/www.transgourmet.es\\\/#\\\/schema\\\/logo\\\/image\\\/\"},\"sameAs\":[\"https:\\\/\\\/x.com\\\/transgourmet_es\",\"https:\\\/\\\/www.youtube.com\\\/c\\\/TransgourmetIberica\",\"https:\\\/\\\/www.linkedin.com\\\/company\\\/transgourmet-iberica\"]},{\"@type\":\"Person\",\"@id\":\"https:\\\/\\\/www.transgourmet.es\\\/#\\\/schema\\\/person\\\/7558b42d44946cf43b85426e3e9260ff\",\"name\":\"Comunicacion\",\"image\":{\"@type\":\"ImageObject\",\"inLanguage\":\"ca\",\"@id\":\"https:\\\/\\\/secure.gravatar.com\\\/avatar\\\/22ed58e86b6fa1d603bc37a456b3c1eead2a5b2dc754952f01bc759bba31e2f3?s=96&d=mm&r=g\",\"url\":\"https:\\\/\\\/secure.gravatar.com\\\/avatar\\\/22ed58e86b6fa1d603bc37a456b3c1eead2a5b2dc754952f01bc759bba31e2f3?s=96&d=mm&r=g\",\"contentUrl\":\"https:\\\/\\\/secure.gravatar.com\\\/avatar\\\/22ed58e86b6fa1d603bc37a456b3c1eead2a5b2dc754952f01bc759bba31e2f3?s=96&d=mm&r=g\",\"caption\":\"Comunicacion\"},\"sameAs\":[\"https:\\\/\\\/www.transgourmet.es\\\/\"]}]}<\/script>\n<!-- \/ Yoast SEO plugin. -->","yoast_head_json":{"title":"Valvi i Miservi reforcen amb 500 persones la plantilla per la temporada d\u2019estiu i arriben als 1.500 treballadors | Transgourmet","robots":{"index":"index","follow":"follow","max-snippet":"max-snippet:-1","max-image-preview":"max-image-preview:large","max-video-preview":"max-video-preview:-1"},"canonical":"https:\/\/www.transgourmet.es\/ca\/blog\/valvi-i-miservi-reforcen-amb-500-persones-la-plantilla-per-la-temporada-destiu-i-arriben-als-1-500-treballadors\/","og_locale":"ca_ES","og_type":"article","og_title":"Valvi i Miservi reforcen amb 500 persones la plantilla per la temporada d\u2019estiu i arriben als 1.500 treballadors | Transgourmet","og_description":"Les societats Valvi i Miservi, que gestionen 122 supermercats amb les marques Spar, Eurospar, Valvi i Suma, contractaran unes 500 persones per refor\u00e7ar la plantilla durant els mesos d\u2019estiu, passant dels 1.000 treballadors i treballadores que tenen actualment, als gaireb\u00e9 1.500 persones. L\u2019objectiu \u00e9s refor\u00e7ar els equips professionals dels establiments situats en municipis que, durant&hellip;&nbsp;","og_url":"https:\/\/www.transgourmet.es\/ca\/blog\/valvi-i-miservi-reforcen-amb-500-persones-la-plantilla-per-la-temporada-destiu-i-arriben-als-1-500-treballadors\/","og_site_name":"Transgourmet","article_published_time":"2024-06-20T08:57:30+00:00","article_modified_time":"2024-06-20T08:58:03+00:00","og_image":[{"width":2560,"height":1920,"url":"https:\/\/www.transgourmet.es\/wp-content\/uploads\/2024\/06\/FOTOSPAR-scaled.jpg","type":"image\/jpeg"}],"author":"Comunicacion","twitter_card":"summary_large_image","twitter_creator":"@transgourmet_es","twitter_site":"@transgourmet_es","twitter_misc":{"Escrit per":"Comunicacion","Temps estimat de lectura":"2 minuts"},"schema":{"@context":"https:\/\/schema.org","@graph":[{"@type":"Article","@id":"https:\/\/www.transgourmet.es\/ca\/blog\/valvi-i-miservi-reforcen-amb-500-persones-la-plantilla-per-la-temporada-destiu-i-arriben-als-1-500-treballadors\/#article","isPartOf":{"@id":"https:\/\/www.transgourmet.es\/ca\/blog\/valvi-i-miservi-reforcen-amb-500-persones-la-plantilla-per-la-temporada-destiu-i-arriben-als-1-500-treballadors\/"},"author":{"name":"Comunicacion","@id":"https:\/\/www.transgourmet.es\/#\/schema\/person\/7558b42d44946cf43b85426e3e9260ff"},"headline":"Valvi i Miservi reforcen amb 500 persones la plantilla per la temporada d\u2019estiu i arriben als 1.500 treballadors","datePublished":"2024-06-20T08:57:30+00:00","dateModified":"2024-06-20T08:58:03+00:00","mainEntityOfPage":{"@id":"https:\/\/www.transgourmet.es\/ca\/blog\/valvi-i-miservi-reforcen-amb-500-persones-la-plantilla-per-la-temporada-destiu-i-arriben-als-1-500-treballadors\/"},"wordCount":327,"commentCount":0,"publisher":{"@id":"https:\/\/www.transgourmet.es\/#organization"},"image":{"@id":"https:\/\/www.transgourmet.es\/ca\/blog\/valvi-i-miservi-reforcen-amb-500-persones-la-plantilla-per-la-temporada-destiu-i-arriben-als-1-500-treballadors\/#primaryimage"},"thumbnailUrl":"https:\/\/www.transgourmet.es\/wp-content\/uploads\/2024\/06\/FOTOSPAR-scaled.jpg","articleSection":["Supermercats"],"inLanguage":"ca","potentialAction":[{"@type":"CommentAction","name":"Comment","target":["https:\/\/www.transgourmet.es\/ca\/blog\/valvi-i-miservi-reforcen-amb-500-persones-la-plantilla-per-la-temporada-destiu-i-arriben-als-1-500-treballadors\/#respond"]}]},{"@type":"WebPage","@id":"https:\/\/www.transgourmet.es\/ca\/blog\/valvi-i-miservi-reforcen-amb-500-persones-la-plantilla-per-la-temporada-destiu-i-arriben-als-1-500-treballadors\/","url":"https:\/\/www.transgourmet.es\/ca\/blog\/valvi-i-miservi-reforcen-amb-500-persones-la-plantilla-per-la-temporada-destiu-i-arriben-als-1-500-treballadors\/","name":"Valvi i Miservi reforcen amb 500 persones la plantilla per la temporada d\u2019estiu i arriben als 1.500 treballadors | Transgourmet","isPartOf":{"@id":"https:\/\/www.transgourmet.es\/#website"},"primaryImageOfPage":{"@id":"https:\/\/www.transgourmet.es\/ca\/blog\/valvi-i-miservi-reforcen-amb-500-persones-la-plantilla-per-la-temporada-destiu-i-arriben-als-1-500-treballadors\/#primaryimage"},"image":{"@id":"https:\/\/www.transgourmet.es\/ca\/blog\/valvi-i-miservi-reforcen-amb-500-persones-la-plantilla-per-la-temporada-destiu-i-arriben-als-1-500-treballadors\/#primaryimage"},"thumbnailUrl":"https:\/\/www.transgourmet.es\/wp-content\/uploads\/2024\/06\/FOTOSPAR-scaled.jpg","datePublished":"2024-06-20T08:57:30+00:00","dateModified":"2024-06-20T08:58:03+00:00","breadcrumb":{"@id":"https:\/\/www.transgourmet.es\/ca\/blog\/valvi-i-miservi-reforcen-amb-500-persones-la-plantilla-per-la-temporada-destiu-i-arriben-als-1-500-treballadors\/#breadcrumb"},"inLanguage":"ca","potentialAction":[{"@type":"ReadAction","target":["https:\/\/www.transgourmet.es\/ca\/blog\/valvi-i-miservi-reforcen-amb-500-persones-la-plantilla-per-la-temporada-destiu-i-arriben-als-1-500-treballadors\/"]}]},{"@type":"ImageObject","inLanguage":"ca","@id":"https:\/\/www.transgourmet.es\/ca\/blog\/valvi-i-miservi-reforcen-amb-500-persones-la-plantilla-per-la-temporada-destiu-i-arriben-als-1-500-treballadors\/#primaryimage","url":"https:\/\/www.transgourmet.es\/wp-content\/uploads\/2024\/06\/FOTOSPAR-scaled.jpg","contentUrl":"https:\/\/www.transgourmet.es\/wp-content\/uploads\/2024\/06\/FOTOSPAR-scaled.jpg","width":2560,"height":1920},{"@type":"BreadcrumbList","@id":"https:\/\/www.transgourmet.es\/ca\/blog\/valvi-i-miservi-reforcen-amb-500-persones-la-plantilla-per-la-temporada-destiu-i-arriben-als-1-500-treballadors\/#breadcrumb","itemListElement":[{"@type":"ListItem","position":1,"name":"Portada","item":"https:\/\/www.transgourmet.es\/ca\/"},{"@type":"ListItem","position":2,"name":"Valvi i Miservi reforcen amb 500 persones la plantilla per la temporada d\u2019estiu i arriben als 1.500 treballadors"}]},{"@type":"WebSite","@id":"https:\/\/www.transgourmet.es\/#website","url":"https:\/\/www.transgourmet.es\/","name":"Transgourmet","description":"Distribuci\u00f3n mayorista de alimentaci\u00f3n en Espa\u00f1a","publisher":{"@id":"https:\/\/www.transgourmet.es\/#organization"},"alternateName":"Grupo Transgourmet","potentialAction":[{"@type":"SearchAction","target":{"@type":"EntryPoint","urlTemplate":"https:\/\/www.transgourmet.es\/?s={search_term_string}"},"query-input":{"@type":"PropertyValueSpecification","valueRequired":true,"valueName":"search_term_string"}}],"inLanguage":"ca"},{"@type":"Organization","@id":"https:\/\/www.transgourmet.es\/#organization","name":"Transgourmet","url":"https:\/\/www.transgourmet.es\/","logo":{"@type":"ImageObject","inLanguage":"ca","@id":"https:\/\/www.transgourmet.es\/#\/schema\/logo\/image\/","url":"https:\/\/www.transgourmet.es\/wp-content\/uploads\/2022\/08\/trans-vert.svg","contentUrl":"https:\/\/www.transgourmet.es\/wp-content\/uploads\/2022\/08\/trans-vert.svg","width":296,"height":113,"caption":"Transgourmet"},"image":{"@id":"https:\/\/www.transgourmet.es\/#\/schema\/logo\/image\/"},"sameAs":["https:\/\/x.com\/transgourmet_es","https:\/\/www.youtube.com\/c\/TransgourmetIberica","https:\/\/www.linkedin.com\/company\/transgourmet-iberica"]},{"@type":"Person","@id":"https:\/\/www.transgourmet.es\/#\/schema\/person\/7558b42d44946cf43b85426e3e9260ff","name":"Comunicacion","image":{"@type":"ImageObject","inLanguage":"ca","@id":"https:\/\/secure.gravatar.com\/avatar\/22ed58e86b6fa1d603bc37a456b3c1eead2a5b2dc754952f01bc759bba31e2f3?s=96&d=mm&r=g","url":"https:\/\/secure.gravatar.com\/avatar\/22ed58e86b6fa1d603bc37a456b3c1eead2a5b2dc754952f01bc759bba31e2f3?s=96&d=mm&r=g","contentUrl":"https:\/\/secure.gravatar.com\/avatar\/22ed58e86b6fa1d603bc37a456b3c1eead2a5b2dc754952f01bc759bba31e2f3?s=96&d=mm&r=g","caption":"Comunicacion"},"sameAs":["https:\/\/www.transgourmet.es\/"]}]}},"_links":{"self":[{"href":"https:\/\/www.transgourmet.es\/ca\/wp-json\/wp\/v2\/posts\/16230","targetHints":{"allow":["GET"]}}],"collection":[{"href":"https:\/\/www.transgourmet.es\/ca\/wp-json\/wp\/v2\/posts"}],"about":[{"href":"https:\/\/www.transgourmet.es\/ca\/wp-json\/wp\/v2\/types\/post"}],"author":[{"embeddable":true,"href":"https:\/\/www.transgourmet.es\/ca\/wp-json\/wp\/v2\/users\/3"}],"replies":[{"embeddable":true,"href":"https:\/\/www.transgourmet.es\/ca\/wp-json\/wp\/v2\/comments?post=16230"}],"version-history":[{"count":4,"href":"https:\/\/www.transgourmet.es\/ca\/wp-json\/wp\/v2\/posts\/16230\/revisions"}],"predecessor-version":[{"id":16250,"href":"https:\/\/www.transgourmet.es\/ca\/wp-json\/wp\/v2\/posts\/16230\/revisions\/16250"}],"wp:featuredmedia":[{"embeddable":true,"href":"https:\/\/www.transgourmet.es\/ca\/wp-json\/wp\/v2\/media\/16229"}],"wp:attachment":[{"href":"https:\/\/www.transgourmet.es\/ca\/wp-json\/wp\/v2\/media?parent=16230"}],"wp:term":[{"taxonomy":"category","embeddable":true,"href":"https:\/\/www.transgourmet.es\/ca\/wp-json\/wp\/v2\/categories?post=16230"},{"taxonomy":"post_tag","embeddable":true,"href":"https:\/\/www.transgourmet.es\/ca\/wp-json\/wp\/v2\/tags?post=16230"}],"curies":[{"name":"wp","href":"https:\/\/api.w.org\/{rel}","templated":true}]}}