{"id":16415,"date":"2024-09-20T09:49:12","date_gmt":"2024-09-20T07:49:12","guid":{"rendered":"https:\/\/www.transgourmet.es\/blog\/jornadas-de-transgourmet-sobre-sosteniblidad-construimos-futuro-juntos\/"},"modified":"2024-09-23T14:12:24","modified_gmt":"2024-09-23T12:12:24","slug":"jornadas-de-transgourmet-sobre-sosteniblidad-construimos-futuro-juntos","status":"publish","type":"post","link":"https:\/\/www.transgourmet.es\/ca\/blog\/jornadas-de-transgourmet-sobre-sosteniblidad-construimos-futuro-juntos\/","title":{"rendered":"Transgourmet reuneix prop de 300 empreses prove\u00efdores en la seva jornada sobre sostenibilitat \u2018Constru\u00efm futur junts\u2019"},"content":{"rendered":"<p>Transgourmet ha organitzat per a les seves empreses prove\u00efdores una jornada sobre sostenibilitat amb el lema <strong>\u201cConstru\u00efm futur junts\u201d<\/strong>. L\u2019esdeveniment ha aplegat unes 300 persones amb les quals Transgourmet ha compartit la seva aposta d\u2019assolir un creixement econ\u00f2mic en el sector de la distribuci\u00f3 aliment\u00e0ria que afavoreixi tamb\u00e9 la protecci\u00f3 del medi ambient i el benestar social.<\/p>\n<p>Durant la jornada, tamb\u00e9 s\u2019ha incidit en la import\u00e0ncia de \u201cfer junts el cam\u00ed\u201d; \u00e9s a dir, de fomentar una col\u00b7laboraci\u00f3 activa entre tots els actors de la cadena de valor per aconseguir un futur sostenible.<\/p>\n<p>El director general de la companyia, Llu\u00eds Labairu, ha explicat que: \u201cNo hi ha res que una empresa sola pugui fer per resoldre el problema del canvi clim\u00e0tic, per\u00f2 s\u00ed que hi ha mil petites accions que podem fer tots plegats\u201d. Amb el lema <strong>\u201cFets en lloc de paraules\u201d<\/strong>, ha animat a tots els actors del sector a passar a l\u2019acci\u00f3 conjunta.<\/p>\n<p><strong>S\u00edlvia Otero<\/strong>, directora executiva corporativa de la companyia, i <strong>Belarmino Doce<\/strong>, director executiu comercial, han participat tamb\u00e9 en la jornada, centrats en la l\u00ednia d\u2019actuaci\u00f3 corporativa del grup Transgourmet i Transgourmet Ib\u00e8rica, a m\u00e9s de la de la seva matriu Coop. Per la seva banda, <strong>Joaquim Mal\u00e9<\/strong>, director executiu financer, i <strong>Albert P\u00e9rez<\/strong>, gerent de Sostenibilitat, han tractat sobre l\u2019estrat\u00e8gia de sostenibilitat del grup Coop i de Transgourmet. A m\u00e9s, s\u2019ha comptat amb la participaci\u00f3 de <strong>Jordi Aycart<\/strong>, responsable de Seguretat, Salut i Sostenibilitat de Nestl\u00e9 Espanya i Portugal.<\/p>\n<p>Durant la jornada, Transgourmet ha destacat els tres pilars de la seva estrat\u00e8gia de sostenibilitat: gammes de productes sostenibles de marca pr\u00f2pia, protecci\u00f3 del clima i del medi ambient, i responsabilitat amb els empleats i la societat. I ha anunciat els seus objectius pels propers anys:<\/p>\n<ul style=\"list-style-type: circle;\">\n<li>Augment de les vendes de producte que compleixi amb els est\u00e0ndards de sostenibilitat establerts.<\/li>\n<li>Transpar\u00e8ncia i tra\u00e7abilitat d\u2019aquests productes.<\/li>\n<li>Protecci\u00f3 dels drets humans i laborals a la cadena de subministrament.<\/li>\n<li>Participaci\u00f3 de productes que compleixin amb bones pr\u00e0ctiques de benestar animal.<\/li>\n<li>Reducci\u00f3 de les emissions de gasos d\u2019efecte hivernacle.<\/li>\n<li>Reducci\u00f3 de la quantitat de pl\u00e0stic en envasos dom\u00e8stics (productes) i a comercial (transport de mercaderia).<\/li>\n<\/ul>\n<p>Transgourmet ha demanat la col\u00b7laboraci\u00f3 al llarg de tota la cadena de valor per aconseguir els objectius marcats per la companyia i el marc legal: des del cultiu de les mat\u00e8ries primeres que fem servir, passant per transport, f\u00e0briques, envasos que utilitzem, log\u00edstica a les nostres plataformes, i transport al comer\u00e7.<\/p>\n<p><strong>\u00a0<\/strong><\/p>\n","protected":false},"excerpt":{"rendered":"<p>Transgourmet ha organitzat per a les seves empreses prove\u00efdores una jornada sobre sostenibilitat amb el lema \u201cConstru\u00efm futur junts\u201d. L\u2019esdeveniment ha aplegat unes 300 persones amb les quals Transgourmet ha compartit la seva aposta d\u2019assolir un creixement econ\u00f2mic en el sector de la distribuci\u00f3 aliment\u00e0ria que afavoreixi tamb\u00e9 la protecci\u00f3 del medi ambient i el&hellip;&nbsp;<\/p>\n","protected":false},"author":3,"featured_media":16447,"comment_status":"open","ping_status":"open","sticky":false,"template":"","format":"standard","meta":{"_acf_changed":false,"neve_meta_sidebar":"","neve_meta_container":"","neve_meta_enable_content_width":"off","neve_meta_content_width":70,"neve_meta_title_alignment":"","neve_meta_author_avatar":"","neve_post_elements_order":"","neve_meta_disable_header":"","neve_meta_disable_footer":"","neve_meta_disable_title":"","footnotes":""},"categories":[35,39],"tags":[],"class_list":["post-16415","post","type-post","status-publish","format-standard","has-post-thumbnail","hentry","category-corporativa-ca","category-sostenibilitat"],"acf":[],"yoast_head":"<!-- This site is optimized with the Yoast SEO plugin v27.4 - https:\/\/yoast.com\/product\/yoast-seo-wordpress\/ -->\n<title>Transgourmet reuneix prop de 300 empreses prove\u00efdores en la seva jornada sobre sostenibilitat \u2018Constru\u00efm futur junts\u2019 | Transgourmet<\/title>\n<meta name=\"robots\" content=\"index, follow, max-snippet:-1, max-image-preview:large, max-video-preview:-1\" \/>\n<link rel=\"canonical\" href=\"https:\/\/www.transgourmet.es\/ca\/blog\/jornadas-de-transgourmet-sobre-sosteniblidad-construimos-futuro-juntos\/\" \/>\n<meta property=\"og:locale\" content=\"ca_ES\" \/>\n<meta property=\"og:type\" content=\"article\" \/>\n<meta property=\"og:title\" content=\"Transgourmet reuneix prop de 300 empreses prove\u00efdores en la seva jornada sobre sostenibilitat \u2018Constru\u00efm futur junts\u2019 | Transgourmet\" \/>\n<meta property=\"og:description\" content=\"Transgourmet ha organitzat per a les seves empreses prove\u00efdores una jornada sobre sostenibilitat amb el lema \u201cConstru\u00efm futur junts\u201d. L\u2019esdeveniment ha aplegat unes 300 persones amb les quals Transgourmet ha compartit la seva aposta d\u2019assolir un creixement econ\u00f2mic en el sector de la distribuci\u00f3 aliment\u00e0ria que afavoreixi tamb\u00e9 la protecci\u00f3 del medi ambient i el&hellip;&nbsp;\" \/>\n<meta property=\"og:url\" content=\"https:\/\/www.transgourmet.es\/ca\/blog\/jornadas-de-transgourmet-sobre-sosteniblidad-construimos-futuro-juntos\/\" \/>\n<meta property=\"og:site_name\" content=\"Transgourmet\" \/>\n<meta property=\"article:published_time\" content=\"2024-09-20T07:49:12+00:00\" \/>\n<meta property=\"article:modified_time\" content=\"2024-09-23T12:12:24+00:00\" \/>\n<meta property=\"og:image\" content=\"https:\/\/www.transgourmet.es\/wp-content\/uploads\/2024\/09\/TG-1_JornadaSostenibilidad-scaled.jpg\" \/>\n\t<meta property=\"og:image:width\" content=\"2560\" \/>\n\t<meta property=\"og:image:height\" content=\"1707\" \/>\n\t<meta property=\"og:image:type\" content=\"image\/jpeg\" \/>\n<meta name=\"author\" content=\"Comunicacion\" \/>\n<meta name=\"twitter:card\" content=\"summary_large_image\" \/>\n<meta name=\"twitter:creator\" content=\"@transgourmet_es\" \/>\n<meta name=\"twitter:site\" content=\"@transgourmet_es\" \/>\n<meta name=\"twitter:label1\" content=\"Escrit per\" \/>\n\t<meta name=\"twitter:data1\" content=\"Comunicacion\" \/>\n\t<meta name=\"twitter:label2\" content=\"Temps estimat de lectura\" \/>\n\t<meta name=\"twitter:data2\" content=\"3 minuts\" \/>\n<script type=\"application\/ld+json\" class=\"yoast-schema-graph\">{\"@context\":\"https:\\\/\\\/schema.org\",\"@graph\":[{\"@type\":\"Article\",\"@id\":\"https:\\\/\\\/www.transgourmet.es\\\/ca\\\/blog\\\/jornadas-de-transgourmet-sobre-sosteniblidad-construimos-futuro-juntos\\\/#article\",\"isPartOf\":{\"@id\":\"https:\\\/\\\/www.transgourmet.es\\\/ca\\\/blog\\\/jornadas-de-transgourmet-sobre-sosteniblidad-construimos-futuro-juntos\\\/\"},\"author\":{\"name\":\"Comunicacion\",\"@id\":\"https:\\\/\\\/www.transgourmet.es\\\/#\\\/schema\\\/person\\\/7558b42d44946cf43b85426e3e9260ff\"},\"headline\":\"Transgourmet reuneix prop de 300 empreses prove\u00efdores en la seva jornada sobre sostenibilitat \u2018Constru\u00efm futur junts\u2019\",\"datePublished\":\"2024-09-20T07:49:12+00:00\",\"dateModified\":\"2024-09-23T12:12:24+00:00\",\"mainEntityOfPage\":{\"@id\":\"https:\\\/\\\/www.transgourmet.es\\\/ca\\\/blog\\\/jornadas-de-transgourmet-sobre-sosteniblidad-construimos-futuro-juntos\\\/\"},\"wordCount\":458,\"commentCount\":0,\"publisher\":{\"@id\":\"https:\\\/\\\/www.transgourmet.es\\\/#organization\"},\"image\":{\"@id\":\"https:\\\/\\\/www.transgourmet.es\\\/ca\\\/blog\\\/jornadas-de-transgourmet-sobre-sosteniblidad-construimos-futuro-juntos\\\/#primaryimage\"},\"thumbnailUrl\":\"https:\\\/\\\/www.transgourmet.es\\\/wp-content\\\/uploads\\\/2024\\\/09\\\/TG-1_JornadaSostenibilidad-scaled.jpg\",\"articleSection\":[\"Corporativa\",\"Sostenibilitat\"],\"inLanguage\":\"ca\",\"potentialAction\":[{\"@type\":\"CommentAction\",\"name\":\"Comment\",\"target\":[\"https:\\\/\\\/www.transgourmet.es\\\/ca\\\/blog\\\/jornadas-de-transgourmet-sobre-sosteniblidad-construimos-futuro-juntos\\\/#respond\"]}]},{\"@type\":\"WebPage\",\"@id\":\"https:\\\/\\\/www.transgourmet.es\\\/ca\\\/blog\\\/jornadas-de-transgourmet-sobre-sosteniblidad-construimos-futuro-juntos\\\/\",\"url\":\"https:\\\/\\\/www.transgourmet.es\\\/ca\\\/blog\\\/jornadas-de-transgourmet-sobre-sosteniblidad-construimos-futuro-juntos\\\/\",\"name\":\"Transgourmet reuneix prop de 300 empreses prove\u00efdores en la seva jornada sobre sostenibilitat \u2018Constru\u00efm futur junts\u2019 | Transgourmet\",\"isPartOf\":{\"@id\":\"https:\\\/\\\/www.transgourmet.es\\\/#website\"},\"primaryImageOfPage\":{\"@id\":\"https:\\\/\\\/www.transgourmet.es\\\/ca\\\/blog\\\/jornadas-de-transgourmet-sobre-sosteniblidad-construimos-futuro-juntos\\\/#primaryimage\"},\"image\":{\"@id\":\"https:\\\/\\\/www.transgourmet.es\\\/ca\\\/blog\\\/jornadas-de-transgourmet-sobre-sosteniblidad-construimos-futuro-juntos\\\/#primaryimage\"},\"thumbnailUrl\":\"https:\\\/\\\/www.transgourmet.es\\\/wp-content\\\/uploads\\\/2024\\\/09\\\/TG-1_JornadaSostenibilidad-scaled.jpg\",\"datePublished\":\"2024-09-20T07:49:12+00:00\",\"dateModified\":\"2024-09-23T12:12:24+00:00\",\"breadcrumb\":{\"@id\":\"https:\\\/\\\/www.transgourmet.es\\\/ca\\\/blog\\\/jornadas-de-transgourmet-sobre-sosteniblidad-construimos-futuro-juntos\\\/#breadcrumb\"},\"inLanguage\":\"ca\",\"potentialAction\":[{\"@type\":\"ReadAction\",\"target\":[\"https:\\\/\\\/www.transgourmet.es\\\/ca\\\/blog\\\/jornadas-de-transgourmet-sobre-sosteniblidad-construimos-futuro-juntos\\\/\"]}]},{\"@type\":\"ImageObject\",\"inLanguage\":\"ca\",\"@id\":\"https:\\\/\\\/www.transgourmet.es\\\/ca\\\/blog\\\/jornadas-de-transgourmet-sobre-sosteniblidad-construimos-futuro-juntos\\\/#primaryimage\",\"url\":\"https:\\\/\\\/www.transgourmet.es\\\/wp-content\\\/uploads\\\/2024\\\/09\\\/TG-1_JornadaSostenibilidad-scaled.jpg\",\"contentUrl\":\"https:\\\/\\\/www.transgourmet.es\\\/wp-content\\\/uploads\\\/2024\\\/09\\\/TG-1_JornadaSostenibilidad-scaled.jpg\",\"width\":2560,\"height\":1707},{\"@type\":\"BreadcrumbList\",\"@id\":\"https:\\\/\\\/www.transgourmet.es\\\/ca\\\/blog\\\/jornadas-de-transgourmet-sobre-sosteniblidad-construimos-futuro-juntos\\\/#breadcrumb\",\"itemListElement\":[{\"@type\":\"ListItem\",\"position\":1,\"name\":\"Portada\",\"item\":\"https:\\\/\\\/www.transgourmet.es\\\/ca\\\/\"},{\"@type\":\"ListItem\",\"position\":2,\"name\":\"Transgourmet reuneix prop de 300 empreses prove\u00efdores en la seva jornada sobre sostenibilitat \u2018Constru\u00efm futur junts\u2019\"}]},{\"@type\":\"WebSite\",\"@id\":\"https:\\\/\\\/www.transgourmet.es\\\/#website\",\"url\":\"https:\\\/\\\/www.transgourmet.es\\\/\",\"name\":\"Transgourmet\",\"description\":\"Distribuci\u00f3n mayorista de alimentaci\u00f3n en Espa\u00f1a\",\"publisher\":{\"@id\":\"https:\\\/\\\/www.transgourmet.es\\\/#organization\"},\"alternateName\":\"Grupo Transgourmet\",\"potentialAction\":[{\"@type\":\"SearchAction\",\"target\":{\"@type\":\"EntryPoint\",\"urlTemplate\":\"https:\\\/\\\/www.transgourmet.es\\\/?s={search_term_string}\"},\"query-input\":{\"@type\":\"PropertyValueSpecification\",\"valueRequired\":true,\"valueName\":\"search_term_string\"}}],\"inLanguage\":\"ca\"},{\"@type\":\"Organization\",\"@id\":\"https:\\\/\\\/www.transgourmet.es\\\/#organization\",\"name\":\"Transgourmet\",\"url\":\"https:\\\/\\\/www.transgourmet.es\\\/\",\"logo\":{\"@type\":\"ImageObject\",\"inLanguage\":\"ca\",\"@id\":\"https:\\\/\\\/www.transgourmet.es\\\/#\\\/schema\\\/logo\\\/image\\\/\",\"url\":\"https:\\\/\\\/www.transgourmet.es\\\/wp-content\\\/uploads\\\/2022\\\/08\\\/trans-vert.svg\",\"contentUrl\":\"https:\\\/\\\/www.transgourmet.es\\\/wp-content\\\/uploads\\\/2022\\\/08\\\/trans-vert.svg\",\"width\":296,\"height\":113,\"caption\":\"Transgourmet\"},\"image\":{\"@id\":\"https:\\\/\\\/www.transgourmet.es\\\/#\\\/schema\\\/logo\\\/image\\\/\"},\"sameAs\":[\"https:\\\/\\\/x.com\\\/transgourmet_es\",\"https:\\\/\\\/www.youtube.com\\\/c\\\/TransgourmetIberica\",\"https:\\\/\\\/www.linkedin.com\\\/company\\\/transgourmet-iberica\"]},{\"@type\":\"Person\",\"@id\":\"https:\\\/\\\/www.transgourmet.es\\\/#\\\/schema\\\/person\\\/7558b42d44946cf43b85426e3e9260ff\",\"name\":\"Comunicacion\",\"image\":{\"@type\":\"ImageObject\",\"inLanguage\":\"ca\",\"@id\":\"https:\\\/\\\/secure.gravatar.com\\\/avatar\\\/22ed58e86b6fa1d603bc37a456b3c1eead2a5b2dc754952f01bc759bba31e2f3?s=96&d=mm&r=g\",\"url\":\"https:\\\/\\\/secure.gravatar.com\\\/avatar\\\/22ed58e86b6fa1d603bc37a456b3c1eead2a5b2dc754952f01bc759bba31e2f3?s=96&d=mm&r=g\",\"contentUrl\":\"https:\\\/\\\/secure.gravatar.com\\\/avatar\\\/22ed58e86b6fa1d603bc37a456b3c1eead2a5b2dc754952f01bc759bba31e2f3?s=96&d=mm&r=g\",\"caption\":\"Comunicacion\"},\"sameAs\":[\"https:\\\/\\\/www.transgourmet.es\\\/\"]}]}<\/script>\n<!-- \/ Yoast SEO plugin. -->","yoast_head_json":{"title":"Transgourmet reuneix prop de 300 empreses prove\u00efdores en la seva jornada sobre sostenibilitat \u2018Constru\u00efm futur junts\u2019 | Transgourmet","robots":{"index":"index","follow":"follow","max-snippet":"max-snippet:-1","max-image-preview":"max-image-preview:large","max-video-preview":"max-video-preview:-1"},"canonical":"https:\/\/www.transgourmet.es\/ca\/blog\/jornadas-de-transgourmet-sobre-sosteniblidad-construimos-futuro-juntos\/","og_locale":"ca_ES","og_type":"article","og_title":"Transgourmet reuneix prop de 300 empreses prove\u00efdores en la seva jornada sobre sostenibilitat \u2018Constru\u00efm futur junts\u2019 | Transgourmet","og_description":"Transgourmet ha organitzat per a les seves empreses prove\u00efdores una jornada sobre sostenibilitat amb el lema \u201cConstru\u00efm futur junts\u201d. L\u2019esdeveniment ha aplegat unes 300 persones amb les quals Transgourmet ha compartit la seva aposta d\u2019assolir un creixement econ\u00f2mic en el sector de la distribuci\u00f3 aliment\u00e0ria que afavoreixi tamb\u00e9 la protecci\u00f3 del medi ambient i el&hellip;&nbsp;","og_url":"https:\/\/www.transgourmet.es\/ca\/blog\/jornadas-de-transgourmet-sobre-sosteniblidad-construimos-futuro-juntos\/","og_site_name":"Transgourmet","article_published_time":"2024-09-20T07:49:12+00:00","article_modified_time":"2024-09-23T12:12:24+00:00","og_image":[{"width":2560,"height":1707,"url":"https:\/\/www.transgourmet.es\/wp-content\/uploads\/2024\/09\/TG-1_JornadaSostenibilidad-scaled.jpg","type":"image\/jpeg"}],"author":"Comunicacion","twitter_card":"summary_large_image","twitter_creator":"@transgourmet_es","twitter_site":"@transgourmet_es","twitter_misc":{"Escrit per":"Comunicacion","Temps estimat de lectura":"3 minuts"},"schema":{"@context":"https:\/\/schema.org","@graph":[{"@type":"Article","@id":"https:\/\/www.transgourmet.es\/ca\/blog\/jornadas-de-transgourmet-sobre-sosteniblidad-construimos-futuro-juntos\/#article","isPartOf":{"@id":"https:\/\/www.transgourmet.es\/ca\/blog\/jornadas-de-transgourmet-sobre-sosteniblidad-construimos-futuro-juntos\/"},"author":{"name":"Comunicacion","@id":"https:\/\/www.transgourmet.es\/#\/schema\/person\/7558b42d44946cf43b85426e3e9260ff"},"headline":"Transgourmet reuneix prop de 300 empreses prove\u00efdores en la seva jornada sobre sostenibilitat \u2018Constru\u00efm futur junts\u2019","datePublished":"2024-09-20T07:49:12+00:00","dateModified":"2024-09-23T12:12:24+00:00","mainEntityOfPage":{"@id":"https:\/\/www.transgourmet.es\/ca\/blog\/jornadas-de-transgourmet-sobre-sosteniblidad-construimos-futuro-juntos\/"},"wordCount":458,"commentCount":0,"publisher":{"@id":"https:\/\/www.transgourmet.es\/#organization"},"image":{"@id":"https:\/\/www.transgourmet.es\/ca\/blog\/jornadas-de-transgourmet-sobre-sosteniblidad-construimos-futuro-juntos\/#primaryimage"},"thumbnailUrl":"https:\/\/www.transgourmet.es\/wp-content\/uploads\/2024\/09\/TG-1_JornadaSostenibilidad-scaled.jpg","articleSection":["Corporativa","Sostenibilitat"],"inLanguage":"ca","potentialAction":[{"@type":"CommentAction","name":"Comment","target":["https:\/\/www.transgourmet.es\/ca\/blog\/jornadas-de-transgourmet-sobre-sosteniblidad-construimos-futuro-juntos\/#respond"]}]},{"@type":"WebPage","@id":"https:\/\/www.transgourmet.es\/ca\/blog\/jornadas-de-transgourmet-sobre-sosteniblidad-construimos-futuro-juntos\/","url":"https:\/\/www.transgourmet.es\/ca\/blog\/jornadas-de-transgourmet-sobre-sosteniblidad-construimos-futuro-juntos\/","name":"Transgourmet reuneix prop de 300 empreses prove\u00efdores en la seva jornada sobre sostenibilitat \u2018Constru\u00efm futur junts\u2019 | Transgourmet","isPartOf":{"@id":"https:\/\/www.transgourmet.es\/#website"},"primaryImageOfPage":{"@id":"https:\/\/www.transgourmet.es\/ca\/blog\/jornadas-de-transgourmet-sobre-sosteniblidad-construimos-futuro-juntos\/#primaryimage"},"image":{"@id":"https:\/\/www.transgourmet.es\/ca\/blog\/jornadas-de-transgourmet-sobre-sosteniblidad-construimos-futuro-juntos\/#primaryimage"},"thumbnailUrl":"https:\/\/www.transgourmet.es\/wp-content\/uploads\/2024\/09\/TG-1_JornadaSostenibilidad-scaled.jpg","datePublished":"2024-09-20T07:49:12+00:00","dateModified":"2024-09-23T12:12:24+00:00","breadcrumb":{"@id":"https:\/\/www.transgourmet.es\/ca\/blog\/jornadas-de-transgourmet-sobre-sosteniblidad-construimos-futuro-juntos\/#breadcrumb"},"inLanguage":"ca","potentialAction":[{"@type":"ReadAction","target":["https:\/\/www.transgourmet.es\/ca\/blog\/jornadas-de-transgourmet-sobre-sosteniblidad-construimos-futuro-juntos\/"]}]},{"@type":"ImageObject","inLanguage":"ca","@id":"https:\/\/www.transgourmet.es\/ca\/blog\/jornadas-de-transgourmet-sobre-sosteniblidad-construimos-futuro-juntos\/#primaryimage","url":"https:\/\/www.transgourmet.es\/wp-content\/uploads\/2024\/09\/TG-1_JornadaSostenibilidad-scaled.jpg","contentUrl":"https:\/\/www.transgourmet.es\/wp-content\/uploads\/2024\/09\/TG-1_JornadaSostenibilidad-scaled.jpg","width":2560,"height":1707},{"@type":"BreadcrumbList","@id":"https:\/\/www.transgourmet.es\/ca\/blog\/jornadas-de-transgourmet-sobre-sosteniblidad-construimos-futuro-juntos\/#breadcrumb","itemListElement":[{"@type":"ListItem","position":1,"name":"Portada","item":"https:\/\/www.transgourmet.es\/ca\/"},{"@type":"ListItem","position":2,"name":"Transgourmet reuneix prop de 300 empreses prove\u00efdores en la seva jornada sobre sostenibilitat \u2018Constru\u00efm futur junts\u2019"}]},{"@type":"WebSite","@id":"https:\/\/www.transgourmet.es\/#website","url":"https:\/\/www.transgourmet.es\/","name":"Transgourmet","description":"Distribuci\u00f3n mayorista de alimentaci\u00f3n en Espa\u00f1a","publisher":{"@id":"https:\/\/www.transgourmet.es\/#organization"},"alternateName":"Grupo Transgourmet","potentialAction":[{"@type":"SearchAction","target":{"@type":"EntryPoint","urlTemplate":"https:\/\/www.transgourmet.es\/?s={search_term_string}"},"query-input":{"@type":"PropertyValueSpecification","valueRequired":true,"valueName":"search_term_string"}}],"inLanguage":"ca"},{"@type":"Organization","@id":"https:\/\/www.transgourmet.es\/#organization","name":"Transgourmet","url":"https:\/\/www.transgourmet.es\/","logo":{"@type":"ImageObject","inLanguage":"ca","@id":"https:\/\/www.transgourmet.es\/#\/schema\/logo\/image\/","url":"https:\/\/www.transgourmet.es\/wp-content\/uploads\/2022\/08\/trans-vert.svg","contentUrl":"https:\/\/www.transgourmet.es\/wp-content\/uploads\/2022\/08\/trans-vert.svg","width":296,"height":113,"caption":"Transgourmet"},"image":{"@id":"https:\/\/www.transgourmet.es\/#\/schema\/logo\/image\/"},"sameAs":["https:\/\/x.com\/transgourmet_es","https:\/\/www.youtube.com\/c\/TransgourmetIberica","https:\/\/www.linkedin.com\/company\/transgourmet-iberica"]},{"@type":"Person","@id":"https:\/\/www.transgourmet.es\/#\/schema\/person\/7558b42d44946cf43b85426e3e9260ff","name":"Comunicacion","image":{"@type":"ImageObject","inLanguage":"ca","@id":"https:\/\/secure.gravatar.com\/avatar\/22ed58e86b6fa1d603bc37a456b3c1eead2a5b2dc754952f01bc759bba31e2f3?s=96&d=mm&r=g","url":"https:\/\/secure.gravatar.com\/avatar\/22ed58e86b6fa1d603bc37a456b3c1eead2a5b2dc754952f01bc759bba31e2f3?s=96&d=mm&r=g","contentUrl":"https:\/\/secure.gravatar.com\/avatar\/22ed58e86b6fa1d603bc37a456b3c1eead2a5b2dc754952f01bc759bba31e2f3?s=96&d=mm&r=g","caption":"Comunicacion"},"sameAs":["https:\/\/www.transgourmet.es\/"]}]}},"_links":{"self":[{"href":"https:\/\/www.transgourmet.es\/ca\/wp-json\/wp\/v2\/posts\/16415","targetHints":{"allow":["GET"]}}],"collection":[{"href":"https:\/\/www.transgourmet.es\/ca\/wp-json\/wp\/v2\/posts"}],"about":[{"href":"https:\/\/www.transgourmet.es\/ca\/wp-json\/wp\/v2\/types\/post"}],"author":[{"embeddable":true,"href":"https:\/\/www.transgourmet.es\/ca\/wp-json\/wp\/v2\/users\/3"}],"replies":[{"embeddable":true,"href":"https:\/\/www.transgourmet.es\/ca\/wp-json\/wp\/v2\/comments?post=16415"}],"version-history":[{"count":5,"href":"https:\/\/www.transgourmet.es\/ca\/wp-json\/wp\/v2\/posts\/16415\/revisions"}],"predecessor-version":[{"id":16467,"href":"https:\/\/www.transgourmet.es\/ca\/wp-json\/wp\/v2\/posts\/16415\/revisions\/16467"}],"wp:featuredmedia":[{"embeddable":true,"href":"https:\/\/www.transgourmet.es\/ca\/wp-json\/wp\/v2\/media\/16447"}],"wp:attachment":[{"href":"https:\/\/www.transgourmet.es\/ca\/wp-json\/wp\/v2\/media?parent=16415"}],"wp:term":[{"taxonomy":"category","embeddable":true,"href":"https:\/\/www.transgourmet.es\/ca\/wp-json\/wp\/v2\/categories?post=16415"},{"taxonomy":"post_tag","embeddable":true,"href":"https:\/\/www.transgourmet.es\/ca\/wp-json\/wp\/v2\/tags?post=16415"}],"curies":[{"name":"wp","href":"https:\/\/api.w.org\/{rel}","templated":true}]}}