{"id":16531,"date":"2024-09-20T16:49:26","date_gmt":"2024-09-20T14:49:26","guid":{"rendered":"https:\/\/www.transgourmet.es\/blog\/aperitivo-con-ricardo\/"},"modified":"2024-09-26T16:06:51","modified_gmt":"2024-09-26T14:06:51","slug":"aperitivo-con-ricardo","status":"publish","type":"post","link":"https:\/\/www.transgourmet.es\/ca\/blog\/aperitivo-con-ricardo\/","title":{"rendered":"Aperitiu amb: Ricardo"},"content":{"rendered":"<p><strong>Nom i cognoms:<\/strong> Ricardo Varela Fern\u00e1ndez.<\/p>\n<p><strong>C\u00e0rrec i departament:<\/strong> Gerent regional de GM Cash Andalusia i Can\u00e0ries.<\/p>\n<p><strong>Anys a Transgourmet:<\/strong> 7 anys i 3 mesos.<\/p>\n<p><strong>Qu\u00e8 \u00e9s el que m\u00e9s t\u2019agrada de la teva feina? <\/strong>Tinc molta sort amb la meva feina! M\u2019encanta ajudar a la nostra clientela a trobar solucions que s\u2019adaptin a les seves necessitats i contribuir a l\u2019\u00e8xit dels seus negocis. Les relacions amb ells i elles s\u00f3n fonamentals.<\/p>\n<p>I, per altra banda, gaudeixo de l\u2019oportunitat de treballar amb un equip apassionat i talent\u00f3s. Per a mi, \u00e9s molt gratificant comprovar cada dia la col\u00b7laboraci\u00f3 i l\u2019esfor\u00e7 dels meus companys i companyes per assolir les fites que ens proposem.<\/p>\n<p><strong>Si Transgourmet fos un plat seria<\/strong>\u2026 Una deliciosa i variada &#8220;taula de sabors nacionals&#8221;. Aquest plat combinaria ingredients frescos i d\u2019alta qualitat de diverses cuines, presentant una fusi\u00f3 de sabors que ressalten la diversitat i el comprom\u00eds amb l\u2019excel\u00b7l\u00e8ncia amb qu\u00e8 treballem pels nostres clients i clientes. Aix\u00f2 \u00e9s Transgourmet per a mi!<\/p>\n<p><strong>Quin \u00e9s el teu producte preferit del nostre assortiment? <\/strong>Tinc molts productes preferits, per\u00f2 et puc dir que una de les darreres incorporacions \u00e9s el pop de Wofco. Quina meravella! Em transporta a sabors de quan era jove i que no recordava. El sabor i la qualitat d\u2019aquest producte \u00e9s indescriptible. Proveu-lo aix\u00ed que pugueu!<\/p>\n<p><strong>Ens recomanes un restaurant? (i per qu\u00e8).<\/strong> Per la meva feina i la quantitat de clientela que visito, podria dir-ne molts de restaurants, per\u00f2 n\u2019hi ha dos en particular que m\u2019han sorpr\u00e8s. Un \u00e9s <strong>El \u00c1rbol Tapas<\/strong>, a Chiclana, Cadis. Una experi\u00e8ncia espectacular, tant per la innovaci\u00f3 en la seva cuina com pel tractament del producte i l\u2019amabilitat dels amos del negoci, la Mari Paz i en Jos\u00e9 Luis. I em passa el mateix amb <strong>Gades Tapas<\/strong> de Cadis. Tant la cuina tradicional com la cuina d\u2019innovaci\u00f3 que prepara en Diego s\u00f3n un espectacle incre\u00efble de sabors i de qualitat. A m\u00e9s, et tracta com si et conegu\u00e9s de tota la vida i et fa sentir important. Si esteu per la zona, us animo a acostar-vos-hi!<\/p>\n<p><strong>Qu\u00e8 \u00e9s el millor que t\u2019ha passat a l\u2019empresa?<\/strong> Com us deia abans, tinc molta sort amb la meva feina. Agraeixo en primer lloc que comptessin amb mi per formar part de l\u2019equip Transgourmet. M\u2019han donat l\u2019oportunitat de promocionar i avan\u00e7ar en la meva carrera professional. Tamb\u00e9 m\u2019he pogut envoltar d\u2019un gran equip hum\u00e0 (company@s i caps) i aprendre dels seus coneixements i dels seus valors per poder continuar progressant tant a nivell personal com professional.<\/p>\n<p><strong>Una frase que defineixi Transgourmet.<\/strong> Sense cap mena de dubte, \u201cuna empresa de persones per a persones\u201d, on la relaci\u00f3 personal \u00e9s imprescindible perqu\u00e8 la clientela i els treballadors i treballadores se sentin \u00fanics. \u00c9s una frase que tot@s tenim al nostre ADN.<\/p>\n<p><strong>Alguna cosa per afegir\u2026<\/strong> Som una gran empresa on sabem escoltar la nostra clientela i les persones, perqu\u00e8 volem construir un futur en com\u00fa. \u00c9s el m\u00e9s important.<\/p>\n<p><strong>A qui esculls perqu\u00e8 respongui el q\u00fcestionari de la propera <em>newsletter?<\/em><\/strong> A la Leyre Jim\u00e9nez Rico, del Departament de Talent.<\/p>\n","protected":false},"excerpt":{"rendered":"<p>Nom i cognoms: Ricardo Varela Fern\u00e1ndez. C\u00e0rrec i departament: Gerent regional de GM Cash Andalusia i Can\u00e0ries. Anys a Transgourmet: 7 anys i 3 mesos. Qu\u00e8 \u00e9s el que m\u00e9s t\u2019agrada de la teva feina? Tinc molta sort amb la meva feina! M\u2019encanta ajudar a la nostra clientela a trobar solucions que s\u2019adaptin a les&hellip;&nbsp;<\/p>\n","protected":false},"author":3,"featured_media":16424,"comment_status":"open","ping_status":"open","sticky":false,"template":"","format":"standard","meta":{"_acf_changed":false,"neve_meta_sidebar":"","neve_meta_container":"","neve_meta_enable_content_width":"off","neve_meta_content_width":70,"neve_meta_title_alignment":"","neve_meta_author_avatar":"","neve_post_elements_order":"","neve_meta_disable_header":"","neve_meta_disable_footer":"","neve_meta_disable_title":"","footnotes":""},"categories":[50],"tags":[],"class_list":["post-16531","post","type-post","status-publish","format-standard","has-post-thumbnail","hentry","category-newsletter-ca"],"acf":[],"yoast_head":"<!-- This site is optimized with the Yoast SEO plugin v27.4 - https:\/\/yoast.com\/product\/yoast-seo-wordpress\/ -->\n<title>Aperitiu amb: Ricardo | Transgourmet<\/title>\n<meta name=\"robots\" content=\"index, follow, max-snippet:-1, max-image-preview:large, max-video-preview:-1\" \/>\n<link rel=\"canonical\" href=\"https:\/\/www.transgourmet.es\/ca\/blog\/aperitivo-con-ricardo\/\" \/>\n<meta property=\"og:locale\" content=\"ca_ES\" \/>\n<meta property=\"og:type\" content=\"article\" \/>\n<meta property=\"og:title\" content=\"Aperitiu amb: Ricardo | Transgourmet\" \/>\n<meta property=\"og:description\" content=\"Nom i cognoms: Ricardo Varela Fern\u00e1ndez. C\u00e0rrec i departament: Gerent regional de GM Cash Andalusia i Can\u00e0ries. Anys a Transgourmet: 7 anys i 3 mesos. Qu\u00e8 \u00e9s el que m\u00e9s t\u2019agrada de la teva feina? Tinc molta sort amb la meva feina! M\u2019encanta ajudar a la nostra clientela a trobar solucions que s\u2019adaptin a les&hellip;&nbsp;\" \/>\n<meta property=\"og:url\" content=\"https:\/\/www.transgourmet.es\/ca\/blog\/aperitivo-con-ricardo\/\" \/>\n<meta property=\"og:site_name\" content=\"Transgourmet\" \/>\n<meta property=\"article:published_time\" content=\"2024-09-20T14:49:26+00:00\" \/>\n<meta property=\"article:modified_time\" content=\"2024-09-26T14:06:51+00:00\" \/>\n<meta property=\"og:image\" content=\"https:\/\/www.transgourmet.es\/wp-content\/uploads\/2024\/09\/Foto-Ricardo-Jamones.jpg\" \/>\n\t<meta property=\"og:image:width\" content=\"2016\" \/>\n\t<meta property=\"og:image:height\" content=\"1134\" \/>\n\t<meta property=\"og:image:type\" content=\"image\/jpeg\" \/>\n<meta name=\"author\" content=\"Comunicacion\" \/>\n<meta name=\"twitter:card\" content=\"summary_large_image\" \/>\n<meta name=\"twitter:creator\" content=\"@transgourmet_es\" \/>\n<meta name=\"twitter:site\" content=\"@transgourmet_es\" \/>\n<meta name=\"twitter:label1\" content=\"Escrit per\" \/>\n\t<meta name=\"twitter:data1\" content=\"Comunicacion\" \/>\n\t<meta name=\"twitter:label2\" content=\"Temps estimat de lectura\" \/>\n\t<meta name=\"twitter:data2\" content=\"3 minuts\" \/>\n<script type=\"application\/ld+json\" class=\"yoast-schema-graph\">{\"@context\":\"https:\\\/\\\/schema.org\",\"@graph\":[{\"@type\":\"Article\",\"@id\":\"https:\\\/\\\/www.transgourmet.es\\\/ca\\\/blog\\\/aperitivo-con-ricardo\\\/#article\",\"isPartOf\":{\"@id\":\"https:\\\/\\\/www.transgourmet.es\\\/ca\\\/blog\\\/aperitivo-con-ricardo\\\/\"},\"author\":{\"name\":\"Comunicacion\",\"@id\":\"https:\\\/\\\/www.transgourmet.es\\\/#\\\/schema\\\/person\\\/7558b42d44946cf43b85426e3e9260ff\"},\"headline\":\"Aperitiu amb: Ricardo\",\"datePublished\":\"2024-09-20T14:49:26+00:00\",\"dateModified\":\"2024-09-26T14:06:51+00:00\",\"mainEntityOfPage\":{\"@id\":\"https:\\\/\\\/www.transgourmet.es\\\/ca\\\/blog\\\/aperitivo-con-ricardo\\\/\"},\"wordCount\":556,\"commentCount\":0,\"publisher\":{\"@id\":\"https:\\\/\\\/www.transgourmet.es\\\/#organization\"},\"image\":{\"@id\":\"https:\\\/\\\/www.transgourmet.es\\\/ca\\\/blog\\\/aperitivo-con-ricardo\\\/#primaryimage\"},\"thumbnailUrl\":\"https:\\\/\\\/www.transgourmet.es\\\/wp-content\\\/uploads\\\/2024\\\/09\\\/Foto-Ricardo-Jamones.jpg\",\"articleSection\":[\"Newsletter\"],\"inLanguage\":\"ca\",\"potentialAction\":[{\"@type\":\"CommentAction\",\"name\":\"Comment\",\"target\":[\"https:\\\/\\\/www.transgourmet.es\\\/ca\\\/blog\\\/aperitivo-con-ricardo\\\/#respond\"]}]},{\"@type\":\"WebPage\",\"@id\":\"https:\\\/\\\/www.transgourmet.es\\\/ca\\\/blog\\\/aperitivo-con-ricardo\\\/\",\"url\":\"https:\\\/\\\/www.transgourmet.es\\\/ca\\\/blog\\\/aperitivo-con-ricardo\\\/\",\"name\":\"Aperitiu amb: Ricardo | Transgourmet\",\"isPartOf\":{\"@id\":\"https:\\\/\\\/www.transgourmet.es\\\/#website\"},\"primaryImageOfPage\":{\"@id\":\"https:\\\/\\\/www.transgourmet.es\\\/ca\\\/blog\\\/aperitivo-con-ricardo\\\/#primaryimage\"},\"image\":{\"@id\":\"https:\\\/\\\/www.transgourmet.es\\\/ca\\\/blog\\\/aperitivo-con-ricardo\\\/#primaryimage\"},\"thumbnailUrl\":\"https:\\\/\\\/www.transgourmet.es\\\/wp-content\\\/uploads\\\/2024\\\/09\\\/Foto-Ricardo-Jamones.jpg\",\"datePublished\":\"2024-09-20T14:49:26+00:00\",\"dateModified\":\"2024-09-26T14:06:51+00:00\",\"breadcrumb\":{\"@id\":\"https:\\\/\\\/www.transgourmet.es\\\/ca\\\/blog\\\/aperitivo-con-ricardo\\\/#breadcrumb\"},\"inLanguage\":\"ca\",\"potentialAction\":[{\"@type\":\"ReadAction\",\"target\":[\"https:\\\/\\\/www.transgourmet.es\\\/ca\\\/blog\\\/aperitivo-con-ricardo\\\/\"]}]},{\"@type\":\"ImageObject\",\"inLanguage\":\"ca\",\"@id\":\"https:\\\/\\\/www.transgourmet.es\\\/ca\\\/blog\\\/aperitivo-con-ricardo\\\/#primaryimage\",\"url\":\"https:\\\/\\\/www.transgourmet.es\\\/wp-content\\\/uploads\\\/2024\\\/09\\\/Foto-Ricardo-Jamones.jpg\",\"contentUrl\":\"https:\\\/\\\/www.transgourmet.es\\\/wp-content\\\/uploads\\\/2024\\\/09\\\/Foto-Ricardo-Jamones.jpg\",\"width\":2016,\"height\":1134},{\"@type\":\"BreadcrumbList\",\"@id\":\"https:\\\/\\\/www.transgourmet.es\\\/ca\\\/blog\\\/aperitivo-con-ricardo\\\/#breadcrumb\",\"itemListElement\":[{\"@type\":\"ListItem\",\"position\":1,\"name\":\"Portada\",\"item\":\"https:\\\/\\\/www.transgourmet.es\\\/ca\\\/\"},{\"@type\":\"ListItem\",\"position\":2,\"name\":\"Aperitiu amb: Ricardo\"}]},{\"@type\":\"WebSite\",\"@id\":\"https:\\\/\\\/www.transgourmet.es\\\/#website\",\"url\":\"https:\\\/\\\/www.transgourmet.es\\\/\",\"name\":\"Transgourmet\",\"description\":\"Distribuci\u00f3n mayorista de alimentaci\u00f3n en Espa\u00f1a\",\"publisher\":{\"@id\":\"https:\\\/\\\/www.transgourmet.es\\\/#organization\"},\"alternateName\":\"Grupo Transgourmet\",\"potentialAction\":[{\"@type\":\"SearchAction\",\"target\":{\"@type\":\"EntryPoint\",\"urlTemplate\":\"https:\\\/\\\/www.transgourmet.es\\\/?s={search_term_string}\"},\"query-input\":{\"@type\":\"PropertyValueSpecification\",\"valueRequired\":true,\"valueName\":\"search_term_string\"}}],\"inLanguage\":\"ca\"},{\"@type\":\"Organization\",\"@id\":\"https:\\\/\\\/www.transgourmet.es\\\/#organization\",\"name\":\"Transgourmet\",\"url\":\"https:\\\/\\\/www.transgourmet.es\\\/\",\"logo\":{\"@type\":\"ImageObject\",\"inLanguage\":\"ca\",\"@id\":\"https:\\\/\\\/www.transgourmet.es\\\/#\\\/schema\\\/logo\\\/image\\\/\",\"url\":\"https:\\\/\\\/www.transgourmet.es\\\/wp-content\\\/uploads\\\/2022\\\/08\\\/trans-vert.svg\",\"contentUrl\":\"https:\\\/\\\/www.transgourmet.es\\\/wp-content\\\/uploads\\\/2022\\\/08\\\/trans-vert.svg\",\"width\":296,\"height\":113,\"caption\":\"Transgourmet\"},\"image\":{\"@id\":\"https:\\\/\\\/www.transgourmet.es\\\/#\\\/schema\\\/logo\\\/image\\\/\"},\"sameAs\":[\"https:\\\/\\\/x.com\\\/transgourmet_es\",\"https:\\\/\\\/www.youtube.com\\\/c\\\/TransgourmetIberica\",\"https:\\\/\\\/www.linkedin.com\\\/company\\\/transgourmet-iberica\"]},{\"@type\":\"Person\",\"@id\":\"https:\\\/\\\/www.transgourmet.es\\\/#\\\/schema\\\/person\\\/7558b42d44946cf43b85426e3e9260ff\",\"name\":\"Comunicacion\",\"image\":{\"@type\":\"ImageObject\",\"inLanguage\":\"ca\",\"@id\":\"https:\\\/\\\/secure.gravatar.com\\\/avatar\\\/22ed58e86b6fa1d603bc37a456b3c1eead2a5b2dc754952f01bc759bba31e2f3?s=96&d=mm&r=g\",\"url\":\"https:\\\/\\\/secure.gravatar.com\\\/avatar\\\/22ed58e86b6fa1d603bc37a456b3c1eead2a5b2dc754952f01bc759bba31e2f3?s=96&d=mm&r=g\",\"contentUrl\":\"https:\\\/\\\/secure.gravatar.com\\\/avatar\\\/22ed58e86b6fa1d603bc37a456b3c1eead2a5b2dc754952f01bc759bba31e2f3?s=96&d=mm&r=g\",\"caption\":\"Comunicacion\"},\"sameAs\":[\"https:\\\/\\\/www.transgourmet.es\\\/\"]}]}<\/script>\n<!-- \/ Yoast SEO plugin. -->","yoast_head_json":{"title":"Aperitiu amb: Ricardo | Transgourmet","robots":{"index":"index","follow":"follow","max-snippet":"max-snippet:-1","max-image-preview":"max-image-preview:large","max-video-preview":"max-video-preview:-1"},"canonical":"https:\/\/www.transgourmet.es\/ca\/blog\/aperitivo-con-ricardo\/","og_locale":"ca_ES","og_type":"article","og_title":"Aperitiu amb: Ricardo | Transgourmet","og_description":"Nom i cognoms: Ricardo Varela Fern\u00e1ndez. C\u00e0rrec i departament: Gerent regional de GM Cash Andalusia i Can\u00e0ries. Anys a Transgourmet: 7 anys i 3 mesos. Qu\u00e8 \u00e9s el que m\u00e9s t\u2019agrada de la teva feina? Tinc molta sort amb la meva feina! M\u2019encanta ajudar a la nostra clientela a trobar solucions que s\u2019adaptin a les&hellip;&nbsp;","og_url":"https:\/\/www.transgourmet.es\/ca\/blog\/aperitivo-con-ricardo\/","og_site_name":"Transgourmet","article_published_time":"2024-09-20T14:49:26+00:00","article_modified_time":"2024-09-26T14:06:51+00:00","og_image":[{"width":2016,"height":1134,"url":"https:\/\/www.transgourmet.es\/wp-content\/uploads\/2024\/09\/Foto-Ricardo-Jamones.jpg","type":"image\/jpeg"}],"author":"Comunicacion","twitter_card":"summary_large_image","twitter_creator":"@transgourmet_es","twitter_site":"@transgourmet_es","twitter_misc":{"Escrit per":"Comunicacion","Temps estimat de lectura":"3 minuts"},"schema":{"@context":"https:\/\/schema.org","@graph":[{"@type":"Article","@id":"https:\/\/www.transgourmet.es\/ca\/blog\/aperitivo-con-ricardo\/#article","isPartOf":{"@id":"https:\/\/www.transgourmet.es\/ca\/blog\/aperitivo-con-ricardo\/"},"author":{"name":"Comunicacion","@id":"https:\/\/www.transgourmet.es\/#\/schema\/person\/7558b42d44946cf43b85426e3e9260ff"},"headline":"Aperitiu amb: Ricardo","datePublished":"2024-09-20T14:49:26+00:00","dateModified":"2024-09-26T14:06:51+00:00","mainEntityOfPage":{"@id":"https:\/\/www.transgourmet.es\/ca\/blog\/aperitivo-con-ricardo\/"},"wordCount":556,"commentCount":0,"publisher":{"@id":"https:\/\/www.transgourmet.es\/#organization"},"image":{"@id":"https:\/\/www.transgourmet.es\/ca\/blog\/aperitivo-con-ricardo\/#primaryimage"},"thumbnailUrl":"https:\/\/www.transgourmet.es\/wp-content\/uploads\/2024\/09\/Foto-Ricardo-Jamones.jpg","articleSection":["Newsletter"],"inLanguage":"ca","potentialAction":[{"@type":"CommentAction","name":"Comment","target":["https:\/\/www.transgourmet.es\/ca\/blog\/aperitivo-con-ricardo\/#respond"]}]},{"@type":"WebPage","@id":"https:\/\/www.transgourmet.es\/ca\/blog\/aperitivo-con-ricardo\/","url":"https:\/\/www.transgourmet.es\/ca\/blog\/aperitivo-con-ricardo\/","name":"Aperitiu amb: Ricardo | Transgourmet","isPartOf":{"@id":"https:\/\/www.transgourmet.es\/#website"},"primaryImageOfPage":{"@id":"https:\/\/www.transgourmet.es\/ca\/blog\/aperitivo-con-ricardo\/#primaryimage"},"image":{"@id":"https:\/\/www.transgourmet.es\/ca\/blog\/aperitivo-con-ricardo\/#primaryimage"},"thumbnailUrl":"https:\/\/www.transgourmet.es\/wp-content\/uploads\/2024\/09\/Foto-Ricardo-Jamones.jpg","datePublished":"2024-09-20T14:49:26+00:00","dateModified":"2024-09-26T14:06:51+00:00","breadcrumb":{"@id":"https:\/\/www.transgourmet.es\/ca\/blog\/aperitivo-con-ricardo\/#breadcrumb"},"inLanguage":"ca","potentialAction":[{"@type":"ReadAction","target":["https:\/\/www.transgourmet.es\/ca\/blog\/aperitivo-con-ricardo\/"]}]},{"@type":"ImageObject","inLanguage":"ca","@id":"https:\/\/www.transgourmet.es\/ca\/blog\/aperitivo-con-ricardo\/#primaryimage","url":"https:\/\/www.transgourmet.es\/wp-content\/uploads\/2024\/09\/Foto-Ricardo-Jamones.jpg","contentUrl":"https:\/\/www.transgourmet.es\/wp-content\/uploads\/2024\/09\/Foto-Ricardo-Jamones.jpg","width":2016,"height":1134},{"@type":"BreadcrumbList","@id":"https:\/\/www.transgourmet.es\/ca\/blog\/aperitivo-con-ricardo\/#breadcrumb","itemListElement":[{"@type":"ListItem","position":1,"name":"Portada","item":"https:\/\/www.transgourmet.es\/ca\/"},{"@type":"ListItem","position":2,"name":"Aperitiu amb: Ricardo"}]},{"@type":"WebSite","@id":"https:\/\/www.transgourmet.es\/#website","url":"https:\/\/www.transgourmet.es\/","name":"Transgourmet","description":"Distribuci\u00f3n mayorista de alimentaci\u00f3n en Espa\u00f1a","publisher":{"@id":"https:\/\/www.transgourmet.es\/#organization"},"alternateName":"Grupo Transgourmet","potentialAction":[{"@type":"SearchAction","target":{"@type":"EntryPoint","urlTemplate":"https:\/\/www.transgourmet.es\/?s={search_term_string}"},"query-input":{"@type":"PropertyValueSpecification","valueRequired":true,"valueName":"search_term_string"}}],"inLanguage":"ca"},{"@type":"Organization","@id":"https:\/\/www.transgourmet.es\/#organization","name":"Transgourmet","url":"https:\/\/www.transgourmet.es\/","logo":{"@type":"ImageObject","inLanguage":"ca","@id":"https:\/\/www.transgourmet.es\/#\/schema\/logo\/image\/","url":"https:\/\/www.transgourmet.es\/wp-content\/uploads\/2022\/08\/trans-vert.svg","contentUrl":"https:\/\/www.transgourmet.es\/wp-content\/uploads\/2022\/08\/trans-vert.svg","width":296,"height":113,"caption":"Transgourmet"},"image":{"@id":"https:\/\/www.transgourmet.es\/#\/schema\/logo\/image\/"},"sameAs":["https:\/\/x.com\/transgourmet_es","https:\/\/www.youtube.com\/c\/TransgourmetIberica","https:\/\/www.linkedin.com\/company\/transgourmet-iberica"]},{"@type":"Person","@id":"https:\/\/www.transgourmet.es\/#\/schema\/person\/7558b42d44946cf43b85426e3e9260ff","name":"Comunicacion","image":{"@type":"ImageObject","inLanguage":"ca","@id":"https:\/\/secure.gravatar.com\/avatar\/22ed58e86b6fa1d603bc37a456b3c1eead2a5b2dc754952f01bc759bba31e2f3?s=96&d=mm&r=g","url":"https:\/\/secure.gravatar.com\/avatar\/22ed58e86b6fa1d603bc37a456b3c1eead2a5b2dc754952f01bc759bba31e2f3?s=96&d=mm&r=g","contentUrl":"https:\/\/secure.gravatar.com\/avatar\/22ed58e86b6fa1d603bc37a456b3c1eead2a5b2dc754952f01bc759bba31e2f3?s=96&d=mm&r=g","caption":"Comunicacion"},"sameAs":["https:\/\/www.transgourmet.es\/"]}]}},"_links":{"self":[{"href":"https:\/\/www.transgourmet.es\/ca\/wp-json\/wp\/v2\/posts\/16531","targetHints":{"allow":["GET"]}}],"collection":[{"href":"https:\/\/www.transgourmet.es\/ca\/wp-json\/wp\/v2\/posts"}],"about":[{"href":"https:\/\/www.transgourmet.es\/ca\/wp-json\/wp\/v2\/types\/post"}],"author":[{"embeddable":true,"href":"https:\/\/www.transgourmet.es\/ca\/wp-json\/wp\/v2\/users\/3"}],"replies":[{"embeddable":true,"href":"https:\/\/www.transgourmet.es\/ca\/wp-json\/wp\/v2\/comments?post=16531"}],"version-history":[{"count":1,"href":"https:\/\/www.transgourmet.es\/ca\/wp-json\/wp\/v2\/posts\/16531\/revisions"}],"predecessor-version":[{"id":16532,"href":"https:\/\/www.transgourmet.es\/ca\/wp-json\/wp\/v2\/posts\/16531\/revisions\/16532"}],"wp:featuredmedia":[{"embeddable":true,"href":"https:\/\/www.transgourmet.es\/ca\/wp-json\/wp\/v2\/media\/16424"}],"wp:attachment":[{"href":"https:\/\/www.transgourmet.es\/ca\/wp-json\/wp\/v2\/media?parent=16531"}],"wp:term":[{"taxonomy":"category","embeddable":true,"href":"https:\/\/www.transgourmet.es\/ca\/wp-json\/wp\/v2\/categories?post=16531"},{"taxonomy":"post_tag","embeddable":true,"href":"https:\/\/www.transgourmet.es\/ca\/wp-json\/wp\/v2\/tags?post=16531"}],"curies":[{"name":"wp","href":"https:\/\/api.w.org\/{rel}","templated":true}]}}