{"id":16573,"date":"2024-10-03T10:06:10","date_gmt":"2024-10-03T08:06:10","guid":{"rendered":"https:\/\/www.transgourmet.es\/?p=16573"},"modified":"2024-10-03T10:06:31","modified_gmt":"2024-10-03T08:06:31","slug":"transgourmet-incorpora-36-supermercats-franquiciats-els-nou-primers-mesos-de-lany","status":"publish","type":"post","link":"https:\/\/www.transgourmet.es\/ca\/blog\/transgourmet-incorpora-36-supermercats-franquiciats-els-nou-primers-mesos-de-lany\/","title":{"rendered":"Transgourmet incorpora 36 supermercats  franquiciats els nou primers mesos de l\u2019any"},"content":{"rendered":"<p style=\"font-weight: 400;\">Transgourmet Ib\u00e8rica, referent de la distribuci\u00f3 a l\u2019hostaleria i del supermercat de proximitat, ha completat els nou primers mesos de l\u2019any amb 36 nous supermercats franquiciats: 31 supermercats Suma, 3 Proxim i 2 Spar, que han representat la creaci\u00f3 de 159 llocs de treball i sumen una superf\u00edcie de vendes de 7.908 m<sup>2<\/sup>.<\/p>\n<p style=\"font-weight: 400;\">Durant el mes de setembre, la companyia ha inaugurat 5 nous establiments: 3 es troben a la Regi\u00f3 de M\u00farcia (tots a M\u00farcia capital), 1 a Arag\u00f3 (a la ciutat d\u2019Osca) i 1 a la Comunitat Foral de Navarra (al municipi de Ribaforada). Amb l\u2019ensenya Suma, en total han generat 30 llocs de treball i sumen una superf\u00edcie de vendes de 1.217 m<sup>2<\/sup>.<\/p>\n<p style=\"font-weight: 400;\">Aix\u00ed mateix, els 36 supermercats inaugurats des del mes de gener es localitzen a 9 comunitats aut\u00f2nomes: 11 establiments a Catalunya (5 a comarques de Barcelona, 4 a les de Girona, 1 a les de Lleida i 1 a les de Tarragona), 6 a Balears (4 a l\u2019illa de Mallorca i 2 a la d\u2019Eivissa), 5 a Arag\u00f3 (4 a la prov\u00edncia d\u2019Osca i 1 a la de Saragossa), 4 a la Comunitat Valenciana (2 a la prov\u00edncia d\u2019Alacant i 2 a la de Val\u00e8ncia), 4 a la Regi\u00f3 de M\u00farcia (M\u00farcia capital), 3 a Castella \u2013 la Manxa (2 a la prov\u00edncia de Toledo i 1 a la de Ciudad Real), 1 a Andalusia (prov\u00edncia de M\u00e0laga), 1 a Can\u00e0ries (a l\u2019illa de Tenerife) i 1 a la Comunitat Foral de Navarra.<\/p>\n<p style=\"font-weight: 400;\">Amb aquestes 36 obertures, la companyia compta amb prop de 800 centres repartits en 15 comunitats aut\u00f2nomes, amb les ensenyes Suma, Proxim i Spar, aquesta \u00faltima a les comarques de Barcelona i Girona, que avalen la solidesa i expansi\u00f3 de la seva l\u00ednia de negoci de Retail.<\/p>\n<p style=\"font-weight: 400;\">Transgourmet ha creat un concepte innovador de botiga, que fusiona la proximitat del comer\u00e7 tradicional amb els avantatges dels supermercats actuals. Destaca l\u2019especialitzaci\u00f3, rapidesa, proximitat i la personalitzaci\u00f3 del seu servei, a m\u00e9s d\u2019un assortiment que ofereix productes de primeres marques, articles d\u2019origen local, frescos de temporada i marques pr\u00f2pies.<\/p>\n","protected":false},"excerpt":{"rendered":"<p>Transgourmet Ib\u00e8rica, referent de la distribuci\u00f3 a l\u2019hostaleria i del supermercat de proximitat, ha completat els nou primers mesos de l\u2019any amb 36 nous supermercats franquiciats: 31 supermercats Suma, 3 Proxim i 2 Spar, que han representat la creaci\u00f3 de 159 llocs de treball i sumen una superf\u00edcie de vendes de 7.908 m2. Durant el&hellip;&nbsp;<\/p>\n","protected":false},"author":3,"featured_media":16570,"comment_status":"open","ping_status":"open","sticky":false,"template":"","format":"standard","meta":{"_acf_changed":false,"neve_meta_sidebar":"","neve_meta_container":"","neve_meta_enable_content_width":"off","neve_meta_content_width":70,"neve_meta_title_alignment":"","neve_meta_author_avatar":"","neve_post_elements_order":"","neve_meta_disable_header":"","neve_meta_disable_footer":"","neve_meta_disable_title":"","footnotes":""},"categories":[40],"tags":[],"class_list":["post-16573","post","type-post","status-publish","format-standard","has-post-thumbnail","hentry","category-supermercats"],"acf":[],"yoast_head":"<!-- This site is optimized with the Yoast SEO plugin v27.4 - https:\/\/yoast.com\/product\/yoast-seo-wordpress\/ -->\n<title>Transgourmet incorpora 36 supermercats franquiciats els nou primers mesos de l\u2019any | Transgourmet<\/title>\n<meta name=\"robots\" content=\"index, follow, max-snippet:-1, max-image-preview:large, max-video-preview:-1\" \/>\n<link rel=\"canonical\" href=\"https:\/\/www.transgourmet.es\/ca\/blog\/transgourmet-incorpora-36-supermercats-franquiciats-els-nou-primers-mesos-de-lany\/\" \/>\n<meta property=\"og:locale\" content=\"ca_ES\" \/>\n<meta property=\"og:type\" content=\"article\" \/>\n<meta property=\"og:title\" content=\"Transgourmet incorpora 36 supermercats franquiciats els nou primers mesos de l\u2019any | Transgourmet\" \/>\n<meta property=\"og:description\" content=\"Transgourmet Ib\u00e8rica, referent de la distribuci\u00f3 a l\u2019hostaleria i del supermercat de proximitat, ha completat els nou primers mesos de l\u2019any amb 36 nous supermercats franquiciats: 31 supermercats Suma, 3 Proxim i 2 Spar, que han representat la creaci\u00f3 de 159 llocs de treball i sumen una superf\u00edcie de vendes de 7.908 m2. Durant el&hellip;&nbsp;\" \/>\n<meta property=\"og:url\" content=\"https:\/\/www.transgourmet.es\/ca\/blog\/transgourmet-incorpora-36-supermercats-franquiciats-els-nou-primers-mesos-de-lany\/\" \/>\n<meta property=\"og:site_name\" content=\"Transgourmet\" \/>\n<meta property=\"article:published_time\" content=\"2024-10-03T08:06:10+00:00\" \/>\n<meta property=\"article:modified_time\" content=\"2024-10-03T08:06:31+00:00\" \/>\n<meta property=\"og:image\" content=\"https:\/\/www.transgourmet.es\/wp-content\/uploads\/2024\/10\/Suma.jpg\" \/>\n\t<meta property=\"og:image:width\" content=\"1600\" \/>\n\t<meta property=\"og:image:height\" content=\"1200\" \/>\n\t<meta property=\"og:image:type\" content=\"image\/jpeg\" \/>\n<meta name=\"author\" content=\"Comunicacion\" \/>\n<meta name=\"twitter:card\" content=\"summary_large_image\" \/>\n<meta name=\"twitter:creator\" content=\"@transgourmet_es\" \/>\n<meta name=\"twitter:site\" content=\"@transgourmet_es\" \/>\n<meta name=\"twitter:label1\" content=\"Escrit per\" \/>\n\t<meta name=\"twitter:data1\" content=\"Comunicacion\" \/>\n\t<meta name=\"twitter:label2\" content=\"Temps estimat de lectura\" \/>\n\t<meta name=\"twitter:data2\" content=\"2 minuts\" \/>\n<script type=\"application\/ld+json\" class=\"yoast-schema-graph\">{\"@context\":\"https:\\\/\\\/schema.org\",\"@graph\":[{\"@type\":\"Article\",\"@id\":\"https:\\\/\\\/www.transgourmet.es\\\/ca\\\/blog\\\/transgourmet-incorpora-36-supermercats-franquiciats-els-nou-primers-mesos-de-lany\\\/#article\",\"isPartOf\":{\"@id\":\"https:\\\/\\\/www.transgourmet.es\\\/ca\\\/blog\\\/transgourmet-incorpora-36-supermercats-franquiciats-els-nou-primers-mesos-de-lany\\\/\"},\"author\":{\"name\":\"Comunicacion\",\"@id\":\"https:\\\/\\\/www.transgourmet.es\\\/#\\\/schema\\\/person\\\/7558b42d44946cf43b85426e3e9260ff\"},\"headline\":\"Transgourmet incorpora 36 supermercats franquiciats els nou primers mesos de l\u2019any\",\"datePublished\":\"2024-10-03T08:06:10+00:00\",\"dateModified\":\"2024-10-03T08:06:31+00:00\",\"mainEntityOfPage\":{\"@id\":\"https:\\\/\\\/www.transgourmet.es\\\/ca\\\/blog\\\/transgourmet-incorpora-36-supermercats-franquiciats-els-nou-primers-mesos-de-lany\\\/\"},\"wordCount\":349,\"commentCount\":0,\"publisher\":{\"@id\":\"https:\\\/\\\/www.transgourmet.es\\\/#organization\"},\"image\":{\"@id\":\"https:\\\/\\\/www.transgourmet.es\\\/ca\\\/blog\\\/transgourmet-incorpora-36-supermercats-franquiciats-els-nou-primers-mesos-de-lany\\\/#primaryimage\"},\"thumbnailUrl\":\"https:\\\/\\\/www.transgourmet.es\\\/wp-content\\\/uploads\\\/2024\\\/10\\\/Suma.jpg\",\"articleSection\":[\"Supermercats\"],\"inLanguage\":\"ca\",\"potentialAction\":[{\"@type\":\"CommentAction\",\"name\":\"Comment\",\"target\":[\"https:\\\/\\\/www.transgourmet.es\\\/ca\\\/blog\\\/transgourmet-incorpora-36-supermercats-franquiciats-els-nou-primers-mesos-de-lany\\\/#respond\"]}]},{\"@type\":\"WebPage\",\"@id\":\"https:\\\/\\\/www.transgourmet.es\\\/ca\\\/blog\\\/transgourmet-incorpora-36-supermercats-franquiciats-els-nou-primers-mesos-de-lany\\\/\",\"url\":\"https:\\\/\\\/www.transgourmet.es\\\/ca\\\/blog\\\/transgourmet-incorpora-36-supermercats-franquiciats-els-nou-primers-mesos-de-lany\\\/\",\"name\":\"Transgourmet incorpora 36 supermercats franquiciats els nou primers mesos de l\u2019any | Transgourmet\",\"isPartOf\":{\"@id\":\"https:\\\/\\\/www.transgourmet.es\\\/#website\"},\"primaryImageOfPage\":{\"@id\":\"https:\\\/\\\/www.transgourmet.es\\\/ca\\\/blog\\\/transgourmet-incorpora-36-supermercats-franquiciats-els-nou-primers-mesos-de-lany\\\/#primaryimage\"},\"image\":{\"@id\":\"https:\\\/\\\/www.transgourmet.es\\\/ca\\\/blog\\\/transgourmet-incorpora-36-supermercats-franquiciats-els-nou-primers-mesos-de-lany\\\/#primaryimage\"},\"thumbnailUrl\":\"https:\\\/\\\/www.transgourmet.es\\\/wp-content\\\/uploads\\\/2024\\\/10\\\/Suma.jpg\",\"datePublished\":\"2024-10-03T08:06:10+00:00\",\"dateModified\":\"2024-10-03T08:06:31+00:00\",\"breadcrumb\":{\"@id\":\"https:\\\/\\\/www.transgourmet.es\\\/ca\\\/blog\\\/transgourmet-incorpora-36-supermercats-franquiciats-els-nou-primers-mesos-de-lany\\\/#breadcrumb\"},\"inLanguage\":\"ca\",\"potentialAction\":[{\"@type\":\"ReadAction\",\"target\":[\"https:\\\/\\\/www.transgourmet.es\\\/ca\\\/blog\\\/transgourmet-incorpora-36-supermercats-franquiciats-els-nou-primers-mesos-de-lany\\\/\"]}]},{\"@type\":\"ImageObject\",\"inLanguage\":\"ca\",\"@id\":\"https:\\\/\\\/www.transgourmet.es\\\/ca\\\/blog\\\/transgourmet-incorpora-36-supermercats-franquiciats-els-nou-primers-mesos-de-lany\\\/#primaryimage\",\"url\":\"https:\\\/\\\/www.transgourmet.es\\\/wp-content\\\/uploads\\\/2024\\\/10\\\/Suma.jpg\",\"contentUrl\":\"https:\\\/\\\/www.transgourmet.es\\\/wp-content\\\/uploads\\\/2024\\\/10\\\/Suma.jpg\",\"width\":1600,\"height\":1200},{\"@type\":\"BreadcrumbList\",\"@id\":\"https:\\\/\\\/www.transgourmet.es\\\/ca\\\/blog\\\/transgourmet-incorpora-36-supermercats-franquiciats-els-nou-primers-mesos-de-lany\\\/#breadcrumb\",\"itemListElement\":[{\"@type\":\"ListItem\",\"position\":1,\"name\":\"Portada\",\"item\":\"https:\\\/\\\/www.transgourmet.es\\\/ca\\\/\"},{\"@type\":\"ListItem\",\"position\":2,\"name\":\"Transgourmet incorpora 36 supermercats franquiciats els nou primers mesos de l\u2019any\"}]},{\"@type\":\"WebSite\",\"@id\":\"https:\\\/\\\/www.transgourmet.es\\\/#website\",\"url\":\"https:\\\/\\\/www.transgourmet.es\\\/\",\"name\":\"Transgourmet\",\"description\":\"Distribuci\u00f3n mayorista de alimentaci\u00f3n en Espa\u00f1a\",\"publisher\":{\"@id\":\"https:\\\/\\\/www.transgourmet.es\\\/#organization\"},\"alternateName\":\"Grupo Transgourmet\",\"potentialAction\":[{\"@type\":\"SearchAction\",\"target\":{\"@type\":\"EntryPoint\",\"urlTemplate\":\"https:\\\/\\\/www.transgourmet.es\\\/?s={search_term_string}\"},\"query-input\":{\"@type\":\"PropertyValueSpecification\",\"valueRequired\":true,\"valueName\":\"search_term_string\"}}],\"inLanguage\":\"ca\"},{\"@type\":\"Organization\",\"@id\":\"https:\\\/\\\/www.transgourmet.es\\\/#organization\",\"name\":\"Transgourmet\",\"url\":\"https:\\\/\\\/www.transgourmet.es\\\/\",\"logo\":{\"@type\":\"ImageObject\",\"inLanguage\":\"ca\",\"@id\":\"https:\\\/\\\/www.transgourmet.es\\\/#\\\/schema\\\/logo\\\/image\\\/\",\"url\":\"https:\\\/\\\/www.transgourmet.es\\\/wp-content\\\/uploads\\\/2022\\\/08\\\/trans-vert.svg\",\"contentUrl\":\"https:\\\/\\\/www.transgourmet.es\\\/wp-content\\\/uploads\\\/2022\\\/08\\\/trans-vert.svg\",\"width\":296,\"height\":113,\"caption\":\"Transgourmet\"},\"image\":{\"@id\":\"https:\\\/\\\/www.transgourmet.es\\\/#\\\/schema\\\/logo\\\/image\\\/\"},\"sameAs\":[\"https:\\\/\\\/x.com\\\/transgourmet_es\",\"https:\\\/\\\/www.youtube.com\\\/c\\\/TransgourmetIberica\",\"https:\\\/\\\/www.linkedin.com\\\/company\\\/transgourmet-iberica\"]},{\"@type\":\"Person\",\"@id\":\"https:\\\/\\\/www.transgourmet.es\\\/#\\\/schema\\\/person\\\/7558b42d44946cf43b85426e3e9260ff\",\"name\":\"Comunicacion\",\"image\":{\"@type\":\"ImageObject\",\"inLanguage\":\"ca\",\"@id\":\"https:\\\/\\\/secure.gravatar.com\\\/avatar\\\/22ed58e86b6fa1d603bc37a456b3c1eead2a5b2dc754952f01bc759bba31e2f3?s=96&d=mm&r=g\",\"url\":\"https:\\\/\\\/secure.gravatar.com\\\/avatar\\\/22ed58e86b6fa1d603bc37a456b3c1eead2a5b2dc754952f01bc759bba31e2f3?s=96&d=mm&r=g\",\"contentUrl\":\"https:\\\/\\\/secure.gravatar.com\\\/avatar\\\/22ed58e86b6fa1d603bc37a456b3c1eead2a5b2dc754952f01bc759bba31e2f3?s=96&d=mm&r=g\",\"caption\":\"Comunicacion\"},\"sameAs\":[\"https:\\\/\\\/www.transgourmet.es\\\/\"]}]}<\/script>\n<!-- \/ Yoast SEO plugin. -->","yoast_head_json":{"title":"Transgourmet incorpora 36 supermercats franquiciats els nou primers mesos de l\u2019any | Transgourmet","robots":{"index":"index","follow":"follow","max-snippet":"max-snippet:-1","max-image-preview":"max-image-preview:large","max-video-preview":"max-video-preview:-1"},"canonical":"https:\/\/www.transgourmet.es\/ca\/blog\/transgourmet-incorpora-36-supermercats-franquiciats-els-nou-primers-mesos-de-lany\/","og_locale":"ca_ES","og_type":"article","og_title":"Transgourmet incorpora 36 supermercats franquiciats els nou primers mesos de l\u2019any | Transgourmet","og_description":"Transgourmet Ib\u00e8rica, referent de la distribuci\u00f3 a l\u2019hostaleria i del supermercat de proximitat, ha completat els nou primers mesos de l\u2019any amb 36 nous supermercats franquiciats: 31 supermercats Suma, 3 Proxim i 2 Spar, que han representat la creaci\u00f3 de 159 llocs de treball i sumen una superf\u00edcie de vendes de 7.908 m2. Durant el&hellip;&nbsp;","og_url":"https:\/\/www.transgourmet.es\/ca\/blog\/transgourmet-incorpora-36-supermercats-franquiciats-els-nou-primers-mesos-de-lany\/","og_site_name":"Transgourmet","article_published_time":"2024-10-03T08:06:10+00:00","article_modified_time":"2024-10-03T08:06:31+00:00","og_image":[{"width":1600,"height":1200,"url":"https:\/\/www.transgourmet.es\/wp-content\/uploads\/2024\/10\/Suma.jpg","type":"image\/jpeg"}],"author":"Comunicacion","twitter_card":"summary_large_image","twitter_creator":"@transgourmet_es","twitter_site":"@transgourmet_es","twitter_misc":{"Escrit per":"Comunicacion","Temps estimat de lectura":"2 minuts"},"schema":{"@context":"https:\/\/schema.org","@graph":[{"@type":"Article","@id":"https:\/\/www.transgourmet.es\/ca\/blog\/transgourmet-incorpora-36-supermercats-franquiciats-els-nou-primers-mesos-de-lany\/#article","isPartOf":{"@id":"https:\/\/www.transgourmet.es\/ca\/blog\/transgourmet-incorpora-36-supermercats-franquiciats-els-nou-primers-mesos-de-lany\/"},"author":{"name":"Comunicacion","@id":"https:\/\/www.transgourmet.es\/#\/schema\/person\/7558b42d44946cf43b85426e3e9260ff"},"headline":"Transgourmet incorpora 36 supermercats franquiciats els nou primers mesos de l\u2019any","datePublished":"2024-10-03T08:06:10+00:00","dateModified":"2024-10-03T08:06:31+00:00","mainEntityOfPage":{"@id":"https:\/\/www.transgourmet.es\/ca\/blog\/transgourmet-incorpora-36-supermercats-franquiciats-els-nou-primers-mesos-de-lany\/"},"wordCount":349,"commentCount":0,"publisher":{"@id":"https:\/\/www.transgourmet.es\/#organization"},"image":{"@id":"https:\/\/www.transgourmet.es\/ca\/blog\/transgourmet-incorpora-36-supermercats-franquiciats-els-nou-primers-mesos-de-lany\/#primaryimage"},"thumbnailUrl":"https:\/\/www.transgourmet.es\/wp-content\/uploads\/2024\/10\/Suma.jpg","articleSection":["Supermercats"],"inLanguage":"ca","potentialAction":[{"@type":"CommentAction","name":"Comment","target":["https:\/\/www.transgourmet.es\/ca\/blog\/transgourmet-incorpora-36-supermercats-franquiciats-els-nou-primers-mesos-de-lany\/#respond"]}]},{"@type":"WebPage","@id":"https:\/\/www.transgourmet.es\/ca\/blog\/transgourmet-incorpora-36-supermercats-franquiciats-els-nou-primers-mesos-de-lany\/","url":"https:\/\/www.transgourmet.es\/ca\/blog\/transgourmet-incorpora-36-supermercats-franquiciats-els-nou-primers-mesos-de-lany\/","name":"Transgourmet incorpora 36 supermercats franquiciats els nou primers mesos de l\u2019any | Transgourmet","isPartOf":{"@id":"https:\/\/www.transgourmet.es\/#website"},"primaryImageOfPage":{"@id":"https:\/\/www.transgourmet.es\/ca\/blog\/transgourmet-incorpora-36-supermercats-franquiciats-els-nou-primers-mesos-de-lany\/#primaryimage"},"image":{"@id":"https:\/\/www.transgourmet.es\/ca\/blog\/transgourmet-incorpora-36-supermercats-franquiciats-els-nou-primers-mesos-de-lany\/#primaryimage"},"thumbnailUrl":"https:\/\/www.transgourmet.es\/wp-content\/uploads\/2024\/10\/Suma.jpg","datePublished":"2024-10-03T08:06:10+00:00","dateModified":"2024-10-03T08:06:31+00:00","breadcrumb":{"@id":"https:\/\/www.transgourmet.es\/ca\/blog\/transgourmet-incorpora-36-supermercats-franquiciats-els-nou-primers-mesos-de-lany\/#breadcrumb"},"inLanguage":"ca","potentialAction":[{"@type":"ReadAction","target":["https:\/\/www.transgourmet.es\/ca\/blog\/transgourmet-incorpora-36-supermercats-franquiciats-els-nou-primers-mesos-de-lany\/"]}]},{"@type":"ImageObject","inLanguage":"ca","@id":"https:\/\/www.transgourmet.es\/ca\/blog\/transgourmet-incorpora-36-supermercats-franquiciats-els-nou-primers-mesos-de-lany\/#primaryimage","url":"https:\/\/www.transgourmet.es\/wp-content\/uploads\/2024\/10\/Suma.jpg","contentUrl":"https:\/\/www.transgourmet.es\/wp-content\/uploads\/2024\/10\/Suma.jpg","width":1600,"height":1200},{"@type":"BreadcrumbList","@id":"https:\/\/www.transgourmet.es\/ca\/blog\/transgourmet-incorpora-36-supermercats-franquiciats-els-nou-primers-mesos-de-lany\/#breadcrumb","itemListElement":[{"@type":"ListItem","position":1,"name":"Portada","item":"https:\/\/www.transgourmet.es\/ca\/"},{"@type":"ListItem","position":2,"name":"Transgourmet incorpora 36 supermercats franquiciats els nou primers mesos de l\u2019any"}]},{"@type":"WebSite","@id":"https:\/\/www.transgourmet.es\/#website","url":"https:\/\/www.transgourmet.es\/","name":"Transgourmet","description":"Distribuci\u00f3n mayorista de alimentaci\u00f3n en Espa\u00f1a","publisher":{"@id":"https:\/\/www.transgourmet.es\/#organization"},"alternateName":"Grupo Transgourmet","potentialAction":[{"@type":"SearchAction","target":{"@type":"EntryPoint","urlTemplate":"https:\/\/www.transgourmet.es\/?s={search_term_string}"},"query-input":{"@type":"PropertyValueSpecification","valueRequired":true,"valueName":"search_term_string"}}],"inLanguage":"ca"},{"@type":"Organization","@id":"https:\/\/www.transgourmet.es\/#organization","name":"Transgourmet","url":"https:\/\/www.transgourmet.es\/","logo":{"@type":"ImageObject","inLanguage":"ca","@id":"https:\/\/www.transgourmet.es\/#\/schema\/logo\/image\/","url":"https:\/\/www.transgourmet.es\/wp-content\/uploads\/2022\/08\/trans-vert.svg","contentUrl":"https:\/\/www.transgourmet.es\/wp-content\/uploads\/2022\/08\/trans-vert.svg","width":296,"height":113,"caption":"Transgourmet"},"image":{"@id":"https:\/\/www.transgourmet.es\/#\/schema\/logo\/image\/"},"sameAs":["https:\/\/x.com\/transgourmet_es","https:\/\/www.youtube.com\/c\/TransgourmetIberica","https:\/\/www.linkedin.com\/company\/transgourmet-iberica"]},{"@type":"Person","@id":"https:\/\/www.transgourmet.es\/#\/schema\/person\/7558b42d44946cf43b85426e3e9260ff","name":"Comunicacion","image":{"@type":"ImageObject","inLanguage":"ca","@id":"https:\/\/secure.gravatar.com\/avatar\/22ed58e86b6fa1d603bc37a456b3c1eead2a5b2dc754952f01bc759bba31e2f3?s=96&d=mm&r=g","url":"https:\/\/secure.gravatar.com\/avatar\/22ed58e86b6fa1d603bc37a456b3c1eead2a5b2dc754952f01bc759bba31e2f3?s=96&d=mm&r=g","contentUrl":"https:\/\/secure.gravatar.com\/avatar\/22ed58e86b6fa1d603bc37a456b3c1eead2a5b2dc754952f01bc759bba31e2f3?s=96&d=mm&r=g","caption":"Comunicacion"},"sameAs":["https:\/\/www.transgourmet.es\/"]}]}},"_links":{"self":[{"href":"https:\/\/www.transgourmet.es\/ca\/wp-json\/wp\/v2\/posts\/16573","targetHints":{"allow":["GET"]}}],"collection":[{"href":"https:\/\/www.transgourmet.es\/ca\/wp-json\/wp\/v2\/posts"}],"about":[{"href":"https:\/\/www.transgourmet.es\/ca\/wp-json\/wp\/v2\/types\/post"}],"author":[{"embeddable":true,"href":"https:\/\/www.transgourmet.es\/ca\/wp-json\/wp\/v2\/users\/3"}],"replies":[{"embeddable":true,"href":"https:\/\/www.transgourmet.es\/ca\/wp-json\/wp\/v2\/comments?post=16573"}],"version-history":[{"count":5,"href":"https:\/\/www.transgourmet.es\/ca\/wp-json\/wp\/v2\/posts\/16573\/revisions"}],"predecessor-version":[{"id":16607,"href":"https:\/\/www.transgourmet.es\/ca\/wp-json\/wp\/v2\/posts\/16573\/revisions\/16607"}],"wp:featuredmedia":[{"embeddable":true,"href":"https:\/\/www.transgourmet.es\/ca\/wp-json\/wp\/v2\/media\/16570"}],"wp:attachment":[{"href":"https:\/\/www.transgourmet.es\/ca\/wp-json\/wp\/v2\/media?parent=16573"}],"wp:term":[{"taxonomy":"category","embeddable":true,"href":"https:\/\/www.transgourmet.es\/ca\/wp-json\/wp\/v2\/categories?post=16573"},{"taxonomy":"post_tag","embeddable":true,"href":"https:\/\/www.transgourmet.es\/ca\/wp-json\/wp\/v2\/tags?post=16573"}],"curies":[{"name":"wp","href":"https:\/\/api.w.org\/{rel}","templated":true}]}}