{"id":16658,"date":"2024-10-17T15:25:21","date_gmt":"2024-10-17T13:25:21","guid":{"rendered":"https:\/\/www.transgourmet.es\/blog\/lluis-labairu-transgourmet-esta-finalizando-con-exito-su-estrategia-de-transformacion-iniciada-en-2019\/"},"modified":"2024-10-17T15:49:44","modified_gmt":"2024-10-17T13:49:44","slug":"lluis-labairu-transgourmet-esta-finalizando-con-exito-su-estrategia-de-transformacion-iniciada-en-2019","status":"publish","type":"post","link":"https:\/\/www.transgourmet.es\/ca\/blog\/lluis-labairu-transgourmet-esta-finalizando-con-exito-su-estrategia-de-transformacion-iniciada-en-2019\/","title":{"rendered":"Llu\u00eds Labairu: \u201cTransgourmet est\u00e0 finalitzant amb \u00e8xit la seva  estrat\u00e8gia de transformaci\u00f3 iniciada el 2019\u201d"},"content":{"rendered":"<p style=\"font-weight: 400;\">El director general de Transgourmet Ib\u00e8rica, Llu\u00eds Labairu, ha destacat avui, en la 39a edici\u00f3 del Congr\u00e9s AECOC de Gran Consum, la consolidaci\u00f3 de l\u2019estrat\u00e8gia de transformaci\u00f3 que la companyia va iniciar l\u2019any 2019, que ha comptat amb el suport del grup su\u00eds Transgourmet, <em>holding<\/em> al qual pertany des de fa tres anys.<\/p>\n<p style=\"font-weight: 400;\">\u201cHem transformat la l\u00ednia de <em>retail<\/em>, en abandonar una part molt significativa de vendes, que eren operacions de car\u00e0cter especulatiu, i passar a posar el focus en el desenvolupament de la franqu\u00edcia. Ara, el nostre negoci de <em>retail <\/em>est\u00e0 perfectament actualitzat i ordenat, en un proc\u00e9s de creixement important. Tenim una taxa d\u2019obertures de 60 franqu\u00edcies anuals, amb un important nivell de qualitat\u201d, ha afirmat.<\/p>\n<p style=\"font-weight: 400;\">En relaci\u00f3 amb la seva altra l\u00ednia de negoci, enfocada a horeca, Llu\u00eds Labairu ha destacat la decisi\u00f3 de deixar de banda el <em>food service <\/em>organitzat per centrar-se en l\u2019independent \u201cja que, a Espanya, l\u2019hostaleria est\u00e0 focalitzada sobretot en restaurants, bars, cafeteries unifamiliars i petits. Per aix\u00f2 s\u2019ha fet una forta inversi\u00f3 als nostres centres <em>cash&amp;carry<\/em>, que hem transformat amb una doble funci\u00f3: la pr\u00f2pia del <em>cash<\/em> i la de plataforma log\u00edstica de proximitat per subministrar a aquest <em>food service<\/em> independent. En aquests moments, ja tenim m\u00e9s de 350 comercials i l\u2019any que ve arribarem a comptar amb m\u00e9s de 300 camions\u201d.<\/p>\n<p style=\"font-weight: 400;\">Llu\u00eds Labairu tamb\u00e9 ha anunciat la celebraci\u00f3 del centenari de la companyia el 2025, fet que demostra la capacitat de respondre amb efic\u00e0cia als canvis del mercat al llarg d\u2019aquest per\u00edode: \u201cQuan una empresa t\u00e9 100 anys, t\u00e9 l\u2019obligaci\u00f3 d\u2019adaptar-se als canvis socials que permanentment hi ha, cosa que hem anat fent per arribar a la majoria d\u2019edat\u201d.<\/p>\n<p style=\"font-weight: 400;\">L\u2019objectiu de Transgourmet Ib\u00e8rica \u00e9s \u201csubministrar a l\u2019hostaleria independent per tot Espanya i ser un operador destacat en la franqu\u00edcia de proximitat de qualitat, perqu\u00e8 la proximitat ha estat, est\u00e0 i estar\u00e0 de moda\u201d.<\/p>\n","protected":false},"excerpt":{"rendered":"<p>El director general de Transgourmet Ib\u00e8rica, Llu\u00eds Labairu, ha destacat avui, en la 39a edici\u00f3 del Congr\u00e9s AECOC de Gran Consum, la consolidaci\u00f3 de l\u2019estrat\u00e8gia de transformaci\u00f3 que la companyia va iniciar l\u2019any 2019, que ha comptat amb el suport del grup su\u00eds Transgourmet, holding al qual pertany des de fa tres anys. \u201cHem transformat&hellip;&nbsp;<\/p>\n","protected":false},"author":3,"featured_media":16646,"comment_status":"open","ping_status":"open","sticky":false,"template":"","format":"standard","meta":{"_acf_changed":false,"neve_meta_sidebar":"","neve_meta_container":"","neve_meta_enable_content_width":"off","neve_meta_content_width":70,"neve_meta_title_alignment":"","neve_meta_author_avatar":"","neve_post_elements_order":"","neve_meta_disable_header":"","neve_meta_disable_footer":"","neve_meta_disable_title":"","footnotes":""},"categories":[35],"tags":[],"class_list":["post-16658","post","type-post","status-publish","format-standard","has-post-thumbnail","hentry","category-corporativa-ca"],"acf":[],"yoast_head":"<!-- This site is optimized with the Yoast SEO plugin v27.4 - https:\/\/yoast.com\/product\/yoast-seo-wordpress\/ -->\n<title>Llu\u00eds Labairu: \u201cTransgourmet est\u00e0 finalitzant amb \u00e8xit la seva estrat\u00e8gia de transformaci\u00f3 iniciada el 2019\u201d | Transgourmet<\/title>\n<meta name=\"robots\" content=\"index, follow, max-snippet:-1, max-image-preview:large, max-video-preview:-1\" \/>\n<link rel=\"canonical\" href=\"https:\/\/www.transgourmet.es\/ca\/blog\/lluis-labairu-transgourmet-esta-finalizando-con-exito-su-estrategia-de-transformacion-iniciada-en-2019\/\" \/>\n<meta property=\"og:locale\" content=\"ca_ES\" \/>\n<meta property=\"og:type\" content=\"article\" \/>\n<meta property=\"og:title\" content=\"Llu\u00eds Labairu: \u201cTransgourmet est\u00e0 finalitzant amb \u00e8xit la seva estrat\u00e8gia de transformaci\u00f3 iniciada el 2019\u201d | Transgourmet\" \/>\n<meta property=\"og:description\" content=\"El director general de Transgourmet Ib\u00e8rica, Llu\u00eds Labairu, ha destacat avui, en la 39a edici\u00f3 del Congr\u00e9s AECOC de Gran Consum, la consolidaci\u00f3 de l\u2019estrat\u00e8gia de transformaci\u00f3 que la companyia va iniciar l\u2019any 2019, que ha comptat amb el suport del grup su\u00eds Transgourmet, holding al qual pertany des de fa tres anys. \u201cHem transformat&hellip;&nbsp;\" \/>\n<meta property=\"og:url\" content=\"https:\/\/www.transgourmet.es\/ca\/blog\/lluis-labairu-transgourmet-esta-finalizando-con-exito-su-estrategia-de-transformacion-iniciada-en-2019\/\" \/>\n<meta property=\"og:site_name\" content=\"Transgourmet\" \/>\n<meta property=\"article:published_time\" content=\"2024-10-17T13:25:21+00:00\" \/>\n<meta property=\"article:modified_time\" content=\"2024-10-17T13:49:44+00:00\" \/>\n<meta property=\"og:image\" content=\"https:\/\/www.transgourmet.es\/wp-content\/uploads\/2024\/10\/LluisLabairu_Aecoc.jpg\" \/>\n\t<meta property=\"og:image:width\" content=\"1600\" \/>\n\t<meta property=\"og:image:height\" content=\"1066\" \/>\n\t<meta property=\"og:image:type\" content=\"image\/jpeg\" \/>\n<meta name=\"author\" content=\"Comunicacion\" \/>\n<meta name=\"twitter:card\" content=\"summary_large_image\" \/>\n<meta name=\"twitter:creator\" content=\"@transgourmet_es\" \/>\n<meta name=\"twitter:site\" content=\"@transgourmet_es\" \/>\n<meta name=\"twitter:label1\" content=\"Escrit per\" \/>\n\t<meta name=\"twitter:data1\" content=\"Comunicacion\" \/>\n\t<meta name=\"twitter:label2\" content=\"Temps estimat de lectura\" \/>\n\t<meta name=\"twitter:data2\" content=\"2 minuts\" \/>\n<script type=\"application\/ld+json\" class=\"yoast-schema-graph\">{\"@context\":\"https:\\\/\\\/schema.org\",\"@graph\":[{\"@type\":\"Article\",\"@id\":\"https:\\\/\\\/www.transgourmet.es\\\/ca\\\/blog\\\/lluis-labairu-transgourmet-esta-finalizando-con-exito-su-estrategia-de-transformacion-iniciada-en-2019\\\/#article\",\"isPartOf\":{\"@id\":\"https:\\\/\\\/www.transgourmet.es\\\/ca\\\/blog\\\/lluis-labairu-transgourmet-esta-finalizando-con-exito-su-estrategia-de-transformacion-iniciada-en-2019\\\/\"},\"author\":{\"name\":\"Comunicacion\",\"@id\":\"https:\\\/\\\/www.transgourmet.es\\\/#\\\/schema\\\/person\\\/7558b42d44946cf43b85426e3e9260ff\"},\"headline\":\"Llu\u00eds Labairu: \u201cTransgourmet est\u00e0 finalitzant amb \u00e8xit la seva estrat\u00e8gia de transformaci\u00f3 iniciada el 2019\u201d\",\"datePublished\":\"2024-10-17T13:25:21+00:00\",\"dateModified\":\"2024-10-17T13:49:44+00:00\",\"mainEntityOfPage\":{\"@id\":\"https:\\\/\\\/www.transgourmet.es\\\/ca\\\/blog\\\/lluis-labairu-transgourmet-esta-finalizando-con-exito-su-estrategia-de-transformacion-iniciada-en-2019\\\/\"},\"wordCount\":358,\"commentCount\":0,\"publisher\":{\"@id\":\"https:\\\/\\\/www.transgourmet.es\\\/#organization\"},\"image\":{\"@id\":\"https:\\\/\\\/www.transgourmet.es\\\/ca\\\/blog\\\/lluis-labairu-transgourmet-esta-finalizando-con-exito-su-estrategia-de-transformacion-iniciada-en-2019\\\/#primaryimage\"},\"thumbnailUrl\":\"https:\\\/\\\/www.transgourmet.es\\\/wp-content\\\/uploads\\\/2024\\\/10\\\/LluisLabairu_Aecoc.jpg\",\"articleSection\":[\"Corporativa\"],\"inLanguage\":\"ca\",\"potentialAction\":[{\"@type\":\"CommentAction\",\"name\":\"Comment\",\"target\":[\"https:\\\/\\\/www.transgourmet.es\\\/ca\\\/blog\\\/lluis-labairu-transgourmet-esta-finalizando-con-exito-su-estrategia-de-transformacion-iniciada-en-2019\\\/#respond\"]}]},{\"@type\":\"WebPage\",\"@id\":\"https:\\\/\\\/www.transgourmet.es\\\/ca\\\/blog\\\/lluis-labairu-transgourmet-esta-finalizando-con-exito-su-estrategia-de-transformacion-iniciada-en-2019\\\/\",\"url\":\"https:\\\/\\\/www.transgourmet.es\\\/ca\\\/blog\\\/lluis-labairu-transgourmet-esta-finalizando-con-exito-su-estrategia-de-transformacion-iniciada-en-2019\\\/\",\"name\":\"Llu\u00eds Labairu: \u201cTransgourmet est\u00e0 finalitzant amb \u00e8xit la seva estrat\u00e8gia de transformaci\u00f3 iniciada el 2019\u201d | Transgourmet\",\"isPartOf\":{\"@id\":\"https:\\\/\\\/www.transgourmet.es\\\/#website\"},\"primaryImageOfPage\":{\"@id\":\"https:\\\/\\\/www.transgourmet.es\\\/ca\\\/blog\\\/lluis-labairu-transgourmet-esta-finalizando-con-exito-su-estrategia-de-transformacion-iniciada-en-2019\\\/#primaryimage\"},\"image\":{\"@id\":\"https:\\\/\\\/www.transgourmet.es\\\/ca\\\/blog\\\/lluis-labairu-transgourmet-esta-finalizando-con-exito-su-estrategia-de-transformacion-iniciada-en-2019\\\/#primaryimage\"},\"thumbnailUrl\":\"https:\\\/\\\/www.transgourmet.es\\\/wp-content\\\/uploads\\\/2024\\\/10\\\/LluisLabairu_Aecoc.jpg\",\"datePublished\":\"2024-10-17T13:25:21+00:00\",\"dateModified\":\"2024-10-17T13:49:44+00:00\",\"breadcrumb\":{\"@id\":\"https:\\\/\\\/www.transgourmet.es\\\/ca\\\/blog\\\/lluis-labairu-transgourmet-esta-finalizando-con-exito-su-estrategia-de-transformacion-iniciada-en-2019\\\/#breadcrumb\"},\"inLanguage\":\"ca\",\"potentialAction\":[{\"@type\":\"ReadAction\",\"target\":[\"https:\\\/\\\/www.transgourmet.es\\\/ca\\\/blog\\\/lluis-labairu-transgourmet-esta-finalizando-con-exito-su-estrategia-de-transformacion-iniciada-en-2019\\\/\"]}]},{\"@type\":\"ImageObject\",\"inLanguage\":\"ca\",\"@id\":\"https:\\\/\\\/www.transgourmet.es\\\/ca\\\/blog\\\/lluis-labairu-transgourmet-esta-finalizando-con-exito-su-estrategia-de-transformacion-iniciada-en-2019\\\/#primaryimage\",\"url\":\"https:\\\/\\\/www.transgourmet.es\\\/wp-content\\\/uploads\\\/2024\\\/10\\\/LluisLabairu_Aecoc.jpg\",\"contentUrl\":\"https:\\\/\\\/www.transgourmet.es\\\/wp-content\\\/uploads\\\/2024\\\/10\\\/LluisLabairu_Aecoc.jpg\",\"width\":1600,\"height\":1066},{\"@type\":\"BreadcrumbList\",\"@id\":\"https:\\\/\\\/www.transgourmet.es\\\/ca\\\/blog\\\/lluis-labairu-transgourmet-esta-finalizando-con-exito-su-estrategia-de-transformacion-iniciada-en-2019\\\/#breadcrumb\",\"itemListElement\":[{\"@type\":\"ListItem\",\"position\":1,\"name\":\"Portada\",\"item\":\"https:\\\/\\\/www.transgourmet.es\\\/ca\\\/\"},{\"@type\":\"ListItem\",\"position\":2,\"name\":\"Llu\u00eds Labairu: \u201cTransgourmet est\u00e0 finalitzant amb \u00e8xit la seva estrat\u00e8gia de transformaci\u00f3 iniciada el 2019\u201d\"}]},{\"@type\":\"WebSite\",\"@id\":\"https:\\\/\\\/www.transgourmet.es\\\/#website\",\"url\":\"https:\\\/\\\/www.transgourmet.es\\\/\",\"name\":\"Transgourmet\",\"description\":\"Distribuci\u00f3n mayorista de alimentaci\u00f3n en Espa\u00f1a\",\"publisher\":{\"@id\":\"https:\\\/\\\/www.transgourmet.es\\\/#organization\"},\"alternateName\":\"Grupo Transgourmet\",\"potentialAction\":[{\"@type\":\"SearchAction\",\"target\":{\"@type\":\"EntryPoint\",\"urlTemplate\":\"https:\\\/\\\/www.transgourmet.es\\\/?s={search_term_string}\"},\"query-input\":{\"@type\":\"PropertyValueSpecification\",\"valueRequired\":true,\"valueName\":\"search_term_string\"}}],\"inLanguage\":\"ca\"},{\"@type\":\"Organization\",\"@id\":\"https:\\\/\\\/www.transgourmet.es\\\/#organization\",\"name\":\"Transgourmet\",\"url\":\"https:\\\/\\\/www.transgourmet.es\\\/\",\"logo\":{\"@type\":\"ImageObject\",\"inLanguage\":\"ca\",\"@id\":\"https:\\\/\\\/www.transgourmet.es\\\/#\\\/schema\\\/logo\\\/image\\\/\",\"url\":\"https:\\\/\\\/www.transgourmet.es\\\/wp-content\\\/uploads\\\/2022\\\/08\\\/trans-vert.svg\",\"contentUrl\":\"https:\\\/\\\/www.transgourmet.es\\\/wp-content\\\/uploads\\\/2022\\\/08\\\/trans-vert.svg\",\"width\":296,\"height\":113,\"caption\":\"Transgourmet\"},\"image\":{\"@id\":\"https:\\\/\\\/www.transgourmet.es\\\/#\\\/schema\\\/logo\\\/image\\\/\"},\"sameAs\":[\"https:\\\/\\\/x.com\\\/transgourmet_es\",\"https:\\\/\\\/www.youtube.com\\\/c\\\/TransgourmetIberica\",\"https:\\\/\\\/www.linkedin.com\\\/company\\\/transgourmet-iberica\"]},{\"@type\":\"Person\",\"@id\":\"https:\\\/\\\/www.transgourmet.es\\\/#\\\/schema\\\/person\\\/7558b42d44946cf43b85426e3e9260ff\",\"name\":\"Comunicacion\",\"image\":{\"@type\":\"ImageObject\",\"inLanguage\":\"ca\",\"@id\":\"https:\\\/\\\/secure.gravatar.com\\\/avatar\\\/22ed58e86b6fa1d603bc37a456b3c1eead2a5b2dc754952f01bc759bba31e2f3?s=96&d=mm&r=g\",\"url\":\"https:\\\/\\\/secure.gravatar.com\\\/avatar\\\/22ed58e86b6fa1d603bc37a456b3c1eead2a5b2dc754952f01bc759bba31e2f3?s=96&d=mm&r=g\",\"contentUrl\":\"https:\\\/\\\/secure.gravatar.com\\\/avatar\\\/22ed58e86b6fa1d603bc37a456b3c1eead2a5b2dc754952f01bc759bba31e2f3?s=96&d=mm&r=g\",\"caption\":\"Comunicacion\"},\"sameAs\":[\"https:\\\/\\\/www.transgourmet.es\\\/\"]}]}<\/script>\n<!-- \/ Yoast SEO plugin. -->","yoast_head_json":{"title":"Llu\u00eds Labairu: \u201cTransgourmet est\u00e0 finalitzant amb \u00e8xit la seva estrat\u00e8gia de transformaci\u00f3 iniciada el 2019\u201d | Transgourmet","robots":{"index":"index","follow":"follow","max-snippet":"max-snippet:-1","max-image-preview":"max-image-preview:large","max-video-preview":"max-video-preview:-1"},"canonical":"https:\/\/www.transgourmet.es\/ca\/blog\/lluis-labairu-transgourmet-esta-finalizando-con-exito-su-estrategia-de-transformacion-iniciada-en-2019\/","og_locale":"ca_ES","og_type":"article","og_title":"Llu\u00eds Labairu: \u201cTransgourmet est\u00e0 finalitzant amb \u00e8xit la seva estrat\u00e8gia de transformaci\u00f3 iniciada el 2019\u201d | Transgourmet","og_description":"El director general de Transgourmet Ib\u00e8rica, Llu\u00eds Labairu, ha destacat avui, en la 39a edici\u00f3 del Congr\u00e9s AECOC de Gran Consum, la consolidaci\u00f3 de l\u2019estrat\u00e8gia de transformaci\u00f3 que la companyia va iniciar l\u2019any 2019, que ha comptat amb el suport del grup su\u00eds Transgourmet, holding al qual pertany des de fa tres anys. \u201cHem transformat&hellip;&nbsp;","og_url":"https:\/\/www.transgourmet.es\/ca\/blog\/lluis-labairu-transgourmet-esta-finalizando-con-exito-su-estrategia-de-transformacion-iniciada-en-2019\/","og_site_name":"Transgourmet","article_published_time":"2024-10-17T13:25:21+00:00","article_modified_time":"2024-10-17T13:49:44+00:00","og_image":[{"width":1600,"height":1066,"url":"https:\/\/www.transgourmet.es\/wp-content\/uploads\/2024\/10\/LluisLabairu_Aecoc.jpg","type":"image\/jpeg"}],"author":"Comunicacion","twitter_card":"summary_large_image","twitter_creator":"@transgourmet_es","twitter_site":"@transgourmet_es","twitter_misc":{"Escrit per":"Comunicacion","Temps estimat de lectura":"2 minuts"},"schema":{"@context":"https:\/\/schema.org","@graph":[{"@type":"Article","@id":"https:\/\/www.transgourmet.es\/ca\/blog\/lluis-labairu-transgourmet-esta-finalizando-con-exito-su-estrategia-de-transformacion-iniciada-en-2019\/#article","isPartOf":{"@id":"https:\/\/www.transgourmet.es\/ca\/blog\/lluis-labairu-transgourmet-esta-finalizando-con-exito-su-estrategia-de-transformacion-iniciada-en-2019\/"},"author":{"name":"Comunicacion","@id":"https:\/\/www.transgourmet.es\/#\/schema\/person\/7558b42d44946cf43b85426e3e9260ff"},"headline":"Llu\u00eds Labairu: \u201cTransgourmet est\u00e0 finalitzant amb \u00e8xit la seva estrat\u00e8gia de transformaci\u00f3 iniciada el 2019\u201d","datePublished":"2024-10-17T13:25:21+00:00","dateModified":"2024-10-17T13:49:44+00:00","mainEntityOfPage":{"@id":"https:\/\/www.transgourmet.es\/ca\/blog\/lluis-labairu-transgourmet-esta-finalizando-con-exito-su-estrategia-de-transformacion-iniciada-en-2019\/"},"wordCount":358,"commentCount":0,"publisher":{"@id":"https:\/\/www.transgourmet.es\/#organization"},"image":{"@id":"https:\/\/www.transgourmet.es\/ca\/blog\/lluis-labairu-transgourmet-esta-finalizando-con-exito-su-estrategia-de-transformacion-iniciada-en-2019\/#primaryimage"},"thumbnailUrl":"https:\/\/www.transgourmet.es\/wp-content\/uploads\/2024\/10\/LluisLabairu_Aecoc.jpg","articleSection":["Corporativa"],"inLanguage":"ca","potentialAction":[{"@type":"CommentAction","name":"Comment","target":["https:\/\/www.transgourmet.es\/ca\/blog\/lluis-labairu-transgourmet-esta-finalizando-con-exito-su-estrategia-de-transformacion-iniciada-en-2019\/#respond"]}]},{"@type":"WebPage","@id":"https:\/\/www.transgourmet.es\/ca\/blog\/lluis-labairu-transgourmet-esta-finalizando-con-exito-su-estrategia-de-transformacion-iniciada-en-2019\/","url":"https:\/\/www.transgourmet.es\/ca\/blog\/lluis-labairu-transgourmet-esta-finalizando-con-exito-su-estrategia-de-transformacion-iniciada-en-2019\/","name":"Llu\u00eds Labairu: \u201cTransgourmet est\u00e0 finalitzant amb \u00e8xit la seva estrat\u00e8gia de transformaci\u00f3 iniciada el 2019\u201d | Transgourmet","isPartOf":{"@id":"https:\/\/www.transgourmet.es\/#website"},"primaryImageOfPage":{"@id":"https:\/\/www.transgourmet.es\/ca\/blog\/lluis-labairu-transgourmet-esta-finalizando-con-exito-su-estrategia-de-transformacion-iniciada-en-2019\/#primaryimage"},"image":{"@id":"https:\/\/www.transgourmet.es\/ca\/blog\/lluis-labairu-transgourmet-esta-finalizando-con-exito-su-estrategia-de-transformacion-iniciada-en-2019\/#primaryimage"},"thumbnailUrl":"https:\/\/www.transgourmet.es\/wp-content\/uploads\/2024\/10\/LluisLabairu_Aecoc.jpg","datePublished":"2024-10-17T13:25:21+00:00","dateModified":"2024-10-17T13:49:44+00:00","breadcrumb":{"@id":"https:\/\/www.transgourmet.es\/ca\/blog\/lluis-labairu-transgourmet-esta-finalizando-con-exito-su-estrategia-de-transformacion-iniciada-en-2019\/#breadcrumb"},"inLanguage":"ca","potentialAction":[{"@type":"ReadAction","target":["https:\/\/www.transgourmet.es\/ca\/blog\/lluis-labairu-transgourmet-esta-finalizando-con-exito-su-estrategia-de-transformacion-iniciada-en-2019\/"]}]},{"@type":"ImageObject","inLanguage":"ca","@id":"https:\/\/www.transgourmet.es\/ca\/blog\/lluis-labairu-transgourmet-esta-finalizando-con-exito-su-estrategia-de-transformacion-iniciada-en-2019\/#primaryimage","url":"https:\/\/www.transgourmet.es\/wp-content\/uploads\/2024\/10\/LluisLabairu_Aecoc.jpg","contentUrl":"https:\/\/www.transgourmet.es\/wp-content\/uploads\/2024\/10\/LluisLabairu_Aecoc.jpg","width":1600,"height":1066},{"@type":"BreadcrumbList","@id":"https:\/\/www.transgourmet.es\/ca\/blog\/lluis-labairu-transgourmet-esta-finalizando-con-exito-su-estrategia-de-transformacion-iniciada-en-2019\/#breadcrumb","itemListElement":[{"@type":"ListItem","position":1,"name":"Portada","item":"https:\/\/www.transgourmet.es\/ca\/"},{"@type":"ListItem","position":2,"name":"Llu\u00eds Labairu: \u201cTransgourmet est\u00e0 finalitzant amb \u00e8xit la seva estrat\u00e8gia de transformaci\u00f3 iniciada el 2019\u201d"}]},{"@type":"WebSite","@id":"https:\/\/www.transgourmet.es\/#website","url":"https:\/\/www.transgourmet.es\/","name":"Transgourmet","description":"Distribuci\u00f3n mayorista de alimentaci\u00f3n en Espa\u00f1a","publisher":{"@id":"https:\/\/www.transgourmet.es\/#organization"},"alternateName":"Grupo Transgourmet","potentialAction":[{"@type":"SearchAction","target":{"@type":"EntryPoint","urlTemplate":"https:\/\/www.transgourmet.es\/?s={search_term_string}"},"query-input":{"@type":"PropertyValueSpecification","valueRequired":true,"valueName":"search_term_string"}}],"inLanguage":"ca"},{"@type":"Organization","@id":"https:\/\/www.transgourmet.es\/#organization","name":"Transgourmet","url":"https:\/\/www.transgourmet.es\/","logo":{"@type":"ImageObject","inLanguage":"ca","@id":"https:\/\/www.transgourmet.es\/#\/schema\/logo\/image\/","url":"https:\/\/www.transgourmet.es\/wp-content\/uploads\/2022\/08\/trans-vert.svg","contentUrl":"https:\/\/www.transgourmet.es\/wp-content\/uploads\/2022\/08\/trans-vert.svg","width":296,"height":113,"caption":"Transgourmet"},"image":{"@id":"https:\/\/www.transgourmet.es\/#\/schema\/logo\/image\/"},"sameAs":["https:\/\/x.com\/transgourmet_es","https:\/\/www.youtube.com\/c\/TransgourmetIberica","https:\/\/www.linkedin.com\/company\/transgourmet-iberica"]},{"@type":"Person","@id":"https:\/\/www.transgourmet.es\/#\/schema\/person\/7558b42d44946cf43b85426e3e9260ff","name":"Comunicacion","image":{"@type":"ImageObject","inLanguage":"ca","@id":"https:\/\/secure.gravatar.com\/avatar\/22ed58e86b6fa1d603bc37a456b3c1eead2a5b2dc754952f01bc759bba31e2f3?s=96&d=mm&r=g","url":"https:\/\/secure.gravatar.com\/avatar\/22ed58e86b6fa1d603bc37a456b3c1eead2a5b2dc754952f01bc759bba31e2f3?s=96&d=mm&r=g","contentUrl":"https:\/\/secure.gravatar.com\/avatar\/22ed58e86b6fa1d603bc37a456b3c1eead2a5b2dc754952f01bc759bba31e2f3?s=96&d=mm&r=g","caption":"Comunicacion"},"sameAs":["https:\/\/www.transgourmet.es\/"]}]}},"_links":{"self":[{"href":"https:\/\/www.transgourmet.es\/ca\/wp-json\/wp\/v2\/posts\/16658","targetHints":{"allow":["GET"]}}],"collection":[{"href":"https:\/\/www.transgourmet.es\/ca\/wp-json\/wp\/v2\/posts"}],"about":[{"href":"https:\/\/www.transgourmet.es\/ca\/wp-json\/wp\/v2\/types\/post"}],"author":[{"embeddable":true,"href":"https:\/\/www.transgourmet.es\/ca\/wp-json\/wp\/v2\/users\/3"}],"replies":[{"embeddable":true,"href":"https:\/\/www.transgourmet.es\/ca\/wp-json\/wp\/v2\/comments?post=16658"}],"version-history":[{"count":2,"href":"https:\/\/www.transgourmet.es\/ca\/wp-json\/wp\/v2\/posts\/16658\/revisions"}],"predecessor-version":[{"id":16662,"href":"https:\/\/www.transgourmet.es\/ca\/wp-json\/wp\/v2\/posts\/16658\/revisions\/16662"}],"wp:featuredmedia":[{"embeddable":true,"href":"https:\/\/www.transgourmet.es\/ca\/wp-json\/wp\/v2\/media\/16646"}],"wp:attachment":[{"href":"https:\/\/www.transgourmet.es\/ca\/wp-json\/wp\/v2\/media?parent=16658"}],"wp:term":[{"taxonomy":"category","embeddable":true,"href":"https:\/\/www.transgourmet.es\/ca\/wp-json\/wp\/v2\/categories?post=16658"},{"taxonomy":"post_tag","embeddable":true,"href":"https:\/\/www.transgourmet.es\/ca\/wp-json\/wp\/v2\/tags?post=16658"}],"curies":[{"name":"wp","href":"https:\/\/api.w.org\/{rel}","templated":true}]}}