{"id":16774,"date":"2024-11-15T14:50:19","date_gmt":"2024-11-15T13:50:19","guid":{"rendered":"https:\/\/www.transgourmet.es\/blog\/aperitivo-con-leyre\/"},"modified":"2024-11-19T10:35:53","modified_gmt":"2024-11-19T09:35:53","slug":"aperitivo-con-leyre","status":"publish","type":"post","link":"https:\/\/www.transgourmet.es\/ca\/blog\/aperitivo-con-leyre\/","title":{"rendered":"Aperitiu amb: Leyre"},"content":{"rendered":"<p style=\"font-weight: 400;\"><strong>Nom i cognoms:\u00a0<\/strong>Leyre Jim\u00e9nez Rizo.<\/p>\n<p style=\"font-weight: 400;\"><strong>C\u00e0rrec i departament:\u00a0<\/strong>Responsable de Talent de la Zona d\u2019Andalusia i Can\u00e0ries.<\/p>\n<p style=\"font-weight: 400;\"><strong>Anys a Transgourmet:\u00a0<\/strong>Em vaig unir a la companyia l\u2019agost de 2023.<\/p>\n<p style=\"font-weight: 400;\"><strong>Qu\u00e8 \u00e9s el que t\u2019agrada m\u00e9s de la teva feina?\u00a0<\/strong>M\u2019encanta poder oferir als candidats i candidates l\u2019oportunitat de formar part d\u2019una companyia com la nostra. Som una empresa propera, on vetllem pel benestar dels treballadors i treballadores, apostem per la formaci\u00f3 continuada i, sobretot, pel talent intern. Treballar aqu\u00ed \u00e9s una sort!<\/p>\n<p style=\"font-weight: 400;\"><strong>Si Transgourmet fos un plat, seria\u2026 <\/strong>Una bona olla de carn, un <em>puchero<\/em> dels bons, un plat de tota la vida, ple de sabor i consist\u00e8ncia i que a la taula uneix tota la fam\u00edlia. Com Transgourmet ens uneix a nosaltres!<\/p>\n<p style=\"font-weight: 400;\"><strong>Quin \u00e9s el teu producte preferit del nostre assortiment? <\/strong>Se\u2019m fa dif\u00edcil triar-ne nom\u00e9s un, per\u00f2, si haig d\u2019escollir, el meu producte estrella \u00e9s el mel\u00f3 de \u201cEl Melonero\u201d. \u00c9s un producte fresc, local i de temporada, ideal per refrescar-se els dies de platja o piscina, i el detall perfecte per endolcir el dinar dels diumenges amb la fam\u00edlia o amics i amigues. Sempre l\u2019encertes amb aquest producte.<\/p>\n<p style=\"font-weight: 400;\"><strong>Ens recomanes un restaurant? (i per qu\u00e8) <\/strong>Ho tinc clar! Cervecer\u00eda Raimundo, un bar tradicional de menjar andal\u00fas, per\u00f2 tamb\u00e9 amb tocs originals, que es troba situat al carrer San Benito de Sevilla. Va obrir el 1998 i \u00e9s client de GM Cash des de fa molt temps. Et far\u00e0 sentir com a casa quan hi vagis! \u00c9s del tot imprescindible que proveu qualsevol de les seves amanides i amanides russes i, per descomptat, els seitons fregits a la llimona i les galtes. S\u00f3n uns plats bon\u00edssims!<\/p>\n<p style=\"font-weight: 400;\"><strong>Qu\u00e8 \u00e9s el millor que t\u2019ha passat a l\u2019empresa?\u00a0<\/strong>Em sembla que el millor que em passa a l\u2019empresa, i parlo en present perqu\u00e8 per sort passa sovint, \u00e9s sentir l\u2019emoci\u00f3 i la gratitud del personal quan li donem l\u2019oportunitat de promocionar i cr\u00e9ixer laboralment. \u00c9s molt satisfactori! A m\u00e9s, poder viure amb ells i elles moments distesos als Family Days, i que em presentin orgullosos la seva fam\u00edlia, fa que tot tingui molt m\u00e9s sentit.<\/p>\n<p style=\"font-weight: 400;\"><strong>Una frase que defineixi Transgourmet.\u00a0<\/strong>Junt@s cap al cim. Per mi, simbolitza la uni\u00f3 entre les diferents l\u00ednies de negoci i equips i, a m\u00e9s, el nostre comprom\u00eds amb els clients i clientes; gr\u00e0cies a la nostra experi\u00e8ncia, ampli assortiment i qualitat del nostre servei, els ajudem a assolir l\u2019\u00e8xit en els seus negocis.<\/p>\n<p style=\"font-weight: 400;\"><strong>Alguna cosa per afegir\u2026\u00a0<\/strong>Doncs ja que tinc l\u2019oportunitat, m\u2019agradaria donar les gr\u00e0cies a tots i cadascun dels companys i companyes que fan possible aquesta gran empresa; reposadors\/es i caixers\/es, preparadors\/es, personal de repartiment, comercials i responsables i gerents que cada dia regalen a la nostra clientela la millor versi\u00f3 de s\u00ed mateixos. Tamb\u00e9 voldria destacar aquells companys i companyes que es troben darrere de la pantalla i que, encara que no els veiem, posen el seu granet de sorra per fer d\u2019aquesta empresa una empresa millor.<\/p>\n<p style=\"font-weight: 400;\"><strong>A qui esculls perqu\u00e8 respongui el q\u00fcestionari de la propera <em>newsletter<\/em>? <\/strong>A en Luis Fernando Bautista, t\u00e8cnic de manteniment de la Zona Nord.<\/p>\n","protected":false},"excerpt":{"rendered":"<p>Nom i cognoms:\u00a0Leyre Jim\u00e9nez Rizo. C\u00e0rrec i departament:\u00a0Responsable de Talent de la Zona d\u2019Andalusia i Can\u00e0ries. Anys a Transgourmet:\u00a0Em vaig unir a la companyia l\u2019agost de 2023. Qu\u00e8 \u00e9s el que t\u2019agrada m\u00e9s de la teva feina?\u00a0M\u2019encanta poder oferir als candidats i candidates l\u2019oportunitat de formar part d\u2019una companyia com la nostra. Som una empresa&hellip;&nbsp;<\/p>\n","protected":false},"author":3,"featured_media":16697,"comment_status":"open","ping_status":"open","sticky":false,"template":"","format":"standard","meta":{"_acf_changed":false,"neve_meta_sidebar":"","neve_meta_container":"","neve_meta_enable_content_width":"off","neve_meta_content_width":70,"neve_meta_title_alignment":"","neve_meta_author_avatar":"","neve_post_elements_order":"","neve_meta_disable_header":"","neve_meta_disable_footer":"","neve_meta_disable_title":"","footnotes":""},"categories":[50],"tags":[],"class_list":["post-16774","post","type-post","status-publish","format-standard","has-post-thumbnail","hentry","category-newsletter-ca"],"acf":[],"yoast_head":"<!-- This site is optimized with the Yoast SEO plugin v27.4 - https:\/\/yoast.com\/product\/yoast-seo-wordpress\/ -->\n<title>Aperitiu amb: Leyre | Transgourmet<\/title>\n<meta name=\"robots\" content=\"index, follow, max-snippet:-1, max-image-preview:large, max-video-preview:-1\" \/>\n<link rel=\"canonical\" href=\"https:\/\/www.transgourmet.es\/ca\/blog\/aperitivo-con-leyre\/\" \/>\n<meta property=\"og:locale\" content=\"ca_ES\" \/>\n<meta property=\"og:type\" content=\"article\" \/>\n<meta property=\"og:title\" content=\"Aperitiu amb: Leyre | Transgourmet\" \/>\n<meta property=\"og:description\" content=\"Nom i cognoms:\u00a0Leyre Jim\u00e9nez Rizo. C\u00e0rrec i departament:\u00a0Responsable de Talent de la Zona d\u2019Andalusia i Can\u00e0ries. Anys a Transgourmet:\u00a0Em vaig unir a la companyia l\u2019agost de 2023. Qu\u00e8 \u00e9s el que t\u2019agrada m\u00e9s de la teva feina?\u00a0M\u2019encanta poder oferir als candidats i candidates l\u2019oportunitat de formar part d\u2019una companyia com la nostra. Som una empresa&hellip;&nbsp;\" \/>\n<meta property=\"og:url\" content=\"https:\/\/www.transgourmet.es\/ca\/blog\/aperitivo-con-leyre\/\" \/>\n<meta property=\"og:site_name\" content=\"Transgourmet\" \/>\n<meta property=\"article:published_time\" content=\"2024-11-15T13:50:19+00:00\" \/>\n<meta property=\"article:modified_time\" content=\"2024-11-19T09:35:53+00:00\" \/>\n<meta property=\"og:image\" content=\"https:\/\/www.transgourmet.es\/wp-content\/uploads\/2024\/11\/IMG_9423.jpg\" \/>\n\t<meta property=\"og:image:width\" content=\"2000\" \/>\n\t<meta property=\"og:image:height\" content=\"1500\" \/>\n\t<meta property=\"og:image:type\" content=\"image\/jpeg\" \/>\n<meta name=\"author\" content=\"Comunicacion\" \/>\n<meta name=\"twitter:card\" content=\"summary_large_image\" \/>\n<meta name=\"twitter:creator\" content=\"@transgourmet_es\" \/>\n<meta name=\"twitter:site\" content=\"@transgourmet_es\" \/>\n<meta name=\"twitter:label1\" content=\"Escrit per\" \/>\n\t<meta name=\"twitter:data1\" content=\"Comunicacion\" \/>\n\t<meta name=\"twitter:label2\" content=\"Temps estimat de lectura\" \/>\n\t<meta name=\"twitter:data2\" content=\"3 minuts\" \/>\n<script type=\"application\/ld+json\" class=\"yoast-schema-graph\">{\"@context\":\"https:\\\/\\\/schema.org\",\"@graph\":[{\"@type\":\"Article\",\"@id\":\"https:\\\/\\\/www.transgourmet.es\\\/ca\\\/blog\\\/aperitivo-con-leyre\\\/#article\",\"isPartOf\":{\"@id\":\"https:\\\/\\\/www.transgourmet.es\\\/ca\\\/blog\\\/aperitivo-con-leyre\\\/\"},\"author\":{\"name\":\"Comunicacion\",\"@id\":\"https:\\\/\\\/www.transgourmet.es\\\/#\\\/schema\\\/person\\\/7558b42d44946cf43b85426e3e9260ff\"},\"headline\":\"Aperitiu amb: Leyre\",\"datePublished\":\"2024-11-15T13:50:19+00:00\",\"dateModified\":\"2024-11-19T09:35:53+00:00\",\"mainEntityOfPage\":{\"@id\":\"https:\\\/\\\/www.transgourmet.es\\\/ca\\\/blog\\\/aperitivo-con-leyre\\\/\"},\"wordCount\":567,\"commentCount\":0,\"publisher\":{\"@id\":\"https:\\\/\\\/www.transgourmet.es\\\/#organization\"},\"image\":{\"@id\":\"https:\\\/\\\/www.transgourmet.es\\\/ca\\\/blog\\\/aperitivo-con-leyre\\\/#primaryimage\"},\"thumbnailUrl\":\"https:\\\/\\\/www.transgourmet.es\\\/wp-content\\\/uploads\\\/2024\\\/11\\\/IMG_9423.jpg\",\"articleSection\":[\"Newsletter\"],\"inLanguage\":\"ca\",\"potentialAction\":[{\"@type\":\"CommentAction\",\"name\":\"Comment\",\"target\":[\"https:\\\/\\\/www.transgourmet.es\\\/ca\\\/blog\\\/aperitivo-con-leyre\\\/#respond\"]}]},{\"@type\":\"WebPage\",\"@id\":\"https:\\\/\\\/www.transgourmet.es\\\/ca\\\/blog\\\/aperitivo-con-leyre\\\/\",\"url\":\"https:\\\/\\\/www.transgourmet.es\\\/ca\\\/blog\\\/aperitivo-con-leyre\\\/\",\"name\":\"Aperitiu amb: Leyre | Transgourmet\",\"isPartOf\":{\"@id\":\"https:\\\/\\\/www.transgourmet.es\\\/#website\"},\"primaryImageOfPage\":{\"@id\":\"https:\\\/\\\/www.transgourmet.es\\\/ca\\\/blog\\\/aperitivo-con-leyre\\\/#primaryimage\"},\"image\":{\"@id\":\"https:\\\/\\\/www.transgourmet.es\\\/ca\\\/blog\\\/aperitivo-con-leyre\\\/#primaryimage\"},\"thumbnailUrl\":\"https:\\\/\\\/www.transgourmet.es\\\/wp-content\\\/uploads\\\/2024\\\/11\\\/IMG_9423.jpg\",\"datePublished\":\"2024-11-15T13:50:19+00:00\",\"dateModified\":\"2024-11-19T09:35:53+00:00\",\"breadcrumb\":{\"@id\":\"https:\\\/\\\/www.transgourmet.es\\\/ca\\\/blog\\\/aperitivo-con-leyre\\\/#breadcrumb\"},\"inLanguage\":\"ca\",\"potentialAction\":[{\"@type\":\"ReadAction\",\"target\":[\"https:\\\/\\\/www.transgourmet.es\\\/ca\\\/blog\\\/aperitivo-con-leyre\\\/\"]}]},{\"@type\":\"ImageObject\",\"inLanguage\":\"ca\",\"@id\":\"https:\\\/\\\/www.transgourmet.es\\\/ca\\\/blog\\\/aperitivo-con-leyre\\\/#primaryimage\",\"url\":\"https:\\\/\\\/www.transgourmet.es\\\/wp-content\\\/uploads\\\/2024\\\/11\\\/IMG_9423.jpg\",\"contentUrl\":\"https:\\\/\\\/www.transgourmet.es\\\/wp-content\\\/uploads\\\/2024\\\/11\\\/IMG_9423.jpg\",\"width\":2000,\"height\":1500},{\"@type\":\"BreadcrumbList\",\"@id\":\"https:\\\/\\\/www.transgourmet.es\\\/ca\\\/blog\\\/aperitivo-con-leyre\\\/#breadcrumb\",\"itemListElement\":[{\"@type\":\"ListItem\",\"position\":1,\"name\":\"Portada\",\"item\":\"https:\\\/\\\/www.transgourmet.es\\\/ca\\\/\"},{\"@type\":\"ListItem\",\"position\":2,\"name\":\"Aperitiu amb: Leyre\"}]},{\"@type\":\"WebSite\",\"@id\":\"https:\\\/\\\/www.transgourmet.es\\\/#website\",\"url\":\"https:\\\/\\\/www.transgourmet.es\\\/\",\"name\":\"Transgourmet\",\"description\":\"Distribuci\u00f3n mayorista de alimentaci\u00f3n en Espa\u00f1a\",\"publisher\":{\"@id\":\"https:\\\/\\\/www.transgourmet.es\\\/#organization\"},\"alternateName\":\"Grupo Transgourmet\",\"potentialAction\":[{\"@type\":\"SearchAction\",\"target\":{\"@type\":\"EntryPoint\",\"urlTemplate\":\"https:\\\/\\\/www.transgourmet.es\\\/?s={search_term_string}\"},\"query-input\":{\"@type\":\"PropertyValueSpecification\",\"valueRequired\":true,\"valueName\":\"search_term_string\"}}],\"inLanguage\":\"ca\"},{\"@type\":\"Organization\",\"@id\":\"https:\\\/\\\/www.transgourmet.es\\\/#organization\",\"name\":\"Transgourmet\",\"url\":\"https:\\\/\\\/www.transgourmet.es\\\/\",\"logo\":{\"@type\":\"ImageObject\",\"inLanguage\":\"ca\",\"@id\":\"https:\\\/\\\/www.transgourmet.es\\\/#\\\/schema\\\/logo\\\/image\\\/\",\"url\":\"https:\\\/\\\/www.transgourmet.es\\\/wp-content\\\/uploads\\\/2022\\\/08\\\/trans-vert.svg\",\"contentUrl\":\"https:\\\/\\\/www.transgourmet.es\\\/wp-content\\\/uploads\\\/2022\\\/08\\\/trans-vert.svg\",\"width\":296,\"height\":113,\"caption\":\"Transgourmet\"},\"image\":{\"@id\":\"https:\\\/\\\/www.transgourmet.es\\\/#\\\/schema\\\/logo\\\/image\\\/\"},\"sameAs\":[\"https:\\\/\\\/x.com\\\/transgourmet_es\",\"https:\\\/\\\/www.youtube.com\\\/c\\\/TransgourmetIberica\",\"https:\\\/\\\/www.linkedin.com\\\/company\\\/transgourmet-iberica\"]},{\"@type\":\"Person\",\"@id\":\"https:\\\/\\\/www.transgourmet.es\\\/#\\\/schema\\\/person\\\/7558b42d44946cf43b85426e3e9260ff\",\"name\":\"Comunicacion\",\"image\":{\"@type\":\"ImageObject\",\"inLanguage\":\"ca\",\"@id\":\"https:\\\/\\\/secure.gravatar.com\\\/avatar\\\/22ed58e86b6fa1d603bc37a456b3c1eead2a5b2dc754952f01bc759bba31e2f3?s=96&d=mm&r=g\",\"url\":\"https:\\\/\\\/secure.gravatar.com\\\/avatar\\\/22ed58e86b6fa1d603bc37a456b3c1eead2a5b2dc754952f01bc759bba31e2f3?s=96&d=mm&r=g\",\"contentUrl\":\"https:\\\/\\\/secure.gravatar.com\\\/avatar\\\/22ed58e86b6fa1d603bc37a456b3c1eead2a5b2dc754952f01bc759bba31e2f3?s=96&d=mm&r=g\",\"caption\":\"Comunicacion\"},\"sameAs\":[\"https:\\\/\\\/www.transgourmet.es\\\/\"]}]}<\/script>\n<!-- \/ Yoast SEO plugin. -->","yoast_head_json":{"title":"Aperitiu amb: Leyre | Transgourmet","robots":{"index":"index","follow":"follow","max-snippet":"max-snippet:-1","max-image-preview":"max-image-preview:large","max-video-preview":"max-video-preview:-1"},"canonical":"https:\/\/www.transgourmet.es\/ca\/blog\/aperitivo-con-leyre\/","og_locale":"ca_ES","og_type":"article","og_title":"Aperitiu amb: Leyre | Transgourmet","og_description":"Nom i cognoms:\u00a0Leyre Jim\u00e9nez Rizo. C\u00e0rrec i departament:\u00a0Responsable de Talent de la Zona d\u2019Andalusia i Can\u00e0ries. Anys a Transgourmet:\u00a0Em vaig unir a la companyia l\u2019agost de 2023. Qu\u00e8 \u00e9s el que t\u2019agrada m\u00e9s de la teva feina?\u00a0M\u2019encanta poder oferir als candidats i candidates l\u2019oportunitat de formar part d\u2019una companyia com la nostra. Som una empresa&hellip;&nbsp;","og_url":"https:\/\/www.transgourmet.es\/ca\/blog\/aperitivo-con-leyre\/","og_site_name":"Transgourmet","article_published_time":"2024-11-15T13:50:19+00:00","article_modified_time":"2024-11-19T09:35:53+00:00","og_image":[{"width":2000,"height":1500,"url":"https:\/\/www.transgourmet.es\/wp-content\/uploads\/2024\/11\/IMG_9423.jpg","type":"image\/jpeg"}],"author":"Comunicacion","twitter_card":"summary_large_image","twitter_creator":"@transgourmet_es","twitter_site":"@transgourmet_es","twitter_misc":{"Escrit per":"Comunicacion","Temps estimat de lectura":"3 minuts"},"schema":{"@context":"https:\/\/schema.org","@graph":[{"@type":"Article","@id":"https:\/\/www.transgourmet.es\/ca\/blog\/aperitivo-con-leyre\/#article","isPartOf":{"@id":"https:\/\/www.transgourmet.es\/ca\/blog\/aperitivo-con-leyre\/"},"author":{"name":"Comunicacion","@id":"https:\/\/www.transgourmet.es\/#\/schema\/person\/7558b42d44946cf43b85426e3e9260ff"},"headline":"Aperitiu amb: Leyre","datePublished":"2024-11-15T13:50:19+00:00","dateModified":"2024-11-19T09:35:53+00:00","mainEntityOfPage":{"@id":"https:\/\/www.transgourmet.es\/ca\/blog\/aperitivo-con-leyre\/"},"wordCount":567,"commentCount":0,"publisher":{"@id":"https:\/\/www.transgourmet.es\/#organization"},"image":{"@id":"https:\/\/www.transgourmet.es\/ca\/blog\/aperitivo-con-leyre\/#primaryimage"},"thumbnailUrl":"https:\/\/www.transgourmet.es\/wp-content\/uploads\/2024\/11\/IMG_9423.jpg","articleSection":["Newsletter"],"inLanguage":"ca","potentialAction":[{"@type":"CommentAction","name":"Comment","target":["https:\/\/www.transgourmet.es\/ca\/blog\/aperitivo-con-leyre\/#respond"]}]},{"@type":"WebPage","@id":"https:\/\/www.transgourmet.es\/ca\/blog\/aperitivo-con-leyre\/","url":"https:\/\/www.transgourmet.es\/ca\/blog\/aperitivo-con-leyre\/","name":"Aperitiu amb: Leyre | Transgourmet","isPartOf":{"@id":"https:\/\/www.transgourmet.es\/#website"},"primaryImageOfPage":{"@id":"https:\/\/www.transgourmet.es\/ca\/blog\/aperitivo-con-leyre\/#primaryimage"},"image":{"@id":"https:\/\/www.transgourmet.es\/ca\/blog\/aperitivo-con-leyre\/#primaryimage"},"thumbnailUrl":"https:\/\/www.transgourmet.es\/wp-content\/uploads\/2024\/11\/IMG_9423.jpg","datePublished":"2024-11-15T13:50:19+00:00","dateModified":"2024-11-19T09:35:53+00:00","breadcrumb":{"@id":"https:\/\/www.transgourmet.es\/ca\/blog\/aperitivo-con-leyre\/#breadcrumb"},"inLanguage":"ca","potentialAction":[{"@type":"ReadAction","target":["https:\/\/www.transgourmet.es\/ca\/blog\/aperitivo-con-leyre\/"]}]},{"@type":"ImageObject","inLanguage":"ca","@id":"https:\/\/www.transgourmet.es\/ca\/blog\/aperitivo-con-leyre\/#primaryimage","url":"https:\/\/www.transgourmet.es\/wp-content\/uploads\/2024\/11\/IMG_9423.jpg","contentUrl":"https:\/\/www.transgourmet.es\/wp-content\/uploads\/2024\/11\/IMG_9423.jpg","width":2000,"height":1500},{"@type":"BreadcrumbList","@id":"https:\/\/www.transgourmet.es\/ca\/blog\/aperitivo-con-leyre\/#breadcrumb","itemListElement":[{"@type":"ListItem","position":1,"name":"Portada","item":"https:\/\/www.transgourmet.es\/ca\/"},{"@type":"ListItem","position":2,"name":"Aperitiu amb: Leyre"}]},{"@type":"WebSite","@id":"https:\/\/www.transgourmet.es\/#website","url":"https:\/\/www.transgourmet.es\/","name":"Transgourmet","description":"Distribuci\u00f3n mayorista de alimentaci\u00f3n en Espa\u00f1a","publisher":{"@id":"https:\/\/www.transgourmet.es\/#organization"},"alternateName":"Grupo Transgourmet","potentialAction":[{"@type":"SearchAction","target":{"@type":"EntryPoint","urlTemplate":"https:\/\/www.transgourmet.es\/?s={search_term_string}"},"query-input":{"@type":"PropertyValueSpecification","valueRequired":true,"valueName":"search_term_string"}}],"inLanguage":"ca"},{"@type":"Organization","@id":"https:\/\/www.transgourmet.es\/#organization","name":"Transgourmet","url":"https:\/\/www.transgourmet.es\/","logo":{"@type":"ImageObject","inLanguage":"ca","@id":"https:\/\/www.transgourmet.es\/#\/schema\/logo\/image\/","url":"https:\/\/www.transgourmet.es\/wp-content\/uploads\/2022\/08\/trans-vert.svg","contentUrl":"https:\/\/www.transgourmet.es\/wp-content\/uploads\/2022\/08\/trans-vert.svg","width":296,"height":113,"caption":"Transgourmet"},"image":{"@id":"https:\/\/www.transgourmet.es\/#\/schema\/logo\/image\/"},"sameAs":["https:\/\/x.com\/transgourmet_es","https:\/\/www.youtube.com\/c\/TransgourmetIberica","https:\/\/www.linkedin.com\/company\/transgourmet-iberica"]},{"@type":"Person","@id":"https:\/\/www.transgourmet.es\/#\/schema\/person\/7558b42d44946cf43b85426e3e9260ff","name":"Comunicacion","image":{"@type":"ImageObject","inLanguage":"ca","@id":"https:\/\/secure.gravatar.com\/avatar\/22ed58e86b6fa1d603bc37a456b3c1eead2a5b2dc754952f01bc759bba31e2f3?s=96&d=mm&r=g","url":"https:\/\/secure.gravatar.com\/avatar\/22ed58e86b6fa1d603bc37a456b3c1eead2a5b2dc754952f01bc759bba31e2f3?s=96&d=mm&r=g","contentUrl":"https:\/\/secure.gravatar.com\/avatar\/22ed58e86b6fa1d603bc37a456b3c1eead2a5b2dc754952f01bc759bba31e2f3?s=96&d=mm&r=g","caption":"Comunicacion"},"sameAs":["https:\/\/www.transgourmet.es\/"]}]}},"_links":{"self":[{"href":"https:\/\/www.transgourmet.es\/ca\/wp-json\/wp\/v2\/posts\/16774","targetHints":{"allow":["GET"]}}],"collection":[{"href":"https:\/\/www.transgourmet.es\/ca\/wp-json\/wp\/v2\/posts"}],"about":[{"href":"https:\/\/www.transgourmet.es\/ca\/wp-json\/wp\/v2\/types\/post"}],"author":[{"embeddable":true,"href":"https:\/\/www.transgourmet.es\/ca\/wp-json\/wp\/v2\/users\/3"}],"replies":[{"embeddable":true,"href":"https:\/\/www.transgourmet.es\/ca\/wp-json\/wp\/v2\/comments?post=16774"}],"version-history":[{"count":3,"href":"https:\/\/www.transgourmet.es\/ca\/wp-json\/wp\/v2\/posts\/16774\/revisions"}],"predecessor-version":[{"id":16795,"href":"https:\/\/www.transgourmet.es\/ca\/wp-json\/wp\/v2\/posts\/16774\/revisions\/16795"}],"wp:featuredmedia":[{"embeddable":true,"href":"https:\/\/www.transgourmet.es\/ca\/wp-json\/wp\/v2\/media\/16697"}],"wp:attachment":[{"href":"https:\/\/www.transgourmet.es\/ca\/wp-json\/wp\/v2\/media?parent=16774"}],"wp:term":[{"taxonomy":"category","embeddable":true,"href":"https:\/\/www.transgourmet.es\/ca\/wp-json\/wp\/v2\/categories?post=16774"},{"taxonomy":"post_tag","embeddable":true,"href":"https:\/\/www.transgourmet.es\/ca\/wp-json\/wp\/v2\/tags?post=16774"}],"curies":[{"name":"wp","href":"https:\/\/api.w.org\/{rel}","templated":true}]}}