{"id":17079,"date":"2025-01-30T15:57:23","date_gmt":"2025-01-30T14:57:23","guid":{"rendered":"https:\/\/www.transgourmet.es\/blog\/una-celebracion-muy-especial\/"},"modified":"2025-01-31T16:25:24","modified_gmt":"2025-01-31T15:25:24","slug":"una-celebracion-muy-especial","status":"publish","type":"post","link":"https:\/\/www.transgourmet.es\/ca\/blog\/una-celebracion-muy-especial\/","title":{"rendered":"Una celebraci\u00f3 molt especial"},"content":{"rendered":"<p style=\"font-weight: 400;\">Fa 100 anys que va n\u00e9ixer una empresa compromesa amb la qualitat, la innovaci\u00f3 i el servei a les persones. I avui celebrem aquests valors i la dedicaci\u00f3 que ens han portat fins aqu\u00ed.<\/p>\n<p style=\"font-weight: 400;\">El 2025 \u00e9s un any molt especial per a totes les persones que formem part de Transgourmet, i hem planejat tot un seguit d\u2019esdeveniments i activitats al llarg de l\u2019any per commemorar una fita tan important.<\/p>\n<p style=\"font-weight: 400;\">Ja coneixeu el v\u00eddeo de la <strong>can\u00e7\u00f3 del centenari<\/strong>, <em>Som forts<\/em>, que s\u2019ha convertit en tot un s\u00edmbol d\u2019unitat, recordant que som una gran fam\u00edlia.<\/p>\n<p style=\"font-weight: 400;\">Es va enregistrar a les plataformes log\u00edstiques de Vilamalla (Girona), Ingenio (Gran Can\u00e0ria), Burgos, Tortosa (Tarragona) i Fuente de Piedra (M\u00e0laga) amb la participaci\u00f3 de molts companys i companyes que de seguida es van animar a interpretar-la i a participar en la coreografia col\u00b7lectiva. Hi vau posar molta passi\u00f3 i alegria. Gr\u00e0cies a tots i a totes, i tamb\u00e9 als responsables de l\u2019organitzaci\u00f3 per un treball excel\u00b7lent.<\/p>\n<p style=\"font-weight: 400;\"><span style=\"font-weight: 400;\">El podeu tornar a veure aqu\u00ed:<\/span><\/p>\n<div class=\"nv-iframe-embed\"><iframe title=\"TRANSGOURMET-VIDEOCLIP\" src=\"https:\/\/player.vimeo.com\/video\/1040473350?h=4b6013fbe3&amp;dnt=1&amp;app_id=122963\" width=\"1200\" height=\"675\" frameborder=\"0\" allow=\"autoplay; fullscreen; picture-in-picture; clipboard-write; encrypted-media\"><\/iframe><\/div>\n<p>Compartim tamb\u00e9 la coreografia perqu\u00e8 pugueu aprende-us tots els passos del ball!<\/p>\n<div class=\"nv-iframe-embed\"><iframe title=\"TRANSGOURMET coreo Somos Fuertes\" src=\"https:\/\/player.vimeo.com\/video\/1045709695?h=ce0dcbac22&amp;dnt=1&amp;app_id=122963\" width=\"1200\" height=\"560\" frameborder=\"0\" allow=\"autoplay; fullscreen; picture-in-picture; clipboard-write; encrypted-media\"><\/iframe><\/div>\n<p style=\"font-weight: 400;\"><strong>A m\u00e9s, ben aviat comen\u00e7aran les celebracions.<\/strong> Ser\u00e0 el proper 2 de mar\u00e7, amb un acte inaugural a la Fira de Girona. Despr\u00e9s viatjarem a altres ciutats perqu\u00e8 tots i totes tingueu l\u2019oportunitat de participar-hi.<\/p>\n<ul>\n<li>23 de mar\u00e7: <strong>M\u00e0laga<\/strong> \u2013 FYCMA<\/li>\n<li>27 d\u2019abril: <strong>Las Palmas<\/strong> de Gran Can\u00e0ria \u2013 Auditorio Alfredo Kraus<\/li>\n<li>25 de maig: <strong>Burgos<\/strong> \u2013 F\u00f3rum Evoluci\u00f3n<\/li>\n<li>15 de juny: <strong>Tarragona<\/strong> \u2013 Tarraco Arena<\/li>\n<li>21 de setembre: <strong>Madrid<\/strong> \u2013 Pabell\u00f3n Sat\u00e9lite<\/li>\n<\/ul>\n<p style=\"font-weight: 400;\">El colof\u00f3 ser\u00e0 el 12 de novembre amb un gran acte final a Barcelona. Aquest tancament ser\u00e0 un homenatge a un segle de treball, somnis compartits i fites aconseguides.<\/p>\n<p style=\"font-weight: 400;\">Altres iniciatives incloses en el programa del centenari s\u00f3n:<\/p>\n<p style=\"font-weight: 400;\"><strong>Un c\u00f2mic<\/strong> que explica els nostres 100 anys en una hist\u00f2ria divertida, perqu\u00e8 el p\u00fablic de totes les edats s\u2019ho passi b\u00e9 mentre ens coneix una mica m\u00e9s.<\/p>\n<p style=\"font-weight: 400;\"><strong>Una exposici\u00f3 fotogr\u00e0fica<\/strong> en qu\u00e8 les persones s\u00f3n les protagonistes del nostre segle de traject\u00f2ria.<\/p>\n<p style=\"font-weight: 400;\"><strong>Un v\u00eddeo<\/strong> amb un recorregut emotiu per la hist\u00f2ria de la companyia a partir d\u2019entrevistes i testimonis dels protagonistes.<\/p>\n<p style=\"font-weight: 400;\">Us anirem avan\u00e7ant m\u00e9s informaci\u00f3 pels diferents canals corporatius perqu\u00e8 gaudiu d\u2019un any ple d\u2019alegries i \u00e8xits amb la celebraci\u00f3 del nostre centenari.<\/p>\n","protected":false},"excerpt":{"rendered":"<p>Fa 100 anys que va n\u00e9ixer una empresa compromesa amb la qualitat, la innovaci\u00f3 i el servei a les persones. I avui celebrem aquests valors i la dedicaci\u00f3 que ens han portat fins aqu\u00ed. El 2025 \u00e9s un any molt especial per a totes les persones que formem part de Transgourmet, i hem planejat tot&hellip;&nbsp;<\/p>\n","protected":false},"author":3,"featured_media":17066,"comment_status":"open","ping_status":"open","sticky":false,"template":"","format":"standard","meta":{"_acf_changed":false,"neve_meta_sidebar":"","neve_meta_container":"","neve_meta_enable_content_width":"off","neve_meta_content_width":70,"neve_meta_title_alignment":"","neve_meta_author_avatar":"","neve_post_elements_order":"","neve_meta_disable_header":"","neve_meta_disable_footer":"","neve_meta_disable_title":"","footnotes":""},"categories":[50],"tags":[],"class_list":["post-17079","post","type-post","status-publish","format-standard","has-post-thumbnail","hentry","category-newsletter-ca"],"acf":[],"yoast_head":"<!-- This site is optimized with the Yoast SEO plugin v27.4 - https:\/\/yoast.com\/product\/yoast-seo-wordpress\/ -->\n<title>Una celebraci\u00f3 molt especial | Transgourmet<\/title>\n<meta name=\"robots\" content=\"index, follow, max-snippet:-1, max-image-preview:large, max-video-preview:-1\" \/>\n<link rel=\"canonical\" href=\"https:\/\/www.transgourmet.es\/ca\/blog\/una-celebracion-muy-especial\/\" \/>\n<meta property=\"og:locale\" content=\"ca_ES\" \/>\n<meta property=\"og:type\" content=\"article\" \/>\n<meta property=\"og:title\" content=\"Una celebraci\u00f3 molt especial | Transgourmet\" \/>\n<meta property=\"og:description\" content=\"Fa 100 anys que va n\u00e9ixer una empresa compromesa amb la qualitat, la innovaci\u00f3 i el servei a les persones. I avui celebrem aquests valors i la dedicaci\u00f3 que ens han portat fins aqu\u00ed. El 2025 \u00e9s un any molt especial per a totes les persones que formem part de Transgourmet, i hem planejat tot&hellip;&nbsp;\" \/>\n<meta property=\"og:url\" content=\"https:\/\/www.transgourmet.es\/ca\/blog\/una-celebracion-muy-especial\/\" \/>\n<meta property=\"og:site_name\" content=\"Transgourmet\" \/>\n<meta property=\"article:published_time\" content=\"2025-01-30T14:57:23+00:00\" \/>\n<meta property=\"article:modified_time\" content=\"2025-01-31T15:25:24+00:00\" \/>\n<meta property=\"og:image\" content=\"https:\/\/www.transgourmet.es\/wp-content\/uploads\/2025\/01\/Captura-de-pantalla-2025-01-30-a-las-15.55.22-1024x569.png\" \/>\n\t<meta property=\"og:image:width\" content=\"1024\" \/>\n\t<meta property=\"og:image:height\" content=\"569\" \/>\n\t<meta property=\"og:image:type\" content=\"image\/png\" \/>\n<meta name=\"author\" content=\"Comunicacion\" \/>\n<meta name=\"twitter:card\" content=\"summary_large_image\" \/>\n<meta name=\"twitter:creator\" content=\"@transgourmet_es\" \/>\n<meta name=\"twitter:site\" content=\"@transgourmet_es\" \/>\n<meta name=\"twitter:label1\" content=\"Escrit per\" \/>\n\t<meta name=\"twitter:data1\" content=\"Comunicacion\" \/>\n\t<meta name=\"twitter:label2\" content=\"Temps estimat de lectura\" \/>\n\t<meta name=\"twitter:data2\" content=\"2 minuts\" \/>\n<script type=\"application\/ld+json\" class=\"yoast-schema-graph\">{\"@context\":\"https:\\\/\\\/schema.org\",\"@graph\":[{\"@type\":\"Article\",\"@id\":\"https:\\\/\\\/www.transgourmet.es\\\/ca\\\/blog\\\/una-celebracion-muy-especial\\\/#article\",\"isPartOf\":{\"@id\":\"https:\\\/\\\/www.transgourmet.es\\\/ca\\\/blog\\\/una-celebracion-muy-especial\\\/\"},\"author\":{\"name\":\"Comunicacion\",\"@id\":\"https:\\\/\\\/www.transgourmet.es\\\/#\\\/schema\\\/person\\\/7558b42d44946cf43b85426e3e9260ff\"},\"headline\":\"Una celebraci\u00f3 molt especial\",\"datePublished\":\"2025-01-30T14:57:23+00:00\",\"dateModified\":\"2025-01-31T15:25:24+00:00\",\"mainEntityOfPage\":{\"@id\":\"https:\\\/\\\/www.transgourmet.es\\\/ca\\\/blog\\\/una-celebracion-muy-especial\\\/\"},\"wordCount\":417,\"commentCount\":0,\"publisher\":{\"@id\":\"https:\\\/\\\/www.transgourmet.es\\\/#organization\"},\"image\":{\"@id\":\"https:\\\/\\\/www.transgourmet.es\\\/ca\\\/blog\\\/una-celebracion-muy-especial\\\/#primaryimage\"},\"thumbnailUrl\":\"https:\\\/\\\/www.transgourmet.es\\\/wp-content\\\/uploads\\\/2025\\\/01\\\/Captura-de-pantalla-2025-01-30-a-las-15.55.22.png\",\"articleSection\":[\"Newsletter\"],\"inLanguage\":\"ca\",\"potentialAction\":[{\"@type\":\"CommentAction\",\"name\":\"Comment\",\"target\":[\"https:\\\/\\\/www.transgourmet.es\\\/ca\\\/blog\\\/una-celebracion-muy-especial\\\/#respond\"]}]},{\"@type\":\"WebPage\",\"@id\":\"https:\\\/\\\/www.transgourmet.es\\\/ca\\\/blog\\\/una-celebracion-muy-especial\\\/\",\"url\":\"https:\\\/\\\/www.transgourmet.es\\\/ca\\\/blog\\\/una-celebracion-muy-especial\\\/\",\"name\":\"Una celebraci\u00f3 molt especial | Transgourmet\",\"isPartOf\":{\"@id\":\"https:\\\/\\\/www.transgourmet.es\\\/#website\"},\"primaryImageOfPage\":{\"@id\":\"https:\\\/\\\/www.transgourmet.es\\\/ca\\\/blog\\\/una-celebracion-muy-especial\\\/#primaryimage\"},\"image\":{\"@id\":\"https:\\\/\\\/www.transgourmet.es\\\/ca\\\/blog\\\/una-celebracion-muy-especial\\\/#primaryimage\"},\"thumbnailUrl\":\"https:\\\/\\\/www.transgourmet.es\\\/wp-content\\\/uploads\\\/2025\\\/01\\\/Captura-de-pantalla-2025-01-30-a-las-15.55.22.png\",\"datePublished\":\"2025-01-30T14:57:23+00:00\",\"dateModified\":\"2025-01-31T15:25:24+00:00\",\"breadcrumb\":{\"@id\":\"https:\\\/\\\/www.transgourmet.es\\\/ca\\\/blog\\\/una-celebracion-muy-especial\\\/#breadcrumb\"},\"inLanguage\":\"ca\",\"potentialAction\":[{\"@type\":\"ReadAction\",\"target\":[\"https:\\\/\\\/www.transgourmet.es\\\/ca\\\/blog\\\/una-celebracion-muy-especial\\\/\"]}]},{\"@type\":\"ImageObject\",\"inLanguage\":\"ca\",\"@id\":\"https:\\\/\\\/www.transgourmet.es\\\/ca\\\/blog\\\/una-celebracion-muy-especial\\\/#primaryimage\",\"url\":\"https:\\\/\\\/www.transgourmet.es\\\/wp-content\\\/uploads\\\/2025\\\/01\\\/Captura-de-pantalla-2025-01-30-a-las-15.55.22.png\",\"contentUrl\":\"https:\\\/\\\/www.transgourmet.es\\\/wp-content\\\/uploads\\\/2025\\\/01\\\/Captura-de-pantalla-2025-01-30-a-las-15.55.22.png\",\"width\":1901,\"height\":1056},{\"@type\":\"BreadcrumbList\",\"@id\":\"https:\\\/\\\/www.transgourmet.es\\\/ca\\\/blog\\\/una-celebracion-muy-especial\\\/#breadcrumb\",\"itemListElement\":[{\"@type\":\"ListItem\",\"position\":1,\"name\":\"Portada\",\"item\":\"https:\\\/\\\/www.transgourmet.es\\\/ca\\\/\"},{\"@type\":\"ListItem\",\"position\":2,\"name\":\"Una celebraci\u00f3 molt especial\"}]},{\"@type\":\"WebSite\",\"@id\":\"https:\\\/\\\/www.transgourmet.es\\\/#website\",\"url\":\"https:\\\/\\\/www.transgourmet.es\\\/\",\"name\":\"Transgourmet\",\"description\":\"Distribuci\u00f3n mayorista de alimentaci\u00f3n en Espa\u00f1a\",\"publisher\":{\"@id\":\"https:\\\/\\\/www.transgourmet.es\\\/#organization\"},\"alternateName\":\"Grupo Transgourmet\",\"potentialAction\":[{\"@type\":\"SearchAction\",\"target\":{\"@type\":\"EntryPoint\",\"urlTemplate\":\"https:\\\/\\\/www.transgourmet.es\\\/?s={search_term_string}\"},\"query-input\":{\"@type\":\"PropertyValueSpecification\",\"valueRequired\":true,\"valueName\":\"search_term_string\"}}],\"inLanguage\":\"ca\"},{\"@type\":\"Organization\",\"@id\":\"https:\\\/\\\/www.transgourmet.es\\\/#organization\",\"name\":\"Transgourmet\",\"url\":\"https:\\\/\\\/www.transgourmet.es\\\/\",\"logo\":{\"@type\":\"ImageObject\",\"inLanguage\":\"ca\",\"@id\":\"https:\\\/\\\/www.transgourmet.es\\\/#\\\/schema\\\/logo\\\/image\\\/\",\"url\":\"https:\\\/\\\/www.transgourmet.es\\\/wp-content\\\/uploads\\\/2022\\\/08\\\/trans-vert.svg\",\"contentUrl\":\"https:\\\/\\\/www.transgourmet.es\\\/wp-content\\\/uploads\\\/2022\\\/08\\\/trans-vert.svg\",\"width\":296,\"height\":113,\"caption\":\"Transgourmet\"},\"image\":{\"@id\":\"https:\\\/\\\/www.transgourmet.es\\\/#\\\/schema\\\/logo\\\/image\\\/\"},\"sameAs\":[\"https:\\\/\\\/x.com\\\/transgourmet_es\",\"https:\\\/\\\/www.youtube.com\\\/c\\\/TransgourmetIberica\",\"https:\\\/\\\/www.linkedin.com\\\/company\\\/transgourmet-iberica\"]},{\"@type\":\"Person\",\"@id\":\"https:\\\/\\\/www.transgourmet.es\\\/#\\\/schema\\\/person\\\/7558b42d44946cf43b85426e3e9260ff\",\"name\":\"Comunicacion\",\"image\":{\"@type\":\"ImageObject\",\"inLanguage\":\"ca\",\"@id\":\"https:\\\/\\\/secure.gravatar.com\\\/avatar\\\/22ed58e86b6fa1d603bc37a456b3c1eead2a5b2dc754952f01bc759bba31e2f3?s=96&d=mm&r=g\",\"url\":\"https:\\\/\\\/secure.gravatar.com\\\/avatar\\\/22ed58e86b6fa1d603bc37a456b3c1eead2a5b2dc754952f01bc759bba31e2f3?s=96&d=mm&r=g\",\"contentUrl\":\"https:\\\/\\\/secure.gravatar.com\\\/avatar\\\/22ed58e86b6fa1d603bc37a456b3c1eead2a5b2dc754952f01bc759bba31e2f3?s=96&d=mm&r=g\",\"caption\":\"Comunicacion\"},\"sameAs\":[\"https:\\\/\\\/www.transgourmet.es\\\/\"]}]}<\/script>\n<!-- \/ Yoast SEO plugin. -->","yoast_head_json":{"title":"Una celebraci\u00f3 molt especial | Transgourmet","robots":{"index":"index","follow":"follow","max-snippet":"max-snippet:-1","max-image-preview":"max-image-preview:large","max-video-preview":"max-video-preview:-1"},"canonical":"https:\/\/www.transgourmet.es\/ca\/blog\/una-celebracion-muy-especial\/","og_locale":"ca_ES","og_type":"article","og_title":"Una celebraci\u00f3 molt especial | Transgourmet","og_description":"Fa 100 anys que va n\u00e9ixer una empresa compromesa amb la qualitat, la innovaci\u00f3 i el servei a les persones. I avui celebrem aquests valors i la dedicaci\u00f3 que ens han portat fins aqu\u00ed. El 2025 \u00e9s un any molt especial per a totes les persones que formem part de Transgourmet, i hem planejat tot&hellip;&nbsp;","og_url":"https:\/\/www.transgourmet.es\/ca\/blog\/una-celebracion-muy-especial\/","og_site_name":"Transgourmet","article_published_time":"2025-01-30T14:57:23+00:00","article_modified_time":"2025-01-31T15:25:24+00:00","og_image":[{"width":1024,"height":569,"url":"https:\/\/www.transgourmet.es\/wp-content\/uploads\/2025\/01\/Captura-de-pantalla-2025-01-30-a-las-15.55.22-1024x569.png","type":"image\/png"}],"author":"Comunicacion","twitter_card":"summary_large_image","twitter_creator":"@transgourmet_es","twitter_site":"@transgourmet_es","twitter_misc":{"Escrit per":"Comunicacion","Temps estimat de lectura":"2 minuts"},"schema":{"@context":"https:\/\/schema.org","@graph":[{"@type":"Article","@id":"https:\/\/www.transgourmet.es\/ca\/blog\/una-celebracion-muy-especial\/#article","isPartOf":{"@id":"https:\/\/www.transgourmet.es\/ca\/blog\/una-celebracion-muy-especial\/"},"author":{"name":"Comunicacion","@id":"https:\/\/www.transgourmet.es\/#\/schema\/person\/7558b42d44946cf43b85426e3e9260ff"},"headline":"Una celebraci\u00f3 molt especial","datePublished":"2025-01-30T14:57:23+00:00","dateModified":"2025-01-31T15:25:24+00:00","mainEntityOfPage":{"@id":"https:\/\/www.transgourmet.es\/ca\/blog\/una-celebracion-muy-especial\/"},"wordCount":417,"commentCount":0,"publisher":{"@id":"https:\/\/www.transgourmet.es\/#organization"},"image":{"@id":"https:\/\/www.transgourmet.es\/ca\/blog\/una-celebracion-muy-especial\/#primaryimage"},"thumbnailUrl":"https:\/\/www.transgourmet.es\/wp-content\/uploads\/2025\/01\/Captura-de-pantalla-2025-01-30-a-las-15.55.22.png","articleSection":["Newsletter"],"inLanguage":"ca","potentialAction":[{"@type":"CommentAction","name":"Comment","target":["https:\/\/www.transgourmet.es\/ca\/blog\/una-celebracion-muy-especial\/#respond"]}]},{"@type":"WebPage","@id":"https:\/\/www.transgourmet.es\/ca\/blog\/una-celebracion-muy-especial\/","url":"https:\/\/www.transgourmet.es\/ca\/blog\/una-celebracion-muy-especial\/","name":"Una celebraci\u00f3 molt especial | Transgourmet","isPartOf":{"@id":"https:\/\/www.transgourmet.es\/#website"},"primaryImageOfPage":{"@id":"https:\/\/www.transgourmet.es\/ca\/blog\/una-celebracion-muy-especial\/#primaryimage"},"image":{"@id":"https:\/\/www.transgourmet.es\/ca\/blog\/una-celebracion-muy-especial\/#primaryimage"},"thumbnailUrl":"https:\/\/www.transgourmet.es\/wp-content\/uploads\/2025\/01\/Captura-de-pantalla-2025-01-30-a-las-15.55.22.png","datePublished":"2025-01-30T14:57:23+00:00","dateModified":"2025-01-31T15:25:24+00:00","breadcrumb":{"@id":"https:\/\/www.transgourmet.es\/ca\/blog\/una-celebracion-muy-especial\/#breadcrumb"},"inLanguage":"ca","potentialAction":[{"@type":"ReadAction","target":["https:\/\/www.transgourmet.es\/ca\/blog\/una-celebracion-muy-especial\/"]}]},{"@type":"ImageObject","inLanguage":"ca","@id":"https:\/\/www.transgourmet.es\/ca\/blog\/una-celebracion-muy-especial\/#primaryimage","url":"https:\/\/www.transgourmet.es\/wp-content\/uploads\/2025\/01\/Captura-de-pantalla-2025-01-30-a-las-15.55.22.png","contentUrl":"https:\/\/www.transgourmet.es\/wp-content\/uploads\/2025\/01\/Captura-de-pantalla-2025-01-30-a-las-15.55.22.png","width":1901,"height":1056},{"@type":"BreadcrumbList","@id":"https:\/\/www.transgourmet.es\/ca\/blog\/una-celebracion-muy-especial\/#breadcrumb","itemListElement":[{"@type":"ListItem","position":1,"name":"Portada","item":"https:\/\/www.transgourmet.es\/ca\/"},{"@type":"ListItem","position":2,"name":"Una celebraci\u00f3 molt especial"}]},{"@type":"WebSite","@id":"https:\/\/www.transgourmet.es\/#website","url":"https:\/\/www.transgourmet.es\/","name":"Transgourmet","description":"Distribuci\u00f3n mayorista de alimentaci\u00f3n en Espa\u00f1a","publisher":{"@id":"https:\/\/www.transgourmet.es\/#organization"},"alternateName":"Grupo Transgourmet","potentialAction":[{"@type":"SearchAction","target":{"@type":"EntryPoint","urlTemplate":"https:\/\/www.transgourmet.es\/?s={search_term_string}"},"query-input":{"@type":"PropertyValueSpecification","valueRequired":true,"valueName":"search_term_string"}}],"inLanguage":"ca"},{"@type":"Organization","@id":"https:\/\/www.transgourmet.es\/#organization","name":"Transgourmet","url":"https:\/\/www.transgourmet.es\/","logo":{"@type":"ImageObject","inLanguage":"ca","@id":"https:\/\/www.transgourmet.es\/#\/schema\/logo\/image\/","url":"https:\/\/www.transgourmet.es\/wp-content\/uploads\/2022\/08\/trans-vert.svg","contentUrl":"https:\/\/www.transgourmet.es\/wp-content\/uploads\/2022\/08\/trans-vert.svg","width":296,"height":113,"caption":"Transgourmet"},"image":{"@id":"https:\/\/www.transgourmet.es\/#\/schema\/logo\/image\/"},"sameAs":["https:\/\/x.com\/transgourmet_es","https:\/\/www.youtube.com\/c\/TransgourmetIberica","https:\/\/www.linkedin.com\/company\/transgourmet-iberica"]},{"@type":"Person","@id":"https:\/\/www.transgourmet.es\/#\/schema\/person\/7558b42d44946cf43b85426e3e9260ff","name":"Comunicacion","image":{"@type":"ImageObject","inLanguage":"ca","@id":"https:\/\/secure.gravatar.com\/avatar\/22ed58e86b6fa1d603bc37a456b3c1eead2a5b2dc754952f01bc759bba31e2f3?s=96&d=mm&r=g","url":"https:\/\/secure.gravatar.com\/avatar\/22ed58e86b6fa1d603bc37a456b3c1eead2a5b2dc754952f01bc759bba31e2f3?s=96&d=mm&r=g","contentUrl":"https:\/\/secure.gravatar.com\/avatar\/22ed58e86b6fa1d603bc37a456b3c1eead2a5b2dc754952f01bc759bba31e2f3?s=96&d=mm&r=g","caption":"Comunicacion"},"sameAs":["https:\/\/www.transgourmet.es\/"]}]}},"_links":{"self":[{"href":"https:\/\/www.transgourmet.es\/ca\/wp-json\/wp\/v2\/posts\/17079","targetHints":{"allow":["GET"]}}],"collection":[{"href":"https:\/\/www.transgourmet.es\/ca\/wp-json\/wp\/v2\/posts"}],"about":[{"href":"https:\/\/www.transgourmet.es\/ca\/wp-json\/wp\/v2\/types\/post"}],"author":[{"embeddable":true,"href":"https:\/\/www.transgourmet.es\/ca\/wp-json\/wp\/v2\/users\/3"}],"replies":[{"embeddable":true,"href":"https:\/\/www.transgourmet.es\/ca\/wp-json\/wp\/v2\/comments?post=17079"}],"version-history":[{"count":5,"href":"https:\/\/www.transgourmet.es\/ca\/wp-json\/wp\/v2\/posts\/17079\/revisions"}],"predecessor-version":[{"id":17111,"href":"https:\/\/www.transgourmet.es\/ca\/wp-json\/wp\/v2\/posts\/17079\/revisions\/17111"}],"wp:featuredmedia":[{"embeddable":true,"href":"https:\/\/www.transgourmet.es\/ca\/wp-json\/wp\/v2\/media\/17066"}],"wp:attachment":[{"href":"https:\/\/www.transgourmet.es\/ca\/wp-json\/wp\/v2\/media?parent=17079"}],"wp:term":[{"taxonomy":"category","embeddable":true,"href":"https:\/\/www.transgourmet.es\/ca\/wp-json\/wp\/v2\/categories?post=17079"},{"taxonomy":"post_tag","embeddable":true,"href":"https:\/\/www.transgourmet.es\/ca\/wp-json\/wp\/v2\/tags?post=17079"}],"curies":[{"name":"wp","href":"https:\/\/api.w.org\/{rel}","templated":true}]}}