{"id":17332,"date":"2025-03-02T15:54:53","date_gmt":"2025-03-02T14:54:53","guid":{"rendered":"https:\/\/www.transgourmet.es\/?p=17332"},"modified":"2025-03-03T14:50:51","modified_gmt":"2025-03-03T13:50:51","slug":"transgourmet-iberica-arrenca-amb-un-esdeveniment-multitudinari-els-actes-de-celebracio-del-seu-centenari","status":"publish","type":"post","link":"https:\/\/www.transgourmet.es\/ca\/blog\/transgourmet-iberica-arrenca-amb-un-esdeveniment-multitudinari-els-actes-de-celebracio-del-seu-centenari\/","title":{"rendered":"Transgourmet Ib\u00e8rica arrenca amb un esdeveniment multitudinari els actes de celebraci\u00f3 del seu centenari"},"content":{"rendered":"<p style=\"font-weight: 400;\">Transgourmet Ib\u00e8rica ha arrancat avui les celebracions del seu centenari amb un acte a la Fira de Girona, al que han assistit m\u00e9s de 1.300 persones. Institucions locals i regionals, representants del sector empresarial i antics i actuals membres de la plantilla i els seus familiars han volgut homenatjar els 100 anys d\u2019hist\u00f2ria de la companyia, des dels seus inicis a Figueres el 1925 fins a la seva posici\u00f3 actual de lideratge en el sector de la distribuci\u00f3 aliment\u00e0ria.<\/p>\n<p style=\"font-weight: 400;\">L\u2019acte ha constat d\u2019una primera part corporativa, que ha comen\u00e7at amb la benvinguda de Llu\u00eds Labairu, director general de Transgourmet Ib\u00e8rica, que ha estat acompanyat per la resta dels membres del comit\u00e8 executiu.<\/p>\n<p style=\"font-weight: 400;\">Durant la seva intervenci\u00f3, Labairu ha volgut retre homenatge a totes les persones que han fet possible que Transgourmet Ib\u00e8rica compleixi 100 anys. \u201cAquesta celebraci\u00f3 no seria possible sense l\u2019esfor\u00e7 i l\u2019entrega de tots els qui en els \u00faltims 100 anys han contribu\u00eft al creixement i al desenvolupament de la nostra empresa\u201d. I en la mateixa l\u00ednia, ha afegit que \u201cla hist\u00f2ria de Transgourmet Ib\u00e8rica l\u2019han teixit les persones. Tant els empleats i empleades amb el seu esfor\u00e7 i dedicaci\u00f3, com els clients i prove\u00efdors que han confiat en nosaltres durant tots aquests anys. A tots ells, moltes gr\u00e0cies per estar al nostre costat\u201d.<\/p>\n<p style=\"font-weight: 400;\">Tamb\u00e9 ha pres la paraula Amadeu Miquel, fill del fundador de l\u2019antiga Miquel Alimentaci\u00f3, origen de Transgourmet, que ha afirmat\u00a0 que \u201cens sentim orgullosos de ser una fam\u00edlia d&#8217;emprenedors i d&#8217;haver donat vida als primers 90 anys d&#8217;hist\u00f2ria de la companyia&#8221;.<\/p>\n<p style=\"font-weight: 400;\">Al seu torn, Albert Ramos, alcalde de l\u2019Ajuntament de Vilamalla, municipi que acull els Serveis Centrals de la companyia i una de les seves principals plataformes log\u00edstiques, ha elogiat la dedicaci\u00f3 de Transgourmet, destacant que &#8220;sou un exemple de com el comprom\u00eds amb la qualitat, la sostenibilitat i el benestar de les persones pot marcar la difer\u00e8ncia&#8221;.<\/p>\n<p style=\"font-weight: 400;\">Gemma Geis, vicealcaldessa de l&#8217;Ajuntament de Girona i vicepresidenta segona de la Diputaci\u00f3 de Girona, ha assenyalat que \u201cTransgourmet \u00e9s un exemple de qualitat, comprom\u00eds i capacitat d&#8217;adaptaci\u00f3 als nous temps. Sou un motor per a les comarques gironines i per a tot el pa\u00eds&#8221;.<\/p>\n<p style=\"font-weight: 400;\">Despr\u00e9s de les intervencions, s\u2019ha iniciat la part festiva de l\u2019acte, en qu\u00e8 els assistents han pogut gaudir d\u2019activitats l\u00fadiques i infantils, gastronomia, m\u00fasica en directe i un mon\u00f2leg humor\u00edstic.<\/p>\n<p style=\"font-weight: 400;\">Aquest esdeveniment ha marcat l\u2019inici d\u2019un any ple de commemoracions que posaran en valor el llegat de l\u2019esfor\u00e7, la innovaci\u00f3 i el comprom\u00eds de Transgourmet durant els seus 100 anys d\u2019hist\u00f2ria.<\/p>\n<p style=\"font-weight: 400;\"><strong>Programa d\u2019esdeveniments i activitats del 2025<\/strong><\/p>\n<p style=\"font-weight: 400;\">Despr\u00e9s de l\u2019acte a la Fira de Girona, les celebracions continuaran amb diferents esdeveniments en llocs emblem\u00e0tics de M\u00e0laga, Burgos, Tarragona, Las Palmas i Madrid. I culminar\u00e0 a Barcelona, on tindr\u00e0 lloc el tancament d\u2019un any ple d\u2019emocions.<\/p>\n<p style=\"font-weight: 400;\">A m\u00e9s, per a commemorar aquesta fita hist\u00f2rica, Transgourmet ha organitzat tota mena d\u2019activitats, que inclouen una exposici\u00f3 fotogr\u00e0fica sobre la traject\u00f2ria de la companyia, un documental sobre el centenari i la creaci\u00f3 de la can\u00e7\u00f3 <em>Somos Fuertes<\/em>, s\u00edmbol de la seva identitat i els seus valors.<\/p>\n<p style=\"font-weight: 400;\">Tamb\u00e9 s\u2019ha creat un logotip especial amb el lema \u201cAlimentant hist\u00f2ries\u201d, un c\u00f2mic i un espai web on s\u2019aniran publicant totes les novetats i activitats relacionades amb el centenari de l\u2019empresa.<\/p>\n<p style=\"font-weight: 400;\"><strong>Pres\u00e8ncia de Transgourmet a Catalunya<\/strong><\/p>\n<p style=\"font-weight: 400;\">Catalunya t\u00e9 una import\u00e0ncia destacada en els 100 anys d\u2019hist\u00f2ria de Transgourmet. Des de la seva creaci\u00f3 el 1925 a Figueres, l\u2019empresa s\u2019ha anat transformant fins a consolidar el seu lideratge actual.<\/p>\n<p style=\"font-weight: 400;\">La companyia t\u00e9 els seus Serveis Centrals a Vilamalla (Girona), i dues plataformes log\u00edstiques, una d\u2019elles tamb\u00e9 a Vilamalla, i l\u2019altra a Tortosa (Tarragona). A m\u00e9s, compta amb una forta pres\u00e8ncia en el sector de l\u2019hostaleria amb 24 centres GM Cash-Gros Mercat \u2014per prov\u00edncies, Barcelona (13), Girona (6), Tarragona (4) i Lleida (1)\u2014. Tamb\u00e9 destaca la divisi\u00f3 de Food Service, el programa de servei exclusiu d\u2019entrega directa als negocis de la regi\u00f3.<\/p>\n<p style=\"font-weight: 400;\">La pres\u00e8ncia de Transgourmet a Catalunya tamb\u00e9 est\u00e0 refor\u00e7ada pel creixement dels seus supermercats franquiciats, la majoria sota les ensenyes Suma i Spar, aquesta a la prov\u00edncia de Barcelona i Girona, fins a arribar a les m\u00e9s de 350 botigues de qu\u00e8 disposa actualment.<\/p>\n","protected":false},"excerpt":{"rendered":"<p>Transgourmet Ib\u00e8rica ha arrancat avui les celebracions del seu centenari amb un acte a la Fira de Girona, al que han assistit m\u00e9s de 1.300 persones. Institucions locals i regionals, representants del sector empresarial i antics i actuals membres de la plantilla i els seus familiars han volgut homenatjar els 100 anys d\u2019hist\u00f2ria de la&hellip;&nbsp;<\/p>\n","protected":false},"author":3,"featured_media":17344,"comment_status":"open","ping_status":"open","sticky":false,"template":"","format":"standard","meta":{"_acf_changed":false,"neve_meta_sidebar":"","neve_meta_container":"","neve_meta_enable_content_width":"off","neve_meta_content_width":70,"neve_meta_title_alignment":"","neve_meta_author_avatar":"","neve_post_elements_order":"","neve_meta_disable_header":"","neve_meta_disable_footer":"","neve_meta_disable_title":"","footnotes":""},"categories":[35],"tags":[],"class_list":["post-17332","post","type-post","status-publish","format-standard","has-post-thumbnail","hentry","category-corporativa-ca"],"acf":[],"yoast_head":"<!-- This site is optimized with the Yoast SEO plugin v27.4 - https:\/\/yoast.com\/product\/yoast-seo-wordpress\/ -->\n<title>Transgourmet Ib\u00e8rica arrenca amb un esdeveniment multitudinari els actes de celebraci\u00f3 del seu centenari | Transgourmet<\/title>\n<meta name=\"robots\" content=\"index, follow, max-snippet:-1, max-image-preview:large, max-video-preview:-1\" \/>\n<link rel=\"canonical\" href=\"https:\/\/www.transgourmet.es\/ca\/blog\/transgourmet-iberica-arrenca-amb-un-esdeveniment-multitudinari-els-actes-de-celebracio-del-seu-centenari\/\" \/>\n<meta property=\"og:locale\" content=\"ca_ES\" \/>\n<meta property=\"og:type\" content=\"article\" \/>\n<meta property=\"og:title\" content=\"Transgourmet Ib\u00e8rica arrenca amb un esdeveniment multitudinari els actes de celebraci\u00f3 del seu centenari | Transgourmet\" \/>\n<meta property=\"og:description\" content=\"Transgourmet Ib\u00e8rica ha arrancat avui les celebracions del seu centenari amb un acte a la Fira de Girona, al que han assistit m\u00e9s de 1.300 persones. Institucions locals i regionals, representants del sector empresarial i antics i actuals membres de la plantilla i els seus familiars han volgut homenatjar els 100 anys d\u2019hist\u00f2ria de la&hellip;&nbsp;\" \/>\n<meta property=\"og:url\" content=\"https:\/\/www.transgourmet.es\/ca\/blog\/transgourmet-iberica-arrenca-amb-un-esdeveniment-multitudinari-els-actes-de-celebracio-del-seu-centenari\/\" \/>\n<meta property=\"og:site_name\" content=\"Transgourmet\" \/>\n<meta property=\"article:published_time\" content=\"2025-03-02T14:54:53+00:00\" \/>\n<meta property=\"article:modified_time\" content=\"2025-03-03T13:50:51+00:00\" \/>\n<meta property=\"og:image\" content=\"https:\/\/www.transgourmet.es\/wp-content\/uploads\/2025\/03\/ImagenActoGirona.jpg\" \/>\n\t<meta property=\"og:image:width\" content=\"1616\" \/>\n\t<meta property=\"og:image:height\" content=\"1080\" \/>\n\t<meta property=\"og:image:type\" content=\"image\/jpeg\" \/>\n<meta name=\"author\" content=\"Comunicacion\" \/>\n<meta name=\"twitter:card\" content=\"summary_large_image\" \/>\n<meta name=\"twitter:creator\" content=\"@transgourmet_es\" \/>\n<meta name=\"twitter:site\" content=\"@transgourmet_es\" \/>\n<meta name=\"twitter:label1\" content=\"Escrit per\" \/>\n\t<meta name=\"twitter:data1\" content=\"Comunicacion\" \/>\n\t<meta name=\"twitter:label2\" content=\"Temps estimat de lectura\" \/>\n\t<meta name=\"twitter:data2\" content=\"4 minuts\" \/>\n<script type=\"application\/ld+json\" class=\"yoast-schema-graph\">{\"@context\":\"https:\\\/\\\/schema.org\",\"@graph\":[{\"@type\":\"Article\",\"@id\":\"https:\\\/\\\/www.transgourmet.es\\\/ca\\\/blog\\\/transgourmet-iberica-arrenca-amb-un-esdeveniment-multitudinari-els-actes-de-celebracio-del-seu-centenari\\\/#article\",\"isPartOf\":{\"@id\":\"https:\\\/\\\/www.transgourmet.es\\\/ca\\\/blog\\\/transgourmet-iberica-arrenca-amb-un-esdeveniment-multitudinari-els-actes-de-celebracio-del-seu-centenari\\\/\"},\"author\":{\"name\":\"Comunicacion\",\"@id\":\"https:\\\/\\\/www.transgourmet.es\\\/#\\\/schema\\\/person\\\/7558b42d44946cf43b85426e3e9260ff\"},\"headline\":\"Transgourmet Ib\u00e8rica arrenca amb un esdeveniment multitudinari els actes de celebraci\u00f3 del seu centenari\",\"datePublished\":\"2025-03-02T14:54:53+00:00\",\"dateModified\":\"2025-03-03T13:50:51+00:00\",\"mainEntityOfPage\":{\"@id\":\"https:\\\/\\\/www.transgourmet.es\\\/ca\\\/blog\\\/transgourmet-iberica-arrenca-amb-un-esdeveniment-multitudinari-els-actes-de-celebracio-del-seu-centenari\\\/\"},\"wordCount\":778,\"commentCount\":0,\"publisher\":{\"@id\":\"https:\\\/\\\/www.transgourmet.es\\\/#organization\"},\"image\":{\"@id\":\"https:\\\/\\\/www.transgourmet.es\\\/ca\\\/blog\\\/transgourmet-iberica-arrenca-amb-un-esdeveniment-multitudinari-els-actes-de-celebracio-del-seu-centenari\\\/#primaryimage\"},\"thumbnailUrl\":\"https:\\\/\\\/www.transgourmet.es\\\/wp-content\\\/uploads\\\/2025\\\/03\\\/ImagenActoGirona.jpg\",\"articleSection\":[\"Corporativa\"],\"inLanguage\":\"ca\",\"potentialAction\":[{\"@type\":\"CommentAction\",\"name\":\"Comment\",\"target\":[\"https:\\\/\\\/www.transgourmet.es\\\/ca\\\/blog\\\/transgourmet-iberica-arrenca-amb-un-esdeveniment-multitudinari-els-actes-de-celebracio-del-seu-centenari\\\/#respond\"]}]},{\"@type\":\"WebPage\",\"@id\":\"https:\\\/\\\/www.transgourmet.es\\\/ca\\\/blog\\\/transgourmet-iberica-arrenca-amb-un-esdeveniment-multitudinari-els-actes-de-celebracio-del-seu-centenari\\\/\",\"url\":\"https:\\\/\\\/www.transgourmet.es\\\/ca\\\/blog\\\/transgourmet-iberica-arrenca-amb-un-esdeveniment-multitudinari-els-actes-de-celebracio-del-seu-centenari\\\/\",\"name\":\"Transgourmet Ib\u00e8rica arrenca amb un esdeveniment multitudinari els actes de celebraci\u00f3 del seu centenari | Transgourmet\",\"isPartOf\":{\"@id\":\"https:\\\/\\\/www.transgourmet.es\\\/#website\"},\"primaryImageOfPage\":{\"@id\":\"https:\\\/\\\/www.transgourmet.es\\\/ca\\\/blog\\\/transgourmet-iberica-arrenca-amb-un-esdeveniment-multitudinari-els-actes-de-celebracio-del-seu-centenari\\\/#primaryimage\"},\"image\":{\"@id\":\"https:\\\/\\\/www.transgourmet.es\\\/ca\\\/blog\\\/transgourmet-iberica-arrenca-amb-un-esdeveniment-multitudinari-els-actes-de-celebracio-del-seu-centenari\\\/#primaryimage\"},\"thumbnailUrl\":\"https:\\\/\\\/www.transgourmet.es\\\/wp-content\\\/uploads\\\/2025\\\/03\\\/ImagenActoGirona.jpg\",\"datePublished\":\"2025-03-02T14:54:53+00:00\",\"dateModified\":\"2025-03-03T13:50:51+00:00\",\"breadcrumb\":{\"@id\":\"https:\\\/\\\/www.transgourmet.es\\\/ca\\\/blog\\\/transgourmet-iberica-arrenca-amb-un-esdeveniment-multitudinari-els-actes-de-celebracio-del-seu-centenari\\\/#breadcrumb\"},\"inLanguage\":\"ca\",\"potentialAction\":[{\"@type\":\"ReadAction\",\"target\":[\"https:\\\/\\\/www.transgourmet.es\\\/ca\\\/blog\\\/transgourmet-iberica-arrenca-amb-un-esdeveniment-multitudinari-els-actes-de-celebracio-del-seu-centenari\\\/\"]}]},{\"@type\":\"ImageObject\",\"inLanguage\":\"ca\",\"@id\":\"https:\\\/\\\/www.transgourmet.es\\\/ca\\\/blog\\\/transgourmet-iberica-arrenca-amb-un-esdeveniment-multitudinari-els-actes-de-celebracio-del-seu-centenari\\\/#primaryimage\",\"url\":\"https:\\\/\\\/www.transgourmet.es\\\/wp-content\\\/uploads\\\/2025\\\/03\\\/ImagenActoGirona.jpg\",\"contentUrl\":\"https:\\\/\\\/www.transgourmet.es\\\/wp-content\\\/uploads\\\/2025\\\/03\\\/ImagenActoGirona.jpg\",\"width\":1616,\"height\":1080},{\"@type\":\"BreadcrumbList\",\"@id\":\"https:\\\/\\\/www.transgourmet.es\\\/ca\\\/blog\\\/transgourmet-iberica-arrenca-amb-un-esdeveniment-multitudinari-els-actes-de-celebracio-del-seu-centenari\\\/#breadcrumb\",\"itemListElement\":[{\"@type\":\"ListItem\",\"position\":1,\"name\":\"Portada\",\"item\":\"https:\\\/\\\/www.transgourmet.es\\\/ca\\\/\"},{\"@type\":\"ListItem\",\"position\":2,\"name\":\"Transgourmet Ib\u00e8rica arrenca amb un esdeveniment multitudinari els actes de celebraci\u00f3 del seu centenari\"}]},{\"@type\":\"WebSite\",\"@id\":\"https:\\\/\\\/www.transgourmet.es\\\/#website\",\"url\":\"https:\\\/\\\/www.transgourmet.es\\\/\",\"name\":\"Transgourmet\",\"description\":\"Distribuci\u00f3n mayorista de alimentaci\u00f3n en Espa\u00f1a\",\"publisher\":{\"@id\":\"https:\\\/\\\/www.transgourmet.es\\\/#organization\"},\"alternateName\":\"Grupo Transgourmet\",\"potentialAction\":[{\"@type\":\"SearchAction\",\"target\":{\"@type\":\"EntryPoint\",\"urlTemplate\":\"https:\\\/\\\/www.transgourmet.es\\\/?s={search_term_string}\"},\"query-input\":{\"@type\":\"PropertyValueSpecification\",\"valueRequired\":true,\"valueName\":\"search_term_string\"}}],\"inLanguage\":\"ca\"},{\"@type\":\"Organization\",\"@id\":\"https:\\\/\\\/www.transgourmet.es\\\/#organization\",\"name\":\"Transgourmet\",\"url\":\"https:\\\/\\\/www.transgourmet.es\\\/\",\"logo\":{\"@type\":\"ImageObject\",\"inLanguage\":\"ca\",\"@id\":\"https:\\\/\\\/www.transgourmet.es\\\/#\\\/schema\\\/logo\\\/image\\\/\",\"url\":\"https:\\\/\\\/www.transgourmet.es\\\/wp-content\\\/uploads\\\/2022\\\/08\\\/trans-vert.svg\",\"contentUrl\":\"https:\\\/\\\/www.transgourmet.es\\\/wp-content\\\/uploads\\\/2022\\\/08\\\/trans-vert.svg\",\"width\":296,\"height\":113,\"caption\":\"Transgourmet\"},\"image\":{\"@id\":\"https:\\\/\\\/www.transgourmet.es\\\/#\\\/schema\\\/logo\\\/image\\\/\"},\"sameAs\":[\"https:\\\/\\\/x.com\\\/transgourmet_es\",\"https:\\\/\\\/www.youtube.com\\\/c\\\/TransgourmetIberica\",\"https:\\\/\\\/www.linkedin.com\\\/company\\\/transgourmet-iberica\"]},{\"@type\":\"Person\",\"@id\":\"https:\\\/\\\/www.transgourmet.es\\\/#\\\/schema\\\/person\\\/7558b42d44946cf43b85426e3e9260ff\",\"name\":\"Comunicacion\",\"image\":{\"@type\":\"ImageObject\",\"inLanguage\":\"ca\",\"@id\":\"https:\\\/\\\/secure.gravatar.com\\\/avatar\\\/22ed58e86b6fa1d603bc37a456b3c1eead2a5b2dc754952f01bc759bba31e2f3?s=96&d=mm&r=g\",\"url\":\"https:\\\/\\\/secure.gravatar.com\\\/avatar\\\/22ed58e86b6fa1d603bc37a456b3c1eead2a5b2dc754952f01bc759bba31e2f3?s=96&d=mm&r=g\",\"contentUrl\":\"https:\\\/\\\/secure.gravatar.com\\\/avatar\\\/22ed58e86b6fa1d603bc37a456b3c1eead2a5b2dc754952f01bc759bba31e2f3?s=96&d=mm&r=g\",\"caption\":\"Comunicacion\"},\"sameAs\":[\"https:\\\/\\\/www.transgourmet.es\\\/\"]}]}<\/script>\n<!-- \/ Yoast SEO plugin. -->","yoast_head_json":{"title":"Transgourmet Ib\u00e8rica arrenca amb un esdeveniment multitudinari els actes de celebraci\u00f3 del seu centenari | Transgourmet","robots":{"index":"index","follow":"follow","max-snippet":"max-snippet:-1","max-image-preview":"max-image-preview:large","max-video-preview":"max-video-preview:-1"},"canonical":"https:\/\/www.transgourmet.es\/ca\/blog\/transgourmet-iberica-arrenca-amb-un-esdeveniment-multitudinari-els-actes-de-celebracio-del-seu-centenari\/","og_locale":"ca_ES","og_type":"article","og_title":"Transgourmet Ib\u00e8rica arrenca amb un esdeveniment multitudinari els actes de celebraci\u00f3 del seu centenari | Transgourmet","og_description":"Transgourmet Ib\u00e8rica ha arrancat avui les celebracions del seu centenari amb un acte a la Fira de Girona, al que han assistit m\u00e9s de 1.300 persones. Institucions locals i regionals, representants del sector empresarial i antics i actuals membres de la plantilla i els seus familiars han volgut homenatjar els 100 anys d\u2019hist\u00f2ria de la&hellip;&nbsp;","og_url":"https:\/\/www.transgourmet.es\/ca\/blog\/transgourmet-iberica-arrenca-amb-un-esdeveniment-multitudinari-els-actes-de-celebracio-del-seu-centenari\/","og_site_name":"Transgourmet","article_published_time":"2025-03-02T14:54:53+00:00","article_modified_time":"2025-03-03T13:50:51+00:00","og_image":[{"width":1616,"height":1080,"url":"https:\/\/www.transgourmet.es\/wp-content\/uploads\/2025\/03\/ImagenActoGirona.jpg","type":"image\/jpeg"}],"author":"Comunicacion","twitter_card":"summary_large_image","twitter_creator":"@transgourmet_es","twitter_site":"@transgourmet_es","twitter_misc":{"Escrit per":"Comunicacion","Temps estimat de lectura":"4 minuts"},"schema":{"@context":"https:\/\/schema.org","@graph":[{"@type":"Article","@id":"https:\/\/www.transgourmet.es\/ca\/blog\/transgourmet-iberica-arrenca-amb-un-esdeveniment-multitudinari-els-actes-de-celebracio-del-seu-centenari\/#article","isPartOf":{"@id":"https:\/\/www.transgourmet.es\/ca\/blog\/transgourmet-iberica-arrenca-amb-un-esdeveniment-multitudinari-els-actes-de-celebracio-del-seu-centenari\/"},"author":{"name":"Comunicacion","@id":"https:\/\/www.transgourmet.es\/#\/schema\/person\/7558b42d44946cf43b85426e3e9260ff"},"headline":"Transgourmet Ib\u00e8rica arrenca amb un esdeveniment multitudinari els actes de celebraci\u00f3 del seu centenari","datePublished":"2025-03-02T14:54:53+00:00","dateModified":"2025-03-03T13:50:51+00:00","mainEntityOfPage":{"@id":"https:\/\/www.transgourmet.es\/ca\/blog\/transgourmet-iberica-arrenca-amb-un-esdeveniment-multitudinari-els-actes-de-celebracio-del-seu-centenari\/"},"wordCount":778,"commentCount":0,"publisher":{"@id":"https:\/\/www.transgourmet.es\/#organization"},"image":{"@id":"https:\/\/www.transgourmet.es\/ca\/blog\/transgourmet-iberica-arrenca-amb-un-esdeveniment-multitudinari-els-actes-de-celebracio-del-seu-centenari\/#primaryimage"},"thumbnailUrl":"https:\/\/www.transgourmet.es\/wp-content\/uploads\/2025\/03\/ImagenActoGirona.jpg","articleSection":["Corporativa"],"inLanguage":"ca","potentialAction":[{"@type":"CommentAction","name":"Comment","target":["https:\/\/www.transgourmet.es\/ca\/blog\/transgourmet-iberica-arrenca-amb-un-esdeveniment-multitudinari-els-actes-de-celebracio-del-seu-centenari\/#respond"]}]},{"@type":"WebPage","@id":"https:\/\/www.transgourmet.es\/ca\/blog\/transgourmet-iberica-arrenca-amb-un-esdeveniment-multitudinari-els-actes-de-celebracio-del-seu-centenari\/","url":"https:\/\/www.transgourmet.es\/ca\/blog\/transgourmet-iberica-arrenca-amb-un-esdeveniment-multitudinari-els-actes-de-celebracio-del-seu-centenari\/","name":"Transgourmet Ib\u00e8rica arrenca amb un esdeveniment multitudinari els actes de celebraci\u00f3 del seu centenari | Transgourmet","isPartOf":{"@id":"https:\/\/www.transgourmet.es\/#website"},"primaryImageOfPage":{"@id":"https:\/\/www.transgourmet.es\/ca\/blog\/transgourmet-iberica-arrenca-amb-un-esdeveniment-multitudinari-els-actes-de-celebracio-del-seu-centenari\/#primaryimage"},"image":{"@id":"https:\/\/www.transgourmet.es\/ca\/blog\/transgourmet-iberica-arrenca-amb-un-esdeveniment-multitudinari-els-actes-de-celebracio-del-seu-centenari\/#primaryimage"},"thumbnailUrl":"https:\/\/www.transgourmet.es\/wp-content\/uploads\/2025\/03\/ImagenActoGirona.jpg","datePublished":"2025-03-02T14:54:53+00:00","dateModified":"2025-03-03T13:50:51+00:00","breadcrumb":{"@id":"https:\/\/www.transgourmet.es\/ca\/blog\/transgourmet-iberica-arrenca-amb-un-esdeveniment-multitudinari-els-actes-de-celebracio-del-seu-centenari\/#breadcrumb"},"inLanguage":"ca","potentialAction":[{"@type":"ReadAction","target":["https:\/\/www.transgourmet.es\/ca\/blog\/transgourmet-iberica-arrenca-amb-un-esdeveniment-multitudinari-els-actes-de-celebracio-del-seu-centenari\/"]}]},{"@type":"ImageObject","inLanguage":"ca","@id":"https:\/\/www.transgourmet.es\/ca\/blog\/transgourmet-iberica-arrenca-amb-un-esdeveniment-multitudinari-els-actes-de-celebracio-del-seu-centenari\/#primaryimage","url":"https:\/\/www.transgourmet.es\/wp-content\/uploads\/2025\/03\/ImagenActoGirona.jpg","contentUrl":"https:\/\/www.transgourmet.es\/wp-content\/uploads\/2025\/03\/ImagenActoGirona.jpg","width":1616,"height":1080},{"@type":"BreadcrumbList","@id":"https:\/\/www.transgourmet.es\/ca\/blog\/transgourmet-iberica-arrenca-amb-un-esdeveniment-multitudinari-els-actes-de-celebracio-del-seu-centenari\/#breadcrumb","itemListElement":[{"@type":"ListItem","position":1,"name":"Portada","item":"https:\/\/www.transgourmet.es\/ca\/"},{"@type":"ListItem","position":2,"name":"Transgourmet Ib\u00e8rica arrenca amb un esdeveniment multitudinari els actes de celebraci\u00f3 del seu centenari"}]},{"@type":"WebSite","@id":"https:\/\/www.transgourmet.es\/#website","url":"https:\/\/www.transgourmet.es\/","name":"Transgourmet","description":"Distribuci\u00f3n mayorista de alimentaci\u00f3n en Espa\u00f1a","publisher":{"@id":"https:\/\/www.transgourmet.es\/#organization"},"alternateName":"Grupo Transgourmet","potentialAction":[{"@type":"SearchAction","target":{"@type":"EntryPoint","urlTemplate":"https:\/\/www.transgourmet.es\/?s={search_term_string}"},"query-input":{"@type":"PropertyValueSpecification","valueRequired":true,"valueName":"search_term_string"}}],"inLanguage":"ca"},{"@type":"Organization","@id":"https:\/\/www.transgourmet.es\/#organization","name":"Transgourmet","url":"https:\/\/www.transgourmet.es\/","logo":{"@type":"ImageObject","inLanguage":"ca","@id":"https:\/\/www.transgourmet.es\/#\/schema\/logo\/image\/","url":"https:\/\/www.transgourmet.es\/wp-content\/uploads\/2022\/08\/trans-vert.svg","contentUrl":"https:\/\/www.transgourmet.es\/wp-content\/uploads\/2022\/08\/trans-vert.svg","width":296,"height":113,"caption":"Transgourmet"},"image":{"@id":"https:\/\/www.transgourmet.es\/#\/schema\/logo\/image\/"},"sameAs":["https:\/\/x.com\/transgourmet_es","https:\/\/www.youtube.com\/c\/TransgourmetIberica","https:\/\/www.linkedin.com\/company\/transgourmet-iberica"]},{"@type":"Person","@id":"https:\/\/www.transgourmet.es\/#\/schema\/person\/7558b42d44946cf43b85426e3e9260ff","name":"Comunicacion","image":{"@type":"ImageObject","inLanguage":"ca","@id":"https:\/\/secure.gravatar.com\/avatar\/22ed58e86b6fa1d603bc37a456b3c1eead2a5b2dc754952f01bc759bba31e2f3?s=96&d=mm&r=g","url":"https:\/\/secure.gravatar.com\/avatar\/22ed58e86b6fa1d603bc37a456b3c1eead2a5b2dc754952f01bc759bba31e2f3?s=96&d=mm&r=g","contentUrl":"https:\/\/secure.gravatar.com\/avatar\/22ed58e86b6fa1d603bc37a456b3c1eead2a5b2dc754952f01bc759bba31e2f3?s=96&d=mm&r=g","caption":"Comunicacion"},"sameAs":["https:\/\/www.transgourmet.es\/"]}]}},"_links":{"self":[{"href":"https:\/\/www.transgourmet.es\/ca\/wp-json\/wp\/v2\/posts\/17332","targetHints":{"allow":["GET"]}}],"collection":[{"href":"https:\/\/www.transgourmet.es\/ca\/wp-json\/wp\/v2\/posts"}],"about":[{"href":"https:\/\/www.transgourmet.es\/ca\/wp-json\/wp\/v2\/types\/post"}],"author":[{"embeddable":true,"href":"https:\/\/www.transgourmet.es\/ca\/wp-json\/wp\/v2\/users\/3"}],"replies":[{"embeddable":true,"href":"https:\/\/www.transgourmet.es\/ca\/wp-json\/wp\/v2\/comments?post=17332"}],"version-history":[{"count":5,"href":"https:\/\/www.transgourmet.es\/ca\/wp-json\/wp\/v2\/posts\/17332\/revisions"}],"predecessor-version":[{"id":17356,"href":"https:\/\/www.transgourmet.es\/ca\/wp-json\/wp\/v2\/posts\/17332\/revisions\/17356"}],"wp:featuredmedia":[{"embeddable":true,"href":"https:\/\/www.transgourmet.es\/ca\/wp-json\/wp\/v2\/media\/17344"}],"wp:attachment":[{"href":"https:\/\/www.transgourmet.es\/ca\/wp-json\/wp\/v2\/media?parent=17332"}],"wp:term":[{"taxonomy":"category","embeddable":true,"href":"https:\/\/www.transgourmet.es\/ca\/wp-json\/wp\/v2\/categories?post=17332"},{"taxonomy":"post_tag","embeddable":true,"href":"https:\/\/www.transgourmet.es\/ca\/wp-json\/wp\/v2\/tags?post=17332"}],"curies":[{"name":"wp","href":"https:\/\/api.w.org\/{rel}","templated":true}]}}