{"id":17815,"date":"2025-03-23T15:18:42","date_gmt":"2025-03-23T14:18:42","guid":{"rendered":"https:\/\/www.transgourmet.es\/?p=17815"},"modified":"2025-03-23T15:19:04","modified_gmt":"2025-03-23T14:19:04","slug":"transgourmet-iberica-celebra-el-seu-centenari-amb-un-acte-a-malaga-i-reafirma-el-seu-compromis-amb-andalusia","status":"publish","type":"post","link":"https:\/\/www.transgourmet.es\/ca\/blog\/transgourmet-iberica-celebra-el-seu-centenari-amb-un-acte-a-malaga-i-reafirma-el-seu-compromis-amb-andalusia\/","title":{"rendered":"Transgourmet Ib\u00e8rica celebra el seu centenari amb un acte a M\u00e0laga i reafirma el seu comprom\u00eds amb Andalusia"},"content":{"rendered":"<p style=\"font-weight: 400;\">Transgourmet Ib\u00e8rica ha celebrat avui al Palacio de Ferias y Congresos de M\u00e0laga (FYCMA) els seus 100 anys d\u2019hist\u00f2ria amb un esdeveniment que ha aplegat m\u00e9s de 600 persones, entre institucions locals i regionals, membres de la plantilla i les seves fam\u00edlies, clients i prove\u00efdors. Els assistents han volgut homenatjar en un acte hist\u00f2ric a M\u00e0laga el centenari de la companyia referent de la distribuci\u00f3 majorista d\u2019alimentaci\u00f3 a Andalusia.<\/p>\n<p style=\"font-weight: 400;\">Llu\u00eds Labairu, director general de Transgourmet Ib\u00e8rica, ha comen\u00e7at la primera part corporativa de l\u2019acte amb un discurs de benvinguda, acompanyat de la resta dels membres del Comit\u00e8 Executiu. En la seva intervenci\u00f3, ha agra\u00eft \u201cals empleats i empleades de la companyia el seu esfor\u00e7 i dedicaci\u00f3 per fer possible que Transgourmet Ib\u00e8rica celebri 100 anys\u201d.<\/p>\n<p style=\"font-weight: 400;\">En relaci\u00f3 amb la traject\u00f2ria de Transgourmet, Llu\u00eds Labairu ha subratllat que \u201cfer 100 anys ha estat possible perqu\u00e8 els responsables que han dirigit l\u2019empresa en la seva hist\u00f2ria hem estat capa\u00e7os d\u2019adaptar el negoci a cada moment\u201d. I ha reivindicat el paper dels majoristes. \u201cS\u2019oblida que la nostra funci\u00f3 com a majoristes de la proximitat, tant per a l\u2019hostaleria com pels supermercats, ajuda a la vertebraci\u00f3 del territori\u201d.<\/p>\n<p style=\"font-weight: 400;\">Tamb\u00e9 ha intervingut en aquest acte Siro Pach\u00f3n, alcalde de l\u2019Ajuntament de Fuente de Piedra, municipi malagueny on hi ha la plataforma log\u00edstica de Transgourmet que cobreix el sud d\u2019Espanya: \u201cQuan Transgourmet va decidir ubicar les seves operacions al nostre municipi l\u2019any 2008, va ser un moment clau per Fuente de Piedra i pel m\u00f3n rural. Des d\u2019aleshores, ha estat un pilar fonamental en el desenvolupament del sector alimentari i en el creixement econ\u00f2mic de la nostra comunitat\u201d.<\/p>\n<p style=\"font-weight: 400;\">Per la seva banda, Alicia Izquierdo, tinent d\u2019Alcaldia i regidora d\u2019Innovaci\u00f3, Digitalitzaci\u00f3 i Captaci\u00f3 d\u2019Inversions de l\u2019Ajuntament de M\u00e0laga, ha reconegut Transgourmet Ib\u00e8rica com a \u201cexemple d\u2019empresa que t\u00e9 la capacitat d\u2019entreveure les oportunitats i els desafiaments en un entorn competitiu global, interconnectat i en permanent evoluci\u00f3, i per aix\u00f2 ens satisf\u00e0 tant que hagin escollit la ciutat de M\u00e0laga per celebrar aquest aniversari tan especial\u201d.<\/p>\n<p style=\"font-weight: 400;\">A l\u2019esdeveniment tamb\u00e9 han assistit Carmen S\u00e1nchez, delegada territorial d\u2019Ocupaci\u00f3, Empresa i Treball Aut\u00f2nom de la Junta d\u2019Andalusia a M\u00e0laga; Esperan\u00e7a Gonz\u00e1lez, diputada delegada de Desenvolupament Econ\u00f2mic i Sostenible de la Diputaci\u00f3 de M\u00e0laga, i Francisco Jim\u00e9nez, president del Cercle Empresarial de M\u00e0laga.<\/p>\n<p style=\"font-weight: 400;\">Despr\u00e9s de les intervencions ha comen\u00e7at la part festiva de l\u2019acte, on els assistents han pogut gaudir d\u2019activitats l\u00fadiques per a grans i petits, gastronomia, m\u00fasica en directe i un mon\u00f2leg humor\u00edstic.<\/p>\n<p style=\"font-weight: 400;\">Aquest acte forma part d\u2019un any ple de commemoracions per tot Espanya que posaran en valor el llegat d\u2019esfor\u00e7, innovaci\u00f3 i comprom\u00eds de la companyia al llarg dels seus 100 anys d\u2019hist\u00f2ria.<\/p>\n<p style=\"font-weight: 400;\"><strong>S\u00f2lida pres\u00e8ncia de Transgourmet a Andalusia<\/strong><\/p>\n<p style=\"font-weight: 400;\">Transgourmet ha escollit M\u00e0laga per a la celebraci\u00f3 del seu centenari per la seva forta pres\u00e8ncia en el sector de la distribuci\u00f3 aliment\u00e0ria a Andalusia i a la prov\u00edncia. L\u2019any 2024 va assolir-hi unes vendes de 135 milions d\u2019euros, dels quals gaireb\u00e9 el 24 % es van generar a M\u00e0laga.<\/p>\n<p style=\"font-weight: 400;\">Al municipi malagueny de Fuente de Piedra hi ha una de les cinc plataformes log\u00edstiques de la companyia per donar cobertura a la pen\u00ednsula, Balears i Can\u00e0ries. Des d\u2019aquesta plataforma, amb una superf\u00edcie de 34.000 m<sup>2<\/sup>, es distribueix a tot Andalusia, sud d\u2019Extremadura, Regi\u00f3 de M\u00farcia, Ciudad Real i Melilla, i es presta suport a Can\u00e0ries. Es va inaugurar el 2008 i en l\u2019actualitat mou un mili\u00f3 de caixes al mes, garantint el subministrament als seus 23.000 clients a Andalusia (8.600 dels quals a M\u00e0laga).<\/p>\n<p style=\"font-weight: 400;\">Transgourmet \u00e9s referent en la distribuci\u00f3 a l\u2019hostaleria andalusa amb 9\u00a0GM Cash, els seus centres de <em>cash&amp;carry<\/em>\u00a0\u2014per prov\u00edncies, M\u00e0laga (3), Cadis (2), Granada (2), Almeria (1) i Sevilla (1)\u2014, i la divisi\u00f3 de Food Service, una xarxa de servei exclusiu i de lliurament directe als negocis que serveix a Andalusia, amb 70 assessors comercials i una flota de 50 camions per al repartiment.<\/p>\n<p style=\"font-weight: 400;\">La companyia compta amb 113 prove\u00efdors a Andalusia, als quals l\u2019any passat va fer compres per valor de 100 milions d\u2019euros, dels quals 35 corresponen a M\u00e0laga, on col\u00b7labora amb 16 prove\u00efdors.<\/p>\n<p style=\"font-weight: 400;\">Tamb\u00e9 ha invertit en l\u2019expansi\u00f3 dels seus supermercats franquiciats a la regi\u00f3, la majoria amb l\u2019ensenya Suma, fins a la gaireb\u00e9 cinquantena de l\u2019actualitat.<\/p>\n<p style=\"font-weight: 400;\">En total, compta amb prop de 200 persones empleades a la prov\u00edncia de M\u00e0laga i m\u00e9s de 350 professionals a Andalusia, que reforcen el seu lideratge en el sector.<\/p>\n<p style=\"font-weight: 400;\"><strong>Programa d\u2019esdeveniments i activitats aquest 2025<\/strong><\/p>\n<p style=\"font-weight: 400;\">Per commemorar la fita hist\u00f2rica, Transgourmet ha organitzat un programa d\u2019activitats per a tot l\u2019any que inclou una exposici\u00f3 fotogr\u00e0fica sobre la traject\u00f2ria de la companyia, un documental sobre el centenari i la composici\u00f3 de la can\u00e7\u00f3 <em>Somos fuertes<\/em>, s\u00edmbol de la seva identitat i valors.<\/p>\n<p style=\"font-weight: 400;\">Tamb\u00e9 s\u2019ha creat un logotip especial amb el lema \u201cAlimentant hist\u00f2ries\u201d, un c\u00f2mic i un espai web \u2014<a href=\"https:\/\/www.centenariotransgourmetiberica.es\/\">https:\/\/www.centenariotransgourmetiberica.es<\/a>\u2014 on es publicaran totes les novetats i activitats relacionades amb la celebraci\u00f3.<\/p>\n","protected":false},"excerpt":{"rendered":"<p>Transgourmet Ib\u00e8rica ha celebrat avui al Palacio de Ferias y Congresos de M\u00e0laga (FYCMA) els seus 100 anys d\u2019hist\u00f2ria amb un esdeveniment que ha aplegat m\u00e9s de 600 persones, entre institucions locals i regionals, membres de la plantilla i les seves fam\u00edlies, clients i prove\u00efdors. Els assistents han volgut homenatjar en un acte hist\u00f2ric a&hellip;&nbsp;<\/p>\n","protected":false},"author":3,"featured_media":17828,"comment_status":"open","ping_status":"open","sticky":false,"template":"","format":"standard","meta":{"_acf_changed":false,"neve_meta_sidebar":"","neve_meta_container":"","neve_meta_enable_content_width":"off","neve_meta_content_width":70,"neve_meta_title_alignment":"","neve_meta_author_avatar":"","neve_post_elements_order":"","neve_meta_disable_header":"","neve_meta_disable_footer":"","neve_meta_disable_title":"","footnotes":""},"categories":[35],"tags":[],"class_list":["post-17815","post","type-post","status-publish","format-standard","has-post-thumbnail","hentry","category-corporativa-ca"],"acf":[],"yoast_head":"<!-- This site is optimized with the Yoast SEO plugin v27.4 - https:\/\/yoast.com\/product\/yoast-seo-wordpress\/ -->\n<title>Transgourmet Ib\u00e8rica celebra el seu centenari amb un acte a M\u00e0laga i reafirma el seu comprom\u00eds amb Andalusia | Transgourmet<\/title>\n<meta name=\"robots\" content=\"index, follow, max-snippet:-1, max-image-preview:large, max-video-preview:-1\" \/>\n<link rel=\"canonical\" href=\"https:\/\/www.transgourmet.es\/ca\/blog\/transgourmet-iberica-celebra-el-seu-centenari-amb-un-acte-a-malaga-i-reafirma-el-seu-compromis-amb-andalusia\/\" \/>\n<meta property=\"og:locale\" content=\"ca_ES\" \/>\n<meta property=\"og:type\" content=\"article\" \/>\n<meta property=\"og:title\" content=\"Transgourmet Ib\u00e8rica celebra el seu centenari amb un acte a M\u00e0laga i reafirma el seu comprom\u00eds amb Andalusia | Transgourmet\" \/>\n<meta property=\"og:description\" content=\"Transgourmet Ib\u00e8rica ha celebrat avui al Palacio de Ferias y Congresos de M\u00e0laga (FYCMA) els seus 100 anys d\u2019hist\u00f2ria amb un esdeveniment que ha aplegat m\u00e9s de 600 persones, entre institucions locals i regionals, membres de la plantilla i les seves fam\u00edlies, clients i prove\u00efdors. Els assistents han volgut homenatjar en un acte hist\u00f2ric a&hellip;&nbsp;\" \/>\n<meta property=\"og:url\" content=\"https:\/\/www.transgourmet.es\/ca\/blog\/transgourmet-iberica-celebra-el-seu-centenari-amb-un-acte-a-malaga-i-reafirma-el-seu-compromis-amb-andalusia\/\" \/>\n<meta property=\"og:site_name\" content=\"Transgourmet\" \/>\n<meta property=\"article:published_time\" content=\"2025-03-23T14:18:42+00:00\" \/>\n<meta property=\"article:modified_time\" content=\"2025-03-23T14:19:04+00:00\" \/>\n<meta property=\"og:image\" content=\"https:\/\/www.transgourmet.es\/wp-content\/uploads\/2025\/03\/ActocentenarioTransgourmetMalaga.jpeg\" \/>\n\t<meta property=\"og:image:width\" content=\"1616\" \/>\n\t<meta property=\"og:image:height\" content=\"1080\" \/>\n\t<meta property=\"og:image:type\" content=\"image\/jpeg\" \/>\n<meta name=\"author\" content=\"Comunicacion\" \/>\n<meta name=\"twitter:card\" content=\"summary_large_image\" \/>\n<meta name=\"twitter:creator\" content=\"@transgourmet_es\" \/>\n<meta name=\"twitter:site\" content=\"@transgourmet_es\" \/>\n<meta name=\"twitter:label1\" content=\"Escrit per\" \/>\n\t<meta name=\"twitter:data1\" content=\"Comunicacion\" \/>\n\t<meta name=\"twitter:label2\" content=\"Temps estimat de lectura\" \/>\n\t<meta name=\"twitter:data2\" content=\"4 minuts\" \/>\n<script type=\"application\/ld+json\" class=\"yoast-schema-graph\">{\"@context\":\"https:\\\/\\\/schema.org\",\"@graph\":[{\"@type\":\"Article\",\"@id\":\"https:\\\/\\\/www.transgourmet.es\\\/ca\\\/blog\\\/transgourmet-iberica-celebra-el-seu-centenari-amb-un-acte-a-malaga-i-reafirma-el-seu-compromis-amb-andalusia\\\/#article\",\"isPartOf\":{\"@id\":\"https:\\\/\\\/www.transgourmet.es\\\/ca\\\/blog\\\/transgourmet-iberica-celebra-el-seu-centenari-amb-un-acte-a-malaga-i-reafirma-el-seu-compromis-amb-andalusia\\\/\"},\"author\":{\"name\":\"Comunicacion\",\"@id\":\"https:\\\/\\\/www.transgourmet.es\\\/#\\\/schema\\\/person\\\/7558b42d44946cf43b85426e3e9260ff\"},\"headline\":\"Transgourmet Ib\u00e8rica celebra el seu centenari amb un acte a M\u00e0laga i reafirma el seu comprom\u00eds amb Andalusia\",\"datePublished\":\"2025-03-23T14:18:42+00:00\",\"dateModified\":\"2025-03-23T14:19:04+00:00\",\"mainEntityOfPage\":{\"@id\":\"https:\\\/\\\/www.transgourmet.es\\\/ca\\\/blog\\\/transgourmet-iberica-celebra-el-seu-centenari-amb-un-acte-a-malaga-i-reafirma-el-seu-compromis-amb-andalusia\\\/\"},\"wordCount\":925,\"commentCount\":0,\"publisher\":{\"@id\":\"https:\\\/\\\/www.transgourmet.es\\\/#organization\"},\"image\":{\"@id\":\"https:\\\/\\\/www.transgourmet.es\\\/ca\\\/blog\\\/transgourmet-iberica-celebra-el-seu-centenari-amb-un-acte-a-malaga-i-reafirma-el-seu-compromis-amb-andalusia\\\/#primaryimage\"},\"thumbnailUrl\":\"https:\\\/\\\/www.transgourmet.es\\\/wp-content\\\/uploads\\\/2025\\\/03\\\/ActocentenarioTransgourmetMalaga.jpeg\",\"articleSection\":[\"Corporativa\"],\"inLanguage\":\"ca\",\"potentialAction\":[{\"@type\":\"CommentAction\",\"name\":\"Comment\",\"target\":[\"https:\\\/\\\/www.transgourmet.es\\\/ca\\\/blog\\\/transgourmet-iberica-celebra-el-seu-centenari-amb-un-acte-a-malaga-i-reafirma-el-seu-compromis-amb-andalusia\\\/#respond\"]}]},{\"@type\":\"WebPage\",\"@id\":\"https:\\\/\\\/www.transgourmet.es\\\/ca\\\/blog\\\/transgourmet-iberica-celebra-el-seu-centenari-amb-un-acte-a-malaga-i-reafirma-el-seu-compromis-amb-andalusia\\\/\",\"url\":\"https:\\\/\\\/www.transgourmet.es\\\/ca\\\/blog\\\/transgourmet-iberica-celebra-el-seu-centenari-amb-un-acte-a-malaga-i-reafirma-el-seu-compromis-amb-andalusia\\\/\",\"name\":\"Transgourmet Ib\u00e8rica celebra el seu centenari amb un acte a M\u00e0laga i reafirma el seu comprom\u00eds amb Andalusia | Transgourmet\",\"isPartOf\":{\"@id\":\"https:\\\/\\\/www.transgourmet.es\\\/#website\"},\"primaryImageOfPage\":{\"@id\":\"https:\\\/\\\/www.transgourmet.es\\\/ca\\\/blog\\\/transgourmet-iberica-celebra-el-seu-centenari-amb-un-acte-a-malaga-i-reafirma-el-seu-compromis-amb-andalusia\\\/#primaryimage\"},\"image\":{\"@id\":\"https:\\\/\\\/www.transgourmet.es\\\/ca\\\/blog\\\/transgourmet-iberica-celebra-el-seu-centenari-amb-un-acte-a-malaga-i-reafirma-el-seu-compromis-amb-andalusia\\\/#primaryimage\"},\"thumbnailUrl\":\"https:\\\/\\\/www.transgourmet.es\\\/wp-content\\\/uploads\\\/2025\\\/03\\\/ActocentenarioTransgourmetMalaga.jpeg\",\"datePublished\":\"2025-03-23T14:18:42+00:00\",\"dateModified\":\"2025-03-23T14:19:04+00:00\",\"breadcrumb\":{\"@id\":\"https:\\\/\\\/www.transgourmet.es\\\/ca\\\/blog\\\/transgourmet-iberica-celebra-el-seu-centenari-amb-un-acte-a-malaga-i-reafirma-el-seu-compromis-amb-andalusia\\\/#breadcrumb\"},\"inLanguage\":\"ca\",\"potentialAction\":[{\"@type\":\"ReadAction\",\"target\":[\"https:\\\/\\\/www.transgourmet.es\\\/ca\\\/blog\\\/transgourmet-iberica-celebra-el-seu-centenari-amb-un-acte-a-malaga-i-reafirma-el-seu-compromis-amb-andalusia\\\/\"]}]},{\"@type\":\"ImageObject\",\"inLanguage\":\"ca\",\"@id\":\"https:\\\/\\\/www.transgourmet.es\\\/ca\\\/blog\\\/transgourmet-iberica-celebra-el-seu-centenari-amb-un-acte-a-malaga-i-reafirma-el-seu-compromis-amb-andalusia\\\/#primaryimage\",\"url\":\"https:\\\/\\\/www.transgourmet.es\\\/wp-content\\\/uploads\\\/2025\\\/03\\\/ActocentenarioTransgourmetMalaga.jpeg\",\"contentUrl\":\"https:\\\/\\\/www.transgourmet.es\\\/wp-content\\\/uploads\\\/2025\\\/03\\\/ActocentenarioTransgourmetMalaga.jpeg\",\"width\":1616,\"height\":1080},{\"@type\":\"BreadcrumbList\",\"@id\":\"https:\\\/\\\/www.transgourmet.es\\\/ca\\\/blog\\\/transgourmet-iberica-celebra-el-seu-centenari-amb-un-acte-a-malaga-i-reafirma-el-seu-compromis-amb-andalusia\\\/#breadcrumb\",\"itemListElement\":[{\"@type\":\"ListItem\",\"position\":1,\"name\":\"Portada\",\"item\":\"https:\\\/\\\/www.transgourmet.es\\\/ca\\\/\"},{\"@type\":\"ListItem\",\"position\":2,\"name\":\"Transgourmet Ib\u00e8rica celebra el seu centenari amb un acte a M\u00e0laga i reafirma el seu comprom\u00eds amb Andalusia\"}]},{\"@type\":\"WebSite\",\"@id\":\"https:\\\/\\\/www.transgourmet.es\\\/#website\",\"url\":\"https:\\\/\\\/www.transgourmet.es\\\/\",\"name\":\"Transgourmet\",\"description\":\"Distribuci\u00f3n mayorista de alimentaci\u00f3n en Espa\u00f1a\",\"publisher\":{\"@id\":\"https:\\\/\\\/www.transgourmet.es\\\/#organization\"},\"alternateName\":\"Grupo Transgourmet\",\"potentialAction\":[{\"@type\":\"SearchAction\",\"target\":{\"@type\":\"EntryPoint\",\"urlTemplate\":\"https:\\\/\\\/www.transgourmet.es\\\/?s={search_term_string}\"},\"query-input\":{\"@type\":\"PropertyValueSpecification\",\"valueRequired\":true,\"valueName\":\"search_term_string\"}}],\"inLanguage\":\"ca\"},{\"@type\":\"Organization\",\"@id\":\"https:\\\/\\\/www.transgourmet.es\\\/#organization\",\"name\":\"Transgourmet\",\"url\":\"https:\\\/\\\/www.transgourmet.es\\\/\",\"logo\":{\"@type\":\"ImageObject\",\"inLanguage\":\"ca\",\"@id\":\"https:\\\/\\\/www.transgourmet.es\\\/#\\\/schema\\\/logo\\\/image\\\/\",\"url\":\"https:\\\/\\\/www.transgourmet.es\\\/wp-content\\\/uploads\\\/2022\\\/08\\\/trans-vert.svg\",\"contentUrl\":\"https:\\\/\\\/www.transgourmet.es\\\/wp-content\\\/uploads\\\/2022\\\/08\\\/trans-vert.svg\",\"width\":296,\"height\":113,\"caption\":\"Transgourmet\"},\"image\":{\"@id\":\"https:\\\/\\\/www.transgourmet.es\\\/#\\\/schema\\\/logo\\\/image\\\/\"},\"sameAs\":[\"https:\\\/\\\/x.com\\\/transgourmet_es\",\"https:\\\/\\\/www.youtube.com\\\/c\\\/TransgourmetIberica\",\"https:\\\/\\\/www.linkedin.com\\\/company\\\/transgourmet-iberica\"]},{\"@type\":\"Person\",\"@id\":\"https:\\\/\\\/www.transgourmet.es\\\/#\\\/schema\\\/person\\\/7558b42d44946cf43b85426e3e9260ff\",\"name\":\"Comunicacion\",\"image\":{\"@type\":\"ImageObject\",\"inLanguage\":\"ca\",\"@id\":\"https:\\\/\\\/secure.gravatar.com\\\/avatar\\\/22ed58e86b6fa1d603bc37a456b3c1eead2a5b2dc754952f01bc759bba31e2f3?s=96&d=mm&r=g\",\"url\":\"https:\\\/\\\/secure.gravatar.com\\\/avatar\\\/22ed58e86b6fa1d603bc37a456b3c1eead2a5b2dc754952f01bc759bba31e2f3?s=96&d=mm&r=g\",\"contentUrl\":\"https:\\\/\\\/secure.gravatar.com\\\/avatar\\\/22ed58e86b6fa1d603bc37a456b3c1eead2a5b2dc754952f01bc759bba31e2f3?s=96&d=mm&r=g\",\"caption\":\"Comunicacion\"},\"sameAs\":[\"https:\\\/\\\/www.transgourmet.es\\\/\"]}]}<\/script>\n<!-- \/ Yoast SEO plugin. -->","yoast_head_json":{"title":"Transgourmet Ib\u00e8rica celebra el seu centenari amb un acte a M\u00e0laga i reafirma el seu comprom\u00eds amb Andalusia | Transgourmet","robots":{"index":"index","follow":"follow","max-snippet":"max-snippet:-1","max-image-preview":"max-image-preview:large","max-video-preview":"max-video-preview:-1"},"canonical":"https:\/\/www.transgourmet.es\/ca\/blog\/transgourmet-iberica-celebra-el-seu-centenari-amb-un-acte-a-malaga-i-reafirma-el-seu-compromis-amb-andalusia\/","og_locale":"ca_ES","og_type":"article","og_title":"Transgourmet Ib\u00e8rica celebra el seu centenari amb un acte a M\u00e0laga i reafirma el seu comprom\u00eds amb Andalusia | Transgourmet","og_description":"Transgourmet Ib\u00e8rica ha celebrat avui al Palacio de Ferias y Congresos de M\u00e0laga (FYCMA) els seus 100 anys d\u2019hist\u00f2ria amb un esdeveniment que ha aplegat m\u00e9s de 600 persones, entre institucions locals i regionals, membres de la plantilla i les seves fam\u00edlies, clients i prove\u00efdors. Els assistents han volgut homenatjar en un acte hist\u00f2ric a&hellip;&nbsp;","og_url":"https:\/\/www.transgourmet.es\/ca\/blog\/transgourmet-iberica-celebra-el-seu-centenari-amb-un-acte-a-malaga-i-reafirma-el-seu-compromis-amb-andalusia\/","og_site_name":"Transgourmet","article_published_time":"2025-03-23T14:18:42+00:00","article_modified_time":"2025-03-23T14:19:04+00:00","og_image":[{"width":1616,"height":1080,"url":"https:\/\/www.transgourmet.es\/wp-content\/uploads\/2025\/03\/ActocentenarioTransgourmetMalaga.jpeg","type":"image\/jpeg"}],"author":"Comunicacion","twitter_card":"summary_large_image","twitter_creator":"@transgourmet_es","twitter_site":"@transgourmet_es","twitter_misc":{"Escrit per":"Comunicacion","Temps estimat de lectura":"4 minuts"},"schema":{"@context":"https:\/\/schema.org","@graph":[{"@type":"Article","@id":"https:\/\/www.transgourmet.es\/ca\/blog\/transgourmet-iberica-celebra-el-seu-centenari-amb-un-acte-a-malaga-i-reafirma-el-seu-compromis-amb-andalusia\/#article","isPartOf":{"@id":"https:\/\/www.transgourmet.es\/ca\/blog\/transgourmet-iberica-celebra-el-seu-centenari-amb-un-acte-a-malaga-i-reafirma-el-seu-compromis-amb-andalusia\/"},"author":{"name":"Comunicacion","@id":"https:\/\/www.transgourmet.es\/#\/schema\/person\/7558b42d44946cf43b85426e3e9260ff"},"headline":"Transgourmet Ib\u00e8rica celebra el seu centenari amb un acte a M\u00e0laga i reafirma el seu comprom\u00eds amb Andalusia","datePublished":"2025-03-23T14:18:42+00:00","dateModified":"2025-03-23T14:19:04+00:00","mainEntityOfPage":{"@id":"https:\/\/www.transgourmet.es\/ca\/blog\/transgourmet-iberica-celebra-el-seu-centenari-amb-un-acte-a-malaga-i-reafirma-el-seu-compromis-amb-andalusia\/"},"wordCount":925,"commentCount":0,"publisher":{"@id":"https:\/\/www.transgourmet.es\/#organization"},"image":{"@id":"https:\/\/www.transgourmet.es\/ca\/blog\/transgourmet-iberica-celebra-el-seu-centenari-amb-un-acte-a-malaga-i-reafirma-el-seu-compromis-amb-andalusia\/#primaryimage"},"thumbnailUrl":"https:\/\/www.transgourmet.es\/wp-content\/uploads\/2025\/03\/ActocentenarioTransgourmetMalaga.jpeg","articleSection":["Corporativa"],"inLanguage":"ca","potentialAction":[{"@type":"CommentAction","name":"Comment","target":["https:\/\/www.transgourmet.es\/ca\/blog\/transgourmet-iberica-celebra-el-seu-centenari-amb-un-acte-a-malaga-i-reafirma-el-seu-compromis-amb-andalusia\/#respond"]}]},{"@type":"WebPage","@id":"https:\/\/www.transgourmet.es\/ca\/blog\/transgourmet-iberica-celebra-el-seu-centenari-amb-un-acte-a-malaga-i-reafirma-el-seu-compromis-amb-andalusia\/","url":"https:\/\/www.transgourmet.es\/ca\/blog\/transgourmet-iberica-celebra-el-seu-centenari-amb-un-acte-a-malaga-i-reafirma-el-seu-compromis-amb-andalusia\/","name":"Transgourmet Ib\u00e8rica celebra el seu centenari amb un acte a M\u00e0laga i reafirma el seu comprom\u00eds amb Andalusia | Transgourmet","isPartOf":{"@id":"https:\/\/www.transgourmet.es\/#website"},"primaryImageOfPage":{"@id":"https:\/\/www.transgourmet.es\/ca\/blog\/transgourmet-iberica-celebra-el-seu-centenari-amb-un-acte-a-malaga-i-reafirma-el-seu-compromis-amb-andalusia\/#primaryimage"},"image":{"@id":"https:\/\/www.transgourmet.es\/ca\/blog\/transgourmet-iberica-celebra-el-seu-centenari-amb-un-acte-a-malaga-i-reafirma-el-seu-compromis-amb-andalusia\/#primaryimage"},"thumbnailUrl":"https:\/\/www.transgourmet.es\/wp-content\/uploads\/2025\/03\/ActocentenarioTransgourmetMalaga.jpeg","datePublished":"2025-03-23T14:18:42+00:00","dateModified":"2025-03-23T14:19:04+00:00","breadcrumb":{"@id":"https:\/\/www.transgourmet.es\/ca\/blog\/transgourmet-iberica-celebra-el-seu-centenari-amb-un-acte-a-malaga-i-reafirma-el-seu-compromis-amb-andalusia\/#breadcrumb"},"inLanguage":"ca","potentialAction":[{"@type":"ReadAction","target":["https:\/\/www.transgourmet.es\/ca\/blog\/transgourmet-iberica-celebra-el-seu-centenari-amb-un-acte-a-malaga-i-reafirma-el-seu-compromis-amb-andalusia\/"]}]},{"@type":"ImageObject","inLanguage":"ca","@id":"https:\/\/www.transgourmet.es\/ca\/blog\/transgourmet-iberica-celebra-el-seu-centenari-amb-un-acte-a-malaga-i-reafirma-el-seu-compromis-amb-andalusia\/#primaryimage","url":"https:\/\/www.transgourmet.es\/wp-content\/uploads\/2025\/03\/ActocentenarioTransgourmetMalaga.jpeg","contentUrl":"https:\/\/www.transgourmet.es\/wp-content\/uploads\/2025\/03\/ActocentenarioTransgourmetMalaga.jpeg","width":1616,"height":1080},{"@type":"BreadcrumbList","@id":"https:\/\/www.transgourmet.es\/ca\/blog\/transgourmet-iberica-celebra-el-seu-centenari-amb-un-acte-a-malaga-i-reafirma-el-seu-compromis-amb-andalusia\/#breadcrumb","itemListElement":[{"@type":"ListItem","position":1,"name":"Portada","item":"https:\/\/www.transgourmet.es\/ca\/"},{"@type":"ListItem","position":2,"name":"Transgourmet Ib\u00e8rica celebra el seu centenari amb un acte a M\u00e0laga i reafirma el seu comprom\u00eds amb Andalusia"}]},{"@type":"WebSite","@id":"https:\/\/www.transgourmet.es\/#website","url":"https:\/\/www.transgourmet.es\/","name":"Transgourmet","description":"Distribuci\u00f3n mayorista de alimentaci\u00f3n en Espa\u00f1a","publisher":{"@id":"https:\/\/www.transgourmet.es\/#organization"},"alternateName":"Grupo Transgourmet","potentialAction":[{"@type":"SearchAction","target":{"@type":"EntryPoint","urlTemplate":"https:\/\/www.transgourmet.es\/?s={search_term_string}"},"query-input":{"@type":"PropertyValueSpecification","valueRequired":true,"valueName":"search_term_string"}}],"inLanguage":"ca"},{"@type":"Organization","@id":"https:\/\/www.transgourmet.es\/#organization","name":"Transgourmet","url":"https:\/\/www.transgourmet.es\/","logo":{"@type":"ImageObject","inLanguage":"ca","@id":"https:\/\/www.transgourmet.es\/#\/schema\/logo\/image\/","url":"https:\/\/www.transgourmet.es\/wp-content\/uploads\/2022\/08\/trans-vert.svg","contentUrl":"https:\/\/www.transgourmet.es\/wp-content\/uploads\/2022\/08\/trans-vert.svg","width":296,"height":113,"caption":"Transgourmet"},"image":{"@id":"https:\/\/www.transgourmet.es\/#\/schema\/logo\/image\/"},"sameAs":["https:\/\/x.com\/transgourmet_es","https:\/\/www.youtube.com\/c\/TransgourmetIberica","https:\/\/www.linkedin.com\/company\/transgourmet-iberica"]},{"@type":"Person","@id":"https:\/\/www.transgourmet.es\/#\/schema\/person\/7558b42d44946cf43b85426e3e9260ff","name":"Comunicacion","image":{"@type":"ImageObject","inLanguage":"ca","@id":"https:\/\/secure.gravatar.com\/avatar\/22ed58e86b6fa1d603bc37a456b3c1eead2a5b2dc754952f01bc759bba31e2f3?s=96&d=mm&r=g","url":"https:\/\/secure.gravatar.com\/avatar\/22ed58e86b6fa1d603bc37a456b3c1eead2a5b2dc754952f01bc759bba31e2f3?s=96&d=mm&r=g","contentUrl":"https:\/\/secure.gravatar.com\/avatar\/22ed58e86b6fa1d603bc37a456b3c1eead2a5b2dc754952f01bc759bba31e2f3?s=96&d=mm&r=g","caption":"Comunicacion"},"sameAs":["https:\/\/www.transgourmet.es\/"]}]}},"_links":{"self":[{"href":"https:\/\/www.transgourmet.es\/ca\/wp-json\/wp\/v2\/posts\/17815","targetHints":{"allow":["GET"]}}],"collection":[{"href":"https:\/\/www.transgourmet.es\/ca\/wp-json\/wp\/v2\/posts"}],"about":[{"href":"https:\/\/www.transgourmet.es\/ca\/wp-json\/wp\/v2\/types\/post"}],"author":[{"embeddable":true,"href":"https:\/\/www.transgourmet.es\/ca\/wp-json\/wp\/v2\/users\/3"}],"replies":[{"embeddable":true,"href":"https:\/\/www.transgourmet.es\/ca\/wp-json\/wp\/v2\/comments?post=17815"}],"version-history":[{"count":3,"href":"https:\/\/www.transgourmet.es\/ca\/wp-json\/wp\/v2\/posts\/17815\/revisions"}],"predecessor-version":[{"id":17830,"href":"https:\/\/www.transgourmet.es\/ca\/wp-json\/wp\/v2\/posts\/17815\/revisions\/17830"}],"wp:featuredmedia":[{"embeddable":true,"href":"https:\/\/www.transgourmet.es\/ca\/wp-json\/wp\/v2\/media\/17828"}],"wp:attachment":[{"href":"https:\/\/www.transgourmet.es\/ca\/wp-json\/wp\/v2\/media?parent=17815"}],"wp:term":[{"taxonomy":"category","embeddable":true,"href":"https:\/\/www.transgourmet.es\/ca\/wp-json\/wp\/v2\/categories?post=17815"},{"taxonomy":"post_tag","embeddable":true,"href":"https:\/\/www.transgourmet.es\/ca\/wp-json\/wp\/v2\/tags?post=17815"}],"curies":[{"name":"wp","href":"https:\/\/api.w.org\/{rel}","templated":true}]}}