{"id":19250,"date":"2025-05-07T09:51:39","date_gmt":"2025-05-07T07:51:39","guid":{"rendered":"https:\/\/www.transgourmet.es\/?p=19250"},"modified":"2025-05-07T09:53:26","modified_gmt":"2025-05-07T07:53:26","slug":"transgourmet-inverteix-25-milions-en-la-reforma-del-gm-cash-de-menorca","status":"publish","type":"post","link":"https:\/\/www.transgourmet.es\/ca\/blog\/transgourmet-inverteix-25-milions-en-la-reforma-del-gm-cash-de-menorca\/","title":{"rendered":"Transgourmet inverteix 2,5 milions en la reforma  del GM Cash de Menorca"},"content":{"rendered":"<p style=\"font-weight: 400;\">Transgourmet Ib\u00e8rica, dedicada a la distribuci\u00f3 majorista a l\u2019hostaleria i al supermercat de proximitat, ha invertit 2,5 milions d\u2019euros en la reforma integral del GM Cash de l\u2019illa de Menorca.<\/p>\n<p style=\"font-weight: 400;\">La companyia, que enguany celebra el seu centenari, s\u2019ha marcat com a objectiu estrat\u00e8gic ser el prove\u00efdor de refer\u00e8ncia de l\u2019hostaleria i continua amb el seu important programa d\u2019inversions als seus centres GM Cash. El programa va comen\u00e7ar el 2020 i ja s\u2019ha renovat totalment 16 <em>cash<\/em> i reformat 31 mercats de frescos.<\/p>\n<p style=\"font-weight: 400;\">Amb aquesta renovaci\u00f3, el GM Cash de Menorca disposa d\u2019una superf\u00edcie de venda de 2.524 m<sup>2<\/sup>, amb unes instal\u00b7lacions que fomenten una millor experi\u00e8ncia de compra amb entorns m\u00e9s di\u00e0fans, lluminosos i c\u00f2modes on el producte \u00e9s el gran protagonista. Destaca el mercat de frescos, que ocupa 687 m<sup>2<\/sup>, que compta amb productes de carnisseria, xarcuteria, fruiteria, formatges i l\u00e0ctics, i congelats, tenint cura de l\u2019origen i la qualitat de cada article, i prioritzant els aliments de cada zona i temporada.<\/p>\n<p style=\"font-weight: 400;\">L\u2019establiment tamb\u00e9 disposa d\u2019una \u00e0mplia bodega, que ocupa un lloc destacat, i un extens assortiment de producte sec.<\/p>\n<p style=\"font-weight: 400;\">Gr\u00e0cies a la seva experi\u00e8ncia i coneixement del negoci, Transgourmet ha dissenyat un modern model de <em>cash&amp;carry<\/em>, que respon a les necessitats actuals i futures de l\u2019hostaleria i el comer\u00e7 pel que fa a assortiments, formats i qualitats del producte. I sempre posant el focus en l\u2019assessorament personalitzat del seu personal expert i en la millora de l\u2019experi\u00e8ncia de compra.<\/p>\n<p style=\"font-weight: 400;\">A m\u00e9s, en el marc de la seva aposta ferma per impulsar la seva l\u00ednia de servei a l\u2019hostaleria, la companyia tamb\u00e9 est\u00e0 transformant els seus centres per a una doble funci\u00f3: la pr\u00f2pia de <em>cash <\/em>i la de plataforma de proximitat de <em>food service<\/em>, el servei exclusiu d\u2019entrega directa a cada negoci perqu\u00e8 els professionals de l\u2019hostaleria rebin les comandes de forma r\u00e0pida, senzilla i c\u00f2moda en les condicions \u00f2ptimes de conservaci\u00f3 i temperatura (fresc, sec i congelat).<\/p>\n<p style=\"font-weight: 400;\">La inauguraci\u00f3 del centre renovat ha comptat amb la pres\u00e8ncia del director general de Transgourmet Ib\u00e8rica, Llu\u00eds Labairu, membres del comit\u00e8 executiu de la companyia, empleats del centre i les seves fam\u00edlies, i clientela.<\/p>\n<p style=\"font-weight: 400;\">El GM Cash de Menorca es troba situat al pol\u00edgon industrial Ma\u00f3 (carrer d\u2019Artrutx, 16 de Ma\u00f3), t\u00e9 72 places d\u2019aparcament i tamb\u00e9 disposa d\u2019una gasolinera d\u2019autoservei GM Oil, oberta a tots els p\u00fablics.<\/p>\n<p style=\"font-weight: 400;\">Transgourmet compta a les Balears amb 3 centres <em>cash&amp;carry<\/em> \u2014a les illes d\u2019Eivissa (Santa Eul\u00e0ria des Riu), Mallorca (Palma) i Menorca (Ma\u00f3) \u2014, i un Punt Cash a Eivissa capital.<\/p>\n<p style=\"font-weight: 400;\"><strong>Comprom\u00eds amb un model econ\u00f2mic m\u00e9s sostenible<\/strong><\/p>\n<p style=\"font-weight: 400;\">En l\u00ednia amb el seu comprom\u00eds amb la transici\u00f3 energ\u00e8tica i la lluita contra el canvi clim\u00e0tic, el <em>cash<\/em> renovat compta amb plaques fotovoltaiques, s\u2019ha canviat la il\u00b7luminaci\u00f3 a tecnologia led, s\u2019ha substitu\u00eft les instal\u00b7lacions existents per unes altres amb tecnologies que usen refrigerants sense afectaci\u00f3 sobre el medi i s\u2019ha renovat els equips per altres de m\u00e9s eficients amb un menor consum.<\/p>\n<p style=\"font-weight: 400;\">A m\u00e9s, com tots els 70 centres de <em>cash&amp;carry <\/em>de Transgourmet Ib\u00e8rica, fa servir energia renovable amb certificaci\u00f3 d\u2019origen i disposa de plans de gesti\u00f3 de residus.<\/p>\n","protected":false},"excerpt":{"rendered":"<p>Transgourmet Ib\u00e8rica, dedicada a la distribuci\u00f3 majorista a l\u2019hostaleria i al supermercat de proximitat, ha invertit 2,5 milions d\u2019euros en la reforma integral del GM Cash de l\u2019illa de Menorca. La companyia, que enguany celebra el seu centenari, s\u2019ha marcat com a objectiu estrat\u00e8gic ser el prove\u00efdor de refer\u00e8ncia de l\u2019hostaleria i continua amb el&hellip;&nbsp;<\/p>\n","protected":false},"author":3,"featured_media":19265,"comment_status":"open","ping_status":"open","sticky":false,"template":"","format":"standard","meta":{"_acf_changed":false,"neve_meta_sidebar":"","neve_meta_container":"","neve_meta_enable_content_width":"off","neve_meta_content_width":70,"neve_meta_title_alignment":"","neve_meta_author_avatar":"","neve_post_elements_order":"","neve_meta_disable_header":"","neve_meta_disable_footer":"","neve_meta_disable_title":"","footnotes":""},"categories":[36],"tags":[],"class_list":["post-19250","post","type-post","status-publish","format-standard","has-post-thumbnail","hentry","category-gm-cash"],"acf":[],"yoast_head":"<!-- This site is optimized with the Yoast SEO plugin v27.4 - https:\/\/yoast.com\/product\/yoast-seo-wordpress\/ -->\n<title>Transgourmet inverteix 2,5 milions en la reforma del GM Cash de Menorca | Transgourmet<\/title>\n<meta name=\"robots\" content=\"index, follow, max-snippet:-1, max-image-preview:large, max-video-preview:-1\" \/>\n<link rel=\"canonical\" href=\"https:\/\/www.transgourmet.es\/ca\/blog\/transgourmet-inverteix-25-milions-en-la-reforma-del-gm-cash-de-menorca\/\" \/>\n<meta property=\"og:locale\" content=\"ca_ES\" \/>\n<meta property=\"og:type\" content=\"article\" \/>\n<meta property=\"og:title\" content=\"Transgourmet inverteix 2,5 milions en la reforma del GM Cash de Menorca | Transgourmet\" \/>\n<meta property=\"og:description\" content=\"Transgourmet Ib\u00e8rica, dedicada a la distribuci\u00f3 majorista a l\u2019hostaleria i al supermercat de proximitat, ha invertit 2,5 milions d\u2019euros en la reforma integral del GM Cash de l\u2019illa de Menorca. La companyia, que enguany celebra el seu centenari, s\u2019ha marcat com a objectiu estrat\u00e8gic ser el prove\u00efdor de refer\u00e8ncia de l\u2019hostaleria i continua amb el&hellip;&nbsp;\" \/>\n<meta property=\"og:url\" content=\"https:\/\/www.transgourmet.es\/ca\/blog\/transgourmet-inverteix-25-milions-en-la-reforma-del-gm-cash-de-menorca\/\" \/>\n<meta property=\"og:site_name\" content=\"Transgourmet\" \/>\n<meta property=\"article:published_time\" content=\"2025-05-07T07:51:39+00:00\" \/>\n<meta property=\"article:modified_time\" content=\"2025-05-07T07:53:26+00:00\" \/>\n<meta property=\"og:image\" content=\"https:\/\/www.transgourmet.es\/wp-content\/uploads\/2025\/05\/ReformaGMCashMenorca1.jpg\" \/>\n\t<meta property=\"og:image:width\" content=\"2250\" \/>\n\t<meta property=\"og:image:height\" content=\"1500\" \/>\n\t<meta property=\"og:image:type\" content=\"image\/jpeg\" \/>\n<meta name=\"author\" content=\"Comunicacion\" \/>\n<meta name=\"twitter:card\" content=\"summary_large_image\" \/>\n<meta name=\"twitter:creator\" content=\"@transgourmet_es\" \/>\n<meta name=\"twitter:site\" content=\"@transgourmet_es\" \/>\n<meta name=\"twitter:label1\" content=\"Escrit per\" \/>\n\t<meta name=\"twitter:data1\" content=\"Comunicacion\" \/>\n\t<meta name=\"twitter:label2\" content=\"Temps estimat de lectura\" \/>\n\t<meta name=\"twitter:data2\" content=\"3 minuts\" \/>\n<script type=\"application\/ld+json\" class=\"yoast-schema-graph\">{\"@context\":\"https:\\\/\\\/schema.org\",\"@graph\":[{\"@type\":\"Article\",\"@id\":\"https:\\\/\\\/www.transgourmet.es\\\/ca\\\/blog\\\/transgourmet-inverteix-25-milions-en-la-reforma-del-gm-cash-de-menorca\\\/#article\",\"isPartOf\":{\"@id\":\"https:\\\/\\\/www.transgourmet.es\\\/ca\\\/blog\\\/transgourmet-inverteix-25-milions-en-la-reforma-del-gm-cash-de-menorca\\\/\"},\"author\":{\"name\":\"Comunicacion\",\"@id\":\"https:\\\/\\\/www.transgourmet.es\\\/#\\\/schema\\\/person\\\/7558b42d44946cf43b85426e3e9260ff\"},\"headline\":\"Transgourmet inverteix 2,5 milions en la reforma del GM Cash de Menorca\",\"datePublished\":\"2025-05-07T07:51:39+00:00\",\"dateModified\":\"2025-05-07T07:53:26+00:00\",\"mainEntityOfPage\":{\"@id\":\"https:\\\/\\\/www.transgourmet.es\\\/ca\\\/blog\\\/transgourmet-inverteix-25-milions-en-la-reforma-del-gm-cash-de-menorca\\\/\"},\"wordCount\":588,\"commentCount\":0,\"publisher\":{\"@id\":\"https:\\\/\\\/www.transgourmet.es\\\/#organization\"},\"image\":{\"@id\":\"https:\\\/\\\/www.transgourmet.es\\\/ca\\\/blog\\\/transgourmet-inverteix-25-milions-en-la-reforma-del-gm-cash-de-menorca\\\/#primaryimage\"},\"thumbnailUrl\":\"https:\\\/\\\/www.transgourmet.es\\\/wp-content\\\/uploads\\\/2025\\\/05\\\/ReformaGMCashMenorca1.jpg\",\"articleSection\":[\"Gros Mercat\"],\"inLanguage\":\"ca\",\"potentialAction\":[{\"@type\":\"CommentAction\",\"name\":\"Comment\",\"target\":[\"https:\\\/\\\/www.transgourmet.es\\\/ca\\\/blog\\\/transgourmet-inverteix-25-milions-en-la-reforma-del-gm-cash-de-menorca\\\/#respond\"]}]},{\"@type\":\"WebPage\",\"@id\":\"https:\\\/\\\/www.transgourmet.es\\\/ca\\\/blog\\\/transgourmet-inverteix-25-milions-en-la-reforma-del-gm-cash-de-menorca\\\/\",\"url\":\"https:\\\/\\\/www.transgourmet.es\\\/ca\\\/blog\\\/transgourmet-inverteix-25-milions-en-la-reforma-del-gm-cash-de-menorca\\\/\",\"name\":\"Transgourmet inverteix 2,5 milions en la reforma del GM Cash de Menorca | Transgourmet\",\"isPartOf\":{\"@id\":\"https:\\\/\\\/www.transgourmet.es\\\/#website\"},\"primaryImageOfPage\":{\"@id\":\"https:\\\/\\\/www.transgourmet.es\\\/ca\\\/blog\\\/transgourmet-inverteix-25-milions-en-la-reforma-del-gm-cash-de-menorca\\\/#primaryimage\"},\"image\":{\"@id\":\"https:\\\/\\\/www.transgourmet.es\\\/ca\\\/blog\\\/transgourmet-inverteix-25-milions-en-la-reforma-del-gm-cash-de-menorca\\\/#primaryimage\"},\"thumbnailUrl\":\"https:\\\/\\\/www.transgourmet.es\\\/wp-content\\\/uploads\\\/2025\\\/05\\\/ReformaGMCashMenorca1.jpg\",\"datePublished\":\"2025-05-07T07:51:39+00:00\",\"dateModified\":\"2025-05-07T07:53:26+00:00\",\"breadcrumb\":{\"@id\":\"https:\\\/\\\/www.transgourmet.es\\\/ca\\\/blog\\\/transgourmet-inverteix-25-milions-en-la-reforma-del-gm-cash-de-menorca\\\/#breadcrumb\"},\"inLanguage\":\"ca\",\"potentialAction\":[{\"@type\":\"ReadAction\",\"target\":[\"https:\\\/\\\/www.transgourmet.es\\\/ca\\\/blog\\\/transgourmet-inverteix-25-milions-en-la-reforma-del-gm-cash-de-menorca\\\/\"]}]},{\"@type\":\"ImageObject\",\"inLanguage\":\"ca\",\"@id\":\"https:\\\/\\\/www.transgourmet.es\\\/ca\\\/blog\\\/transgourmet-inverteix-25-milions-en-la-reforma-del-gm-cash-de-menorca\\\/#primaryimage\",\"url\":\"https:\\\/\\\/www.transgourmet.es\\\/wp-content\\\/uploads\\\/2025\\\/05\\\/ReformaGMCashMenorca1.jpg\",\"contentUrl\":\"https:\\\/\\\/www.transgourmet.es\\\/wp-content\\\/uploads\\\/2025\\\/05\\\/ReformaGMCashMenorca1.jpg\",\"width\":2250,\"height\":1500},{\"@type\":\"BreadcrumbList\",\"@id\":\"https:\\\/\\\/www.transgourmet.es\\\/ca\\\/blog\\\/transgourmet-inverteix-25-milions-en-la-reforma-del-gm-cash-de-menorca\\\/#breadcrumb\",\"itemListElement\":[{\"@type\":\"ListItem\",\"position\":1,\"name\":\"Portada\",\"item\":\"https:\\\/\\\/www.transgourmet.es\\\/ca\\\/\"},{\"@type\":\"ListItem\",\"position\":2,\"name\":\"Transgourmet inverteix 2,5 milions en la reforma del GM Cash de Menorca\"}]},{\"@type\":\"WebSite\",\"@id\":\"https:\\\/\\\/www.transgourmet.es\\\/#website\",\"url\":\"https:\\\/\\\/www.transgourmet.es\\\/\",\"name\":\"Transgourmet\",\"description\":\"Distribuci\u00f3n mayorista de alimentaci\u00f3n en Espa\u00f1a\",\"publisher\":{\"@id\":\"https:\\\/\\\/www.transgourmet.es\\\/#organization\"},\"alternateName\":\"Grupo Transgourmet\",\"potentialAction\":[{\"@type\":\"SearchAction\",\"target\":{\"@type\":\"EntryPoint\",\"urlTemplate\":\"https:\\\/\\\/www.transgourmet.es\\\/?s={search_term_string}\"},\"query-input\":{\"@type\":\"PropertyValueSpecification\",\"valueRequired\":true,\"valueName\":\"search_term_string\"}}],\"inLanguage\":\"ca\"},{\"@type\":\"Organization\",\"@id\":\"https:\\\/\\\/www.transgourmet.es\\\/#organization\",\"name\":\"Transgourmet\",\"url\":\"https:\\\/\\\/www.transgourmet.es\\\/\",\"logo\":{\"@type\":\"ImageObject\",\"inLanguage\":\"ca\",\"@id\":\"https:\\\/\\\/www.transgourmet.es\\\/#\\\/schema\\\/logo\\\/image\\\/\",\"url\":\"https:\\\/\\\/www.transgourmet.es\\\/wp-content\\\/uploads\\\/2022\\\/08\\\/trans-vert.svg\",\"contentUrl\":\"https:\\\/\\\/www.transgourmet.es\\\/wp-content\\\/uploads\\\/2022\\\/08\\\/trans-vert.svg\",\"width\":296,\"height\":113,\"caption\":\"Transgourmet\"},\"image\":{\"@id\":\"https:\\\/\\\/www.transgourmet.es\\\/#\\\/schema\\\/logo\\\/image\\\/\"},\"sameAs\":[\"https:\\\/\\\/x.com\\\/transgourmet_es\",\"https:\\\/\\\/www.youtube.com\\\/c\\\/TransgourmetIberica\",\"https:\\\/\\\/www.linkedin.com\\\/company\\\/transgourmet-iberica\"]},{\"@type\":\"Person\",\"@id\":\"https:\\\/\\\/www.transgourmet.es\\\/#\\\/schema\\\/person\\\/7558b42d44946cf43b85426e3e9260ff\",\"name\":\"Comunicacion\",\"image\":{\"@type\":\"ImageObject\",\"inLanguage\":\"ca\",\"@id\":\"https:\\\/\\\/secure.gravatar.com\\\/avatar\\\/22ed58e86b6fa1d603bc37a456b3c1eead2a5b2dc754952f01bc759bba31e2f3?s=96&d=mm&r=g\",\"url\":\"https:\\\/\\\/secure.gravatar.com\\\/avatar\\\/22ed58e86b6fa1d603bc37a456b3c1eead2a5b2dc754952f01bc759bba31e2f3?s=96&d=mm&r=g\",\"contentUrl\":\"https:\\\/\\\/secure.gravatar.com\\\/avatar\\\/22ed58e86b6fa1d603bc37a456b3c1eead2a5b2dc754952f01bc759bba31e2f3?s=96&d=mm&r=g\",\"caption\":\"Comunicacion\"},\"sameAs\":[\"https:\\\/\\\/www.transgourmet.es\\\/\"]}]}<\/script>\n<!-- \/ Yoast SEO plugin. -->","yoast_head_json":{"title":"Transgourmet inverteix 2,5 milions en la reforma del GM Cash de Menorca | Transgourmet","robots":{"index":"index","follow":"follow","max-snippet":"max-snippet:-1","max-image-preview":"max-image-preview:large","max-video-preview":"max-video-preview:-1"},"canonical":"https:\/\/www.transgourmet.es\/ca\/blog\/transgourmet-inverteix-25-milions-en-la-reforma-del-gm-cash-de-menorca\/","og_locale":"ca_ES","og_type":"article","og_title":"Transgourmet inverteix 2,5 milions en la reforma del GM Cash de Menorca | Transgourmet","og_description":"Transgourmet Ib\u00e8rica, dedicada a la distribuci\u00f3 majorista a l\u2019hostaleria i al supermercat de proximitat, ha invertit 2,5 milions d\u2019euros en la reforma integral del GM Cash de l\u2019illa de Menorca. La companyia, que enguany celebra el seu centenari, s\u2019ha marcat com a objectiu estrat\u00e8gic ser el prove\u00efdor de refer\u00e8ncia de l\u2019hostaleria i continua amb el&hellip;&nbsp;","og_url":"https:\/\/www.transgourmet.es\/ca\/blog\/transgourmet-inverteix-25-milions-en-la-reforma-del-gm-cash-de-menorca\/","og_site_name":"Transgourmet","article_published_time":"2025-05-07T07:51:39+00:00","article_modified_time":"2025-05-07T07:53:26+00:00","og_image":[{"width":2250,"height":1500,"url":"https:\/\/www.transgourmet.es\/wp-content\/uploads\/2025\/05\/ReformaGMCashMenorca1.jpg","type":"image\/jpeg"}],"author":"Comunicacion","twitter_card":"summary_large_image","twitter_creator":"@transgourmet_es","twitter_site":"@transgourmet_es","twitter_misc":{"Escrit per":"Comunicacion","Temps estimat de lectura":"3 minuts"},"schema":{"@context":"https:\/\/schema.org","@graph":[{"@type":"Article","@id":"https:\/\/www.transgourmet.es\/ca\/blog\/transgourmet-inverteix-25-milions-en-la-reforma-del-gm-cash-de-menorca\/#article","isPartOf":{"@id":"https:\/\/www.transgourmet.es\/ca\/blog\/transgourmet-inverteix-25-milions-en-la-reforma-del-gm-cash-de-menorca\/"},"author":{"name":"Comunicacion","@id":"https:\/\/www.transgourmet.es\/#\/schema\/person\/7558b42d44946cf43b85426e3e9260ff"},"headline":"Transgourmet inverteix 2,5 milions en la reforma del GM Cash de Menorca","datePublished":"2025-05-07T07:51:39+00:00","dateModified":"2025-05-07T07:53:26+00:00","mainEntityOfPage":{"@id":"https:\/\/www.transgourmet.es\/ca\/blog\/transgourmet-inverteix-25-milions-en-la-reforma-del-gm-cash-de-menorca\/"},"wordCount":588,"commentCount":0,"publisher":{"@id":"https:\/\/www.transgourmet.es\/#organization"},"image":{"@id":"https:\/\/www.transgourmet.es\/ca\/blog\/transgourmet-inverteix-25-milions-en-la-reforma-del-gm-cash-de-menorca\/#primaryimage"},"thumbnailUrl":"https:\/\/www.transgourmet.es\/wp-content\/uploads\/2025\/05\/ReformaGMCashMenorca1.jpg","articleSection":["Gros Mercat"],"inLanguage":"ca","potentialAction":[{"@type":"CommentAction","name":"Comment","target":["https:\/\/www.transgourmet.es\/ca\/blog\/transgourmet-inverteix-25-milions-en-la-reforma-del-gm-cash-de-menorca\/#respond"]}]},{"@type":"WebPage","@id":"https:\/\/www.transgourmet.es\/ca\/blog\/transgourmet-inverteix-25-milions-en-la-reforma-del-gm-cash-de-menorca\/","url":"https:\/\/www.transgourmet.es\/ca\/blog\/transgourmet-inverteix-25-milions-en-la-reforma-del-gm-cash-de-menorca\/","name":"Transgourmet inverteix 2,5 milions en la reforma del GM Cash de Menorca | Transgourmet","isPartOf":{"@id":"https:\/\/www.transgourmet.es\/#website"},"primaryImageOfPage":{"@id":"https:\/\/www.transgourmet.es\/ca\/blog\/transgourmet-inverteix-25-milions-en-la-reforma-del-gm-cash-de-menorca\/#primaryimage"},"image":{"@id":"https:\/\/www.transgourmet.es\/ca\/blog\/transgourmet-inverteix-25-milions-en-la-reforma-del-gm-cash-de-menorca\/#primaryimage"},"thumbnailUrl":"https:\/\/www.transgourmet.es\/wp-content\/uploads\/2025\/05\/ReformaGMCashMenorca1.jpg","datePublished":"2025-05-07T07:51:39+00:00","dateModified":"2025-05-07T07:53:26+00:00","breadcrumb":{"@id":"https:\/\/www.transgourmet.es\/ca\/blog\/transgourmet-inverteix-25-milions-en-la-reforma-del-gm-cash-de-menorca\/#breadcrumb"},"inLanguage":"ca","potentialAction":[{"@type":"ReadAction","target":["https:\/\/www.transgourmet.es\/ca\/blog\/transgourmet-inverteix-25-milions-en-la-reforma-del-gm-cash-de-menorca\/"]}]},{"@type":"ImageObject","inLanguage":"ca","@id":"https:\/\/www.transgourmet.es\/ca\/blog\/transgourmet-inverteix-25-milions-en-la-reforma-del-gm-cash-de-menorca\/#primaryimage","url":"https:\/\/www.transgourmet.es\/wp-content\/uploads\/2025\/05\/ReformaGMCashMenorca1.jpg","contentUrl":"https:\/\/www.transgourmet.es\/wp-content\/uploads\/2025\/05\/ReformaGMCashMenorca1.jpg","width":2250,"height":1500},{"@type":"BreadcrumbList","@id":"https:\/\/www.transgourmet.es\/ca\/blog\/transgourmet-inverteix-25-milions-en-la-reforma-del-gm-cash-de-menorca\/#breadcrumb","itemListElement":[{"@type":"ListItem","position":1,"name":"Portada","item":"https:\/\/www.transgourmet.es\/ca\/"},{"@type":"ListItem","position":2,"name":"Transgourmet inverteix 2,5 milions en la reforma del GM Cash de Menorca"}]},{"@type":"WebSite","@id":"https:\/\/www.transgourmet.es\/#website","url":"https:\/\/www.transgourmet.es\/","name":"Transgourmet","description":"Distribuci\u00f3n mayorista de alimentaci\u00f3n en Espa\u00f1a","publisher":{"@id":"https:\/\/www.transgourmet.es\/#organization"},"alternateName":"Grupo Transgourmet","potentialAction":[{"@type":"SearchAction","target":{"@type":"EntryPoint","urlTemplate":"https:\/\/www.transgourmet.es\/?s={search_term_string}"},"query-input":{"@type":"PropertyValueSpecification","valueRequired":true,"valueName":"search_term_string"}}],"inLanguage":"ca"},{"@type":"Organization","@id":"https:\/\/www.transgourmet.es\/#organization","name":"Transgourmet","url":"https:\/\/www.transgourmet.es\/","logo":{"@type":"ImageObject","inLanguage":"ca","@id":"https:\/\/www.transgourmet.es\/#\/schema\/logo\/image\/","url":"https:\/\/www.transgourmet.es\/wp-content\/uploads\/2022\/08\/trans-vert.svg","contentUrl":"https:\/\/www.transgourmet.es\/wp-content\/uploads\/2022\/08\/trans-vert.svg","width":296,"height":113,"caption":"Transgourmet"},"image":{"@id":"https:\/\/www.transgourmet.es\/#\/schema\/logo\/image\/"},"sameAs":["https:\/\/x.com\/transgourmet_es","https:\/\/www.youtube.com\/c\/TransgourmetIberica","https:\/\/www.linkedin.com\/company\/transgourmet-iberica"]},{"@type":"Person","@id":"https:\/\/www.transgourmet.es\/#\/schema\/person\/7558b42d44946cf43b85426e3e9260ff","name":"Comunicacion","image":{"@type":"ImageObject","inLanguage":"ca","@id":"https:\/\/secure.gravatar.com\/avatar\/22ed58e86b6fa1d603bc37a456b3c1eead2a5b2dc754952f01bc759bba31e2f3?s=96&d=mm&r=g","url":"https:\/\/secure.gravatar.com\/avatar\/22ed58e86b6fa1d603bc37a456b3c1eead2a5b2dc754952f01bc759bba31e2f3?s=96&d=mm&r=g","contentUrl":"https:\/\/secure.gravatar.com\/avatar\/22ed58e86b6fa1d603bc37a456b3c1eead2a5b2dc754952f01bc759bba31e2f3?s=96&d=mm&r=g","caption":"Comunicacion"},"sameAs":["https:\/\/www.transgourmet.es\/"]}]}},"_links":{"self":[{"href":"https:\/\/www.transgourmet.es\/ca\/wp-json\/wp\/v2\/posts\/19250","targetHints":{"allow":["GET"]}}],"collection":[{"href":"https:\/\/www.transgourmet.es\/ca\/wp-json\/wp\/v2\/posts"}],"about":[{"href":"https:\/\/www.transgourmet.es\/ca\/wp-json\/wp\/v2\/types\/post"}],"author":[{"embeddable":true,"href":"https:\/\/www.transgourmet.es\/ca\/wp-json\/wp\/v2\/users\/3"}],"replies":[{"embeddable":true,"href":"https:\/\/www.transgourmet.es\/ca\/wp-json\/wp\/v2\/comments?post=19250"}],"version-history":[{"count":3,"href":"https:\/\/www.transgourmet.es\/ca\/wp-json\/wp\/v2\/posts\/19250\/revisions"}],"predecessor-version":[{"id":19273,"href":"https:\/\/www.transgourmet.es\/ca\/wp-json\/wp\/v2\/posts\/19250\/revisions\/19273"}],"wp:featuredmedia":[{"embeddable":true,"href":"https:\/\/www.transgourmet.es\/ca\/wp-json\/wp\/v2\/media\/19265"}],"wp:attachment":[{"href":"https:\/\/www.transgourmet.es\/ca\/wp-json\/wp\/v2\/media?parent=19250"}],"wp:term":[{"taxonomy":"category","embeddable":true,"href":"https:\/\/www.transgourmet.es\/ca\/wp-json\/wp\/v2\/categories?post=19250"},{"taxonomy":"post_tag","embeddable":true,"href":"https:\/\/www.transgourmet.es\/ca\/wp-json\/wp\/v2\/tags?post=19250"}],"curies":[{"name":"wp","href":"https:\/\/api.w.org\/{rel}","templated":true}]}}