{"id":20135,"date":"2025-05-25T14:30:57","date_gmt":"2025-05-25T12:30:57","guid":{"rendered":"https:\/\/www.transgourmet.es\/?p=20135"},"modified":"2025-05-25T14:31:42","modified_gmt":"2025-05-25T12:31:42","slug":"transgourmet-iberica-commemora-a-burgos-els-seus-100-anys-dhistoria-i-reforca-el-seu-lideratge-en-la-distribucio-majorista","status":"publish","type":"post","link":"https:\/\/www.transgourmet.es\/ca\/blog\/transgourmet-iberica-commemora-a-burgos-els-seus-100-anys-dhistoria-i-reforca-el-seu-lideratge-en-la-distribucio-majorista\/","title":{"rendered":"Transgourmet Ib\u00e8rica commemora a Burgos els seus 100 anys  d\u2019hist\u00f2ria i refor\u00e7a el seu lideratge en la distribuci\u00f3 majorista"},"content":{"rendered":"<p style=\"font-weight: 400;\">Transgourmet Ib\u00e8rica ha celebrat avui un acte hist\u00f2ric al Palacio de Congresos y Auditorio de Burgos per commemorar els seus 100 anys de traject\u00f2ria. L\u2019esdeveniment ha reunit m\u00e9s de 350 persones, entre representants institucionals, membres del sector, clients, prove\u00efdors i empleats de Castella i Lle\u00f3 i la zona nord d\u2019Espanya, que han volgut retre homenatge a la companyia, que s\u2019ha consolidat com a referent de la distribuci\u00f3 majorista d\u2019alimentaci\u00f3.<\/p>\n<p style=\"font-weight: 400;\">El director general de Transgourmet Ib\u00e8rica, Llu\u00eds Labairu, ha inaugurat la jornada expressant el seu agra\u00efment a totes les persones que han fet possible que Transgourmet Ib\u00e8rica compleixi 100 anys. En la seva intervenci\u00f3, ha destacat el treball de tot l\u2019equip i la capacitat que ha tingut la companyia per adaptar-se a cada moment, que li han perm\u00e8s arribar al centenari amb molt bona salut. Tamb\u00e9 s\u2019ha referit al pes de Transgourmet a Burgos, a trav\u00e9s de la seva plataforma de distribuci\u00f3, i a tota la comunitat de Castella i Lle\u00f3, \u201con tenim un perfil de client familiar molt fidel i on continuarem creixent\u201d.<\/p>\n<p style=\"font-weight: 400;\">Aix\u00ed mateix, ha intervingut Mariano Mu\u00f1oz, director general d\u2019Ind\u00fastria de la Junta de Castilla y Le\u00f3n, que ha afirmat que &#8220;a la regi\u00f3 valorem l\u2019esfor\u00e7 i la visi\u00f3 de companyies com Transgourmet, que generen ocupaci\u00f3 i oportunitats i, a m\u00e9s, reforcen el teixit empresarial de la nostra comunitat. Complir 100 anys \u00e9s una fita extraordin\u00e0ria que reflecteix la solidesa de la companyia i la seva capacitat per evolucionar en un sector tan din\u00e0mic com \u00e9s el de la distribuci\u00f3 aliment\u00e0ria\u201d.<\/p>\n<p style=\"font-weight: 400;\">A l\u2019acte tamb\u00e9 hi han assistit Carolina \u00c1lvarez, tinent d\u2019alcaldia de l\u2019Ajuntament de Burgos; Pedro L. de la Fuente, subdelegat del Govern a Burgos, i Carlos Gallo, diputat provincial i president de SODEBUR (Sociedad para el Desarrollo de la Provincia de Burgos).<\/p>\n<p style=\"font-weight: 400;\">Aquest esdeveniment forma part d\u2019un any ple de celebracions que la companyia est\u00e0 duent a terme per tot Espanya i que posen en valor el seu llegat d\u2019esfor\u00e7, innovaci\u00f3 i comprom\u00eds al llarg dels seus 100 anys d\u2019hist\u00f2ria.<strong>\u00a0<\/strong><\/p>\n<p style=\"font-weight: 400;\"><strong>Pres\u00e8ncia de Transgourmet a Castella i Lle\u00f3 i zona nord d\u2019Espanya<\/strong><\/p>\n<p style=\"font-weight: 400;\">Transgourmet ha escollit Burgos per celebrar el seu centenari per la seva forta pres\u00e8ncia al sector de la distribuci\u00f3 aliment\u00e0ria a Castella i Lle\u00f3 i a regions com Arag\u00f3, La Rioja, Navarra i Pa\u00eds Basc.<\/p>\n<p style=\"font-weight: 400;\">A la ciutat de Burgos hi ha una de les cinc plataformes log\u00edstiques de la companyia, amb una extensi\u00f3 de 21.800 m<sup>2<\/sup>. Aquestes instal\u00b7lacions, gr\u00e0cies a la seva ubicaci\u00f3 estrat\u00e8gica, tenen un paper fonamental en la distribuci\u00f3 majorista d\u2019alimentaci\u00f3 del pa\u00eds, garantint l\u2019abastiment de la zona nord i centre. Castella i Lle\u00f3, Comunitat de Madrid, Toledo, una part de l\u2019Arag\u00f3, La Rioja, Navarra, Pa\u00eds Basc, Cant\u00e0bria, Principat d\u2019Ast\u00faries i Gal\u00edcia.<\/p>\n<p style=\"font-weight: 400;\">La plataforma de Burgos es va inaugurar el 2003 i en l\u2019actualitat mou 10 milions de capses l\u2019any amb una plantilla de 70 empleats.<\/p>\n<p style=\"font-weight: 400;\">A m\u00e9s, Transgourmet s\u2019ha posicionat com a empresa l\u00edder en la distribuci\u00f3 de l\u2019hostaleria d\u2019aquesta zona d\u2019Espanya amb els seus 11 centres especialitzats de\u00a0<em>cash&amp;carry<\/em>\u00a0GM Cash: 6 a Castella i Lle\u00f3, 2 a La Rioja, 2 al Pa\u00eds Basc i 1 a Navarra. Aix\u00ed mateix, disposa de la divisi\u00f3 de Food Service, un servei exclusiu que garanteix l\u2019entrega directa i eficient a negocis, proporcionant-los solucions adaptades a les necessitats del sector.<\/p>\n<p style=\"font-weight: 400;\">Transgourmet tamb\u00e9 ha apostat per l\u2019expansi\u00f3 dels seus supermercats franquiciats, impulsant el creixement de l\u2019ensenya Suma en aquestes regions estrat\u00e8giques per a la companyia, ja que compten amb un alt potencial de desenvolupament.<\/p>\n<p style=\"font-weight: 400;\"><strong>Programa d\u2019esdeveniments i activitats del 2025<\/strong><\/p>\n<p style=\"font-weight: 400;\">Per commemorar el seu centenari, Transgourmet ha organitzat un complet programa d\u2019activitats durant el 2025, que inclou la presentaci\u00f3 d\u2019una exposici\u00f3 fotogr\u00e0fica sobre la traject\u00f2ria de la companyia, un <a href=\"https:\/\/www.youtube.com\/watch?v=6f2BR3GHfnM&amp;list=PLSydNqKU_dZOizg9-bl6neao2_mtGcWSa&amp;index=1\">documental<\/a> sobre el centenari i la creaci\u00f3 de la <a href=\"https:\/\/www.youtube.com\/watch?v=7Er9nd4Mchw&amp;list=PLSydNqKU_dZOizg9-bl6neao2_mtGcWSa&amp;index=2\">can\u00e7\u00f3<\/a> <em>Somos fuertes<\/em>, s\u00edmbol de la seva identitat i valors.<\/p>\n<p style=\"font-weight: 400;\">Tamb\u00e9 ha creat un logotip especial amb el lema \u201cAlimentant hist\u00f2ries\u201d, un c\u00f2mic i un espai web \u2014<a href=\"https:\/\/www.centenariotransgourmetiberica.es\/\">https:\/\/www.centenariotransgourmetiberica.es<\/a>\u2014 amb les novetats i la informaci\u00f3 sobre totes les activitats.<\/p>\n","protected":false},"excerpt":{"rendered":"<p>Transgourmet Ib\u00e8rica ha celebrat avui un acte hist\u00f2ric al Palacio de Congresos y Auditorio de Burgos per commemorar els seus 100 anys de traject\u00f2ria. L\u2019esdeveniment ha reunit m\u00e9s de 350 persones, entre representants institucionals, membres del sector, clients, prove\u00efdors i empleats de Castella i Lle\u00f3 i la zona nord d\u2019Espanya, que han volgut retre homenatge&hellip;&nbsp;<\/p>\n","protected":false},"author":3,"featured_media":20138,"comment_status":"open","ping_status":"open","sticky":false,"template":"","format":"standard","meta":{"_acf_changed":false,"neve_meta_sidebar":"","neve_meta_container":"","neve_meta_enable_content_width":"off","neve_meta_content_width":70,"neve_meta_title_alignment":"","neve_meta_author_avatar":"","neve_post_elements_order":"","neve_meta_disable_header":"","neve_meta_disable_footer":"","neve_meta_disable_title":"","footnotes":""},"categories":[35],"tags":[],"class_list":["post-20135","post","type-post","status-publish","format-standard","has-post-thumbnail","hentry","category-corporativa-ca"],"acf":[],"yoast_head":"<!-- This site is optimized with the Yoast SEO plugin v27.4 - https:\/\/yoast.com\/product\/yoast-seo-wordpress\/ -->\n<title>Transgourmet Ib\u00e8rica commemora a Burgos els seus 100 anys d\u2019hist\u00f2ria i refor\u00e7a el seu lideratge en la distribuci\u00f3 majorista | Transgourmet<\/title>\n<meta name=\"robots\" content=\"index, follow, max-snippet:-1, max-image-preview:large, max-video-preview:-1\" \/>\n<link rel=\"canonical\" href=\"https:\/\/www.transgourmet.es\/ca\/blog\/transgourmet-iberica-commemora-a-burgos-els-seus-100-anys-dhistoria-i-reforca-el-seu-lideratge-en-la-distribucio-majorista\/\" \/>\n<meta property=\"og:locale\" content=\"ca_ES\" \/>\n<meta property=\"og:type\" content=\"article\" \/>\n<meta property=\"og:title\" content=\"Transgourmet Ib\u00e8rica commemora a Burgos els seus 100 anys d\u2019hist\u00f2ria i refor\u00e7a el seu lideratge en la distribuci\u00f3 majorista | Transgourmet\" \/>\n<meta property=\"og:description\" content=\"Transgourmet Ib\u00e8rica ha celebrat avui un acte hist\u00f2ric al Palacio de Congresos y Auditorio de Burgos per commemorar els seus 100 anys de traject\u00f2ria. L\u2019esdeveniment ha reunit m\u00e9s de 350 persones, entre representants institucionals, membres del sector, clients, prove\u00efdors i empleats de Castella i Lle\u00f3 i la zona nord d\u2019Espanya, que han volgut retre homenatge&hellip;&nbsp;\" \/>\n<meta property=\"og:url\" content=\"https:\/\/www.transgourmet.es\/ca\/blog\/transgourmet-iberica-commemora-a-burgos-els-seus-100-anys-dhistoria-i-reforca-el-seu-lideratge-en-la-distribucio-majorista\/\" \/>\n<meta property=\"og:site_name\" content=\"Transgourmet\" \/>\n<meta property=\"article:published_time\" content=\"2025-05-25T12:30:57+00:00\" \/>\n<meta property=\"article:modified_time\" content=\"2025-05-25T12:31:42+00:00\" \/>\n<meta property=\"og:image\" content=\"https:\/\/www.transgourmet.es\/wp-content\/uploads\/2025\/05\/Imagen1.ActocentenarioTransgourmetBurgosLluisLabairu.jpeg\" \/>\n\t<meta property=\"og:image:width\" content=\"2434\" \/>\n\t<meta property=\"og:image:height\" content=\"1622\" \/>\n\t<meta property=\"og:image:type\" content=\"image\/jpeg\" \/>\n<meta name=\"author\" content=\"Comunicacion\" \/>\n<meta name=\"twitter:card\" content=\"summary_large_image\" \/>\n<meta name=\"twitter:creator\" content=\"@transgourmet_es\" \/>\n<meta name=\"twitter:site\" content=\"@transgourmet_es\" \/>\n<meta name=\"twitter:label1\" content=\"Escrit per\" \/>\n\t<meta name=\"twitter:data1\" content=\"Comunicacion\" \/>\n\t<meta name=\"twitter:label2\" content=\"Temps estimat de lectura\" \/>\n\t<meta name=\"twitter:data2\" content=\"4 minuts\" \/>\n<script type=\"application\/ld+json\" class=\"yoast-schema-graph\">{\"@context\":\"https:\\\/\\\/schema.org\",\"@graph\":[{\"@type\":\"Article\",\"@id\":\"https:\\\/\\\/www.transgourmet.es\\\/ca\\\/blog\\\/transgourmet-iberica-commemora-a-burgos-els-seus-100-anys-dhistoria-i-reforca-el-seu-lideratge-en-la-distribucio-majorista\\\/#article\",\"isPartOf\":{\"@id\":\"https:\\\/\\\/www.transgourmet.es\\\/ca\\\/blog\\\/transgourmet-iberica-commemora-a-burgos-els-seus-100-anys-dhistoria-i-reforca-el-seu-lideratge-en-la-distribucio-majorista\\\/\"},\"author\":{\"name\":\"Comunicacion\",\"@id\":\"https:\\\/\\\/www.transgourmet.es\\\/#\\\/schema\\\/person\\\/7558b42d44946cf43b85426e3e9260ff\"},\"headline\":\"Transgourmet Ib\u00e8rica commemora a Burgos els seus 100 anys d\u2019hist\u00f2ria i refor\u00e7a el seu lideratge en la distribuci\u00f3 majorista\",\"datePublished\":\"2025-05-25T12:30:57+00:00\",\"dateModified\":\"2025-05-25T12:31:42+00:00\",\"mainEntityOfPage\":{\"@id\":\"https:\\\/\\\/www.transgourmet.es\\\/ca\\\/blog\\\/transgourmet-iberica-commemora-a-burgos-els-seus-100-anys-dhistoria-i-reforca-el-seu-lideratge-en-la-distribucio-majorista\\\/\"},\"wordCount\":744,\"commentCount\":0,\"publisher\":{\"@id\":\"https:\\\/\\\/www.transgourmet.es\\\/#organization\"},\"image\":{\"@id\":\"https:\\\/\\\/www.transgourmet.es\\\/ca\\\/blog\\\/transgourmet-iberica-commemora-a-burgos-els-seus-100-anys-dhistoria-i-reforca-el-seu-lideratge-en-la-distribucio-majorista\\\/#primaryimage\"},\"thumbnailUrl\":\"https:\\\/\\\/www.transgourmet.es\\\/wp-content\\\/uploads\\\/2025\\\/05\\\/Imagen1.ActocentenarioTransgourmetBurgosLluisLabairu.jpeg\",\"articleSection\":[\"Corporativa\"],\"inLanguage\":\"ca\",\"potentialAction\":[{\"@type\":\"CommentAction\",\"name\":\"Comment\",\"target\":[\"https:\\\/\\\/www.transgourmet.es\\\/ca\\\/blog\\\/transgourmet-iberica-commemora-a-burgos-els-seus-100-anys-dhistoria-i-reforca-el-seu-lideratge-en-la-distribucio-majorista\\\/#respond\"]}]},{\"@type\":\"WebPage\",\"@id\":\"https:\\\/\\\/www.transgourmet.es\\\/ca\\\/blog\\\/transgourmet-iberica-commemora-a-burgos-els-seus-100-anys-dhistoria-i-reforca-el-seu-lideratge-en-la-distribucio-majorista\\\/\",\"url\":\"https:\\\/\\\/www.transgourmet.es\\\/ca\\\/blog\\\/transgourmet-iberica-commemora-a-burgos-els-seus-100-anys-dhistoria-i-reforca-el-seu-lideratge-en-la-distribucio-majorista\\\/\",\"name\":\"Transgourmet Ib\u00e8rica commemora a Burgos els seus 100 anys d\u2019hist\u00f2ria i refor\u00e7a el seu lideratge en la distribuci\u00f3 majorista | Transgourmet\",\"isPartOf\":{\"@id\":\"https:\\\/\\\/www.transgourmet.es\\\/#website\"},\"primaryImageOfPage\":{\"@id\":\"https:\\\/\\\/www.transgourmet.es\\\/ca\\\/blog\\\/transgourmet-iberica-commemora-a-burgos-els-seus-100-anys-dhistoria-i-reforca-el-seu-lideratge-en-la-distribucio-majorista\\\/#primaryimage\"},\"image\":{\"@id\":\"https:\\\/\\\/www.transgourmet.es\\\/ca\\\/blog\\\/transgourmet-iberica-commemora-a-burgos-els-seus-100-anys-dhistoria-i-reforca-el-seu-lideratge-en-la-distribucio-majorista\\\/#primaryimage\"},\"thumbnailUrl\":\"https:\\\/\\\/www.transgourmet.es\\\/wp-content\\\/uploads\\\/2025\\\/05\\\/Imagen1.ActocentenarioTransgourmetBurgosLluisLabairu.jpeg\",\"datePublished\":\"2025-05-25T12:30:57+00:00\",\"dateModified\":\"2025-05-25T12:31:42+00:00\",\"breadcrumb\":{\"@id\":\"https:\\\/\\\/www.transgourmet.es\\\/ca\\\/blog\\\/transgourmet-iberica-commemora-a-burgos-els-seus-100-anys-dhistoria-i-reforca-el-seu-lideratge-en-la-distribucio-majorista\\\/#breadcrumb\"},\"inLanguage\":\"ca\",\"potentialAction\":[{\"@type\":\"ReadAction\",\"target\":[\"https:\\\/\\\/www.transgourmet.es\\\/ca\\\/blog\\\/transgourmet-iberica-commemora-a-burgos-els-seus-100-anys-dhistoria-i-reforca-el-seu-lideratge-en-la-distribucio-majorista\\\/\"]}]},{\"@type\":\"ImageObject\",\"inLanguage\":\"ca\",\"@id\":\"https:\\\/\\\/www.transgourmet.es\\\/ca\\\/blog\\\/transgourmet-iberica-commemora-a-burgos-els-seus-100-anys-dhistoria-i-reforca-el-seu-lideratge-en-la-distribucio-majorista\\\/#primaryimage\",\"url\":\"https:\\\/\\\/www.transgourmet.es\\\/wp-content\\\/uploads\\\/2025\\\/05\\\/Imagen1.ActocentenarioTransgourmetBurgosLluisLabairu.jpeg\",\"contentUrl\":\"https:\\\/\\\/www.transgourmet.es\\\/wp-content\\\/uploads\\\/2025\\\/05\\\/Imagen1.ActocentenarioTransgourmetBurgosLluisLabairu.jpeg\",\"width\":2434,\"height\":1622},{\"@type\":\"BreadcrumbList\",\"@id\":\"https:\\\/\\\/www.transgourmet.es\\\/ca\\\/blog\\\/transgourmet-iberica-commemora-a-burgos-els-seus-100-anys-dhistoria-i-reforca-el-seu-lideratge-en-la-distribucio-majorista\\\/#breadcrumb\",\"itemListElement\":[{\"@type\":\"ListItem\",\"position\":1,\"name\":\"Portada\",\"item\":\"https:\\\/\\\/www.transgourmet.es\\\/ca\\\/\"},{\"@type\":\"ListItem\",\"position\":2,\"name\":\"Transgourmet Ib\u00e8rica commemora a Burgos els seus 100 anys d\u2019hist\u00f2ria i refor\u00e7a el seu lideratge en la distribuci\u00f3 majorista\"}]},{\"@type\":\"WebSite\",\"@id\":\"https:\\\/\\\/www.transgourmet.es\\\/#website\",\"url\":\"https:\\\/\\\/www.transgourmet.es\\\/\",\"name\":\"Transgourmet\",\"description\":\"Distribuci\u00f3n mayorista de alimentaci\u00f3n en Espa\u00f1a\",\"publisher\":{\"@id\":\"https:\\\/\\\/www.transgourmet.es\\\/#organization\"},\"alternateName\":\"Grupo Transgourmet\",\"potentialAction\":[{\"@type\":\"SearchAction\",\"target\":{\"@type\":\"EntryPoint\",\"urlTemplate\":\"https:\\\/\\\/www.transgourmet.es\\\/?s={search_term_string}\"},\"query-input\":{\"@type\":\"PropertyValueSpecification\",\"valueRequired\":true,\"valueName\":\"search_term_string\"}}],\"inLanguage\":\"ca\"},{\"@type\":\"Organization\",\"@id\":\"https:\\\/\\\/www.transgourmet.es\\\/#organization\",\"name\":\"Transgourmet\",\"url\":\"https:\\\/\\\/www.transgourmet.es\\\/\",\"logo\":{\"@type\":\"ImageObject\",\"inLanguage\":\"ca\",\"@id\":\"https:\\\/\\\/www.transgourmet.es\\\/#\\\/schema\\\/logo\\\/image\\\/\",\"url\":\"https:\\\/\\\/www.transgourmet.es\\\/wp-content\\\/uploads\\\/2022\\\/08\\\/trans-vert.svg\",\"contentUrl\":\"https:\\\/\\\/www.transgourmet.es\\\/wp-content\\\/uploads\\\/2022\\\/08\\\/trans-vert.svg\",\"width\":296,\"height\":113,\"caption\":\"Transgourmet\"},\"image\":{\"@id\":\"https:\\\/\\\/www.transgourmet.es\\\/#\\\/schema\\\/logo\\\/image\\\/\"},\"sameAs\":[\"https:\\\/\\\/x.com\\\/transgourmet_es\",\"https:\\\/\\\/www.youtube.com\\\/c\\\/TransgourmetIberica\",\"https:\\\/\\\/www.linkedin.com\\\/company\\\/transgourmet-iberica\"]},{\"@type\":\"Person\",\"@id\":\"https:\\\/\\\/www.transgourmet.es\\\/#\\\/schema\\\/person\\\/7558b42d44946cf43b85426e3e9260ff\",\"name\":\"Comunicacion\",\"image\":{\"@type\":\"ImageObject\",\"inLanguage\":\"ca\",\"@id\":\"https:\\\/\\\/secure.gravatar.com\\\/avatar\\\/22ed58e86b6fa1d603bc37a456b3c1eead2a5b2dc754952f01bc759bba31e2f3?s=96&d=mm&r=g\",\"url\":\"https:\\\/\\\/secure.gravatar.com\\\/avatar\\\/22ed58e86b6fa1d603bc37a456b3c1eead2a5b2dc754952f01bc759bba31e2f3?s=96&d=mm&r=g\",\"contentUrl\":\"https:\\\/\\\/secure.gravatar.com\\\/avatar\\\/22ed58e86b6fa1d603bc37a456b3c1eead2a5b2dc754952f01bc759bba31e2f3?s=96&d=mm&r=g\",\"caption\":\"Comunicacion\"},\"sameAs\":[\"https:\\\/\\\/www.transgourmet.es\\\/\"]}]}<\/script>\n<!-- \/ Yoast SEO plugin. -->","yoast_head_json":{"title":"Transgourmet Ib\u00e8rica commemora a Burgos els seus 100 anys d\u2019hist\u00f2ria i refor\u00e7a el seu lideratge en la distribuci\u00f3 majorista | Transgourmet","robots":{"index":"index","follow":"follow","max-snippet":"max-snippet:-1","max-image-preview":"max-image-preview:large","max-video-preview":"max-video-preview:-1"},"canonical":"https:\/\/www.transgourmet.es\/ca\/blog\/transgourmet-iberica-commemora-a-burgos-els-seus-100-anys-dhistoria-i-reforca-el-seu-lideratge-en-la-distribucio-majorista\/","og_locale":"ca_ES","og_type":"article","og_title":"Transgourmet Ib\u00e8rica commemora a Burgos els seus 100 anys d\u2019hist\u00f2ria i refor\u00e7a el seu lideratge en la distribuci\u00f3 majorista | Transgourmet","og_description":"Transgourmet Ib\u00e8rica ha celebrat avui un acte hist\u00f2ric al Palacio de Congresos y Auditorio de Burgos per commemorar els seus 100 anys de traject\u00f2ria. L\u2019esdeveniment ha reunit m\u00e9s de 350 persones, entre representants institucionals, membres del sector, clients, prove\u00efdors i empleats de Castella i Lle\u00f3 i la zona nord d\u2019Espanya, que han volgut retre homenatge&hellip;&nbsp;","og_url":"https:\/\/www.transgourmet.es\/ca\/blog\/transgourmet-iberica-commemora-a-burgos-els-seus-100-anys-dhistoria-i-reforca-el-seu-lideratge-en-la-distribucio-majorista\/","og_site_name":"Transgourmet","article_published_time":"2025-05-25T12:30:57+00:00","article_modified_time":"2025-05-25T12:31:42+00:00","og_image":[{"width":2434,"height":1622,"url":"https:\/\/www.transgourmet.es\/wp-content\/uploads\/2025\/05\/Imagen1.ActocentenarioTransgourmetBurgosLluisLabairu.jpeg","type":"image\/jpeg"}],"author":"Comunicacion","twitter_card":"summary_large_image","twitter_creator":"@transgourmet_es","twitter_site":"@transgourmet_es","twitter_misc":{"Escrit per":"Comunicacion","Temps estimat de lectura":"4 minuts"},"schema":{"@context":"https:\/\/schema.org","@graph":[{"@type":"Article","@id":"https:\/\/www.transgourmet.es\/ca\/blog\/transgourmet-iberica-commemora-a-burgos-els-seus-100-anys-dhistoria-i-reforca-el-seu-lideratge-en-la-distribucio-majorista\/#article","isPartOf":{"@id":"https:\/\/www.transgourmet.es\/ca\/blog\/transgourmet-iberica-commemora-a-burgos-els-seus-100-anys-dhistoria-i-reforca-el-seu-lideratge-en-la-distribucio-majorista\/"},"author":{"name":"Comunicacion","@id":"https:\/\/www.transgourmet.es\/#\/schema\/person\/7558b42d44946cf43b85426e3e9260ff"},"headline":"Transgourmet Ib\u00e8rica commemora a Burgos els seus 100 anys d\u2019hist\u00f2ria i refor\u00e7a el seu lideratge en la distribuci\u00f3 majorista","datePublished":"2025-05-25T12:30:57+00:00","dateModified":"2025-05-25T12:31:42+00:00","mainEntityOfPage":{"@id":"https:\/\/www.transgourmet.es\/ca\/blog\/transgourmet-iberica-commemora-a-burgos-els-seus-100-anys-dhistoria-i-reforca-el-seu-lideratge-en-la-distribucio-majorista\/"},"wordCount":744,"commentCount":0,"publisher":{"@id":"https:\/\/www.transgourmet.es\/#organization"},"image":{"@id":"https:\/\/www.transgourmet.es\/ca\/blog\/transgourmet-iberica-commemora-a-burgos-els-seus-100-anys-dhistoria-i-reforca-el-seu-lideratge-en-la-distribucio-majorista\/#primaryimage"},"thumbnailUrl":"https:\/\/www.transgourmet.es\/wp-content\/uploads\/2025\/05\/Imagen1.ActocentenarioTransgourmetBurgosLluisLabairu.jpeg","articleSection":["Corporativa"],"inLanguage":"ca","potentialAction":[{"@type":"CommentAction","name":"Comment","target":["https:\/\/www.transgourmet.es\/ca\/blog\/transgourmet-iberica-commemora-a-burgos-els-seus-100-anys-dhistoria-i-reforca-el-seu-lideratge-en-la-distribucio-majorista\/#respond"]}]},{"@type":"WebPage","@id":"https:\/\/www.transgourmet.es\/ca\/blog\/transgourmet-iberica-commemora-a-burgos-els-seus-100-anys-dhistoria-i-reforca-el-seu-lideratge-en-la-distribucio-majorista\/","url":"https:\/\/www.transgourmet.es\/ca\/blog\/transgourmet-iberica-commemora-a-burgos-els-seus-100-anys-dhistoria-i-reforca-el-seu-lideratge-en-la-distribucio-majorista\/","name":"Transgourmet Ib\u00e8rica commemora a Burgos els seus 100 anys d\u2019hist\u00f2ria i refor\u00e7a el seu lideratge en la distribuci\u00f3 majorista | Transgourmet","isPartOf":{"@id":"https:\/\/www.transgourmet.es\/#website"},"primaryImageOfPage":{"@id":"https:\/\/www.transgourmet.es\/ca\/blog\/transgourmet-iberica-commemora-a-burgos-els-seus-100-anys-dhistoria-i-reforca-el-seu-lideratge-en-la-distribucio-majorista\/#primaryimage"},"image":{"@id":"https:\/\/www.transgourmet.es\/ca\/blog\/transgourmet-iberica-commemora-a-burgos-els-seus-100-anys-dhistoria-i-reforca-el-seu-lideratge-en-la-distribucio-majorista\/#primaryimage"},"thumbnailUrl":"https:\/\/www.transgourmet.es\/wp-content\/uploads\/2025\/05\/Imagen1.ActocentenarioTransgourmetBurgosLluisLabairu.jpeg","datePublished":"2025-05-25T12:30:57+00:00","dateModified":"2025-05-25T12:31:42+00:00","breadcrumb":{"@id":"https:\/\/www.transgourmet.es\/ca\/blog\/transgourmet-iberica-commemora-a-burgos-els-seus-100-anys-dhistoria-i-reforca-el-seu-lideratge-en-la-distribucio-majorista\/#breadcrumb"},"inLanguage":"ca","potentialAction":[{"@type":"ReadAction","target":["https:\/\/www.transgourmet.es\/ca\/blog\/transgourmet-iberica-commemora-a-burgos-els-seus-100-anys-dhistoria-i-reforca-el-seu-lideratge-en-la-distribucio-majorista\/"]}]},{"@type":"ImageObject","inLanguage":"ca","@id":"https:\/\/www.transgourmet.es\/ca\/blog\/transgourmet-iberica-commemora-a-burgos-els-seus-100-anys-dhistoria-i-reforca-el-seu-lideratge-en-la-distribucio-majorista\/#primaryimage","url":"https:\/\/www.transgourmet.es\/wp-content\/uploads\/2025\/05\/Imagen1.ActocentenarioTransgourmetBurgosLluisLabairu.jpeg","contentUrl":"https:\/\/www.transgourmet.es\/wp-content\/uploads\/2025\/05\/Imagen1.ActocentenarioTransgourmetBurgosLluisLabairu.jpeg","width":2434,"height":1622},{"@type":"BreadcrumbList","@id":"https:\/\/www.transgourmet.es\/ca\/blog\/transgourmet-iberica-commemora-a-burgos-els-seus-100-anys-dhistoria-i-reforca-el-seu-lideratge-en-la-distribucio-majorista\/#breadcrumb","itemListElement":[{"@type":"ListItem","position":1,"name":"Portada","item":"https:\/\/www.transgourmet.es\/ca\/"},{"@type":"ListItem","position":2,"name":"Transgourmet Ib\u00e8rica commemora a Burgos els seus 100 anys d\u2019hist\u00f2ria i refor\u00e7a el seu lideratge en la distribuci\u00f3 majorista"}]},{"@type":"WebSite","@id":"https:\/\/www.transgourmet.es\/#website","url":"https:\/\/www.transgourmet.es\/","name":"Transgourmet","description":"Distribuci\u00f3n mayorista de alimentaci\u00f3n en Espa\u00f1a","publisher":{"@id":"https:\/\/www.transgourmet.es\/#organization"},"alternateName":"Grupo Transgourmet","potentialAction":[{"@type":"SearchAction","target":{"@type":"EntryPoint","urlTemplate":"https:\/\/www.transgourmet.es\/?s={search_term_string}"},"query-input":{"@type":"PropertyValueSpecification","valueRequired":true,"valueName":"search_term_string"}}],"inLanguage":"ca"},{"@type":"Organization","@id":"https:\/\/www.transgourmet.es\/#organization","name":"Transgourmet","url":"https:\/\/www.transgourmet.es\/","logo":{"@type":"ImageObject","inLanguage":"ca","@id":"https:\/\/www.transgourmet.es\/#\/schema\/logo\/image\/","url":"https:\/\/www.transgourmet.es\/wp-content\/uploads\/2022\/08\/trans-vert.svg","contentUrl":"https:\/\/www.transgourmet.es\/wp-content\/uploads\/2022\/08\/trans-vert.svg","width":296,"height":113,"caption":"Transgourmet"},"image":{"@id":"https:\/\/www.transgourmet.es\/#\/schema\/logo\/image\/"},"sameAs":["https:\/\/x.com\/transgourmet_es","https:\/\/www.youtube.com\/c\/TransgourmetIberica","https:\/\/www.linkedin.com\/company\/transgourmet-iberica"]},{"@type":"Person","@id":"https:\/\/www.transgourmet.es\/#\/schema\/person\/7558b42d44946cf43b85426e3e9260ff","name":"Comunicacion","image":{"@type":"ImageObject","inLanguage":"ca","@id":"https:\/\/secure.gravatar.com\/avatar\/22ed58e86b6fa1d603bc37a456b3c1eead2a5b2dc754952f01bc759bba31e2f3?s=96&d=mm&r=g","url":"https:\/\/secure.gravatar.com\/avatar\/22ed58e86b6fa1d603bc37a456b3c1eead2a5b2dc754952f01bc759bba31e2f3?s=96&d=mm&r=g","contentUrl":"https:\/\/secure.gravatar.com\/avatar\/22ed58e86b6fa1d603bc37a456b3c1eead2a5b2dc754952f01bc759bba31e2f3?s=96&d=mm&r=g","caption":"Comunicacion"},"sameAs":["https:\/\/www.transgourmet.es\/"]}]}},"_links":{"self":[{"href":"https:\/\/www.transgourmet.es\/ca\/wp-json\/wp\/v2\/posts\/20135","targetHints":{"allow":["GET"]}}],"collection":[{"href":"https:\/\/www.transgourmet.es\/ca\/wp-json\/wp\/v2\/posts"}],"about":[{"href":"https:\/\/www.transgourmet.es\/ca\/wp-json\/wp\/v2\/types\/post"}],"author":[{"embeddable":true,"href":"https:\/\/www.transgourmet.es\/ca\/wp-json\/wp\/v2\/users\/3"}],"replies":[{"embeddable":true,"href":"https:\/\/www.transgourmet.es\/ca\/wp-json\/wp\/v2\/comments?post=20135"}],"version-history":[{"count":3,"href":"https:\/\/www.transgourmet.es\/ca\/wp-json\/wp\/v2\/posts\/20135\/revisions"}],"predecessor-version":[{"id":20147,"href":"https:\/\/www.transgourmet.es\/ca\/wp-json\/wp\/v2\/posts\/20135\/revisions\/20147"}],"wp:featuredmedia":[{"embeddable":true,"href":"https:\/\/www.transgourmet.es\/ca\/wp-json\/wp\/v2\/media\/20138"}],"wp:attachment":[{"href":"https:\/\/www.transgourmet.es\/ca\/wp-json\/wp\/v2\/media?parent=20135"}],"wp:term":[{"taxonomy":"category","embeddable":true,"href":"https:\/\/www.transgourmet.es\/ca\/wp-json\/wp\/v2\/categories?post=20135"},{"taxonomy":"post_tag","embeddable":true,"href":"https:\/\/www.transgourmet.es\/ca\/wp-json\/wp\/v2\/tags?post=20135"}],"curies":[{"name":"wp","href":"https:\/\/api.w.org\/{rel}","templated":true}]}}