{"id":20403,"date":"2025-05-27T10:25:36","date_gmt":"2025-05-27T08:25:36","guid":{"rendered":"https:\/\/www.transgourmet.es\/?p=20403"},"modified":"2025-05-27T10:27:08","modified_gmt":"2025-05-27T08:27:08","slug":"lalianca-de-transgourmet-iberica-i-nudisco-comenca-a-fer-cami-per-creixer-a-la-zona-de-llevant-un-cop-aprovada-per-la-comissio-de-la-competencia","status":"publish","type":"post","link":"https:\/\/www.transgourmet.es\/ca\/blog\/lalianca-de-transgourmet-iberica-i-nudisco-comenca-a-fer-cami-per-creixer-a-la-zona-de-llevant-un-cop-aprovada-per-la-comissio-de-la-competencia\/","title":{"rendered":"L\u2019alian\u00e7a de Transgourmet Ib\u00e8rica i Nudisco comen\u00e7a a fer cam\u00ed per cr\u00e9ixer a la zona de Llevant un cop aprovada per la Comissi\u00f3 de la Compet\u00e8ncia"},"content":{"rendered":"<p style=\"font-weight: 400;\">L\u2019empresa conjunta creada per Transgourmet Ib\u00e8rica i l\u2019empresa \u00a0Nudisco ha comen\u00e7at a fer cam\u00ed per a convertir-se en el referent del <em>retail <\/em>de proximitat a tota la zona de Llevant, despr\u00e9s que l\u2019operaci\u00f3 ha estat aprovada per la Comissi\u00f3 Nacional dels Mercats i la Compet\u00e8ncia. La nova societat, Nuditrans, est\u00e0 participada al 50 % per Transgourmet Ib\u00e8rica, referent de la distribuci\u00f3 a l\u2019hostaleria i al supermercat de proximitat, i al 50 % per Nudisco, dedicada a la comercialitzaci\u00f3 d\u2019aliments en conserva. Les dues empreses ja treballen per posar en marxa un ambici\u00f3s pla d\u2019expansi\u00f3 a la zona de Llevant, on ja compten amb una important pres\u00e8ncia.<\/p>\n<p style=\"font-weight: 400;\">La nova societat inclou 32 supermercats propietat de Nudisco: 19 amb l\u2019ensenya Kuups, 11 Economy Cash i 2 Vidal. Aquests establiments sumen una plantilla de 242 persones i una superf\u00edcie comercial d\u2019aproximadament 38.000 m<sup>2<\/sup>.<\/p>\n<p style=\"font-weight: 400;\">L\u2019alian\u00e7a crear\u00e0 sinergies per expandir encara m\u00e9s la pres\u00e8ncia de les dues empreses a la Comunitat Valenciana i a Albacete. Transgourmet Ib\u00e8rica aporta una \u00e0mplia experi\u00e8ncia tant en el subministrament com en la log\u00edstica i els processos i serveis vinculats a la distribuci\u00f3, mentre que Nudisco destaca per la seva gran experi\u00e8ncia en la gesti\u00f3 i explotaci\u00f3 de supermercats a Llevant.<\/p>\n<p style=\"font-weight: 400;\">Llu\u00eds Labairu, director general de Transgourmet Ib\u00e8rica, considera que aquesta alian\u00e7a estrat\u00e8gica amb Nudisco \u201c\u00e9s una oportunitat \u00fanica per consolidar el nostre lideratge en una zona on ja comptem amb una pres\u00e8ncia molt destacada a trav\u00e9s de la nostra franqu\u00edcia Suma de supermercat de proximitat i conveni\u00e8ncia, per\u00f2 on hi veiem un gran potencial de creixement a trav\u00e9s del nostre model de franqu\u00edcia\u201d.<\/p>\n<p style=\"font-weight: 400;\">Per Miguel \u00c1ngel Alcaraz, president de Nudisco, l\u2019alian\u00e7a amb un soci de prestigi com Transgourmet \u201cpermetr\u00e0 que durant els propers anys puguem impulsar amb garanties un model de supermercats de proximitat i conveni\u00e8ncia que cada vegada \u00e9s m\u00e9s demanat\u201d.<\/p>\n<p style=\"font-weight: 400;\"><strong>SOBRE TRANSGOURMET IB\u00c8RICA<\/strong><\/p>\n<p style=\"font-weight: 400;\">Transgourmet Ib\u00e8rica \u00e9s propietat del grup su\u00eds Transgourmet, la segona empresa de distribuci\u00f3 majorista d\u2019Europa, que al seu torn pertany al grup Coop. Actualment compta amb 5 plataformes de distribuci\u00f3 repartides per tot Espanya i \u00e9s referent en el sector de Retail, amb prop de 700 supermercats franquiciats amb les ensenyes Suma, Proxim i Spar, i m\u00e9s de 2.600 clientes independents.<\/p>\n<p style=\"font-weight: 400;\">Aix\u00ed mateix, l\u2019empresa compta amb la seva l\u00ednia Horeca amb GM Cash, la seva ensenya de <em>cash&amp;carr<\/em>y \u2014que compr\u00e8n 70 centres amb 28 gasolineres GM Oil\u2014, i la divisi\u00f3 de Food Service de servei a l\u2019hostaleria, amb 370 comercials i una flota semblant de vehicles per al servei de repartiment.<\/p>\n<div>\n<p><b><span lang=\"CA\">SOBRE NUDISCO<\/span><\/b><\/p>\n<\/div>\n<div>\n<p><span lang=\"CA\">Nudisco, empresa especialitzada en aliments en conserva, realitza l\u2019activitat des del 1999. Els productes del grup es troben a m\u00e9s de 100 pa\u00efsos amb marques com DIAMIR, MONTEY o FENICIA. Amb una facturaci\u00f3 propera als 115 milions, \u00e9s l\u00edder en format industrial i un ampli assortiment de formats de <i>retail.<\/i>\u00a0 <\/span><\/p>\n<\/div>\n<div>\n<p><span lang=\"CA\">Grupo Nudisco va comen\u00e7ar la seva activitat en <i>retail <\/i>el 2011, adquirint una \u00e0mplia experi\u00e8ncia en l\u2019obertura i gesti\u00f3 de supermercats de mida petita i gran.<\/span><\/p>\n<\/div>\n","protected":false},"excerpt":{"rendered":"<p>L\u2019empresa conjunta creada per Transgourmet Ib\u00e8rica i l\u2019empresa \u00a0Nudisco ha comen\u00e7at a fer cam\u00ed per a convertir-se en el referent del retail de proximitat a tota la zona de Llevant, despr\u00e9s que l\u2019operaci\u00f3 ha estat aprovada per la Comissi\u00f3 Nacional dels Mercats i la Compet\u00e8ncia. La nova societat, Nuditrans, est\u00e0 participada al 50 % per&hellip;&nbsp;<\/p>\n","protected":false},"author":3,"featured_media":20449,"comment_status":"open","ping_status":"open","sticky":false,"template":"","format":"standard","meta":{"_acf_changed":false,"neve_meta_sidebar":"","neve_meta_container":"","neve_meta_enable_content_width":"off","neve_meta_content_width":70,"neve_meta_title_alignment":"","neve_meta_author_avatar":"","neve_post_elements_order":"","neve_meta_disable_header":"","neve_meta_disable_footer":"","neve_meta_disable_title":"","footnotes":""},"categories":[40],"tags":[],"class_list":["post-20403","post","type-post","status-publish","format-standard","has-post-thumbnail","hentry","category-supermercats"],"acf":[],"yoast_head":"<!-- This site is optimized with the Yoast SEO plugin v27.4 - https:\/\/yoast.com\/product\/yoast-seo-wordpress\/ -->\n<title>L\u2019alian\u00e7a de Transgourmet Ib\u00e8rica i Nudisco comen\u00e7a a fer cam\u00ed per cr\u00e9ixer a la zona de Llevant un cop aprovada per la Comissi\u00f3 de la Compet\u00e8ncia | Transgourmet<\/title>\n<meta name=\"robots\" content=\"index, follow, max-snippet:-1, max-image-preview:large, max-video-preview:-1\" \/>\n<link rel=\"canonical\" href=\"https:\/\/www.transgourmet.es\/ca\/blog\/lalianca-de-transgourmet-iberica-i-nudisco-comenca-a-fer-cami-per-creixer-a-la-zona-de-llevant-un-cop-aprovada-per-la-comissio-de-la-competencia\/\" \/>\n<meta property=\"og:locale\" content=\"ca_ES\" \/>\n<meta property=\"og:type\" content=\"article\" \/>\n<meta property=\"og:title\" content=\"L\u2019alian\u00e7a de Transgourmet Ib\u00e8rica i Nudisco comen\u00e7a a fer cam\u00ed per cr\u00e9ixer a la zona de Llevant un cop aprovada per la Comissi\u00f3 de la Compet\u00e8ncia | Transgourmet\" \/>\n<meta property=\"og:description\" content=\"L\u2019empresa conjunta creada per Transgourmet Ib\u00e8rica i l\u2019empresa \u00a0Nudisco ha comen\u00e7at a fer cam\u00ed per a convertir-se en el referent del retail de proximitat a tota la zona de Llevant, despr\u00e9s que l\u2019operaci\u00f3 ha estat aprovada per la Comissi\u00f3 Nacional dels Mercats i la Compet\u00e8ncia. La nova societat, Nuditrans, est\u00e0 participada al 50 % per&hellip;&nbsp;\" \/>\n<meta property=\"og:url\" content=\"https:\/\/www.transgourmet.es\/ca\/blog\/lalianca-de-transgourmet-iberica-i-nudisco-comenca-a-fer-cami-per-creixer-a-la-zona-de-llevant-un-cop-aprovada-per-la-comissio-de-la-competencia\/\" \/>\n<meta property=\"og:site_name\" content=\"Transgourmet\" \/>\n<meta property=\"article:published_time\" content=\"2025-05-27T08:25:36+00:00\" \/>\n<meta property=\"article:modified_time\" content=\"2025-05-27T08:27:08+00:00\" \/>\n<meta property=\"og:image\" content=\"https:\/\/www.transgourmet.es\/wp-content\/uploads\/2025\/05\/ImagenTransgourmet-scaled.jpg\" \/>\n\t<meta property=\"og:image:width\" content=\"2560\" \/>\n\t<meta property=\"og:image:height\" content=\"1707\" \/>\n\t<meta property=\"og:image:type\" content=\"image\/jpeg\" \/>\n<meta name=\"author\" content=\"Comunicacion\" \/>\n<meta name=\"twitter:card\" content=\"summary_large_image\" \/>\n<meta name=\"twitter:creator\" content=\"@transgourmet_es\" \/>\n<meta name=\"twitter:site\" content=\"@transgourmet_es\" \/>\n<meta name=\"twitter:label1\" content=\"Escrit per\" \/>\n\t<meta name=\"twitter:data1\" content=\"Comunicacion\" \/>\n\t<meta name=\"twitter:label2\" content=\"Temps estimat de lectura\" \/>\n\t<meta name=\"twitter:data2\" content=\"3 minuts\" \/>\n<script type=\"application\/ld+json\" class=\"yoast-schema-graph\">{\"@context\":\"https:\\\/\\\/schema.org\",\"@graph\":[{\"@type\":\"Article\",\"@id\":\"https:\\\/\\\/www.transgourmet.es\\\/ca\\\/blog\\\/lalianca-de-transgourmet-iberica-i-nudisco-comenca-a-fer-cami-per-creixer-a-la-zona-de-llevant-un-cop-aprovada-per-la-comissio-de-la-competencia\\\/#article\",\"isPartOf\":{\"@id\":\"https:\\\/\\\/www.transgourmet.es\\\/ca\\\/blog\\\/lalianca-de-transgourmet-iberica-i-nudisco-comenca-a-fer-cami-per-creixer-a-la-zona-de-llevant-un-cop-aprovada-per-la-comissio-de-la-competencia\\\/\"},\"author\":{\"name\":\"Comunicacion\",\"@id\":\"https:\\\/\\\/www.transgourmet.es\\\/#\\\/schema\\\/person\\\/7558b42d44946cf43b85426e3e9260ff\"},\"headline\":\"L\u2019alian\u00e7a de Transgourmet Ib\u00e8rica i Nudisco comen\u00e7a a fer cam\u00ed per cr\u00e9ixer a la zona de Llevant un cop aprovada per la Comissi\u00f3 de la Compet\u00e8ncia\",\"datePublished\":\"2025-05-27T08:25:36+00:00\",\"dateModified\":\"2025-05-27T08:27:08+00:00\",\"mainEntityOfPage\":{\"@id\":\"https:\\\/\\\/www.transgourmet.es\\\/ca\\\/blog\\\/lalianca-de-transgourmet-iberica-i-nudisco-comenca-a-fer-cami-per-creixer-a-la-zona-de-llevant-un-cop-aprovada-per-la-comissio-de-la-competencia\\\/\"},\"wordCount\":563,\"commentCount\":0,\"publisher\":{\"@id\":\"https:\\\/\\\/www.transgourmet.es\\\/#organization\"},\"image\":{\"@id\":\"https:\\\/\\\/www.transgourmet.es\\\/ca\\\/blog\\\/lalianca-de-transgourmet-iberica-i-nudisco-comenca-a-fer-cami-per-creixer-a-la-zona-de-llevant-un-cop-aprovada-per-la-comissio-de-la-competencia\\\/#primaryimage\"},\"thumbnailUrl\":\"https:\\\/\\\/www.transgourmet.es\\\/wp-content\\\/uploads\\\/2025\\\/05\\\/ImagenTransgourmet-scaled.jpg\",\"articleSection\":[\"Supermercats\"],\"inLanguage\":\"ca\",\"potentialAction\":[{\"@type\":\"CommentAction\",\"name\":\"Comment\",\"target\":[\"https:\\\/\\\/www.transgourmet.es\\\/ca\\\/blog\\\/lalianca-de-transgourmet-iberica-i-nudisco-comenca-a-fer-cami-per-creixer-a-la-zona-de-llevant-un-cop-aprovada-per-la-comissio-de-la-competencia\\\/#respond\"]}]},{\"@type\":\"WebPage\",\"@id\":\"https:\\\/\\\/www.transgourmet.es\\\/ca\\\/blog\\\/lalianca-de-transgourmet-iberica-i-nudisco-comenca-a-fer-cami-per-creixer-a-la-zona-de-llevant-un-cop-aprovada-per-la-comissio-de-la-competencia\\\/\",\"url\":\"https:\\\/\\\/www.transgourmet.es\\\/ca\\\/blog\\\/lalianca-de-transgourmet-iberica-i-nudisco-comenca-a-fer-cami-per-creixer-a-la-zona-de-llevant-un-cop-aprovada-per-la-comissio-de-la-competencia\\\/\",\"name\":\"L\u2019alian\u00e7a de Transgourmet Ib\u00e8rica i Nudisco comen\u00e7a a fer cam\u00ed per cr\u00e9ixer a la zona de Llevant un cop aprovada per la Comissi\u00f3 de la Compet\u00e8ncia | Transgourmet\",\"isPartOf\":{\"@id\":\"https:\\\/\\\/www.transgourmet.es\\\/#website\"},\"primaryImageOfPage\":{\"@id\":\"https:\\\/\\\/www.transgourmet.es\\\/ca\\\/blog\\\/lalianca-de-transgourmet-iberica-i-nudisco-comenca-a-fer-cami-per-creixer-a-la-zona-de-llevant-un-cop-aprovada-per-la-comissio-de-la-competencia\\\/#primaryimage\"},\"image\":{\"@id\":\"https:\\\/\\\/www.transgourmet.es\\\/ca\\\/blog\\\/lalianca-de-transgourmet-iberica-i-nudisco-comenca-a-fer-cami-per-creixer-a-la-zona-de-llevant-un-cop-aprovada-per-la-comissio-de-la-competencia\\\/#primaryimage\"},\"thumbnailUrl\":\"https:\\\/\\\/www.transgourmet.es\\\/wp-content\\\/uploads\\\/2025\\\/05\\\/ImagenTransgourmet-scaled.jpg\",\"datePublished\":\"2025-05-27T08:25:36+00:00\",\"dateModified\":\"2025-05-27T08:27:08+00:00\",\"breadcrumb\":{\"@id\":\"https:\\\/\\\/www.transgourmet.es\\\/ca\\\/blog\\\/lalianca-de-transgourmet-iberica-i-nudisco-comenca-a-fer-cami-per-creixer-a-la-zona-de-llevant-un-cop-aprovada-per-la-comissio-de-la-competencia\\\/#breadcrumb\"},\"inLanguage\":\"ca\",\"potentialAction\":[{\"@type\":\"ReadAction\",\"target\":[\"https:\\\/\\\/www.transgourmet.es\\\/ca\\\/blog\\\/lalianca-de-transgourmet-iberica-i-nudisco-comenca-a-fer-cami-per-creixer-a-la-zona-de-llevant-un-cop-aprovada-per-la-comissio-de-la-competencia\\\/\"]}]},{\"@type\":\"ImageObject\",\"inLanguage\":\"ca\",\"@id\":\"https:\\\/\\\/www.transgourmet.es\\\/ca\\\/blog\\\/lalianca-de-transgourmet-iberica-i-nudisco-comenca-a-fer-cami-per-creixer-a-la-zona-de-llevant-un-cop-aprovada-per-la-comissio-de-la-competencia\\\/#primaryimage\",\"url\":\"https:\\\/\\\/www.transgourmet.es\\\/wp-content\\\/uploads\\\/2025\\\/05\\\/ImagenTransgourmet-scaled.jpg\",\"contentUrl\":\"https:\\\/\\\/www.transgourmet.es\\\/wp-content\\\/uploads\\\/2025\\\/05\\\/ImagenTransgourmet-scaled.jpg\",\"width\":2560,\"height\":1707},{\"@type\":\"BreadcrumbList\",\"@id\":\"https:\\\/\\\/www.transgourmet.es\\\/ca\\\/blog\\\/lalianca-de-transgourmet-iberica-i-nudisco-comenca-a-fer-cami-per-creixer-a-la-zona-de-llevant-un-cop-aprovada-per-la-comissio-de-la-competencia\\\/#breadcrumb\",\"itemListElement\":[{\"@type\":\"ListItem\",\"position\":1,\"name\":\"Portada\",\"item\":\"https:\\\/\\\/www.transgourmet.es\\\/ca\\\/\"},{\"@type\":\"ListItem\",\"position\":2,\"name\":\"L\u2019alian\u00e7a de Transgourmet Ib\u00e8rica i Nudisco comen\u00e7a a fer cam\u00ed per cr\u00e9ixer a la zona de Llevant un cop aprovada per la Comissi\u00f3 de la Compet\u00e8ncia\"}]},{\"@type\":\"WebSite\",\"@id\":\"https:\\\/\\\/www.transgourmet.es\\\/#website\",\"url\":\"https:\\\/\\\/www.transgourmet.es\\\/\",\"name\":\"Transgourmet\",\"description\":\"Distribuci\u00f3n mayorista de alimentaci\u00f3n en Espa\u00f1a\",\"publisher\":{\"@id\":\"https:\\\/\\\/www.transgourmet.es\\\/#organization\"},\"alternateName\":\"Grupo Transgourmet\",\"potentialAction\":[{\"@type\":\"SearchAction\",\"target\":{\"@type\":\"EntryPoint\",\"urlTemplate\":\"https:\\\/\\\/www.transgourmet.es\\\/?s={search_term_string}\"},\"query-input\":{\"@type\":\"PropertyValueSpecification\",\"valueRequired\":true,\"valueName\":\"search_term_string\"}}],\"inLanguage\":\"ca\"},{\"@type\":\"Organization\",\"@id\":\"https:\\\/\\\/www.transgourmet.es\\\/#organization\",\"name\":\"Transgourmet\",\"url\":\"https:\\\/\\\/www.transgourmet.es\\\/\",\"logo\":{\"@type\":\"ImageObject\",\"inLanguage\":\"ca\",\"@id\":\"https:\\\/\\\/www.transgourmet.es\\\/#\\\/schema\\\/logo\\\/image\\\/\",\"url\":\"https:\\\/\\\/www.transgourmet.es\\\/wp-content\\\/uploads\\\/2022\\\/08\\\/trans-vert.svg\",\"contentUrl\":\"https:\\\/\\\/www.transgourmet.es\\\/wp-content\\\/uploads\\\/2022\\\/08\\\/trans-vert.svg\",\"width\":296,\"height\":113,\"caption\":\"Transgourmet\"},\"image\":{\"@id\":\"https:\\\/\\\/www.transgourmet.es\\\/#\\\/schema\\\/logo\\\/image\\\/\"},\"sameAs\":[\"https:\\\/\\\/x.com\\\/transgourmet_es\",\"https:\\\/\\\/www.youtube.com\\\/c\\\/TransgourmetIberica\",\"https:\\\/\\\/www.linkedin.com\\\/company\\\/transgourmet-iberica\"]},{\"@type\":\"Person\",\"@id\":\"https:\\\/\\\/www.transgourmet.es\\\/#\\\/schema\\\/person\\\/7558b42d44946cf43b85426e3e9260ff\",\"name\":\"Comunicacion\",\"image\":{\"@type\":\"ImageObject\",\"inLanguage\":\"ca\",\"@id\":\"https:\\\/\\\/secure.gravatar.com\\\/avatar\\\/22ed58e86b6fa1d603bc37a456b3c1eead2a5b2dc754952f01bc759bba31e2f3?s=96&d=mm&r=g\",\"url\":\"https:\\\/\\\/secure.gravatar.com\\\/avatar\\\/22ed58e86b6fa1d603bc37a456b3c1eead2a5b2dc754952f01bc759bba31e2f3?s=96&d=mm&r=g\",\"contentUrl\":\"https:\\\/\\\/secure.gravatar.com\\\/avatar\\\/22ed58e86b6fa1d603bc37a456b3c1eead2a5b2dc754952f01bc759bba31e2f3?s=96&d=mm&r=g\",\"caption\":\"Comunicacion\"},\"sameAs\":[\"https:\\\/\\\/www.transgourmet.es\\\/\"]}]}<\/script>\n<!-- \/ Yoast SEO plugin. -->","yoast_head_json":{"title":"L\u2019alian\u00e7a de Transgourmet Ib\u00e8rica i Nudisco comen\u00e7a a fer cam\u00ed per cr\u00e9ixer a la zona de Llevant un cop aprovada per la Comissi\u00f3 de la Compet\u00e8ncia | Transgourmet","robots":{"index":"index","follow":"follow","max-snippet":"max-snippet:-1","max-image-preview":"max-image-preview:large","max-video-preview":"max-video-preview:-1"},"canonical":"https:\/\/www.transgourmet.es\/ca\/blog\/lalianca-de-transgourmet-iberica-i-nudisco-comenca-a-fer-cami-per-creixer-a-la-zona-de-llevant-un-cop-aprovada-per-la-comissio-de-la-competencia\/","og_locale":"ca_ES","og_type":"article","og_title":"L\u2019alian\u00e7a de Transgourmet Ib\u00e8rica i Nudisco comen\u00e7a a fer cam\u00ed per cr\u00e9ixer a la zona de Llevant un cop aprovada per la Comissi\u00f3 de la Compet\u00e8ncia | Transgourmet","og_description":"L\u2019empresa conjunta creada per Transgourmet Ib\u00e8rica i l\u2019empresa \u00a0Nudisco ha comen\u00e7at a fer cam\u00ed per a convertir-se en el referent del retail de proximitat a tota la zona de Llevant, despr\u00e9s que l\u2019operaci\u00f3 ha estat aprovada per la Comissi\u00f3 Nacional dels Mercats i la Compet\u00e8ncia. La nova societat, Nuditrans, est\u00e0 participada al 50 % per&hellip;&nbsp;","og_url":"https:\/\/www.transgourmet.es\/ca\/blog\/lalianca-de-transgourmet-iberica-i-nudisco-comenca-a-fer-cami-per-creixer-a-la-zona-de-llevant-un-cop-aprovada-per-la-comissio-de-la-competencia\/","og_site_name":"Transgourmet","article_published_time":"2025-05-27T08:25:36+00:00","article_modified_time":"2025-05-27T08:27:08+00:00","og_image":[{"width":2560,"height":1707,"url":"https:\/\/www.transgourmet.es\/wp-content\/uploads\/2025\/05\/ImagenTransgourmet-scaled.jpg","type":"image\/jpeg"}],"author":"Comunicacion","twitter_card":"summary_large_image","twitter_creator":"@transgourmet_es","twitter_site":"@transgourmet_es","twitter_misc":{"Escrit per":"Comunicacion","Temps estimat de lectura":"3 minuts"},"schema":{"@context":"https:\/\/schema.org","@graph":[{"@type":"Article","@id":"https:\/\/www.transgourmet.es\/ca\/blog\/lalianca-de-transgourmet-iberica-i-nudisco-comenca-a-fer-cami-per-creixer-a-la-zona-de-llevant-un-cop-aprovada-per-la-comissio-de-la-competencia\/#article","isPartOf":{"@id":"https:\/\/www.transgourmet.es\/ca\/blog\/lalianca-de-transgourmet-iberica-i-nudisco-comenca-a-fer-cami-per-creixer-a-la-zona-de-llevant-un-cop-aprovada-per-la-comissio-de-la-competencia\/"},"author":{"name":"Comunicacion","@id":"https:\/\/www.transgourmet.es\/#\/schema\/person\/7558b42d44946cf43b85426e3e9260ff"},"headline":"L\u2019alian\u00e7a de Transgourmet Ib\u00e8rica i Nudisco comen\u00e7a a fer cam\u00ed per cr\u00e9ixer a la zona de Llevant un cop aprovada per la Comissi\u00f3 de la Compet\u00e8ncia","datePublished":"2025-05-27T08:25:36+00:00","dateModified":"2025-05-27T08:27:08+00:00","mainEntityOfPage":{"@id":"https:\/\/www.transgourmet.es\/ca\/blog\/lalianca-de-transgourmet-iberica-i-nudisco-comenca-a-fer-cami-per-creixer-a-la-zona-de-llevant-un-cop-aprovada-per-la-comissio-de-la-competencia\/"},"wordCount":563,"commentCount":0,"publisher":{"@id":"https:\/\/www.transgourmet.es\/#organization"},"image":{"@id":"https:\/\/www.transgourmet.es\/ca\/blog\/lalianca-de-transgourmet-iberica-i-nudisco-comenca-a-fer-cami-per-creixer-a-la-zona-de-llevant-un-cop-aprovada-per-la-comissio-de-la-competencia\/#primaryimage"},"thumbnailUrl":"https:\/\/www.transgourmet.es\/wp-content\/uploads\/2025\/05\/ImagenTransgourmet-scaled.jpg","articleSection":["Supermercats"],"inLanguage":"ca","potentialAction":[{"@type":"CommentAction","name":"Comment","target":["https:\/\/www.transgourmet.es\/ca\/blog\/lalianca-de-transgourmet-iberica-i-nudisco-comenca-a-fer-cami-per-creixer-a-la-zona-de-llevant-un-cop-aprovada-per-la-comissio-de-la-competencia\/#respond"]}]},{"@type":"WebPage","@id":"https:\/\/www.transgourmet.es\/ca\/blog\/lalianca-de-transgourmet-iberica-i-nudisco-comenca-a-fer-cami-per-creixer-a-la-zona-de-llevant-un-cop-aprovada-per-la-comissio-de-la-competencia\/","url":"https:\/\/www.transgourmet.es\/ca\/blog\/lalianca-de-transgourmet-iberica-i-nudisco-comenca-a-fer-cami-per-creixer-a-la-zona-de-llevant-un-cop-aprovada-per-la-comissio-de-la-competencia\/","name":"L\u2019alian\u00e7a de Transgourmet Ib\u00e8rica i Nudisco comen\u00e7a a fer cam\u00ed per cr\u00e9ixer a la zona de Llevant un cop aprovada per la Comissi\u00f3 de la Compet\u00e8ncia | Transgourmet","isPartOf":{"@id":"https:\/\/www.transgourmet.es\/#website"},"primaryImageOfPage":{"@id":"https:\/\/www.transgourmet.es\/ca\/blog\/lalianca-de-transgourmet-iberica-i-nudisco-comenca-a-fer-cami-per-creixer-a-la-zona-de-llevant-un-cop-aprovada-per-la-comissio-de-la-competencia\/#primaryimage"},"image":{"@id":"https:\/\/www.transgourmet.es\/ca\/blog\/lalianca-de-transgourmet-iberica-i-nudisco-comenca-a-fer-cami-per-creixer-a-la-zona-de-llevant-un-cop-aprovada-per-la-comissio-de-la-competencia\/#primaryimage"},"thumbnailUrl":"https:\/\/www.transgourmet.es\/wp-content\/uploads\/2025\/05\/ImagenTransgourmet-scaled.jpg","datePublished":"2025-05-27T08:25:36+00:00","dateModified":"2025-05-27T08:27:08+00:00","breadcrumb":{"@id":"https:\/\/www.transgourmet.es\/ca\/blog\/lalianca-de-transgourmet-iberica-i-nudisco-comenca-a-fer-cami-per-creixer-a-la-zona-de-llevant-un-cop-aprovada-per-la-comissio-de-la-competencia\/#breadcrumb"},"inLanguage":"ca","potentialAction":[{"@type":"ReadAction","target":["https:\/\/www.transgourmet.es\/ca\/blog\/lalianca-de-transgourmet-iberica-i-nudisco-comenca-a-fer-cami-per-creixer-a-la-zona-de-llevant-un-cop-aprovada-per-la-comissio-de-la-competencia\/"]}]},{"@type":"ImageObject","inLanguage":"ca","@id":"https:\/\/www.transgourmet.es\/ca\/blog\/lalianca-de-transgourmet-iberica-i-nudisco-comenca-a-fer-cami-per-creixer-a-la-zona-de-llevant-un-cop-aprovada-per-la-comissio-de-la-competencia\/#primaryimage","url":"https:\/\/www.transgourmet.es\/wp-content\/uploads\/2025\/05\/ImagenTransgourmet-scaled.jpg","contentUrl":"https:\/\/www.transgourmet.es\/wp-content\/uploads\/2025\/05\/ImagenTransgourmet-scaled.jpg","width":2560,"height":1707},{"@type":"BreadcrumbList","@id":"https:\/\/www.transgourmet.es\/ca\/blog\/lalianca-de-transgourmet-iberica-i-nudisco-comenca-a-fer-cami-per-creixer-a-la-zona-de-llevant-un-cop-aprovada-per-la-comissio-de-la-competencia\/#breadcrumb","itemListElement":[{"@type":"ListItem","position":1,"name":"Portada","item":"https:\/\/www.transgourmet.es\/ca\/"},{"@type":"ListItem","position":2,"name":"L\u2019alian\u00e7a de Transgourmet Ib\u00e8rica i Nudisco comen\u00e7a a fer cam\u00ed per cr\u00e9ixer a la zona de Llevant un cop aprovada per la Comissi\u00f3 de la Compet\u00e8ncia"}]},{"@type":"WebSite","@id":"https:\/\/www.transgourmet.es\/#website","url":"https:\/\/www.transgourmet.es\/","name":"Transgourmet","description":"Distribuci\u00f3n mayorista de alimentaci\u00f3n en Espa\u00f1a","publisher":{"@id":"https:\/\/www.transgourmet.es\/#organization"},"alternateName":"Grupo Transgourmet","potentialAction":[{"@type":"SearchAction","target":{"@type":"EntryPoint","urlTemplate":"https:\/\/www.transgourmet.es\/?s={search_term_string}"},"query-input":{"@type":"PropertyValueSpecification","valueRequired":true,"valueName":"search_term_string"}}],"inLanguage":"ca"},{"@type":"Organization","@id":"https:\/\/www.transgourmet.es\/#organization","name":"Transgourmet","url":"https:\/\/www.transgourmet.es\/","logo":{"@type":"ImageObject","inLanguage":"ca","@id":"https:\/\/www.transgourmet.es\/#\/schema\/logo\/image\/","url":"https:\/\/www.transgourmet.es\/wp-content\/uploads\/2022\/08\/trans-vert.svg","contentUrl":"https:\/\/www.transgourmet.es\/wp-content\/uploads\/2022\/08\/trans-vert.svg","width":296,"height":113,"caption":"Transgourmet"},"image":{"@id":"https:\/\/www.transgourmet.es\/#\/schema\/logo\/image\/"},"sameAs":["https:\/\/x.com\/transgourmet_es","https:\/\/www.youtube.com\/c\/TransgourmetIberica","https:\/\/www.linkedin.com\/company\/transgourmet-iberica"]},{"@type":"Person","@id":"https:\/\/www.transgourmet.es\/#\/schema\/person\/7558b42d44946cf43b85426e3e9260ff","name":"Comunicacion","image":{"@type":"ImageObject","inLanguage":"ca","@id":"https:\/\/secure.gravatar.com\/avatar\/22ed58e86b6fa1d603bc37a456b3c1eead2a5b2dc754952f01bc759bba31e2f3?s=96&d=mm&r=g","url":"https:\/\/secure.gravatar.com\/avatar\/22ed58e86b6fa1d603bc37a456b3c1eead2a5b2dc754952f01bc759bba31e2f3?s=96&d=mm&r=g","contentUrl":"https:\/\/secure.gravatar.com\/avatar\/22ed58e86b6fa1d603bc37a456b3c1eead2a5b2dc754952f01bc759bba31e2f3?s=96&d=mm&r=g","caption":"Comunicacion"},"sameAs":["https:\/\/www.transgourmet.es\/"]}]}},"_links":{"self":[{"href":"https:\/\/www.transgourmet.es\/ca\/wp-json\/wp\/v2\/posts\/20403","targetHints":{"allow":["GET"]}}],"collection":[{"href":"https:\/\/www.transgourmet.es\/ca\/wp-json\/wp\/v2\/posts"}],"about":[{"href":"https:\/\/www.transgourmet.es\/ca\/wp-json\/wp\/v2\/types\/post"}],"author":[{"embeddable":true,"href":"https:\/\/www.transgourmet.es\/ca\/wp-json\/wp\/v2\/users\/3"}],"replies":[{"embeddable":true,"href":"https:\/\/www.transgourmet.es\/ca\/wp-json\/wp\/v2\/comments?post=20403"}],"version-history":[{"count":3,"href":"https:\/\/www.transgourmet.es\/ca\/wp-json\/wp\/v2\/posts\/20403\/revisions"}],"predecessor-version":[{"id":20459,"href":"https:\/\/www.transgourmet.es\/ca\/wp-json\/wp\/v2\/posts\/20403\/revisions\/20459"}],"wp:featuredmedia":[{"embeddable":true,"href":"https:\/\/www.transgourmet.es\/ca\/wp-json\/wp\/v2\/media\/20449"}],"wp:attachment":[{"href":"https:\/\/www.transgourmet.es\/ca\/wp-json\/wp\/v2\/media?parent=20403"}],"wp:term":[{"taxonomy":"category","embeddable":true,"href":"https:\/\/www.transgourmet.es\/ca\/wp-json\/wp\/v2\/categories?post=20403"},{"taxonomy":"post_tag","embeddable":true,"href":"https:\/\/www.transgourmet.es\/ca\/wp-json\/wp\/v2\/tags?post=20403"}],"curies":[{"name":"wp","href":"https:\/\/api.w.org\/{rel}","templated":true}]}}