{"id":22285,"date":"2025-06-05T10:27:06","date_gmt":"2025-06-05T08:27:06","guid":{"rendered":"https:\/\/www.transgourmet.es\/?p=22285"},"modified":"2025-06-05T10:27:40","modified_gmt":"2025-06-05T08:27:40","slug":"transgourmet-continua-creixent-a-catalunya-amb-4-nous-supermercats-franquiciats-els-mesos-dabril-i-maig","status":"publish","type":"post","link":"https:\/\/www.transgourmet.es\/ca\/blog\/transgourmet-continua-creixent-a-catalunya-amb-4-nous-supermercats-franquiciats-els-mesos-dabril-i-maig\/","title":{"rendered":"Transgourmet continua creixent a Catalunya amb 4 nous  supermercats franquiciats els mesos d\u2019abril i maig"},"content":{"rendered":"<p style=\"font-weight: 400;\">Transgourmet Ib\u00e8rica, dedicada a la distribuci\u00f3 majorista a l\u2019hostaleria i al supermercat de proximitat, continua enguany l\u2019expansi\u00f3 de la seva xarxa de supermercats franquiciats a Catalunya amb la inauguraci\u00f3 de 4 noves botigues entre els mesos d\u2019abril i maig. Els establiments oberts, amb les ensenyes Suma (2) i Spar (2), tenen una superf\u00edcie de vendes de 885 m<sup>2 <\/sup>i han significat la creaci\u00f3 de 20 llocs de treball.<\/p>\n<p style=\"font-weight: 400;\">Dues de les noves botigues es localitzen a comarques de Barcelona, concretament a les localitats d\u2019Esplugues de Llobregat (Baix Llobregat) i El Bruc (Anoia), i les altres dues a comarques gironines, a Camprodon (Ripoll\u00e8s) i Sarri\u00e0 de Ter (Giron\u00e8s). A aquests nous establiments s\u2019afegeix el supermercat Suma que es va inaugurar el mes de mar\u00e7 passat a Tarragona.<\/p>\n<p style=\"font-weight: 400;\">Aquestes obertures reflecteixen l\u2019aposta de Transgourmet per la qualitat de les seves franqu\u00edcies i per Catalunya, on la companyia ja compta amb m\u00e9s de 350 establiments franquiciats, essent la comunitat aut\u00f2noma amb m\u00e9s botigues amb aquestes ensenyes.<\/p>\n<p style=\"font-weight: 400;\">Si tenim en compte el conjunt de nous supermercats que Transgourmet ha inaugurat arreu de l\u2019Estat des del mes de gener, la xifra suma 11 centres en total, distribu\u00efts en 5 comunitats aut\u00f2nomes: 5 a Catalunya, 2 a Balears, 2 a Can\u00e0ries, 1 a Andalusia i 1 a la Comunitat Foral de Navarra. Aquestes obertures representen en total una superf\u00edcie de vendes de 2.775 m<sup>2 <\/sup>i han generat 57 llocs de treball. Per ensenya, 9 corresponen a Suma i 2 a Spar.<\/p>\n<p style=\"font-weight: 400;\">La companyia ha consolidat aquest 2025 la seva estrat\u00e8gia de transformaci\u00f3 de l\u2019\u00e0rea de Retail, amb un enfoc que prioritza la gesti\u00f3 eficient i l\u2019adaptaci\u00f3 al consumidor, consolidant un negoci basat en la qualitat de les seves botigues per sobre de la quantitat, i els pilars principals del comer\u00e7 de proximitat, com el tracte personalitzat, les seccions especialitzades i els productes de quil\u00f2metre 0.<\/p>\n<p style=\"font-weight: 400;\">A m\u00e9s, l\u2019ensenya Suma ha iniciat la seva aposta cap a la botiga de conveni\u00e8ncia per donar resposta al canvi cultural i a la demanda creixent dels consumidors. Jordi Arredondo, director de l\u2019\u00e0rea de Retail de Transgourmet, ha destacat que \u201chem identificat una necessitat emergent al mercat: clients que busquen solucions immediates, productes preparats per a consumir i una experi\u00e8ncia de compra \u00e0gil, propera i efica\u00e7. Aquest nou escenari representa una oportunitat perqu\u00e8 Suma es consolidi com un referent en el sector\u201d.<\/p>\n<p style=\"font-weight: 400;\"><strong>Transgourmet Ib\u00e8rica compleix un segle i Suma, 25 anys<\/strong><\/p>\n<p style=\"font-weight: 400;\">Coincidint amb la celebraci\u00f3 del centenari de Transgourmet, l\u2019ensenya Suma compleix 25 anys des que l\u2019any 2000 es va obrir el primer supermercat de la marca a Barcelona.<\/p>\n<p style=\"font-weight: 400;\">La companyia ha dissenyat un programa d\u2019activitats per commemorar el seu lideratge en el sector de la distribuci\u00f3 aliment\u00e0ria, com a especialista en el supermercat de proximitat i com a prove\u00efdor de l\u2019hostaleria, la seva altra l\u00ednia de negoci.<\/p>\n<p style=\"font-weight: 400;\">Transgourmet est\u00e0 celebrant esdeveniments en llocs emblem\u00e0tics de Girona, M\u00e0laga, Burgos, Tarragona, Las Palmas i Madrid, que culminaran amb un gran acte final a Barcelona.<\/p>\n<p style=\"font-weight: 400;\">Totes les novetats i activitats que s\u2019estan fent amb motiu dels seus 100 anys d\u2019hist\u00f2ria es poden consultar a l\u2019espai web <a href=\"https:\/\/www.centenariotransgourmetiberica.es\/\">https:\/\/www.centenariotransgourmetiberica.es<\/a>.<\/p>\n","protected":false},"excerpt":{"rendered":"<p>Transgourmet Ib\u00e8rica, dedicada a la distribuci\u00f3 majorista a l\u2019hostaleria i al supermercat de proximitat, continua enguany l\u2019expansi\u00f3 de la seva xarxa de supermercats franquiciats a Catalunya amb la inauguraci\u00f3 de 4 noves botigues entre els mesos d\u2019abril i maig. Els establiments oberts, amb les ensenyes Suma (2) i Spar (2), tenen una superf\u00edcie de vendes&hellip;&nbsp;<\/p>\n","protected":false},"author":3,"featured_media":22342,"comment_status":"open","ping_status":"open","sticky":false,"template":"","format":"standard","meta":{"_acf_changed":false,"neve_meta_sidebar":"","neve_meta_container":"","neve_meta_enable_content_width":"off","neve_meta_content_width":70,"neve_meta_title_alignment":"","neve_meta_author_avatar":"","neve_post_elements_order":"","neve_meta_disable_header":"","neve_meta_disable_footer":"","neve_meta_disable_title":"","footnotes":""},"categories":[40],"tags":[],"class_list":["post-22285","post","type-post","status-publish","format-standard","has-post-thumbnail","hentry","category-supermercats"],"acf":[],"yoast_head":"<!-- This site is optimized with the Yoast SEO plugin v27.4 - https:\/\/yoast.com\/product\/yoast-seo-wordpress\/ -->\n<title>Transgourmet continua creixent a Catalunya amb 4 nous supermercats franquiciats els mesos d\u2019abril i maig | Transgourmet<\/title>\n<meta name=\"robots\" content=\"index, follow, max-snippet:-1, max-image-preview:large, max-video-preview:-1\" \/>\n<link rel=\"canonical\" href=\"https:\/\/www.transgourmet.es\/ca\/blog\/transgourmet-continua-creixent-a-catalunya-amb-4-nous-supermercats-franquiciats-els-mesos-dabril-i-maig\/\" \/>\n<meta property=\"og:locale\" content=\"ca_ES\" \/>\n<meta property=\"og:type\" content=\"article\" \/>\n<meta property=\"og:title\" content=\"Transgourmet continua creixent a Catalunya amb 4 nous supermercats franquiciats els mesos d\u2019abril i maig | Transgourmet\" \/>\n<meta property=\"og:description\" content=\"Transgourmet Ib\u00e8rica, dedicada a la distribuci\u00f3 majorista a l\u2019hostaleria i al supermercat de proximitat, continua enguany l\u2019expansi\u00f3 de la seva xarxa de supermercats franquiciats a Catalunya amb la inauguraci\u00f3 de 4 noves botigues entre els mesos d\u2019abril i maig. Els establiments oberts, amb les ensenyes Suma (2) i Spar (2), tenen una superf\u00edcie de vendes&hellip;&nbsp;\" \/>\n<meta property=\"og:url\" content=\"https:\/\/www.transgourmet.es\/ca\/blog\/transgourmet-continua-creixent-a-catalunya-amb-4-nous-supermercats-franquiciats-els-mesos-dabril-i-maig\/\" \/>\n<meta property=\"og:site_name\" content=\"Transgourmet\" \/>\n<meta property=\"article:published_time\" content=\"2025-06-05T08:27:06+00:00\" \/>\n<meta property=\"article:modified_time\" content=\"2025-06-05T08:27:40+00:00\" \/>\n<meta property=\"og:image\" content=\"https:\/\/www.transgourmet.es\/wp-content\/uploads\/2025\/06\/ImagenSuma.jpg\" \/>\n\t<meta property=\"og:image:width\" content=\"1503\" \/>\n\t<meta property=\"og:image:height\" content=\"1000\" \/>\n\t<meta property=\"og:image:type\" content=\"image\/jpeg\" \/>\n<meta name=\"author\" content=\"Comunicacion\" \/>\n<meta name=\"twitter:card\" content=\"summary_large_image\" \/>\n<meta name=\"twitter:creator\" content=\"@transgourmet_es\" \/>\n<meta name=\"twitter:site\" content=\"@transgourmet_es\" \/>\n<meta name=\"twitter:label1\" content=\"Escrit per\" \/>\n\t<meta name=\"twitter:data1\" content=\"Comunicacion\" \/>\n\t<meta name=\"twitter:label2\" content=\"Temps estimat de lectura\" \/>\n\t<meta name=\"twitter:data2\" content=\"3 minuts\" \/>\n<script type=\"application\/ld+json\" class=\"yoast-schema-graph\">{\"@context\":\"https:\\\/\\\/schema.org\",\"@graph\":[{\"@type\":\"Article\",\"@id\":\"https:\\\/\\\/www.transgourmet.es\\\/ca\\\/blog\\\/transgourmet-continua-creixent-a-catalunya-amb-4-nous-supermercats-franquiciats-els-mesos-dabril-i-maig\\\/#article\",\"isPartOf\":{\"@id\":\"https:\\\/\\\/www.transgourmet.es\\\/ca\\\/blog\\\/transgourmet-continua-creixent-a-catalunya-amb-4-nous-supermercats-franquiciats-els-mesos-dabril-i-maig\\\/\"},\"author\":{\"name\":\"Comunicacion\",\"@id\":\"https:\\\/\\\/www.transgourmet.es\\\/#\\\/schema\\\/person\\\/7558b42d44946cf43b85426e3e9260ff\"},\"headline\":\"Transgourmet continua creixent a Catalunya amb 4 nous supermercats franquiciats els mesos d\u2019abril i maig\",\"datePublished\":\"2025-06-05T08:27:06+00:00\",\"dateModified\":\"2025-06-05T08:27:40+00:00\",\"mainEntityOfPage\":{\"@id\":\"https:\\\/\\\/www.transgourmet.es\\\/ca\\\/blog\\\/transgourmet-continua-creixent-a-catalunya-amb-4-nous-supermercats-franquiciats-els-mesos-dabril-i-maig\\\/\"},\"wordCount\":551,\"commentCount\":0,\"publisher\":{\"@id\":\"https:\\\/\\\/www.transgourmet.es\\\/#organization\"},\"image\":{\"@id\":\"https:\\\/\\\/www.transgourmet.es\\\/ca\\\/blog\\\/transgourmet-continua-creixent-a-catalunya-amb-4-nous-supermercats-franquiciats-els-mesos-dabril-i-maig\\\/#primaryimage\"},\"thumbnailUrl\":\"https:\\\/\\\/www.transgourmet.es\\\/wp-content\\\/uploads\\\/2025\\\/06\\\/ImagenSuma.jpg\",\"articleSection\":[\"Supermercats\"],\"inLanguage\":\"ca\",\"potentialAction\":[{\"@type\":\"CommentAction\",\"name\":\"Comment\",\"target\":[\"https:\\\/\\\/www.transgourmet.es\\\/ca\\\/blog\\\/transgourmet-continua-creixent-a-catalunya-amb-4-nous-supermercats-franquiciats-els-mesos-dabril-i-maig\\\/#respond\"]}]},{\"@type\":\"WebPage\",\"@id\":\"https:\\\/\\\/www.transgourmet.es\\\/ca\\\/blog\\\/transgourmet-continua-creixent-a-catalunya-amb-4-nous-supermercats-franquiciats-els-mesos-dabril-i-maig\\\/\",\"url\":\"https:\\\/\\\/www.transgourmet.es\\\/ca\\\/blog\\\/transgourmet-continua-creixent-a-catalunya-amb-4-nous-supermercats-franquiciats-els-mesos-dabril-i-maig\\\/\",\"name\":\"Transgourmet continua creixent a Catalunya amb 4 nous supermercats franquiciats els mesos d\u2019abril i maig | Transgourmet\",\"isPartOf\":{\"@id\":\"https:\\\/\\\/www.transgourmet.es\\\/#website\"},\"primaryImageOfPage\":{\"@id\":\"https:\\\/\\\/www.transgourmet.es\\\/ca\\\/blog\\\/transgourmet-continua-creixent-a-catalunya-amb-4-nous-supermercats-franquiciats-els-mesos-dabril-i-maig\\\/#primaryimage\"},\"image\":{\"@id\":\"https:\\\/\\\/www.transgourmet.es\\\/ca\\\/blog\\\/transgourmet-continua-creixent-a-catalunya-amb-4-nous-supermercats-franquiciats-els-mesos-dabril-i-maig\\\/#primaryimage\"},\"thumbnailUrl\":\"https:\\\/\\\/www.transgourmet.es\\\/wp-content\\\/uploads\\\/2025\\\/06\\\/ImagenSuma.jpg\",\"datePublished\":\"2025-06-05T08:27:06+00:00\",\"dateModified\":\"2025-06-05T08:27:40+00:00\",\"breadcrumb\":{\"@id\":\"https:\\\/\\\/www.transgourmet.es\\\/ca\\\/blog\\\/transgourmet-continua-creixent-a-catalunya-amb-4-nous-supermercats-franquiciats-els-mesos-dabril-i-maig\\\/#breadcrumb\"},\"inLanguage\":\"ca\",\"potentialAction\":[{\"@type\":\"ReadAction\",\"target\":[\"https:\\\/\\\/www.transgourmet.es\\\/ca\\\/blog\\\/transgourmet-continua-creixent-a-catalunya-amb-4-nous-supermercats-franquiciats-els-mesos-dabril-i-maig\\\/\"]}]},{\"@type\":\"ImageObject\",\"inLanguage\":\"ca\",\"@id\":\"https:\\\/\\\/www.transgourmet.es\\\/ca\\\/blog\\\/transgourmet-continua-creixent-a-catalunya-amb-4-nous-supermercats-franquiciats-els-mesos-dabril-i-maig\\\/#primaryimage\",\"url\":\"https:\\\/\\\/www.transgourmet.es\\\/wp-content\\\/uploads\\\/2025\\\/06\\\/ImagenSuma.jpg\",\"contentUrl\":\"https:\\\/\\\/www.transgourmet.es\\\/wp-content\\\/uploads\\\/2025\\\/06\\\/ImagenSuma.jpg\",\"width\":1503,\"height\":1000},{\"@type\":\"BreadcrumbList\",\"@id\":\"https:\\\/\\\/www.transgourmet.es\\\/ca\\\/blog\\\/transgourmet-continua-creixent-a-catalunya-amb-4-nous-supermercats-franquiciats-els-mesos-dabril-i-maig\\\/#breadcrumb\",\"itemListElement\":[{\"@type\":\"ListItem\",\"position\":1,\"name\":\"Portada\",\"item\":\"https:\\\/\\\/www.transgourmet.es\\\/ca\\\/\"},{\"@type\":\"ListItem\",\"position\":2,\"name\":\"Transgourmet continua creixent a Catalunya amb 4 nous supermercats franquiciats els mesos d\u2019abril i maig\"}]},{\"@type\":\"WebSite\",\"@id\":\"https:\\\/\\\/www.transgourmet.es\\\/#website\",\"url\":\"https:\\\/\\\/www.transgourmet.es\\\/\",\"name\":\"Transgourmet\",\"description\":\"Distribuci\u00f3n mayorista de alimentaci\u00f3n en Espa\u00f1a\",\"publisher\":{\"@id\":\"https:\\\/\\\/www.transgourmet.es\\\/#organization\"},\"alternateName\":\"Grupo Transgourmet\",\"potentialAction\":[{\"@type\":\"SearchAction\",\"target\":{\"@type\":\"EntryPoint\",\"urlTemplate\":\"https:\\\/\\\/www.transgourmet.es\\\/?s={search_term_string}\"},\"query-input\":{\"@type\":\"PropertyValueSpecification\",\"valueRequired\":true,\"valueName\":\"search_term_string\"}}],\"inLanguage\":\"ca\"},{\"@type\":\"Organization\",\"@id\":\"https:\\\/\\\/www.transgourmet.es\\\/#organization\",\"name\":\"Transgourmet\",\"url\":\"https:\\\/\\\/www.transgourmet.es\\\/\",\"logo\":{\"@type\":\"ImageObject\",\"inLanguage\":\"ca\",\"@id\":\"https:\\\/\\\/www.transgourmet.es\\\/#\\\/schema\\\/logo\\\/image\\\/\",\"url\":\"https:\\\/\\\/www.transgourmet.es\\\/wp-content\\\/uploads\\\/2022\\\/08\\\/trans-vert.svg\",\"contentUrl\":\"https:\\\/\\\/www.transgourmet.es\\\/wp-content\\\/uploads\\\/2022\\\/08\\\/trans-vert.svg\",\"width\":296,\"height\":113,\"caption\":\"Transgourmet\"},\"image\":{\"@id\":\"https:\\\/\\\/www.transgourmet.es\\\/#\\\/schema\\\/logo\\\/image\\\/\"},\"sameAs\":[\"https:\\\/\\\/x.com\\\/transgourmet_es\",\"https:\\\/\\\/www.youtube.com\\\/c\\\/TransgourmetIberica\",\"https:\\\/\\\/www.linkedin.com\\\/company\\\/transgourmet-iberica\"]},{\"@type\":\"Person\",\"@id\":\"https:\\\/\\\/www.transgourmet.es\\\/#\\\/schema\\\/person\\\/7558b42d44946cf43b85426e3e9260ff\",\"name\":\"Comunicacion\",\"image\":{\"@type\":\"ImageObject\",\"inLanguage\":\"ca\",\"@id\":\"https:\\\/\\\/secure.gravatar.com\\\/avatar\\\/22ed58e86b6fa1d603bc37a456b3c1eead2a5b2dc754952f01bc759bba31e2f3?s=96&d=mm&r=g\",\"url\":\"https:\\\/\\\/secure.gravatar.com\\\/avatar\\\/22ed58e86b6fa1d603bc37a456b3c1eead2a5b2dc754952f01bc759bba31e2f3?s=96&d=mm&r=g\",\"contentUrl\":\"https:\\\/\\\/secure.gravatar.com\\\/avatar\\\/22ed58e86b6fa1d603bc37a456b3c1eead2a5b2dc754952f01bc759bba31e2f3?s=96&d=mm&r=g\",\"caption\":\"Comunicacion\"},\"sameAs\":[\"https:\\\/\\\/www.transgourmet.es\\\/\"]}]}<\/script>\n<!-- \/ Yoast SEO plugin. -->","yoast_head_json":{"title":"Transgourmet continua creixent a Catalunya amb 4 nous supermercats franquiciats els mesos d\u2019abril i maig | Transgourmet","robots":{"index":"index","follow":"follow","max-snippet":"max-snippet:-1","max-image-preview":"max-image-preview:large","max-video-preview":"max-video-preview:-1"},"canonical":"https:\/\/www.transgourmet.es\/ca\/blog\/transgourmet-continua-creixent-a-catalunya-amb-4-nous-supermercats-franquiciats-els-mesos-dabril-i-maig\/","og_locale":"ca_ES","og_type":"article","og_title":"Transgourmet continua creixent a Catalunya amb 4 nous supermercats franquiciats els mesos d\u2019abril i maig | Transgourmet","og_description":"Transgourmet Ib\u00e8rica, dedicada a la distribuci\u00f3 majorista a l\u2019hostaleria i al supermercat de proximitat, continua enguany l\u2019expansi\u00f3 de la seva xarxa de supermercats franquiciats a Catalunya amb la inauguraci\u00f3 de 4 noves botigues entre els mesos d\u2019abril i maig. Els establiments oberts, amb les ensenyes Suma (2) i Spar (2), tenen una superf\u00edcie de vendes&hellip;&nbsp;","og_url":"https:\/\/www.transgourmet.es\/ca\/blog\/transgourmet-continua-creixent-a-catalunya-amb-4-nous-supermercats-franquiciats-els-mesos-dabril-i-maig\/","og_site_name":"Transgourmet","article_published_time":"2025-06-05T08:27:06+00:00","article_modified_time":"2025-06-05T08:27:40+00:00","og_image":[{"width":1503,"height":1000,"url":"https:\/\/www.transgourmet.es\/wp-content\/uploads\/2025\/06\/ImagenSuma.jpg","type":"image\/jpeg"}],"author":"Comunicacion","twitter_card":"summary_large_image","twitter_creator":"@transgourmet_es","twitter_site":"@transgourmet_es","twitter_misc":{"Escrit per":"Comunicacion","Temps estimat de lectura":"3 minuts"},"schema":{"@context":"https:\/\/schema.org","@graph":[{"@type":"Article","@id":"https:\/\/www.transgourmet.es\/ca\/blog\/transgourmet-continua-creixent-a-catalunya-amb-4-nous-supermercats-franquiciats-els-mesos-dabril-i-maig\/#article","isPartOf":{"@id":"https:\/\/www.transgourmet.es\/ca\/blog\/transgourmet-continua-creixent-a-catalunya-amb-4-nous-supermercats-franquiciats-els-mesos-dabril-i-maig\/"},"author":{"name":"Comunicacion","@id":"https:\/\/www.transgourmet.es\/#\/schema\/person\/7558b42d44946cf43b85426e3e9260ff"},"headline":"Transgourmet continua creixent a Catalunya amb 4 nous supermercats franquiciats els mesos d\u2019abril i maig","datePublished":"2025-06-05T08:27:06+00:00","dateModified":"2025-06-05T08:27:40+00:00","mainEntityOfPage":{"@id":"https:\/\/www.transgourmet.es\/ca\/blog\/transgourmet-continua-creixent-a-catalunya-amb-4-nous-supermercats-franquiciats-els-mesos-dabril-i-maig\/"},"wordCount":551,"commentCount":0,"publisher":{"@id":"https:\/\/www.transgourmet.es\/#organization"},"image":{"@id":"https:\/\/www.transgourmet.es\/ca\/blog\/transgourmet-continua-creixent-a-catalunya-amb-4-nous-supermercats-franquiciats-els-mesos-dabril-i-maig\/#primaryimage"},"thumbnailUrl":"https:\/\/www.transgourmet.es\/wp-content\/uploads\/2025\/06\/ImagenSuma.jpg","articleSection":["Supermercats"],"inLanguage":"ca","potentialAction":[{"@type":"CommentAction","name":"Comment","target":["https:\/\/www.transgourmet.es\/ca\/blog\/transgourmet-continua-creixent-a-catalunya-amb-4-nous-supermercats-franquiciats-els-mesos-dabril-i-maig\/#respond"]}]},{"@type":"WebPage","@id":"https:\/\/www.transgourmet.es\/ca\/blog\/transgourmet-continua-creixent-a-catalunya-amb-4-nous-supermercats-franquiciats-els-mesos-dabril-i-maig\/","url":"https:\/\/www.transgourmet.es\/ca\/blog\/transgourmet-continua-creixent-a-catalunya-amb-4-nous-supermercats-franquiciats-els-mesos-dabril-i-maig\/","name":"Transgourmet continua creixent a Catalunya amb 4 nous supermercats franquiciats els mesos d\u2019abril i maig | Transgourmet","isPartOf":{"@id":"https:\/\/www.transgourmet.es\/#website"},"primaryImageOfPage":{"@id":"https:\/\/www.transgourmet.es\/ca\/blog\/transgourmet-continua-creixent-a-catalunya-amb-4-nous-supermercats-franquiciats-els-mesos-dabril-i-maig\/#primaryimage"},"image":{"@id":"https:\/\/www.transgourmet.es\/ca\/blog\/transgourmet-continua-creixent-a-catalunya-amb-4-nous-supermercats-franquiciats-els-mesos-dabril-i-maig\/#primaryimage"},"thumbnailUrl":"https:\/\/www.transgourmet.es\/wp-content\/uploads\/2025\/06\/ImagenSuma.jpg","datePublished":"2025-06-05T08:27:06+00:00","dateModified":"2025-06-05T08:27:40+00:00","breadcrumb":{"@id":"https:\/\/www.transgourmet.es\/ca\/blog\/transgourmet-continua-creixent-a-catalunya-amb-4-nous-supermercats-franquiciats-els-mesos-dabril-i-maig\/#breadcrumb"},"inLanguage":"ca","potentialAction":[{"@type":"ReadAction","target":["https:\/\/www.transgourmet.es\/ca\/blog\/transgourmet-continua-creixent-a-catalunya-amb-4-nous-supermercats-franquiciats-els-mesos-dabril-i-maig\/"]}]},{"@type":"ImageObject","inLanguage":"ca","@id":"https:\/\/www.transgourmet.es\/ca\/blog\/transgourmet-continua-creixent-a-catalunya-amb-4-nous-supermercats-franquiciats-els-mesos-dabril-i-maig\/#primaryimage","url":"https:\/\/www.transgourmet.es\/wp-content\/uploads\/2025\/06\/ImagenSuma.jpg","contentUrl":"https:\/\/www.transgourmet.es\/wp-content\/uploads\/2025\/06\/ImagenSuma.jpg","width":1503,"height":1000},{"@type":"BreadcrumbList","@id":"https:\/\/www.transgourmet.es\/ca\/blog\/transgourmet-continua-creixent-a-catalunya-amb-4-nous-supermercats-franquiciats-els-mesos-dabril-i-maig\/#breadcrumb","itemListElement":[{"@type":"ListItem","position":1,"name":"Portada","item":"https:\/\/www.transgourmet.es\/ca\/"},{"@type":"ListItem","position":2,"name":"Transgourmet continua creixent a Catalunya amb 4 nous supermercats franquiciats els mesos d\u2019abril i maig"}]},{"@type":"WebSite","@id":"https:\/\/www.transgourmet.es\/#website","url":"https:\/\/www.transgourmet.es\/","name":"Transgourmet","description":"Distribuci\u00f3n mayorista de alimentaci\u00f3n en Espa\u00f1a","publisher":{"@id":"https:\/\/www.transgourmet.es\/#organization"},"alternateName":"Grupo Transgourmet","potentialAction":[{"@type":"SearchAction","target":{"@type":"EntryPoint","urlTemplate":"https:\/\/www.transgourmet.es\/?s={search_term_string}"},"query-input":{"@type":"PropertyValueSpecification","valueRequired":true,"valueName":"search_term_string"}}],"inLanguage":"ca"},{"@type":"Organization","@id":"https:\/\/www.transgourmet.es\/#organization","name":"Transgourmet","url":"https:\/\/www.transgourmet.es\/","logo":{"@type":"ImageObject","inLanguage":"ca","@id":"https:\/\/www.transgourmet.es\/#\/schema\/logo\/image\/","url":"https:\/\/www.transgourmet.es\/wp-content\/uploads\/2022\/08\/trans-vert.svg","contentUrl":"https:\/\/www.transgourmet.es\/wp-content\/uploads\/2022\/08\/trans-vert.svg","width":296,"height":113,"caption":"Transgourmet"},"image":{"@id":"https:\/\/www.transgourmet.es\/#\/schema\/logo\/image\/"},"sameAs":["https:\/\/x.com\/transgourmet_es","https:\/\/www.youtube.com\/c\/TransgourmetIberica","https:\/\/www.linkedin.com\/company\/transgourmet-iberica"]},{"@type":"Person","@id":"https:\/\/www.transgourmet.es\/#\/schema\/person\/7558b42d44946cf43b85426e3e9260ff","name":"Comunicacion","image":{"@type":"ImageObject","inLanguage":"ca","@id":"https:\/\/secure.gravatar.com\/avatar\/22ed58e86b6fa1d603bc37a456b3c1eead2a5b2dc754952f01bc759bba31e2f3?s=96&d=mm&r=g","url":"https:\/\/secure.gravatar.com\/avatar\/22ed58e86b6fa1d603bc37a456b3c1eead2a5b2dc754952f01bc759bba31e2f3?s=96&d=mm&r=g","contentUrl":"https:\/\/secure.gravatar.com\/avatar\/22ed58e86b6fa1d603bc37a456b3c1eead2a5b2dc754952f01bc759bba31e2f3?s=96&d=mm&r=g","caption":"Comunicacion"},"sameAs":["https:\/\/www.transgourmet.es\/"]}]}},"_links":{"self":[{"href":"https:\/\/www.transgourmet.es\/ca\/wp-json\/wp\/v2\/posts\/22285","targetHints":{"allow":["GET"]}}],"collection":[{"href":"https:\/\/www.transgourmet.es\/ca\/wp-json\/wp\/v2\/posts"}],"about":[{"href":"https:\/\/www.transgourmet.es\/ca\/wp-json\/wp\/v2\/types\/post"}],"author":[{"embeddable":true,"href":"https:\/\/www.transgourmet.es\/ca\/wp-json\/wp\/v2\/users\/3"}],"replies":[{"embeddable":true,"href":"https:\/\/www.transgourmet.es\/ca\/wp-json\/wp\/v2\/comments?post=22285"}],"version-history":[{"count":2,"href":"https:\/\/www.transgourmet.es\/ca\/wp-json\/wp\/v2\/posts\/22285\/revisions"}],"predecessor-version":[{"id":22348,"href":"https:\/\/www.transgourmet.es\/ca\/wp-json\/wp\/v2\/posts\/22285\/revisions\/22348"}],"wp:featuredmedia":[{"embeddable":true,"href":"https:\/\/www.transgourmet.es\/ca\/wp-json\/wp\/v2\/media\/22342"}],"wp:attachment":[{"href":"https:\/\/www.transgourmet.es\/ca\/wp-json\/wp\/v2\/media?parent=22285"}],"wp:term":[{"taxonomy":"category","embeddable":true,"href":"https:\/\/www.transgourmet.es\/ca\/wp-json\/wp\/v2\/categories?post=22285"},{"taxonomy":"post_tag","embeddable":true,"href":"https:\/\/www.transgourmet.es\/ca\/wp-json\/wp\/v2\/tags?post=22285"}],"curies":[{"name":"wp","href":"https:\/\/api.w.org\/{rel}","templated":true}]}}