{"id":24255,"date":"2025-06-20T11:38:12","date_gmt":"2025-06-20T09:38:12","guid":{"rendered":"https:\/\/www.transgourmet.es\/blog\/nuestros-companeros-as-estan-contentos-y-la-clientela-tambien\/"},"modified":"2025-06-25T14:37:51","modified_gmt":"2025-06-25T12:37:51","slug":"nuestros-companeros-as-estan-contentos-y-la-clientela-tambien","status":"publish","type":"post","link":"https:\/\/www.transgourmet.es\/ca\/blog\/nuestros-companeros-as-estan-contentos-y-la-clientela-tambien\/","title":{"rendered":"Els nostres companys\/es estan contents, i la clientela, tamb\u00e9"},"content":{"rendered":"<p style=\"font-weight: 400;\">Seguim amb el nostre objectiu de ser el prove\u00efdor de refer\u00e8ncia de l\u2019hostaleria! I seguim amb les reformes als nostres <em>cash<\/em>!<\/p>\n<p style=\"font-weight: 400;\">El maig passat, hem inaugurat els centres renovats de Torrevieja i Menorca, on ara les instal\u00b7lacions ofereixen una millor experi\u00e8ncia de compra amb entorns m\u00e9s di\u00e0fans, lluminosos i c\u00f2modes; on el producte \u00e9s el gran protagonista i on posem el focus en l\u2019assessorament personalitzat.<\/p>\n<p style=\"font-weight: 400;\">La clientela est\u00e0 contenta i els nostres companys i companyes, tamb\u00e9. Per aix\u00f2 ho hem celebrat plegats en dos actes als quals va acudir el nostre director general, Llu\u00eds Labairu, acompanyat de membres del comit\u00e8 executiu, <strong>per agrair personalment a l\u2019equip la feina feta.<\/strong><\/p>\n<p style=\"font-weight: 400;\">En la inauguraci\u00f3, tots i totes van confirmar que <strong>l\u2019esfor\u00e7 havia valgut la pena, <\/strong>satisfets de formar part d\u2019un nou model de <em>cash&amp;carry<\/em>, m\u00e9s modern, que ens ajudar\u00e0 a ser l\u00edders de la distribuci\u00f3 a l\u2019hostaleria.<\/p>\n<p style=\"font-weight: 400;\">Ja hem renovat totalment 16 <em>cash<\/em>\u00a0i reformat 31 mercats de frescos. I seguim!<\/p>\n<p style=\"font-weight: 400;\"><strong>V\u00eddeo GM Cash Torrevieja:\u00a0<\/strong><\/p>\n<div style=\"padding: 56.25% 0 0 0; position: relative;\"><iframe style=\"position: absolute; top: 0; left: 0; width: 100%; height: 100%;\" title=\"Inauguraci\u00f3n_GM Cash Torrevieja\" src=\"https:\/\/player.vimeo.com\/video\/1087326050?h=e4e5e15134&amp;badge=0&amp;autopause=0&amp;player_id=0&amp;app_id=58479\" frameborder=\"0\"><\/iframe><\/div>\n<p><strong>V\u00eddeo GM Cash Menorca:<\/strong><\/p>\n<div style=\"padding: 56.25% 0 0 0; position: relative;\"><iframe style=\"position: absolute; top: 0; left: 0; width: 100%; height: 100%;\" title=\"tg_-_gm_menorca\" src=\"https:\/\/player.vimeo.com\/video\/1082918508?h=5ccab15215&amp;badge=0&amp;autopause=0&amp;player_id=0&amp;app_id=58479\" frameborder=\"0\"><\/iframe><\/div>\n","protected":false},"excerpt":{"rendered":"<p>Seguim amb el nostre objectiu de ser el prove\u00efdor de refer\u00e8ncia de l\u2019hostaleria! I seguim amb les reformes als nostres cash! El maig passat, hem inaugurat els centres renovats de Torrevieja i Menorca, on ara les instal\u00b7lacions ofereixen una millor experi\u00e8ncia de compra amb entorns m\u00e9s di\u00e0fans, lluminosos i c\u00f2modes; on el producte \u00e9s el&hellip;&nbsp;<\/p>\n","protected":false},"author":3,"featured_media":24296,"comment_status":"open","ping_status":"open","sticky":false,"template":"","format":"standard","meta":{"_acf_changed":false,"neve_meta_sidebar":"","neve_meta_container":"","neve_meta_enable_content_width":"off","neve_meta_content_width":70,"neve_meta_title_alignment":"","neve_meta_author_avatar":"","neve_post_elements_order":"","neve_meta_disable_header":"","neve_meta_disable_footer":"","neve_meta_disable_title":"","footnotes":""},"categories":[50],"tags":[],"class_list":["post-24255","post","type-post","status-publish","format-standard","has-post-thumbnail","hentry","category-newsletter-ca"],"acf":[],"yoast_head":"<!-- This site is optimized with the Yoast SEO plugin v27.4 - https:\/\/yoast.com\/product\/yoast-seo-wordpress\/ -->\n<title>Els nostres companys\/es estan contents, i la clientela, tamb\u00e9 | Transgourmet<\/title>\n<meta name=\"robots\" content=\"index, follow, max-snippet:-1, max-image-preview:large, max-video-preview:-1\" \/>\n<link rel=\"canonical\" href=\"https:\/\/www.transgourmet.es\/ca\/blog\/nuestros-companeros-as-estan-contentos-y-la-clientela-tambien\/\" \/>\n<meta property=\"og:locale\" content=\"ca_ES\" \/>\n<meta property=\"og:type\" content=\"article\" \/>\n<meta property=\"og:title\" content=\"Els nostres companys\/es estan contents, i la clientela, tamb\u00e9 | Transgourmet\" \/>\n<meta property=\"og:description\" content=\"Seguim amb el nostre objectiu de ser el prove\u00efdor de refer\u00e8ncia de l\u2019hostaleria! I seguim amb les reformes als nostres cash! El maig passat, hem inaugurat els centres renovats de Torrevieja i Menorca, on ara les instal\u00b7lacions ofereixen una millor experi\u00e8ncia de compra amb entorns m\u00e9s di\u00e0fans, lluminosos i c\u00f2modes; on el producte \u00e9s el&hellip;&nbsp;\" \/>\n<meta property=\"og:url\" content=\"https:\/\/www.transgourmet.es\/ca\/blog\/nuestros-companeros-as-estan-contentos-y-la-clientela-tambien\/\" \/>\n<meta property=\"og:site_name\" content=\"Transgourmet\" \/>\n<meta property=\"article:published_time\" content=\"2025-06-20T09:38:12+00:00\" \/>\n<meta property=\"article:modified_time\" content=\"2025-06-25T12:37:51+00:00\" \/>\n<meta property=\"og:image\" content=\"https:\/\/www.transgourmet.es\/wp-content\/uploads\/2025\/06\/ReformaGMCashMenorca-2.jpg\" \/>\n\t<meta property=\"og:image:width\" content=\"2250\" \/>\n\t<meta property=\"og:image:height\" content=\"1500\" \/>\n\t<meta property=\"og:image:type\" content=\"image\/jpeg\" \/>\n<meta name=\"author\" content=\"Comunicacion\" \/>\n<meta name=\"twitter:card\" content=\"summary_large_image\" \/>\n<meta name=\"twitter:creator\" content=\"@transgourmet_es\" \/>\n<meta name=\"twitter:site\" content=\"@transgourmet_es\" \/>\n<meta name=\"twitter:label1\" content=\"Escrit per\" \/>\n\t<meta name=\"twitter:data1\" content=\"Comunicacion\" \/>\n\t<meta name=\"twitter:label2\" content=\"Temps estimat de lectura\" \/>\n\t<meta name=\"twitter:data2\" content=\"1 minut\" \/>\n<script type=\"application\/ld+json\" class=\"yoast-schema-graph\">{\"@context\":\"https:\\\/\\\/schema.org\",\"@graph\":[{\"@type\":\"Article\",\"@id\":\"https:\\\/\\\/www.transgourmet.es\\\/ca\\\/blog\\\/nuestros-companeros-as-estan-contentos-y-la-clientela-tambien\\\/#article\",\"isPartOf\":{\"@id\":\"https:\\\/\\\/www.transgourmet.es\\\/ca\\\/blog\\\/nuestros-companeros-as-estan-contentos-y-la-clientela-tambien\\\/\"},\"author\":{\"name\":\"Comunicacion\",\"@id\":\"https:\\\/\\\/www.transgourmet.es\\\/#\\\/schema\\\/person\\\/7558b42d44946cf43b85426e3e9260ff\"},\"headline\":\"Els nostres companys\\\/es estan contents, i la clientela, tamb\u00e9\",\"datePublished\":\"2025-06-20T09:38:12+00:00\",\"dateModified\":\"2025-06-25T12:37:51+00:00\",\"mainEntityOfPage\":{\"@id\":\"https:\\\/\\\/www.transgourmet.es\\\/ca\\\/blog\\\/nuestros-companeros-as-estan-contentos-y-la-clientela-tambien\\\/\"},\"wordCount\":195,\"commentCount\":0,\"publisher\":{\"@id\":\"https:\\\/\\\/www.transgourmet.es\\\/#organization\"},\"image\":{\"@id\":\"https:\\\/\\\/www.transgourmet.es\\\/ca\\\/blog\\\/nuestros-companeros-as-estan-contentos-y-la-clientela-tambien\\\/#primaryimage\"},\"thumbnailUrl\":\"https:\\\/\\\/www.transgourmet.es\\\/wp-content\\\/uploads\\\/2025\\\/06\\\/ReformaGMCashMenorca-2.jpg\",\"articleSection\":[\"Newsletter\"],\"inLanguage\":\"ca\",\"potentialAction\":[{\"@type\":\"CommentAction\",\"name\":\"Comment\",\"target\":[\"https:\\\/\\\/www.transgourmet.es\\\/ca\\\/blog\\\/nuestros-companeros-as-estan-contentos-y-la-clientela-tambien\\\/#respond\"]}]},{\"@type\":\"WebPage\",\"@id\":\"https:\\\/\\\/www.transgourmet.es\\\/ca\\\/blog\\\/nuestros-companeros-as-estan-contentos-y-la-clientela-tambien\\\/\",\"url\":\"https:\\\/\\\/www.transgourmet.es\\\/ca\\\/blog\\\/nuestros-companeros-as-estan-contentos-y-la-clientela-tambien\\\/\",\"name\":\"Els nostres companys\\\/es estan contents, i la clientela, tamb\u00e9 | Transgourmet\",\"isPartOf\":{\"@id\":\"https:\\\/\\\/www.transgourmet.es\\\/#website\"},\"primaryImageOfPage\":{\"@id\":\"https:\\\/\\\/www.transgourmet.es\\\/ca\\\/blog\\\/nuestros-companeros-as-estan-contentos-y-la-clientela-tambien\\\/#primaryimage\"},\"image\":{\"@id\":\"https:\\\/\\\/www.transgourmet.es\\\/ca\\\/blog\\\/nuestros-companeros-as-estan-contentos-y-la-clientela-tambien\\\/#primaryimage\"},\"thumbnailUrl\":\"https:\\\/\\\/www.transgourmet.es\\\/wp-content\\\/uploads\\\/2025\\\/06\\\/ReformaGMCashMenorca-2.jpg\",\"datePublished\":\"2025-06-20T09:38:12+00:00\",\"dateModified\":\"2025-06-25T12:37:51+00:00\",\"breadcrumb\":{\"@id\":\"https:\\\/\\\/www.transgourmet.es\\\/ca\\\/blog\\\/nuestros-companeros-as-estan-contentos-y-la-clientela-tambien\\\/#breadcrumb\"},\"inLanguage\":\"ca\",\"potentialAction\":[{\"@type\":\"ReadAction\",\"target\":[\"https:\\\/\\\/www.transgourmet.es\\\/ca\\\/blog\\\/nuestros-companeros-as-estan-contentos-y-la-clientela-tambien\\\/\"]}]},{\"@type\":\"ImageObject\",\"inLanguage\":\"ca\",\"@id\":\"https:\\\/\\\/www.transgourmet.es\\\/ca\\\/blog\\\/nuestros-companeros-as-estan-contentos-y-la-clientela-tambien\\\/#primaryimage\",\"url\":\"https:\\\/\\\/www.transgourmet.es\\\/wp-content\\\/uploads\\\/2025\\\/06\\\/ReformaGMCashMenorca-2.jpg\",\"contentUrl\":\"https:\\\/\\\/www.transgourmet.es\\\/wp-content\\\/uploads\\\/2025\\\/06\\\/ReformaGMCashMenorca-2.jpg\",\"width\":2250,\"height\":1500},{\"@type\":\"BreadcrumbList\",\"@id\":\"https:\\\/\\\/www.transgourmet.es\\\/ca\\\/blog\\\/nuestros-companeros-as-estan-contentos-y-la-clientela-tambien\\\/#breadcrumb\",\"itemListElement\":[{\"@type\":\"ListItem\",\"position\":1,\"name\":\"Portada\",\"item\":\"https:\\\/\\\/www.transgourmet.es\\\/ca\\\/\"},{\"@type\":\"ListItem\",\"position\":2,\"name\":\"Els nostres companys\\\/es estan contents, i la clientela, tamb\u00e9\"}]},{\"@type\":\"WebSite\",\"@id\":\"https:\\\/\\\/www.transgourmet.es\\\/#website\",\"url\":\"https:\\\/\\\/www.transgourmet.es\\\/\",\"name\":\"Transgourmet\",\"description\":\"Distribuci\u00f3n mayorista de alimentaci\u00f3n en Espa\u00f1a\",\"publisher\":{\"@id\":\"https:\\\/\\\/www.transgourmet.es\\\/#organization\"},\"alternateName\":\"Grupo Transgourmet\",\"potentialAction\":[{\"@type\":\"SearchAction\",\"target\":{\"@type\":\"EntryPoint\",\"urlTemplate\":\"https:\\\/\\\/www.transgourmet.es\\\/?s={search_term_string}\"},\"query-input\":{\"@type\":\"PropertyValueSpecification\",\"valueRequired\":true,\"valueName\":\"search_term_string\"}}],\"inLanguage\":\"ca\"},{\"@type\":\"Organization\",\"@id\":\"https:\\\/\\\/www.transgourmet.es\\\/#organization\",\"name\":\"Transgourmet\",\"url\":\"https:\\\/\\\/www.transgourmet.es\\\/\",\"logo\":{\"@type\":\"ImageObject\",\"inLanguage\":\"ca\",\"@id\":\"https:\\\/\\\/www.transgourmet.es\\\/#\\\/schema\\\/logo\\\/image\\\/\",\"url\":\"https:\\\/\\\/www.transgourmet.es\\\/wp-content\\\/uploads\\\/2022\\\/08\\\/trans-vert.svg\",\"contentUrl\":\"https:\\\/\\\/www.transgourmet.es\\\/wp-content\\\/uploads\\\/2022\\\/08\\\/trans-vert.svg\",\"width\":296,\"height\":113,\"caption\":\"Transgourmet\"},\"image\":{\"@id\":\"https:\\\/\\\/www.transgourmet.es\\\/#\\\/schema\\\/logo\\\/image\\\/\"},\"sameAs\":[\"https:\\\/\\\/x.com\\\/transgourmet_es\",\"https:\\\/\\\/www.youtube.com\\\/c\\\/TransgourmetIberica\",\"https:\\\/\\\/www.linkedin.com\\\/company\\\/transgourmet-iberica\"]},{\"@type\":\"Person\",\"@id\":\"https:\\\/\\\/www.transgourmet.es\\\/#\\\/schema\\\/person\\\/7558b42d44946cf43b85426e3e9260ff\",\"name\":\"Comunicacion\",\"image\":{\"@type\":\"ImageObject\",\"inLanguage\":\"ca\",\"@id\":\"https:\\\/\\\/secure.gravatar.com\\\/avatar\\\/22ed58e86b6fa1d603bc37a456b3c1eead2a5b2dc754952f01bc759bba31e2f3?s=96&d=mm&r=g\",\"url\":\"https:\\\/\\\/secure.gravatar.com\\\/avatar\\\/22ed58e86b6fa1d603bc37a456b3c1eead2a5b2dc754952f01bc759bba31e2f3?s=96&d=mm&r=g\",\"contentUrl\":\"https:\\\/\\\/secure.gravatar.com\\\/avatar\\\/22ed58e86b6fa1d603bc37a456b3c1eead2a5b2dc754952f01bc759bba31e2f3?s=96&d=mm&r=g\",\"caption\":\"Comunicacion\"},\"sameAs\":[\"https:\\\/\\\/www.transgourmet.es\\\/\"]}]}<\/script>\n<!-- \/ Yoast SEO plugin. -->","yoast_head_json":{"title":"Els nostres companys\/es estan contents, i la clientela, tamb\u00e9 | Transgourmet","robots":{"index":"index","follow":"follow","max-snippet":"max-snippet:-1","max-image-preview":"max-image-preview:large","max-video-preview":"max-video-preview:-1"},"canonical":"https:\/\/www.transgourmet.es\/ca\/blog\/nuestros-companeros-as-estan-contentos-y-la-clientela-tambien\/","og_locale":"ca_ES","og_type":"article","og_title":"Els nostres companys\/es estan contents, i la clientela, tamb\u00e9 | Transgourmet","og_description":"Seguim amb el nostre objectiu de ser el prove\u00efdor de refer\u00e8ncia de l\u2019hostaleria! I seguim amb les reformes als nostres cash! El maig passat, hem inaugurat els centres renovats de Torrevieja i Menorca, on ara les instal\u00b7lacions ofereixen una millor experi\u00e8ncia de compra amb entorns m\u00e9s di\u00e0fans, lluminosos i c\u00f2modes; on el producte \u00e9s el&hellip;&nbsp;","og_url":"https:\/\/www.transgourmet.es\/ca\/blog\/nuestros-companeros-as-estan-contentos-y-la-clientela-tambien\/","og_site_name":"Transgourmet","article_published_time":"2025-06-20T09:38:12+00:00","article_modified_time":"2025-06-25T12:37:51+00:00","og_image":[{"width":2250,"height":1500,"url":"https:\/\/www.transgourmet.es\/wp-content\/uploads\/2025\/06\/ReformaGMCashMenorca-2.jpg","type":"image\/jpeg"}],"author":"Comunicacion","twitter_card":"summary_large_image","twitter_creator":"@transgourmet_es","twitter_site":"@transgourmet_es","twitter_misc":{"Escrit per":"Comunicacion","Temps estimat de lectura":"1 minut"},"schema":{"@context":"https:\/\/schema.org","@graph":[{"@type":"Article","@id":"https:\/\/www.transgourmet.es\/ca\/blog\/nuestros-companeros-as-estan-contentos-y-la-clientela-tambien\/#article","isPartOf":{"@id":"https:\/\/www.transgourmet.es\/ca\/blog\/nuestros-companeros-as-estan-contentos-y-la-clientela-tambien\/"},"author":{"name":"Comunicacion","@id":"https:\/\/www.transgourmet.es\/#\/schema\/person\/7558b42d44946cf43b85426e3e9260ff"},"headline":"Els nostres companys\/es estan contents, i la clientela, tamb\u00e9","datePublished":"2025-06-20T09:38:12+00:00","dateModified":"2025-06-25T12:37:51+00:00","mainEntityOfPage":{"@id":"https:\/\/www.transgourmet.es\/ca\/blog\/nuestros-companeros-as-estan-contentos-y-la-clientela-tambien\/"},"wordCount":195,"commentCount":0,"publisher":{"@id":"https:\/\/www.transgourmet.es\/#organization"},"image":{"@id":"https:\/\/www.transgourmet.es\/ca\/blog\/nuestros-companeros-as-estan-contentos-y-la-clientela-tambien\/#primaryimage"},"thumbnailUrl":"https:\/\/www.transgourmet.es\/wp-content\/uploads\/2025\/06\/ReformaGMCashMenorca-2.jpg","articleSection":["Newsletter"],"inLanguage":"ca","potentialAction":[{"@type":"CommentAction","name":"Comment","target":["https:\/\/www.transgourmet.es\/ca\/blog\/nuestros-companeros-as-estan-contentos-y-la-clientela-tambien\/#respond"]}]},{"@type":"WebPage","@id":"https:\/\/www.transgourmet.es\/ca\/blog\/nuestros-companeros-as-estan-contentos-y-la-clientela-tambien\/","url":"https:\/\/www.transgourmet.es\/ca\/blog\/nuestros-companeros-as-estan-contentos-y-la-clientela-tambien\/","name":"Els nostres companys\/es estan contents, i la clientela, tamb\u00e9 | Transgourmet","isPartOf":{"@id":"https:\/\/www.transgourmet.es\/#website"},"primaryImageOfPage":{"@id":"https:\/\/www.transgourmet.es\/ca\/blog\/nuestros-companeros-as-estan-contentos-y-la-clientela-tambien\/#primaryimage"},"image":{"@id":"https:\/\/www.transgourmet.es\/ca\/blog\/nuestros-companeros-as-estan-contentos-y-la-clientela-tambien\/#primaryimage"},"thumbnailUrl":"https:\/\/www.transgourmet.es\/wp-content\/uploads\/2025\/06\/ReformaGMCashMenorca-2.jpg","datePublished":"2025-06-20T09:38:12+00:00","dateModified":"2025-06-25T12:37:51+00:00","breadcrumb":{"@id":"https:\/\/www.transgourmet.es\/ca\/blog\/nuestros-companeros-as-estan-contentos-y-la-clientela-tambien\/#breadcrumb"},"inLanguage":"ca","potentialAction":[{"@type":"ReadAction","target":["https:\/\/www.transgourmet.es\/ca\/blog\/nuestros-companeros-as-estan-contentos-y-la-clientela-tambien\/"]}]},{"@type":"ImageObject","inLanguage":"ca","@id":"https:\/\/www.transgourmet.es\/ca\/blog\/nuestros-companeros-as-estan-contentos-y-la-clientela-tambien\/#primaryimage","url":"https:\/\/www.transgourmet.es\/wp-content\/uploads\/2025\/06\/ReformaGMCashMenorca-2.jpg","contentUrl":"https:\/\/www.transgourmet.es\/wp-content\/uploads\/2025\/06\/ReformaGMCashMenorca-2.jpg","width":2250,"height":1500},{"@type":"BreadcrumbList","@id":"https:\/\/www.transgourmet.es\/ca\/blog\/nuestros-companeros-as-estan-contentos-y-la-clientela-tambien\/#breadcrumb","itemListElement":[{"@type":"ListItem","position":1,"name":"Portada","item":"https:\/\/www.transgourmet.es\/ca\/"},{"@type":"ListItem","position":2,"name":"Els nostres companys\/es estan contents, i la clientela, tamb\u00e9"}]},{"@type":"WebSite","@id":"https:\/\/www.transgourmet.es\/#website","url":"https:\/\/www.transgourmet.es\/","name":"Transgourmet","description":"Distribuci\u00f3n mayorista de alimentaci\u00f3n en Espa\u00f1a","publisher":{"@id":"https:\/\/www.transgourmet.es\/#organization"},"alternateName":"Grupo Transgourmet","potentialAction":[{"@type":"SearchAction","target":{"@type":"EntryPoint","urlTemplate":"https:\/\/www.transgourmet.es\/?s={search_term_string}"},"query-input":{"@type":"PropertyValueSpecification","valueRequired":true,"valueName":"search_term_string"}}],"inLanguage":"ca"},{"@type":"Organization","@id":"https:\/\/www.transgourmet.es\/#organization","name":"Transgourmet","url":"https:\/\/www.transgourmet.es\/","logo":{"@type":"ImageObject","inLanguage":"ca","@id":"https:\/\/www.transgourmet.es\/#\/schema\/logo\/image\/","url":"https:\/\/www.transgourmet.es\/wp-content\/uploads\/2022\/08\/trans-vert.svg","contentUrl":"https:\/\/www.transgourmet.es\/wp-content\/uploads\/2022\/08\/trans-vert.svg","width":296,"height":113,"caption":"Transgourmet"},"image":{"@id":"https:\/\/www.transgourmet.es\/#\/schema\/logo\/image\/"},"sameAs":["https:\/\/x.com\/transgourmet_es","https:\/\/www.youtube.com\/c\/TransgourmetIberica","https:\/\/www.linkedin.com\/company\/transgourmet-iberica"]},{"@type":"Person","@id":"https:\/\/www.transgourmet.es\/#\/schema\/person\/7558b42d44946cf43b85426e3e9260ff","name":"Comunicacion","image":{"@type":"ImageObject","inLanguage":"ca","@id":"https:\/\/secure.gravatar.com\/avatar\/22ed58e86b6fa1d603bc37a456b3c1eead2a5b2dc754952f01bc759bba31e2f3?s=96&d=mm&r=g","url":"https:\/\/secure.gravatar.com\/avatar\/22ed58e86b6fa1d603bc37a456b3c1eead2a5b2dc754952f01bc759bba31e2f3?s=96&d=mm&r=g","contentUrl":"https:\/\/secure.gravatar.com\/avatar\/22ed58e86b6fa1d603bc37a456b3c1eead2a5b2dc754952f01bc759bba31e2f3?s=96&d=mm&r=g","caption":"Comunicacion"},"sameAs":["https:\/\/www.transgourmet.es\/"]}]}},"_links":{"self":[{"href":"https:\/\/www.transgourmet.es\/ca\/wp-json\/wp\/v2\/posts\/24255","targetHints":{"allow":["GET"]}}],"collection":[{"href":"https:\/\/www.transgourmet.es\/ca\/wp-json\/wp\/v2\/posts"}],"about":[{"href":"https:\/\/www.transgourmet.es\/ca\/wp-json\/wp\/v2\/types\/post"}],"author":[{"embeddable":true,"href":"https:\/\/www.transgourmet.es\/ca\/wp-json\/wp\/v2\/users\/3"}],"replies":[{"embeddable":true,"href":"https:\/\/www.transgourmet.es\/ca\/wp-json\/wp\/v2\/comments?post=24255"}],"version-history":[{"count":7,"href":"https:\/\/www.transgourmet.es\/ca\/wp-json\/wp\/v2\/posts\/24255\/revisions"}],"predecessor-version":[{"id":24362,"href":"https:\/\/www.transgourmet.es\/ca\/wp-json\/wp\/v2\/posts\/24255\/revisions\/24362"}],"wp:featuredmedia":[{"embeddable":true,"href":"https:\/\/www.transgourmet.es\/ca\/wp-json\/wp\/v2\/media\/24296"}],"wp:attachment":[{"href":"https:\/\/www.transgourmet.es\/ca\/wp-json\/wp\/v2\/media?parent=24255"}],"wp:term":[{"taxonomy":"category","embeddable":true,"href":"https:\/\/www.transgourmet.es\/ca\/wp-json\/wp\/v2\/categories?post=24255"},{"taxonomy":"post_tag","embeddable":true,"href":"https:\/\/www.transgourmet.es\/ca\/wp-json\/wp\/v2\/tags?post=24255"}],"curies":[{"name":"wp","href":"https:\/\/api.w.org\/{rel}","templated":true}]}}