{"id":26008,"date":"2025-10-20T10:25:43","date_gmt":"2025-10-20T08:25:43","guid":{"rendered":"https:\/\/www.transgourmet.es\/?p=26008"},"modified":"2025-10-20T10:25:53","modified_gmt":"2025-10-20T08:25:53","slug":"transgourmet-i-nudisco-reforcen-la-seva-presencia-a-la-comunitat-valenciana-amb-la-inauguracio-del-tercer-supermercat-kuups","status":"publish","type":"post","link":"https:\/\/www.transgourmet.es\/ca\/blog\/transgourmet-i-nudisco-reforcen-la-seva-presencia-a-la-comunitat-valenciana-amb-la-inauguracio-del-tercer-supermercat-kuups\/","title":{"rendered":"Transgourmet i Nudisco reforcen la seva pres\u00e8ncia  a la Comunitat Valenciana amb la inauguraci\u00f3  del tercer supermercat Kuups"},"content":{"rendered":"<p style=\"font-weight: 400;\">Nuditrans, l\u2019empresa conjunta participada al 50 % per Transgourmet Ib\u00e8rica i Nudisco, continua amb el seu pla d\u2019expansi\u00f3 a la zona de Llevant. En nom\u00e9s dos mesos, ja ha inaugurat el tercer supermercat Kuups a la Comunitat Valenciana.<\/p>\n<p style=\"font-weight: 400;\">El nou establiment es troba ubicat al municipi de Torrent (prov\u00edncia de Val\u00e8ncia), al n\u00famero 61 de l\u2019Avinguda al Vedat, i compta amb 240 m\u00b2 de sala de vendes. Ofereix un ampli assortiment de productes d\u2019alimentaci\u00f3, amb protagonisme dels frescos, marques reconegudes i productors de l\u2019entorn, curosament seleccionats per donar resposta a les necessitats quotidianes del consumidor local.<\/p>\n<p style=\"font-weight: 400;\">La botiga disposa de seccions de lliure servei de fruita i verdura, xarcuteria, carnisseria, congelats i fleca, a m\u00e9s d\u2019una \u00e0rea dedicada a articles per a la llar i productes de neteja.<\/p>\n<p style=\"font-weight: 400;\">Aquesta obertura se suma a les recents inauguracions de setembre a les localitats d\u2019Algemes\u00ed (Val\u00e8ncia) i Novelda (Alacant). L\u2019alian\u00e7a entre totes dues companyies, que es va formalitzar el mes de maig passat, t\u00e9 com a objectiu impulsar el comer\u00e7 de proximitat i conveni\u00e8ncia, sobretot a la zona de Llevant. Aposten per un model modern, on l\u2019atenci\u00f3 al client es mant\u00e9 com a valor diferencial, amb un equip preparat per oferir assessorament personalitzat i garantir una compra r\u00e0pida i de qualitat.<\/p>\n<p style=\"font-weight: 400;\">En total, la societat inclou 34 supermercats propietat de Nuditrans: 24 amb l\u2019ensenya Kuups i 10 Economy Cash.<\/p>\n","protected":false},"excerpt":{"rendered":"<p>Nuditrans, l\u2019empresa conjunta participada al 50 % per Transgourmet Ib\u00e8rica i Nudisco, continua amb el seu pla d\u2019expansi\u00f3 a la zona de Llevant. En nom\u00e9s dos mesos, ja ha inaugurat el tercer supermercat Kuups a la Comunitat Valenciana. El nou establiment es troba ubicat al municipi de Torrent (prov\u00edncia de Val\u00e8ncia), al n\u00famero 61 de&hellip;&nbsp;<\/p>\n","protected":false},"author":3,"featured_media":26011,"comment_status":"open","ping_status":"open","sticky":false,"template":"","format":"standard","meta":{"_acf_changed":false,"neve_meta_sidebar":"","neve_meta_container":"","neve_meta_enable_content_width":"off","neve_meta_content_width":70,"neve_meta_title_alignment":"","neve_meta_author_avatar":"","neve_post_elements_order":"","neve_meta_disable_header":"","neve_meta_disable_footer":"","neve_meta_disable_title":"","footnotes":""},"categories":[35],"tags":[],"class_list":["post-26008","post","type-post","status-publish","format-standard","has-post-thumbnail","hentry","category-corporativa-ca"],"acf":[],"yoast_head":"<!-- This site is optimized with the Yoast SEO plugin v27.4 - https:\/\/yoast.com\/product\/yoast-seo-wordpress\/ -->\n<title>Transgourmet i Nudisco reforcen la seva pres\u00e8ncia a la Comunitat Valenciana amb la inauguraci\u00f3 del tercer supermercat Kuups | Transgourmet<\/title>\n<meta name=\"robots\" content=\"index, follow, max-snippet:-1, max-image-preview:large, max-video-preview:-1\" \/>\n<link rel=\"canonical\" href=\"https:\/\/www.transgourmet.es\/ca\/blog\/transgourmet-i-nudisco-reforcen-la-seva-presencia-a-la-comunitat-valenciana-amb-la-inauguracio-del-tercer-supermercat-kuups\/\" \/>\n<meta property=\"og:locale\" content=\"ca_ES\" \/>\n<meta property=\"og:type\" content=\"article\" \/>\n<meta property=\"og:title\" content=\"Transgourmet i Nudisco reforcen la seva pres\u00e8ncia a la Comunitat Valenciana amb la inauguraci\u00f3 del tercer supermercat Kuups | Transgourmet\" \/>\n<meta property=\"og:description\" content=\"Nuditrans, l\u2019empresa conjunta participada al 50 % per Transgourmet Ib\u00e8rica i Nudisco, continua amb el seu pla d\u2019expansi\u00f3 a la zona de Llevant. En nom\u00e9s dos mesos, ja ha inaugurat el tercer supermercat Kuups a la Comunitat Valenciana. El nou establiment es troba ubicat al municipi de Torrent (prov\u00edncia de Val\u00e8ncia), al n\u00famero 61 de&hellip;&nbsp;\" \/>\n<meta property=\"og:url\" content=\"https:\/\/www.transgourmet.es\/ca\/blog\/transgourmet-i-nudisco-reforcen-la-seva-presencia-a-la-comunitat-valenciana-amb-la-inauguracio-del-tercer-supermercat-kuups\/\" \/>\n<meta property=\"og:site_name\" content=\"Transgourmet\" \/>\n<meta property=\"article:published_time\" content=\"2025-10-20T08:25:43+00:00\" \/>\n<meta property=\"article:modified_time\" content=\"2025-10-20T08:25:53+00:00\" \/>\n<meta property=\"og:image\" content=\"https:\/\/www.transgourmet.es\/wp-content\/uploads\/2025\/10\/ImatgeKuups.jpeg\" \/>\n\t<meta property=\"og:image:width\" content=\"641\" \/>\n\t<meta property=\"og:image:height\" content=\"361\" \/>\n\t<meta property=\"og:image:type\" content=\"image\/jpeg\" \/>\n<meta name=\"author\" content=\"Comunicacion\" \/>\n<meta name=\"twitter:card\" content=\"summary_large_image\" \/>\n<meta name=\"twitter:creator\" content=\"@transgourmet_es\" \/>\n<meta name=\"twitter:site\" content=\"@transgourmet_es\" \/>\n<meta name=\"twitter:label1\" content=\"Escrit per\" \/>\n\t<meta name=\"twitter:data1\" content=\"Comunicacion\" \/>\n\t<meta name=\"twitter:label2\" content=\"Temps estimat de lectura\" \/>\n\t<meta name=\"twitter:data2\" content=\"2 minuts\" \/>\n<script type=\"application\/ld+json\" class=\"yoast-schema-graph\">{\"@context\":\"https:\\\/\\\/schema.org\",\"@graph\":[{\"@type\":\"Article\",\"@id\":\"https:\\\/\\\/www.transgourmet.es\\\/ca\\\/blog\\\/transgourmet-i-nudisco-reforcen-la-seva-presencia-a-la-comunitat-valenciana-amb-la-inauguracio-del-tercer-supermercat-kuups\\\/#article\",\"isPartOf\":{\"@id\":\"https:\\\/\\\/www.transgourmet.es\\\/ca\\\/blog\\\/transgourmet-i-nudisco-reforcen-la-seva-presencia-a-la-comunitat-valenciana-amb-la-inauguracio-del-tercer-supermercat-kuups\\\/\"},\"author\":{\"name\":\"Comunicacion\",\"@id\":\"https:\\\/\\\/www.transgourmet.es\\\/#\\\/schema\\\/person\\\/7558b42d44946cf43b85426e3e9260ff\"},\"headline\":\"Transgourmet i Nudisco reforcen la seva pres\u00e8ncia a la Comunitat Valenciana amb la inauguraci\u00f3 del tercer supermercat Kuups\",\"datePublished\":\"2025-10-20T08:25:43+00:00\",\"dateModified\":\"2025-10-20T08:25:53+00:00\",\"mainEntityOfPage\":{\"@id\":\"https:\\\/\\\/www.transgourmet.es\\\/ca\\\/blog\\\/transgourmet-i-nudisco-reforcen-la-seva-presencia-a-la-comunitat-valenciana-amb-la-inauguracio-del-tercer-supermercat-kuups\\\/\"},\"wordCount\":258,\"commentCount\":0,\"publisher\":{\"@id\":\"https:\\\/\\\/www.transgourmet.es\\\/#organization\"},\"image\":{\"@id\":\"https:\\\/\\\/www.transgourmet.es\\\/ca\\\/blog\\\/transgourmet-i-nudisco-reforcen-la-seva-presencia-a-la-comunitat-valenciana-amb-la-inauguracio-del-tercer-supermercat-kuups\\\/#primaryimage\"},\"thumbnailUrl\":\"https:\\\/\\\/www.transgourmet.es\\\/wp-content\\\/uploads\\\/2025\\\/10\\\/ImatgeKuups.jpeg\",\"articleSection\":[\"Corporativa\"],\"inLanguage\":\"ca\",\"potentialAction\":[{\"@type\":\"CommentAction\",\"name\":\"Comment\",\"target\":[\"https:\\\/\\\/www.transgourmet.es\\\/ca\\\/blog\\\/transgourmet-i-nudisco-reforcen-la-seva-presencia-a-la-comunitat-valenciana-amb-la-inauguracio-del-tercer-supermercat-kuups\\\/#respond\"]}]},{\"@type\":\"WebPage\",\"@id\":\"https:\\\/\\\/www.transgourmet.es\\\/ca\\\/blog\\\/transgourmet-i-nudisco-reforcen-la-seva-presencia-a-la-comunitat-valenciana-amb-la-inauguracio-del-tercer-supermercat-kuups\\\/\",\"url\":\"https:\\\/\\\/www.transgourmet.es\\\/ca\\\/blog\\\/transgourmet-i-nudisco-reforcen-la-seva-presencia-a-la-comunitat-valenciana-amb-la-inauguracio-del-tercer-supermercat-kuups\\\/\",\"name\":\"Transgourmet i Nudisco reforcen la seva pres\u00e8ncia a la Comunitat Valenciana amb la inauguraci\u00f3 del tercer supermercat Kuups | Transgourmet\",\"isPartOf\":{\"@id\":\"https:\\\/\\\/www.transgourmet.es\\\/#website\"},\"primaryImageOfPage\":{\"@id\":\"https:\\\/\\\/www.transgourmet.es\\\/ca\\\/blog\\\/transgourmet-i-nudisco-reforcen-la-seva-presencia-a-la-comunitat-valenciana-amb-la-inauguracio-del-tercer-supermercat-kuups\\\/#primaryimage\"},\"image\":{\"@id\":\"https:\\\/\\\/www.transgourmet.es\\\/ca\\\/blog\\\/transgourmet-i-nudisco-reforcen-la-seva-presencia-a-la-comunitat-valenciana-amb-la-inauguracio-del-tercer-supermercat-kuups\\\/#primaryimage\"},\"thumbnailUrl\":\"https:\\\/\\\/www.transgourmet.es\\\/wp-content\\\/uploads\\\/2025\\\/10\\\/ImatgeKuups.jpeg\",\"datePublished\":\"2025-10-20T08:25:43+00:00\",\"dateModified\":\"2025-10-20T08:25:53+00:00\",\"breadcrumb\":{\"@id\":\"https:\\\/\\\/www.transgourmet.es\\\/ca\\\/blog\\\/transgourmet-i-nudisco-reforcen-la-seva-presencia-a-la-comunitat-valenciana-amb-la-inauguracio-del-tercer-supermercat-kuups\\\/#breadcrumb\"},\"inLanguage\":\"ca\",\"potentialAction\":[{\"@type\":\"ReadAction\",\"target\":[\"https:\\\/\\\/www.transgourmet.es\\\/ca\\\/blog\\\/transgourmet-i-nudisco-reforcen-la-seva-presencia-a-la-comunitat-valenciana-amb-la-inauguracio-del-tercer-supermercat-kuups\\\/\"]}]},{\"@type\":\"ImageObject\",\"inLanguage\":\"ca\",\"@id\":\"https:\\\/\\\/www.transgourmet.es\\\/ca\\\/blog\\\/transgourmet-i-nudisco-reforcen-la-seva-presencia-a-la-comunitat-valenciana-amb-la-inauguracio-del-tercer-supermercat-kuups\\\/#primaryimage\",\"url\":\"https:\\\/\\\/www.transgourmet.es\\\/wp-content\\\/uploads\\\/2025\\\/10\\\/ImatgeKuups.jpeg\",\"contentUrl\":\"https:\\\/\\\/www.transgourmet.es\\\/wp-content\\\/uploads\\\/2025\\\/10\\\/ImatgeKuups.jpeg\",\"width\":641,\"height\":361},{\"@type\":\"BreadcrumbList\",\"@id\":\"https:\\\/\\\/www.transgourmet.es\\\/ca\\\/blog\\\/transgourmet-i-nudisco-reforcen-la-seva-presencia-a-la-comunitat-valenciana-amb-la-inauguracio-del-tercer-supermercat-kuups\\\/#breadcrumb\",\"itemListElement\":[{\"@type\":\"ListItem\",\"position\":1,\"name\":\"Portada\",\"item\":\"https:\\\/\\\/www.transgourmet.es\\\/ca\\\/\"},{\"@type\":\"ListItem\",\"position\":2,\"name\":\"Transgourmet i Nudisco reforcen la seva pres\u00e8ncia a la Comunitat Valenciana amb la inauguraci\u00f3 del tercer supermercat Kuups\"}]},{\"@type\":\"WebSite\",\"@id\":\"https:\\\/\\\/www.transgourmet.es\\\/#website\",\"url\":\"https:\\\/\\\/www.transgourmet.es\\\/\",\"name\":\"Transgourmet\",\"description\":\"Distribuci\u00f3n mayorista de alimentaci\u00f3n en Espa\u00f1a\",\"publisher\":{\"@id\":\"https:\\\/\\\/www.transgourmet.es\\\/#organization\"},\"alternateName\":\"Grupo Transgourmet\",\"potentialAction\":[{\"@type\":\"SearchAction\",\"target\":{\"@type\":\"EntryPoint\",\"urlTemplate\":\"https:\\\/\\\/www.transgourmet.es\\\/?s={search_term_string}\"},\"query-input\":{\"@type\":\"PropertyValueSpecification\",\"valueRequired\":true,\"valueName\":\"search_term_string\"}}],\"inLanguage\":\"ca\"},{\"@type\":\"Organization\",\"@id\":\"https:\\\/\\\/www.transgourmet.es\\\/#organization\",\"name\":\"Transgourmet\",\"url\":\"https:\\\/\\\/www.transgourmet.es\\\/\",\"logo\":{\"@type\":\"ImageObject\",\"inLanguage\":\"ca\",\"@id\":\"https:\\\/\\\/www.transgourmet.es\\\/#\\\/schema\\\/logo\\\/image\\\/\",\"url\":\"https:\\\/\\\/www.transgourmet.es\\\/wp-content\\\/uploads\\\/2022\\\/08\\\/trans-vert.svg\",\"contentUrl\":\"https:\\\/\\\/www.transgourmet.es\\\/wp-content\\\/uploads\\\/2022\\\/08\\\/trans-vert.svg\",\"width\":296,\"height\":113,\"caption\":\"Transgourmet\"},\"image\":{\"@id\":\"https:\\\/\\\/www.transgourmet.es\\\/#\\\/schema\\\/logo\\\/image\\\/\"},\"sameAs\":[\"https:\\\/\\\/x.com\\\/transgourmet_es\",\"https:\\\/\\\/www.youtube.com\\\/c\\\/TransgourmetIberica\",\"https:\\\/\\\/www.linkedin.com\\\/company\\\/transgourmet-iberica\"]},{\"@type\":\"Person\",\"@id\":\"https:\\\/\\\/www.transgourmet.es\\\/#\\\/schema\\\/person\\\/7558b42d44946cf43b85426e3e9260ff\",\"name\":\"Comunicacion\",\"image\":{\"@type\":\"ImageObject\",\"inLanguage\":\"ca\",\"@id\":\"https:\\\/\\\/secure.gravatar.com\\\/avatar\\\/22ed58e86b6fa1d603bc37a456b3c1eead2a5b2dc754952f01bc759bba31e2f3?s=96&d=mm&r=g\",\"url\":\"https:\\\/\\\/secure.gravatar.com\\\/avatar\\\/22ed58e86b6fa1d603bc37a456b3c1eead2a5b2dc754952f01bc759bba31e2f3?s=96&d=mm&r=g\",\"contentUrl\":\"https:\\\/\\\/secure.gravatar.com\\\/avatar\\\/22ed58e86b6fa1d603bc37a456b3c1eead2a5b2dc754952f01bc759bba31e2f3?s=96&d=mm&r=g\",\"caption\":\"Comunicacion\"},\"sameAs\":[\"https:\\\/\\\/www.transgourmet.es\\\/\"]}]}<\/script>\n<!-- \/ Yoast SEO plugin. -->","yoast_head_json":{"title":"Transgourmet i Nudisco reforcen la seva pres\u00e8ncia a la Comunitat Valenciana amb la inauguraci\u00f3 del tercer supermercat Kuups | Transgourmet","robots":{"index":"index","follow":"follow","max-snippet":"max-snippet:-1","max-image-preview":"max-image-preview:large","max-video-preview":"max-video-preview:-1"},"canonical":"https:\/\/www.transgourmet.es\/ca\/blog\/transgourmet-i-nudisco-reforcen-la-seva-presencia-a-la-comunitat-valenciana-amb-la-inauguracio-del-tercer-supermercat-kuups\/","og_locale":"ca_ES","og_type":"article","og_title":"Transgourmet i Nudisco reforcen la seva pres\u00e8ncia a la Comunitat Valenciana amb la inauguraci\u00f3 del tercer supermercat Kuups | Transgourmet","og_description":"Nuditrans, l\u2019empresa conjunta participada al 50 % per Transgourmet Ib\u00e8rica i Nudisco, continua amb el seu pla d\u2019expansi\u00f3 a la zona de Llevant. En nom\u00e9s dos mesos, ja ha inaugurat el tercer supermercat Kuups a la Comunitat Valenciana. El nou establiment es troba ubicat al municipi de Torrent (prov\u00edncia de Val\u00e8ncia), al n\u00famero 61 de&hellip;&nbsp;","og_url":"https:\/\/www.transgourmet.es\/ca\/blog\/transgourmet-i-nudisco-reforcen-la-seva-presencia-a-la-comunitat-valenciana-amb-la-inauguracio-del-tercer-supermercat-kuups\/","og_site_name":"Transgourmet","article_published_time":"2025-10-20T08:25:43+00:00","article_modified_time":"2025-10-20T08:25:53+00:00","og_image":[{"width":641,"height":361,"url":"https:\/\/www.transgourmet.es\/wp-content\/uploads\/2025\/10\/ImatgeKuups.jpeg","type":"image\/jpeg"}],"author":"Comunicacion","twitter_card":"summary_large_image","twitter_creator":"@transgourmet_es","twitter_site":"@transgourmet_es","twitter_misc":{"Escrit per":"Comunicacion","Temps estimat de lectura":"2 minuts"},"schema":{"@context":"https:\/\/schema.org","@graph":[{"@type":"Article","@id":"https:\/\/www.transgourmet.es\/ca\/blog\/transgourmet-i-nudisco-reforcen-la-seva-presencia-a-la-comunitat-valenciana-amb-la-inauguracio-del-tercer-supermercat-kuups\/#article","isPartOf":{"@id":"https:\/\/www.transgourmet.es\/ca\/blog\/transgourmet-i-nudisco-reforcen-la-seva-presencia-a-la-comunitat-valenciana-amb-la-inauguracio-del-tercer-supermercat-kuups\/"},"author":{"name":"Comunicacion","@id":"https:\/\/www.transgourmet.es\/#\/schema\/person\/7558b42d44946cf43b85426e3e9260ff"},"headline":"Transgourmet i Nudisco reforcen la seva pres\u00e8ncia a la Comunitat Valenciana amb la inauguraci\u00f3 del tercer supermercat Kuups","datePublished":"2025-10-20T08:25:43+00:00","dateModified":"2025-10-20T08:25:53+00:00","mainEntityOfPage":{"@id":"https:\/\/www.transgourmet.es\/ca\/blog\/transgourmet-i-nudisco-reforcen-la-seva-presencia-a-la-comunitat-valenciana-amb-la-inauguracio-del-tercer-supermercat-kuups\/"},"wordCount":258,"commentCount":0,"publisher":{"@id":"https:\/\/www.transgourmet.es\/#organization"},"image":{"@id":"https:\/\/www.transgourmet.es\/ca\/blog\/transgourmet-i-nudisco-reforcen-la-seva-presencia-a-la-comunitat-valenciana-amb-la-inauguracio-del-tercer-supermercat-kuups\/#primaryimage"},"thumbnailUrl":"https:\/\/www.transgourmet.es\/wp-content\/uploads\/2025\/10\/ImatgeKuups.jpeg","articleSection":["Corporativa"],"inLanguage":"ca","potentialAction":[{"@type":"CommentAction","name":"Comment","target":["https:\/\/www.transgourmet.es\/ca\/blog\/transgourmet-i-nudisco-reforcen-la-seva-presencia-a-la-comunitat-valenciana-amb-la-inauguracio-del-tercer-supermercat-kuups\/#respond"]}]},{"@type":"WebPage","@id":"https:\/\/www.transgourmet.es\/ca\/blog\/transgourmet-i-nudisco-reforcen-la-seva-presencia-a-la-comunitat-valenciana-amb-la-inauguracio-del-tercer-supermercat-kuups\/","url":"https:\/\/www.transgourmet.es\/ca\/blog\/transgourmet-i-nudisco-reforcen-la-seva-presencia-a-la-comunitat-valenciana-amb-la-inauguracio-del-tercer-supermercat-kuups\/","name":"Transgourmet i Nudisco reforcen la seva pres\u00e8ncia a la Comunitat Valenciana amb la inauguraci\u00f3 del tercer supermercat Kuups | Transgourmet","isPartOf":{"@id":"https:\/\/www.transgourmet.es\/#website"},"primaryImageOfPage":{"@id":"https:\/\/www.transgourmet.es\/ca\/blog\/transgourmet-i-nudisco-reforcen-la-seva-presencia-a-la-comunitat-valenciana-amb-la-inauguracio-del-tercer-supermercat-kuups\/#primaryimage"},"image":{"@id":"https:\/\/www.transgourmet.es\/ca\/blog\/transgourmet-i-nudisco-reforcen-la-seva-presencia-a-la-comunitat-valenciana-amb-la-inauguracio-del-tercer-supermercat-kuups\/#primaryimage"},"thumbnailUrl":"https:\/\/www.transgourmet.es\/wp-content\/uploads\/2025\/10\/ImatgeKuups.jpeg","datePublished":"2025-10-20T08:25:43+00:00","dateModified":"2025-10-20T08:25:53+00:00","breadcrumb":{"@id":"https:\/\/www.transgourmet.es\/ca\/blog\/transgourmet-i-nudisco-reforcen-la-seva-presencia-a-la-comunitat-valenciana-amb-la-inauguracio-del-tercer-supermercat-kuups\/#breadcrumb"},"inLanguage":"ca","potentialAction":[{"@type":"ReadAction","target":["https:\/\/www.transgourmet.es\/ca\/blog\/transgourmet-i-nudisco-reforcen-la-seva-presencia-a-la-comunitat-valenciana-amb-la-inauguracio-del-tercer-supermercat-kuups\/"]}]},{"@type":"ImageObject","inLanguage":"ca","@id":"https:\/\/www.transgourmet.es\/ca\/blog\/transgourmet-i-nudisco-reforcen-la-seva-presencia-a-la-comunitat-valenciana-amb-la-inauguracio-del-tercer-supermercat-kuups\/#primaryimage","url":"https:\/\/www.transgourmet.es\/wp-content\/uploads\/2025\/10\/ImatgeKuups.jpeg","contentUrl":"https:\/\/www.transgourmet.es\/wp-content\/uploads\/2025\/10\/ImatgeKuups.jpeg","width":641,"height":361},{"@type":"BreadcrumbList","@id":"https:\/\/www.transgourmet.es\/ca\/blog\/transgourmet-i-nudisco-reforcen-la-seva-presencia-a-la-comunitat-valenciana-amb-la-inauguracio-del-tercer-supermercat-kuups\/#breadcrumb","itemListElement":[{"@type":"ListItem","position":1,"name":"Portada","item":"https:\/\/www.transgourmet.es\/ca\/"},{"@type":"ListItem","position":2,"name":"Transgourmet i Nudisco reforcen la seva pres\u00e8ncia a la Comunitat Valenciana amb la inauguraci\u00f3 del tercer supermercat Kuups"}]},{"@type":"WebSite","@id":"https:\/\/www.transgourmet.es\/#website","url":"https:\/\/www.transgourmet.es\/","name":"Transgourmet","description":"Distribuci\u00f3n mayorista de alimentaci\u00f3n en Espa\u00f1a","publisher":{"@id":"https:\/\/www.transgourmet.es\/#organization"},"alternateName":"Grupo Transgourmet","potentialAction":[{"@type":"SearchAction","target":{"@type":"EntryPoint","urlTemplate":"https:\/\/www.transgourmet.es\/?s={search_term_string}"},"query-input":{"@type":"PropertyValueSpecification","valueRequired":true,"valueName":"search_term_string"}}],"inLanguage":"ca"},{"@type":"Organization","@id":"https:\/\/www.transgourmet.es\/#organization","name":"Transgourmet","url":"https:\/\/www.transgourmet.es\/","logo":{"@type":"ImageObject","inLanguage":"ca","@id":"https:\/\/www.transgourmet.es\/#\/schema\/logo\/image\/","url":"https:\/\/www.transgourmet.es\/wp-content\/uploads\/2022\/08\/trans-vert.svg","contentUrl":"https:\/\/www.transgourmet.es\/wp-content\/uploads\/2022\/08\/trans-vert.svg","width":296,"height":113,"caption":"Transgourmet"},"image":{"@id":"https:\/\/www.transgourmet.es\/#\/schema\/logo\/image\/"},"sameAs":["https:\/\/x.com\/transgourmet_es","https:\/\/www.youtube.com\/c\/TransgourmetIberica","https:\/\/www.linkedin.com\/company\/transgourmet-iberica"]},{"@type":"Person","@id":"https:\/\/www.transgourmet.es\/#\/schema\/person\/7558b42d44946cf43b85426e3e9260ff","name":"Comunicacion","image":{"@type":"ImageObject","inLanguage":"ca","@id":"https:\/\/secure.gravatar.com\/avatar\/22ed58e86b6fa1d603bc37a456b3c1eead2a5b2dc754952f01bc759bba31e2f3?s=96&d=mm&r=g","url":"https:\/\/secure.gravatar.com\/avatar\/22ed58e86b6fa1d603bc37a456b3c1eead2a5b2dc754952f01bc759bba31e2f3?s=96&d=mm&r=g","contentUrl":"https:\/\/secure.gravatar.com\/avatar\/22ed58e86b6fa1d603bc37a456b3c1eead2a5b2dc754952f01bc759bba31e2f3?s=96&d=mm&r=g","caption":"Comunicacion"},"sameAs":["https:\/\/www.transgourmet.es\/"]}]}},"_links":{"self":[{"href":"https:\/\/www.transgourmet.es\/ca\/wp-json\/wp\/v2\/posts\/26008","targetHints":{"allow":["GET"]}}],"collection":[{"href":"https:\/\/www.transgourmet.es\/ca\/wp-json\/wp\/v2\/posts"}],"about":[{"href":"https:\/\/www.transgourmet.es\/ca\/wp-json\/wp\/v2\/types\/post"}],"author":[{"embeddable":true,"href":"https:\/\/www.transgourmet.es\/ca\/wp-json\/wp\/v2\/users\/3"}],"replies":[{"embeddable":true,"href":"https:\/\/www.transgourmet.es\/ca\/wp-json\/wp\/v2\/comments?post=26008"}],"version-history":[{"count":2,"href":"https:\/\/www.transgourmet.es\/ca\/wp-json\/wp\/v2\/posts\/26008\/revisions"}],"predecessor-version":[{"id":26017,"href":"https:\/\/www.transgourmet.es\/ca\/wp-json\/wp\/v2\/posts\/26008\/revisions\/26017"}],"wp:featuredmedia":[{"embeddable":true,"href":"https:\/\/www.transgourmet.es\/ca\/wp-json\/wp\/v2\/media\/26011"}],"wp:attachment":[{"href":"https:\/\/www.transgourmet.es\/ca\/wp-json\/wp\/v2\/media?parent=26008"}],"wp:term":[{"taxonomy":"category","embeddable":true,"href":"https:\/\/www.transgourmet.es\/ca\/wp-json\/wp\/v2\/categories?post=26008"},{"taxonomy":"post_tag","embeddable":true,"href":"https:\/\/www.transgourmet.es\/ca\/wp-json\/wp\/v2\/tags?post=26008"}],"curies":[{"name":"wp","href":"https:\/\/api.w.org\/{rel}","templated":true}]}}