{"id":26072,"date":"2025-10-28T09:54:02","date_gmt":"2025-10-28T08:54:02","guid":{"rendered":"https:\/\/www.transgourmet.es\/?p=26072"},"modified":"2025-10-28T09:54:14","modified_gmt":"2025-10-28T08:54:14","slug":"transgourmet-iberica-estrena-el-seu-nou-contact-center-que-aten-mes-de-6-000-usuaris-cada-setmana","status":"publish","type":"post","link":"https:\/\/www.transgourmet.es\/ca\/blog\/transgourmet-iberica-estrena-el-seu-nou-contact-center-que-aten-mes-de-6-000-usuaris-cada-setmana\/","title":{"rendered":"Transgourmet Ib\u00e8rica estrena el seu nou Contact Center  que at\u00e9n m\u00e9s de 6.000 usuaris cada setmana"},"content":{"rendered":"<p>Transgourmet Ib\u00e8rica, dedicada a la distribuci\u00f3 a l\u2019hostaleria i als supermercats de proximitat, ha inaugurat oficialment el seu nou Contact Center, un espai totalment reformat, innovador i sostenible, ubicat als Serveis Centrals de Vilamalla (Alt Empord\u00e0, Girona).<\/p>\n<p style=\"font-weight: 400;\">El nou Contact Center de Transgourmet Ib\u00e8rica permet oferir un servei m\u00e9s estrat\u00e8gic i personalitzat, atenent cada setmana m\u00e9s de 6.000 clients, principalment d\u2019hostaleria, i est\u00e0 preparat per donar cobertura a incid\u00e8ncies o consultes de prop d\u2019uns gaireb\u00e9 3.400 de <em>retail<\/em>.<\/p>\n<p style=\"font-weight: 400;\">M\u00e9s de 5.000 usuaris ja fan les seves compres a trav\u00e9s de la plataforma d\u2019<em>e-commerce<\/em>, sumant-se a la resta dels punts de contacte com la via telef\u00f2nica i el correu electr\u00f2nic, consolidant l\u2019omnicanalitat com a eix del model de negoci i refor\u00e7ant la proximitat amb el client.<\/p>\n<p style=\"font-weight: 400;\">S\u00edlvia Otero, directora executiva d&#8217;Operacions de Transgourmet Ib\u00e8rica, i Gabriel Rodr\u00edguez, director del Contact Center, han destacat que &#8220;les persones que treballen en aquesta \u00e0rea s\u00f3n la veu que transmet els valors de la companyia i les que mantenen un vincle i un contacte directe amb els nostres clients&#8221;.<\/p>\n<p style=\"font-weight: 400;\">Concebut per fomentar un entorn laboral productiu i saludable, l\u2019edifici acull un equip de 45 professionals dedicats a oferir una atenci\u00f3 integral a cada client. Est\u00e0 equipat amb taules el\u00e8ctriques per regular l\u2019al\u00e7ada, sol t\u00e8cnic, il\u00b7luminaci\u00f3 optimitzada i panells d\u2019insonoritzaci\u00f3 eficient, que permeten que fins a 20 persones treballin de manera simult\u00e0nia sense interfer\u00e8ncies.<\/p>\n<p style=\"font-weight: 400;\">A m\u00e9s, compta amb sales de reunions r\u00e0pides i mesures d\u2019efici\u00e8ncia energ\u00e8tica, com il\u00b7luminaci\u00f3 led i a\u00efllament t\u00e8rmic, que redueixen el consum i reforcen el comprom\u00eds de la companyia amb la sostenibilitat.<\/p>\n","protected":false},"excerpt":{"rendered":"<p>Transgourmet Ib\u00e8rica, dedicada a la distribuci\u00f3 a l\u2019hostaleria i als supermercats de proximitat, ha inaugurat oficialment el seu nou Contact Center, un espai totalment reformat, innovador i sostenible, ubicat als Serveis Centrals de Vilamalla (Alt Empord\u00e0, Girona). El nou Contact Center de Transgourmet Ib\u00e8rica permet oferir un servei m\u00e9s estrat\u00e8gic i personalitzat, atenent cada setmana&hellip;&nbsp;<\/p>\n","protected":false},"author":3,"featured_media":26068,"comment_status":"open","ping_status":"open","sticky":false,"template":"","format":"standard","meta":{"_acf_changed":false,"neve_meta_sidebar":"","neve_meta_container":"","neve_meta_enable_content_width":"off","neve_meta_content_width":70,"neve_meta_title_alignment":"","neve_meta_author_avatar":"","neve_post_elements_order":"","neve_meta_disable_header":"","neve_meta_disable_footer":"","neve_meta_disable_title":"","footnotes":""},"categories":[35],"tags":[],"class_list":["post-26072","post","type-post","status-publish","format-standard","has-post-thumbnail","hentry","category-corporativa-ca"],"acf":[],"yoast_head":"<!-- This site is optimized with the Yoast SEO plugin v27.4 - https:\/\/yoast.com\/product\/yoast-seo-wordpress\/ -->\n<title>Transgourmet Ib\u00e8rica estrena el seu nou Contact Center que at\u00e9n m\u00e9s de 6.000 usuaris cada setmana | Transgourmet<\/title>\n<meta name=\"robots\" content=\"index, follow, max-snippet:-1, max-image-preview:large, max-video-preview:-1\" \/>\n<link rel=\"canonical\" href=\"https:\/\/www.transgourmet.es\/ca\/blog\/transgourmet-iberica-estrena-el-seu-nou-contact-center-que-aten-mes-de-6-000-usuaris-cada-setmana\/\" \/>\n<meta property=\"og:locale\" content=\"ca_ES\" \/>\n<meta property=\"og:type\" content=\"article\" \/>\n<meta property=\"og:title\" content=\"Transgourmet Ib\u00e8rica estrena el seu nou Contact Center que at\u00e9n m\u00e9s de 6.000 usuaris cada setmana | Transgourmet\" \/>\n<meta property=\"og:description\" content=\"Transgourmet Ib\u00e8rica, dedicada a la distribuci\u00f3 a l\u2019hostaleria i als supermercats de proximitat, ha inaugurat oficialment el seu nou Contact Center, un espai totalment reformat, innovador i sostenible, ubicat als Serveis Centrals de Vilamalla (Alt Empord\u00e0, Girona). El nou Contact Center de Transgourmet Ib\u00e8rica permet oferir un servei m\u00e9s estrat\u00e8gic i personalitzat, atenent cada setmana&hellip;&nbsp;\" \/>\n<meta property=\"og:url\" content=\"https:\/\/www.transgourmet.es\/ca\/blog\/transgourmet-iberica-estrena-el-seu-nou-contact-center-que-aten-mes-de-6-000-usuaris-cada-setmana\/\" \/>\n<meta property=\"og:site_name\" content=\"Transgourmet\" \/>\n<meta property=\"article:published_time\" content=\"2025-10-28T08:54:02+00:00\" \/>\n<meta property=\"article:modified_time\" content=\"2025-10-28T08:54:14+00:00\" \/>\n<meta property=\"og:image\" content=\"https:\/\/www.transgourmet.es\/wp-content\/uploads\/2025\/10\/ContactCenterTransgourmet-scaled.jpg\" \/>\n\t<meta property=\"og:image:width\" content=\"2560\" \/>\n\t<meta property=\"og:image:height\" content=\"1707\" \/>\n\t<meta property=\"og:image:type\" content=\"image\/jpeg\" \/>\n<meta name=\"author\" content=\"Comunicacion\" \/>\n<meta name=\"twitter:card\" content=\"summary_large_image\" \/>\n<meta name=\"twitter:creator\" content=\"@transgourmet_es\" \/>\n<meta name=\"twitter:site\" content=\"@transgourmet_es\" \/>\n<meta name=\"twitter:label1\" content=\"Escrit per\" \/>\n\t<meta name=\"twitter:data1\" content=\"Comunicacion\" \/>\n\t<meta name=\"twitter:label2\" content=\"Temps estimat de lectura\" \/>\n\t<meta name=\"twitter:data2\" content=\"2 minuts\" \/>\n<script type=\"application\/ld+json\" class=\"yoast-schema-graph\">{\"@context\":\"https:\\\/\\\/schema.org\",\"@graph\":[{\"@type\":\"Article\",\"@id\":\"https:\\\/\\\/www.transgourmet.es\\\/ca\\\/blog\\\/transgourmet-iberica-estrena-el-seu-nou-contact-center-que-aten-mes-de-6-000-usuaris-cada-setmana\\\/#article\",\"isPartOf\":{\"@id\":\"https:\\\/\\\/www.transgourmet.es\\\/ca\\\/blog\\\/transgourmet-iberica-estrena-el-seu-nou-contact-center-que-aten-mes-de-6-000-usuaris-cada-setmana\\\/\"},\"author\":{\"name\":\"Comunicacion\",\"@id\":\"https:\\\/\\\/www.transgourmet.es\\\/#\\\/schema\\\/person\\\/7558b42d44946cf43b85426e3e9260ff\"},\"headline\":\"Transgourmet Ib\u00e8rica estrena el seu nou Contact Center que at\u00e9n m\u00e9s de 6.000 usuaris cada setmana\",\"datePublished\":\"2025-10-28T08:54:02+00:00\",\"dateModified\":\"2025-10-28T08:54:14+00:00\",\"mainEntityOfPage\":{\"@id\":\"https:\\\/\\\/www.transgourmet.es\\\/ca\\\/blog\\\/transgourmet-iberica-estrena-el-seu-nou-contact-center-que-aten-mes-de-6-000-usuaris-cada-setmana\\\/\"},\"wordCount\":312,\"commentCount\":0,\"publisher\":{\"@id\":\"https:\\\/\\\/www.transgourmet.es\\\/#organization\"},\"image\":{\"@id\":\"https:\\\/\\\/www.transgourmet.es\\\/ca\\\/blog\\\/transgourmet-iberica-estrena-el-seu-nou-contact-center-que-aten-mes-de-6-000-usuaris-cada-setmana\\\/#primaryimage\"},\"thumbnailUrl\":\"https:\\\/\\\/www.transgourmet.es\\\/wp-content\\\/uploads\\\/2025\\\/10\\\/ContactCenterTransgourmet-scaled.jpg\",\"articleSection\":[\"Corporativa\"],\"inLanguage\":\"ca\",\"potentialAction\":[{\"@type\":\"CommentAction\",\"name\":\"Comment\",\"target\":[\"https:\\\/\\\/www.transgourmet.es\\\/ca\\\/blog\\\/transgourmet-iberica-estrena-el-seu-nou-contact-center-que-aten-mes-de-6-000-usuaris-cada-setmana\\\/#respond\"]}]},{\"@type\":\"WebPage\",\"@id\":\"https:\\\/\\\/www.transgourmet.es\\\/ca\\\/blog\\\/transgourmet-iberica-estrena-el-seu-nou-contact-center-que-aten-mes-de-6-000-usuaris-cada-setmana\\\/\",\"url\":\"https:\\\/\\\/www.transgourmet.es\\\/ca\\\/blog\\\/transgourmet-iberica-estrena-el-seu-nou-contact-center-que-aten-mes-de-6-000-usuaris-cada-setmana\\\/\",\"name\":\"Transgourmet Ib\u00e8rica estrena el seu nou Contact Center que at\u00e9n m\u00e9s de 6.000 usuaris cada setmana | Transgourmet\",\"isPartOf\":{\"@id\":\"https:\\\/\\\/www.transgourmet.es\\\/#website\"},\"primaryImageOfPage\":{\"@id\":\"https:\\\/\\\/www.transgourmet.es\\\/ca\\\/blog\\\/transgourmet-iberica-estrena-el-seu-nou-contact-center-que-aten-mes-de-6-000-usuaris-cada-setmana\\\/#primaryimage\"},\"image\":{\"@id\":\"https:\\\/\\\/www.transgourmet.es\\\/ca\\\/blog\\\/transgourmet-iberica-estrena-el-seu-nou-contact-center-que-aten-mes-de-6-000-usuaris-cada-setmana\\\/#primaryimage\"},\"thumbnailUrl\":\"https:\\\/\\\/www.transgourmet.es\\\/wp-content\\\/uploads\\\/2025\\\/10\\\/ContactCenterTransgourmet-scaled.jpg\",\"datePublished\":\"2025-10-28T08:54:02+00:00\",\"dateModified\":\"2025-10-28T08:54:14+00:00\",\"breadcrumb\":{\"@id\":\"https:\\\/\\\/www.transgourmet.es\\\/ca\\\/blog\\\/transgourmet-iberica-estrena-el-seu-nou-contact-center-que-aten-mes-de-6-000-usuaris-cada-setmana\\\/#breadcrumb\"},\"inLanguage\":\"ca\",\"potentialAction\":[{\"@type\":\"ReadAction\",\"target\":[\"https:\\\/\\\/www.transgourmet.es\\\/ca\\\/blog\\\/transgourmet-iberica-estrena-el-seu-nou-contact-center-que-aten-mes-de-6-000-usuaris-cada-setmana\\\/\"]}]},{\"@type\":\"ImageObject\",\"inLanguage\":\"ca\",\"@id\":\"https:\\\/\\\/www.transgourmet.es\\\/ca\\\/blog\\\/transgourmet-iberica-estrena-el-seu-nou-contact-center-que-aten-mes-de-6-000-usuaris-cada-setmana\\\/#primaryimage\",\"url\":\"https:\\\/\\\/www.transgourmet.es\\\/wp-content\\\/uploads\\\/2025\\\/10\\\/ContactCenterTransgourmet-scaled.jpg\",\"contentUrl\":\"https:\\\/\\\/www.transgourmet.es\\\/wp-content\\\/uploads\\\/2025\\\/10\\\/ContactCenterTransgourmet-scaled.jpg\",\"width\":2560,\"height\":1707},{\"@type\":\"BreadcrumbList\",\"@id\":\"https:\\\/\\\/www.transgourmet.es\\\/ca\\\/blog\\\/transgourmet-iberica-estrena-el-seu-nou-contact-center-que-aten-mes-de-6-000-usuaris-cada-setmana\\\/#breadcrumb\",\"itemListElement\":[{\"@type\":\"ListItem\",\"position\":1,\"name\":\"Portada\",\"item\":\"https:\\\/\\\/www.transgourmet.es\\\/ca\\\/\"},{\"@type\":\"ListItem\",\"position\":2,\"name\":\"Transgourmet Ib\u00e8rica estrena el seu nou Contact Center que at\u00e9n m\u00e9s de 6.000 usuaris cada setmana\"}]},{\"@type\":\"WebSite\",\"@id\":\"https:\\\/\\\/www.transgourmet.es\\\/#website\",\"url\":\"https:\\\/\\\/www.transgourmet.es\\\/\",\"name\":\"Transgourmet\",\"description\":\"Distribuci\u00f3n mayorista de alimentaci\u00f3n en Espa\u00f1a\",\"publisher\":{\"@id\":\"https:\\\/\\\/www.transgourmet.es\\\/#organization\"},\"alternateName\":\"Grupo Transgourmet\",\"potentialAction\":[{\"@type\":\"SearchAction\",\"target\":{\"@type\":\"EntryPoint\",\"urlTemplate\":\"https:\\\/\\\/www.transgourmet.es\\\/?s={search_term_string}\"},\"query-input\":{\"@type\":\"PropertyValueSpecification\",\"valueRequired\":true,\"valueName\":\"search_term_string\"}}],\"inLanguage\":\"ca\"},{\"@type\":\"Organization\",\"@id\":\"https:\\\/\\\/www.transgourmet.es\\\/#organization\",\"name\":\"Transgourmet\",\"url\":\"https:\\\/\\\/www.transgourmet.es\\\/\",\"logo\":{\"@type\":\"ImageObject\",\"inLanguage\":\"ca\",\"@id\":\"https:\\\/\\\/www.transgourmet.es\\\/#\\\/schema\\\/logo\\\/image\\\/\",\"url\":\"https:\\\/\\\/www.transgourmet.es\\\/wp-content\\\/uploads\\\/2022\\\/08\\\/trans-vert.svg\",\"contentUrl\":\"https:\\\/\\\/www.transgourmet.es\\\/wp-content\\\/uploads\\\/2022\\\/08\\\/trans-vert.svg\",\"width\":296,\"height\":113,\"caption\":\"Transgourmet\"},\"image\":{\"@id\":\"https:\\\/\\\/www.transgourmet.es\\\/#\\\/schema\\\/logo\\\/image\\\/\"},\"sameAs\":[\"https:\\\/\\\/x.com\\\/transgourmet_es\",\"https:\\\/\\\/www.youtube.com\\\/c\\\/TransgourmetIberica\",\"https:\\\/\\\/www.linkedin.com\\\/company\\\/transgourmet-iberica\"]},{\"@type\":\"Person\",\"@id\":\"https:\\\/\\\/www.transgourmet.es\\\/#\\\/schema\\\/person\\\/7558b42d44946cf43b85426e3e9260ff\",\"name\":\"Comunicacion\",\"image\":{\"@type\":\"ImageObject\",\"inLanguage\":\"ca\",\"@id\":\"https:\\\/\\\/secure.gravatar.com\\\/avatar\\\/22ed58e86b6fa1d603bc37a456b3c1eead2a5b2dc754952f01bc759bba31e2f3?s=96&d=mm&r=g\",\"url\":\"https:\\\/\\\/secure.gravatar.com\\\/avatar\\\/22ed58e86b6fa1d603bc37a456b3c1eead2a5b2dc754952f01bc759bba31e2f3?s=96&d=mm&r=g\",\"contentUrl\":\"https:\\\/\\\/secure.gravatar.com\\\/avatar\\\/22ed58e86b6fa1d603bc37a456b3c1eead2a5b2dc754952f01bc759bba31e2f3?s=96&d=mm&r=g\",\"caption\":\"Comunicacion\"},\"sameAs\":[\"https:\\\/\\\/www.transgourmet.es\\\/\"]}]}<\/script>\n<!-- \/ Yoast SEO plugin. -->","yoast_head_json":{"title":"Transgourmet Ib\u00e8rica estrena el seu nou Contact Center que at\u00e9n m\u00e9s de 6.000 usuaris cada setmana | Transgourmet","robots":{"index":"index","follow":"follow","max-snippet":"max-snippet:-1","max-image-preview":"max-image-preview:large","max-video-preview":"max-video-preview:-1"},"canonical":"https:\/\/www.transgourmet.es\/ca\/blog\/transgourmet-iberica-estrena-el-seu-nou-contact-center-que-aten-mes-de-6-000-usuaris-cada-setmana\/","og_locale":"ca_ES","og_type":"article","og_title":"Transgourmet Ib\u00e8rica estrena el seu nou Contact Center que at\u00e9n m\u00e9s de 6.000 usuaris cada setmana | Transgourmet","og_description":"Transgourmet Ib\u00e8rica, dedicada a la distribuci\u00f3 a l\u2019hostaleria i als supermercats de proximitat, ha inaugurat oficialment el seu nou Contact Center, un espai totalment reformat, innovador i sostenible, ubicat als Serveis Centrals de Vilamalla (Alt Empord\u00e0, Girona). El nou Contact Center de Transgourmet Ib\u00e8rica permet oferir un servei m\u00e9s estrat\u00e8gic i personalitzat, atenent cada setmana&hellip;&nbsp;","og_url":"https:\/\/www.transgourmet.es\/ca\/blog\/transgourmet-iberica-estrena-el-seu-nou-contact-center-que-aten-mes-de-6-000-usuaris-cada-setmana\/","og_site_name":"Transgourmet","article_published_time":"2025-10-28T08:54:02+00:00","article_modified_time":"2025-10-28T08:54:14+00:00","og_image":[{"width":2560,"height":1707,"url":"https:\/\/www.transgourmet.es\/wp-content\/uploads\/2025\/10\/ContactCenterTransgourmet-scaled.jpg","type":"image\/jpeg"}],"author":"Comunicacion","twitter_card":"summary_large_image","twitter_creator":"@transgourmet_es","twitter_site":"@transgourmet_es","twitter_misc":{"Escrit per":"Comunicacion","Temps estimat de lectura":"2 minuts"},"schema":{"@context":"https:\/\/schema.org","@graph":[{"@type":"Article","@id":"https:\/\/www.transgourmet.es\/ca\/blog\/transgourmet-iberica-estrena-el-seu-nou-contact-center-que-aten-mes-de-6-000-usuaris-cada-setmana\/#article","isPartOf":{"@id":"https:\/\/www.transgourmet.es\/ca\/blog\/transgourmet-iberica-estrena-el-seu-nou-contact-center-que-aten-mes-de-6-000-usuaris-cada-setmana\/"},"author":{"name":"Comunicacion","@id":"https:\/\/www.transgourmet.es\/#\/schema\/person\/7558b42d44946cf43b85426e3e9260ff"},"headline":"Transgourmet Ib\u00e8rica estrena el seu nou Contact Center que at\u00e9n m\u00e9s de 6.000 usuaris cada setmana","datePublished":"2025-10-28T08:54:02+00:00","dateModified":"2025-10-28T08:54:14+00:00","mainEntityOfPage":{"@id":"https:\/\/www.transgourmet.es\/ca\/blog\/transgourmet-iberica-estrena-el-seu-nou-contact-center-que-aten-mes-de-6-000-usuaris-cada-setmana\/"},"wordCount":312,"commentCount":0,"publisher":{"@id":"https:\/\/www.transgourmet.es\/#organization"},"image":{"@id":"https:\/\/www.transgourmet.es\/ca\/blog\/transgourmet-iberica-estrena-el-seu-nou-contact-center-que-aten-mes-de-6-000-usuaris-cada-setmana\/#primaryimage"},"thumbnailUrl":"https:\/\/www.transgourmet.es\/wp-content\/uploads\/2025\/10\/ContactCenterTransgourmet-scaled.jpg","articleSection":["Corporativa"],"inLanguage":"ca","potentialAction":[{"@type":"CommentAction","name":"Comment","target":["https:\/\/www.transgourmet.es\/ca\/blog\/transgourmet-iberica-estrena-el-seu-nou-contact-center-que-aten-mes-de-6-000-usuaris-cada-setmana\/#respond"]}]},{"@type":"WebPage","@id":"https:\/\/www.transgourmet.es\/ca\/blog\/transgourmet-iberica-estrena-el-seu-nou-contact-center-que-aten-mes-de-6-000-usuaris-cada-setmana\/","url":"https:\/\/www.transgourmet.es\/ca\/blog\/transgourmet-iberica-estrena-el-seu-nou-contact-center-que-aten-mes-de-6-000-usuaris-cada-setmana\/","name":"Transgourmet Ib\u00e8rica estrena el seu nou Contact Center que at\u00e9n m\u00e9s de 6.000 usuaris cada setmana | Transgourmet","isPartOf":{"@id":"https:\/\/www.transgourmet.es\/#website"},"primaryImageOfPage":{"@id":"https:\/\/www.transgourmet.es\/ca\/blog\/transgourmet-iberica-estrena-el-seu-nou-contact-center-que-aten-mes-de-6-000-usuaris-cada-setmana\/#primaryimage"},"image":{"@id":"https:\/\/www.transgourmet.es\/ca\/blog\/transgourmet-iberica-estrena-el-seu-nou-contact-center-que-aten-mes-de-6-000-usuaris-cada-setmana\/#primaryimage"},"thumbnailUrl":"https:\/\/www.transgourmet.es\/wp-content\/uploads\/2025\/10\/ContactCenterTransgourmet-scaled.jpg","datePublished":"2025-10-28T08:54:02+00:00","dateModified":"2025-10-28T08:54:14+00:00","breadcrumb":{"@id":"https:\/\/www.transgourmet.es\/ca\/blog\/transgourmet-iberica-estrena-el-seu-nou-contact-center-que-aten-mes-de-6-000-usuaris-cada-setmana\/#breadcrumb"},"inLanguage":"ca","potentialAction":[{"@type":"ReadAction","target":["https:\/\/www.transgourmet.es\/ca\/blog\/transgourmet-iberica-estrena-el-seu-nou-contact-center-que-aten-mes-de-6-000-usuaris-cada-setmana\/"]}]},{"@type":"ImageObject","inLanguage":"ca","@id":"https:\/\/www.transgourmet.es\/ca\/blog\/transgourmet-iberica-estrena-el-seu-nou-contact-center-que-aten-mes-de-6-000-usuaris-cada-setmana\/#primaryimage","url":"https:\/\/www.transgourmet.es\/wp-content\/uploads\/2025\/10\/ContactCenterTransgourmet-scaled.jpg","contentUrl":"https:\/\/www.transgourmet.es\/wp-content\/uploads\/2025\/10\/ContactCenterTransgourmet-scaled.jpg","width":2560,"height":1707},{"@type":"BreadcrumbList","@id":"https:\/\/www.transgourmet.es\/ca\/blog\/transgourmet-iberica-estrena-el-seu-nou-contact-center-que-aten-mes-de-6-000-usuaris-cada-setmana\/#breadcrumb","itemListElement":[{"@type":"ListItem","position":1,"name":"Portada","item":"https:\/\/www.transgourmet.es\/ca\/"},{"@type":"ListItem","position":2,"name":"Transgourmet Ib\u00e8rica estrena el seu nou Contact Center que at\u00e9n m\u00e9s de 6.000 usuaris cada setmana"}]},{"@type":"WebSite","@id":"https:\/\/www.transgourmet.es\/#website","url":"https:\/\/www.transgourmet.es\/","name":"Transgourmet","description":"Distribuci\u00f3n mayorista de alimentaci\u00f3n en Espa\u00f1a","publisher":{"@id":"https:\/\/www.transgourmet.es\/#organization"},"alternateName":"Grupo Transgourmet","potentialAction":[{"@type":"SearchAction","target":{"@type":"EntryPoint","urlTemplate":"https:\/\/www.transgourmet.es\/?s={search_term_string}"},"query-input":{"@type":"PropertyValueSpecification","valueRequired":true,"valueName":"search_term_string"}}],"inLanguage":"ca"},{"@type":"Organization","@id":"https:\/\/www.transgourmet.es\/#organization","name":"Transgourmet","url":"https:\/\/www.transgourmet.es\/","logo":{"@type":"ImageObject","inLanguage":"ca","@id":"https:\/\/www.transgourmet.es\/#\/schema\/logo\/image\/","url":"https:\/\/www.transgourmet.es\/wp-content\/uploads\/2022\/08\/trans-vert.svg","contentUrl":"https:\/\/www.transgourmet.es\/wp-content\/uploads\/2022\/08\/trans-vert.svg","width":296,"height":113,"caption":"Transgourmet"},"image":{"@id":"https:\/\/www.transgourmet.es\/#\/schema\/logo\/image\/"},"sameAs":["https:\/\/x.com\/transgourmet_es","https:\/\/www.youtube.com\/c\/TransgourmetIberica","https:\/\/www.linkedin.com\/company\/transgourmet-iberica"]},{"@type":"Person","@id":"https:\/\/www.transgourmet.es\/#\/schema\/person\/7558b42d44946cf43b85426e3e9260ff","name":"Comunicacion","image":{"@type":"ImageObject","inLanguage":"ca","@id":"https:\/\/secure.gravatar.com\/avatar\/22ed58e86b6fa1d603bc37a456b3c1eead2a5b2dc754952f01bc759bba31e2f3?s=96&d=mm&r=g","url":"https:\/\/secure.gravatar.com\/avatar\/22ed58e86b6fa1d603bc37a456b3c1eead2a5b2dc754952f01bc759bba31e2f3?s=96&d=mm&r=g","contentUrl":"https:\/\/secure.gravatar.com\/avatar\/22ed58e86b6fa1d603bc37a456b3c1eead2a5b2dc754952f01bc759bba31e2f3?s=96&d=mm&r=g","caption":"Comunicacion"},"sameAs":["https:\/\/www.transgourmet.es\/"]}]}},"_links":{"self":[{"href":"https:\/\/www.transgourmet.es\/ca\/wp-json\/wp\/v2\/posts\/26072","targetHints":{"allow":["GET"]}}],"collection":[{"href":"https:\/\/www.transgourmet.es\/ca\/wp-json\/wp\/v2\/posts"}],"about":[{"href":"https:\/\/www.transgourmet.es\/ca\/wp-json\/wp\/v2\/types\/post"}],"author":[{"embeddable":true,"href":"https:\/\/www.transgourmet.es\/ca\/wp-json\/wp\/v2\/users\/3"}],"replies":[{"embeddable":true,"href":"https:\/\/www.transgourmet.es\/ca\/wp-json\/wp\/v2\/comments?post=26072"}],"version-history":[{"count":1,"href":"https:\/\/www.transgourmet.es\/ca\/wp-json\/wp\/v2\/posts\/26072\/revisions"}],"predecessor-version":[{"id":26075,"href":"https:\/\/www.transgourmet.es\/ca\/wp-json\/wp\/v2\/posts\/26072\/revisions\/26075"}],"wp:featuredmedia":[{"embeddable":true,"href":"https:\/\/www.transgourmet.es\/ca\/wp-json\/wp\/v2\/media\/26068"}],"wp:attachment":[{"href":"https:\/\/www.transgourmet.es\/ca\/wp-json\/wp\/v2\/media?parent=26072"}],"wp:term":[{"taxonomy":"category","embeddable":true,"href":"https:\/\/www.transgourmet.es\/ca\/wp-json\/wp\/v2\/categories?post=26072"},{"taxonomy":"post_tag","embeddable":true,"href":"https:\/\/www.transgourmet.es\/ca\/wp-json\/wp\/v2\/tags?post=26072"}],"curies":[{"name":"wp","href":"https:\/\/api.w.org\/{rel}","templated":true}]}}