{"id":26169,"date":"2025-12-01T10:27:33","date_gmt":"2025-12-01T09:27:33","guid":{"rendered":"https:\/\/www.transgourmet.es\/?p=26169"},"modified":"2025-12-01T10:27:41","modified_gmt":"2025-12-01T09:27:41","slug":"transgourmet-i-nudisco-obren-el-seu-cinque-supermercat-kuups-i-continuen-creixent-a-la-comunitat-valenciana","status":"publish","type":"post","link":"https:\/\/www.transgourmet.es\/ca\/blog\/transgourmet-i-nudisco-obren-el-seu-cinque-supermercat-kuups-i-continuen-creixent-a-la-comunitat-valenciana\/","title":{"rendered":"Transgourmet i Nudisco obren el seu cinqu\u00e8 supermercat\u00a0  Kuups\u00a0i continuen creixent a la Comunitat Valenciana"},"content":{"rendered":"<p style=\"font-weight: 400;\">Nuditrans, constitu\u00efda el mes de maig passat com a societat conjunta al 50 % entre Transgourmet Ib\u00e8rica i Nudisco, continua guanyant pres\u00e8ncia a la zona de Llevant amb l\u2019obertura del seu cinqu\u00e8 supermercat Kuups, en aquesta ocasi\u00f3 al municipi alacant\u00ed de Crevillent.<\/p>\n<p style=\"font-weight: 400;\">El nou establiment se suma a les recents inauguracions d\u2019Algemes\u00ed i Torrent (Val\u00e8ncia) i de Novelda i Oriola (Alacant). Amb aquesta incorporaci\u00f3, la companyia avan\u00e7a en la seva estrat\u00e8gia d\u2019impulsar a la Comunitat Valenciana un model de proximitat i conveni\u00e8ncia, basat en botigues modernes i accessibles pensades per oferir una experi\u00e8ncia de compra r\u00e0pida i c\u00f2moda amb un tracte personalitzat.<\/p>\n<p style=\"font-weight: 400;\">Situat al n\u00famero 1 del carrer Alarico L\u00f3pez Teruel, en els seus 205 m\u00b2\u00a0ofereix un ampli assortiment de frescos amb fruita i verdura, xarcuteria, carnisseria, congelats i fleca. Una proposta que combina una acurada selecci\u00f3 de productors locals amb marques reconegudes per donar resposta a les necessitats di\u00e0ries del consumidor.<\/p>\n<p style=\"font-weight: 400;\">En total, la societat inclou 36 supermercats propietat de Nuditrans: 26 amb l\u2019ensenya Kuups i 10 Economy Cash.<\/p>\n","protected":false},"excerpt":{"rendered":"<p>Nuditrans, constitu\u00efda el mes de maig passat com a societat conjunta al 50 % entre Transgourmet Ib\u00e8rica i Nudisco, continua guanyant pres\u00e8ncia a la zona de Llevant amb l\u2019obertura del seu cinqu\u00e8 supermercat Kuups, en aquesta ocasi\u00f3 al municipi alacant\u00ed de Crevillent. El nou establiment se suma a les recents inauguracions d\u2019Algemes\u00ed i Torrent (Val\u00e8ncia)&hellip;&nbsp;<\/p>\n","protected":false},"author":3,"featured_media":26168,"comment_status":"open","ping_status":"open","sticky":false,"template":"","format":"standard","meta":{"_acf_changed":false,"neve_meta_sidebar":"","neve_meta_container":"","neve_meta_enable_content_width":"off","neve_meta_content_width":70,"neve_meta_title_alignment":"","neve_meta_author_avatar":"","neve_post_elements_order":"","neve_meta_disable_header":"","neve_meta_disable_footer":"","neve_meta_disable_title":"","footnotes":""},"categories":[40],"tags":[],"class_list":["post-26169","post","type-post","status-publish","format-standard","has-post-thumbnail","hentry","category-supermercats"],"acf":[],"yoast_head":"<!-- This site is optimized with the Yoast SEO plugin v27.4 - https:\/\/yoast.com\/product\/yoast-seo-wordpress\/ -->\n<title>Transgourmet i Nudisco obren el seu cinqu\u00e8 supermercat\u00a0 Kuups\u00a0i continuen creixent a la Comunitat Valenciana | Transgourmet<\/title>\n<meta name=\"robots\" content=\"index, follow, max-snippet:-1, max-image-preview:large, max-video-preview:-1\" \/>\n<link rel=\"canonical\" href=\"https:\/\/www.transgourmet.es\/ca\/blog\/transgourmet-i-nudisco-obren-el-seu-cinque-supermercat-kuups-i-continuen-creixent-a-la-comunitat-valenciana\/\" \/>\n<meta property=\"og:locale\" content=\"ca_ES\" \/>\n<meta property=\"og:type\" content=\"article\" \/>\n<meta property=\"og:title\" content=\"Transgourmet i Nudisco obren el seu cinqu\u00e8 supermercat\u00a0 Kuups\u00a0i continuen creixent a la Comunitat Valenciana | Transgourmet\" \/>\n<meta property=\"og:description\" content=\"Nuditrans, constitu\u00efda el mes de maig passat com a societat conjunta al 50 % entre Transgourmet Ib\u00e8rica i Nudisco, continua guanyant pres\u00e8ncia a la zona de Llevant amb l\u2019obertura del seu cinqu\u00e8 supermercat Kuups, en aquesta ocasi\u00f3 al municipi alacant\u00ed de Crevillent. El nou establiment se suma a les recents inauguracions d\u2019Algemes\u00ed i Torrent (Val\u00e8ncia)&hellip;&nbsp;\" \/>\n<meta property=\"og:url\" content=\"https:\/\/www.transgourmet.es\/ca\/blog\/transgourmet-i-nudisco-obren-el-seu-cinque-supermercat-kuups-i-continuen-creixent-a-la-comunitat-valenciana\/\" \/>\n<meta property=\"og:site_name\" content=\"Transgourmet\" \/>\n<meta property=\"article:published_time\" content=\"2025-12-01T09:27:33+00:00\" \/>\n<meta property=\"article:modified_time\" content=\"2025-12-01T09:27:41+00:00\" \/>\n<meta property=\"og:image\" content=\"https:\/\/www.transgourmet.es\/wp-content\/uploads\/2025\/11\/Kuups2.jpg\" \/>\n\t<meta property=\"og:image:width\" content=\"2186\" \/>\n\t<meta property=\"og:image:height\" content=\"1546\" \/>\n\t<meta property=\"og:image:type\" content=\"image\/jpeg\" \/>\n<meta name=\"author\" content=\"Comunicacion\" \/>\n<meta name=\"twitter:card\" content=\"summary_large_image\" \/>\n<meta name=\"twitter:creator\" content=\"@transgourmet_es\" \/>\n<meta name=\"twitter:site\" content=\"@transgourmet_es\" \/>\n<meta name=\"twitter:label1\" content=\"Escrit per\" \/>\n\t<meta name=\"twitter:data1\" content=\"Comunicacion\" \/>\n\t<meta name=\"twitter:label2\" content=\"Temps estimat de lectura\" \/>\n\t<meta name=\"twitter:data2\" content=\"1 minut\" \/>\n<script type=\"application\/ld+json\" class=\"yoast-schema-graph\">{\"@context\":\"https:\\\/\\\/schema.org\",\"@graph\":[{\"@type\":\"Article\",\"@id\":\"https:\\\/\\\/www.transgourmet.es\\\/ca\\\/blog\\\/transgourmet-i-nudisco-obren-el-seu-cinque-supermercat-kuups-i-continuen-creixent-a-la-comunitat-valenciana\\\/#article\",\"isPartOf\":{\"@id\":\"https:\\\/\\\/www.transgourmet.es\\\/ca\\\/blog\\\/transgourmet-i-nudisco-obren-el-seu-cinque-supermercat-kuups-i-continuen-creixent-a-la-comunitat-valenciana\\\/\"},\"author\":{\"name\":\"Comunicacion\",\"@id\":\"https:\\\/\\\/www.transgourmet.es\\\/#\\\/schema\\\/person\\\/7558b42d44946cf43b85426e3e9260ff\"},\"headline\":\"Transgourmet i Nudisco obren el seu cinqu\u00e8 supermercat\u00a0 Kuups\u00a0i continuen creixent a la Comunitat Valenciana\",\"datePublished\":\"2025-12-01T09:27:33+00:00\",\"dateModified\":\"2025-12-01T09:27:41+00:00\",\"mainEntityOfPage\":{\"@id\":\"https:\\\/\\\/www.transgourmet.es\\\/ca\\\/blog\\\/transgourmet-i-nudisco-obren-el-seu-cinque-supermercat-kuups-i-continuen-creixent-a-la-comunitat-valenciana\\\/\"},\"wordCount\":197,\"commentCount\":0,\"publisher\":{\"@id\":\"https:\\\/\\\/www.transgourmet.es\\\/#organization\"},\"image\":{\"@id\":\"https:\\\/\\\/www.transgourmet.es\\\/ca\\\/blog\\\/transgourmet-i-nudisco-obren-el-seu-cinque-supermercat-kuups-i-continuen-creixent-a-la-comunitat-valenciana\\\/#primaryimage\"},\"thumbnailUrl\":\"https:\\\/\\\/www.transgourmet.es\\\/wp-content\\\/uploads\\\/2025\\\/11\\\/Kuups2.jpg\",\"articleSection\":[\"Supermercats\"],\"inLanguage\":\"ca\",\"potentialAction\":[{\"@type\":\"CommentAction\",\"name\":\"Comment\",\"target\":[\"https:\\\/\\\/www.transgourmet.es\\\/ca\\\/blog\\\/transgourmet-i-nudisco-obren-el-seu-cinque-supermercat-kuups-i-continuen-creixent-a-la-comunitat-valenciana\\\/#respond\"]}]},{\"@type\":\"WebPage\",\"@id\":\"https:\\\/\\\/www.transgourmet.es\\\/ca\\\/blog\\\/transgourmet-i-nudisco-obren-el-seu-cinque-supermercat-kuups-i-continuen-creixent-a-la-comunitat-valenciana\\\/\",\"url\":\"https:\\\/\\\/www.transgourmet.es\\\/ca\\\/blog\\\/transgourmet-i-nudisco-obren-el-seu-cinque-supermercat-kuups-i-continuen-creixent-a-la-comunitat-valenciana\\\/\",\"name\":\"Transgourmet i Nudisco obren el seu cinqu\u00e8 supermercat\u00a0 Kuups\u00a0i continuen creixent a la Comunitat Valenciana | Transgourmet\",\"isPartOf\":{\"@id\":\"https:\\\/\\\/www.transgourmet.es\\\/#website\"},\"primaryImageOfPage\":{\"@id\":\"https:\\\/\\\/www.transgourmet.es\\\/ca\\\/blog\\\/transgourmet-i-nudisco-obren-el-seu-cinque-supermercat-kuups-i-continuen-creixent-a-la-comunitat-valenciana\\\/#primaryimage\"},\"image\":{\"@id\":\"https:\\\/\\\/www.transgourmet.es\\\/ca\\\/blog\\\/transgourmet-i-nudisco-obren-el-seu-cinque-supermercat-kuups-i-continuen-creixent-a-la-comunitat-valenciana\\\/#primaryimage\"},\"thumbnailUrl\":\"https:\\\/\\\/www.transgourmet.es\\\/wp-content\\\/uploads\\\/2025\\\/11\\\/Kuups2.jpg\",\"datePublished\":\"2025-12-01T09:27:33+00:00\",\"dateModified\":\"2025-12-01T09:27:41+00:00\",\"breadcrumb\":{\"@id\":\"https:\\\/\\\/www.transgourmet.es\\\/ca\\\/blog\\\/transgourmet-i-nudisco-obren-el-seu-cinque-supermercat-kuups-i-continuen-creixent-a-la-comunitat-valenciana\\\/#breadcrumb\"},\"inLanguage\":\"ca\",\"potentialAction\":[{\"@type\":\"ReadAction\",\"target\":[\"https:\\\/\\\/www.transgourmet.es\\\/ca\\\/blog\\\/transgourmet-i-nudisco-obren-el-seu-cinque-supermercat-kuups-i-continuen-creixent-a-la-comunitat-valenciana\\\/\"]}]},{\"@type\":\"ImageObject\",\"inLanguage\":\"ca\",\"@id\":\"https:\\\/\\\/www.transgourmet.es\\\/ca\\\/blog\\\/transgourmet-i-nudisco-obren-el-seu-cinque-supermercat-kuups-i-continuen-creixent-a-la-comunitat-valenciana\\\/#primaryimage\",\"url\":\"https:\\\/\\\/www.transgourmet.es\\\/wp-content\\\/uploads\\\/2025\\\/11\\\/Kuups2.jpg\",\"contentUrl\":\"https:\\\/\\\/www.transgourmet.es\\\/wp-content\\\/uploads\\\/2025\\\/11\\\/Kuups2.jpg\",\"width\":2186,\"height\":1546},{\"@type\":\"BreadcrumbList\",\"@id\":\"https:\\\/\\\/www.transgourmet.es\\\/ca\\\/blog\\\/transgourmet-i-nudisco-obren-el-seu-cinque-supermercat-kuups-i-continuen-creixent-a-la-comunitat-valenciana\\\/#breadcrumb\",\"itemListElement\":[{\"@type\":\"ListItem\",\"position\":1,\"name\":\"Portada\",\"item\":\"https:\\\/\\\/www.transgourmet.es\\\/ca\\\/\"},{\"@type\":\"ListItem\",\"position\":2,\"name\":\"Transgourmet i Nudisco obren el seu cinqu\u00e8 supermercat\u00a0 Kuups\u00a0i continuen creixent a la Comunitat Valenciana\"}]},{\"@type\":\"WebSite\",\"@id\":\"https:\\\/\\\/www.transgourmet.es\\\/#website\",\"url\":\"https:\\\/\\\/www.transgourmet.es\\\/\",\"name\":\"Transgourmet\",\"description\":\"Distribuci\u00f3n mayorista de alimentaci\u00f3n en Espa\u00f1a\",\"publisher\":{\"@id\":\"https:\\\/\\\/www.transgourmet.es\\\/#organization\"},\"alternateName\":\"Grupo Transgourmet\",\"potentialAction\":[{\"@type\":\"SearchAction\",\"target\":{\"@type\":\"EntryPoint\",\"urlTemplate\":\"https:\\\/\\\/www.transgourmet.es\\\/?s={search_term_string}\"},\"query-input\":{\"@type\":\"PropertyValueSpecification\",\"valueRequired\":true,\"valueName\":\"search_term_string\"}}],\"inLanguage\":\"ca\"},{\"@type\":\"Organization\",\"@id\":\"https:\\\/\\\/www.transgourmet.es\\\/#organization\",\"name\":\"Transgourmet\",\"url\":\"https:\\\/\\\/www.transgourmet.es\\\/\",\"logo\":{\"@type\":\"ImageObject\",\"inLanguage\":\"ca\",\"@id\":\"https:\\\/\\\/www.transgourmet.es\\\/#\\\/schema\\\/logo\\\/image\\\/\",\"url\":\"https:\\\/\\\/www.transgourmet.es\\\/wp-content\\\/uploads\\\/2022\\\/08\\\/trans-vert.svg\",\"contentUrl\":\"https:\\\/\\\/www.transgourmet.es\\\/wp-content\\\/uploads\\\/2022\\\/08\\\/trans-vert.svg\",\"width\":296,\"height\":113,\"caption\":\"Transgourmet\"},\"image\":{\"@id\":\"https:\\\/\\\/www.transgourmet.es\\\/#\\\/schema\\\/logo\\\/image\\\/\"},\"sameAs\":[\"https:\\\/\\\/x.com\\\/transgourmet_es\",\"https:\\\/\\\/www.youtube.com\\\/c\\\/TransgourmetIberica\",\"https:\\\/\\\/www.linkedin.com\\\/company\\\/transgourmet-iberica\"]},{\"@type\":\"Person\",\"@id\":\"https:\\\/\\\/www.transgourmet.es\\\/#\\\/schema\\\/person\\\/7558b42d44946cf43b85426e3e9260ff\",\"name\":\"Comunicacion\",\"image\":{\"@type\":\"ImageObject\",\"inLanguage\":\"ca\",\"@id\":\"https:\\\/\\\/secure.gravatar.com\\\/avatar\\\/22ed58e86b6fa1d603bc37a456b3c1eead2a5b2dc754952f01bc759bba31e2f3?s=96&d=mm&r=g\",\"url\":\"https:\\\/\\\/secure.gravatar.com\\\/avatar\\\/22ed58e86b6fa1d603bc37a456b3c1eead2a5b2dc754952f01bc759bba31e2f3?s=96&d=mm&r=g\",\"contentUrl\":\"https:\\\/\\\/secure.gravatar.com\\\/avatar\\\/22ed58e86b6fa1d603bc37a456b3c1eead2a5b2dc754952f01bc759bba31e2f3?s=96&d=mm&r=g\",\"caption\":\"Comunicacion\"},\"sameAs\":[\"https:\\\/\\\/www.transgourmet.es\\\/\"]}]}<\/script>\n<!-- \/ Yoast SEO plugin. -->","yoast_head_json":{"title":"Transgourmet i Nudisco obren el seu cinqu\u00e8 supermercat\u00a0 Kuups\u00a0i continuen creixent a la Comunitat Valenciana | Transgourmet","robots":{"index":"index","follow":"follow","max-snippet":"max-snippet:-1","max-image-preview":"max-image-preview:large","max-video-preview":"max-video-preview:-1"},"canonical":"https:\/\/www.transgourmet.es\/ca\/blog\/transgourmet-i-nudisco-obren-el-seu-cinque-supermercat-kuups-i-continuen-creixent-a-la-comunitat-valenciana\/","og_locale":"ca_ES","og_type":"article","og_title":"Transgourmet i Nudisco obren el seu cinqu\u00e8 supermercat\u00a0 Kuups\u00a0i continuen creixent a la Comunitat Valenciana | Transgourmet","og_description":"Nuditrans, constitu\u00efda el mes de maig passat com a societat conjunta al 50 % entre Transgourmet Ib\u00e8rica i Nudisco, continua guanyant pres\u00e8ncia a la zona de Llevant amb l\u2019obertura del seu cinqu\u00e8 supermercat Kuups, en aquesta ocasi\u00f3 al municipi alacant\u00ed de Crevillent. El nou establiment se suma a les recents inauguracions d\u2019Algemes\u00ed i Torrent (Val\u00e8ncia)&hellip;&nbsp;","og_url":"https:\/\/www.transgourmet.es\/ca\/blog\/transgourmet-i-nudisco-obren-el-seu-cinque-supermercat-kuups-i-continuen-creixent-a-la-comunitat-valenciana\/","og_site_name":"Transgourmet","article_published_time":"2025-12-01T09:27:33+00:00","article_modified_time":"2025-12-01T09:27:41+00:00","og_image":[{"width":2186,"height":1546,"url":"https:\/\/www.transgourmet.es\/wp-content\/uploads\/2025\/11\/Kuups2.jpg","type":"image\/jpeg"}],"author":"Comunicacion","twitter_card":"summary_large_image","twitter_creator":"@transgourmet_es","twitter_site":"@transgourmet_es","twitter_misc":{"Escrit per":"Comunicacion","Temps estimat de lectura":"1 minut"},"schema":{"@context":"https:\/\/schema.org","@graph":[{"@type":"Article","@id":"https:\/\/www.transgourmet.es\/ca\/blog\/transgourmet-i-nudisco-obren-el-seu-cinque-supermercat-kuups-i-continuen-creixent-a-la-comunitat-valenciana\/#article","isPartOf":{"@id":"https:\/\/www.transgourmet.es\/ca\/blog\/transgourmet-i-nudisco-obren-el-seu-cinque-supermercat-kuups-i-continuen-creixent-a-la-comunitat-valenciana\/"},"author":{"name":"Comunicacion","@id":"https:\/\/www.transgourmet.es\/#\/schema\/person\/7558b42d44946cf43b85426e3e9260ff"},"headline":"Transgourmet i Nudisco obren el seu cinqu\u00e8 supermercat\u00a0 Kuups\u00a0i continuen creixent a la Comunitat Valenciana","datePublished":"2025-12-01T09:27:33+00:00","dateModified":"2025-12-01T09:27:41+00:00","mainEntityOfPage":{"@id":"https:\/\/www.transgourmet.es\/ca\/blog\/transgourmet-i-nudisco-obren-el-seu-cinque-supermercat-kuups-i-continuen-creixent-a-la-comunitat-valenciana\/"},"wordCount":197,"commentCount":0,"publisher":{"@id":"https:\/\/www.transgourmet.es\/#organization"},"image":{"@id":"https:\/\/www.transgourmet.es\/ca\/blog\/transgourmet-i-nudisco-obren-el-seu-cinque-supermercat-kuups-i-continuen-creixent-a-la-comunitat-valenciana\/#primaryimage"},"thumbnailUrl":"https:\/\/www.transgourmet.es\/wp-content\/uploads\/2025\/11\/Kuups2.jpg","articleSection":["Supermercats"],"inLanguage":"ca","potentialAction":[{"@type":"CommentAction","name":"Comment","target":["https:\/\/www.transgourmet.es\/ca\/blog\/transgourmet-i-nudisco-obren-el-seu-cinque-supermercat-kuups-i-continuen-creixent-a-la-comunitat-valenciana\/#respond"]}]},{"@type":"WebPage","@id":"https:\/\/www.transgourmet.es\/ca\/blog\/transgourmet-i-nudisco-obren-el-seu-cinque-supermercat-kuups-i-continuen-creixent-a-la-comunitat-valenciana\/","url":"https:\/\/www.transgourmet.es\/ca\/blog\/transgourmet-i-nudisco-obren-el-seu-cinque-supermercat-kuups-i-continuen-creixent-a-la-comunitat-valenciana\/","name":"Transgourmet i Nudisco obren el seu cinqu\u00e8 supermercat\u00a0 Kuups\u00a0i continuen creixent a la Comunitat Valenciana | Transgourmet","isPartOf":{"@id":"https:\/\/www.transgourmet.es\/#website"},"primaryImageOfPage":{"@id":"https:\/\/www.transgourmet.es\/ca\/blog\/transgourmet-i-nudisco-obren-el-seu-cinque-supermercat-kuups-i-continuen-creixent-a-la-comunitat-valenciana\/#primaryimage"},"image":{"@id":"https:\/\/www.transgourmet.es\/ca\/blog\/transgourmet-i-nudisco-obren-el-seu-cinque-supermercat-kuups-i-continuen-creixent-a-la-comunitat-valenciana\/#primaryimage"},"thumbnailUrl":"https:\/\/www.transgourmet.es\/wp-content\/uploads\/2025\/11\/Kuups2.jpg","datePublished":"2025-12-01T09:27:33+00:00","dateModified":"2025-12-01T09:27:41+00:00","breadcrumb":{"@id":"https:\/\/www.transgourmet.es\/ca\/blog\/transgourmet-i-nudisco-obren-el-seu-cinque-supermercat-kuups-i-continuen-creixent-a-la-comunitat-valenciana\/#breadcrumb"},"inLanguage":"ca","potentialAction":[{"@type":"ReadAction","target":["https:\/\/www.transgourmet.es\/ca\/blog\/transgourmet-i-nudisco-obren-el-seu-cinque-supermercat-kuups-i-continuen-creixent-a-la-comunitat-valenciana\/"]}]},{"@type":"ImageObject","inLanguage":"ca","@id":"https:\/\/www.transgourmet.es\/ca\/blog\/transgourmet-i-nudisco-obren-el-seu-cinque-supermercat-kuups-i-continuen-creixent-a-la-comunitat-valenciana\/#primaryimage","url":"https:\/\/www.transgourmet.es\/wp-content\/uploads\/2025\/11\/Kuups2.jpg","contentUrl":"https:\/\/www.transgourmet.es\/wp-content\/uploads\/2025\/11\/Kuups2.jpg","width":2186,"height":1546},{"@type":"BreadcrumbList","@id":"https:\/\/www.transgourmet.es\/ca\/blog\/transgourmet-i-nudisco-obren-el-seu-cinque-supermercat-kuups-i-continuen-creixent-a-la-comunitat-valenciana\/#breadcrumb","itemListElement":[{"@type":"ListItem","position":1,"name":"Portada","item":"https:\/\/www.transgourmet.es\/ca\/"},{"@type":"ListItem","position":2,"name":"Transgourmet i Nudisco obren el seu cinqu\u00e8 supermercat\u00a0 Kuups\u00a0i continuen creixent a la Comunitat Valenciana"}]},{"@type":"WebSite","@id":"https:\/\/www.transgourmet.es\/#website","url":"https:\/\/www.transgourmet.es\/","name":"Transgourmet","description":"Distribuci\u00f3n mayorista de alimentaci\u00f3n en Espa\u00f1a","publisher":{"@id":"https:\/\/www.transgourmet.es\/#organization"},"alternateName":"Grupo Transgourmet","potentialAction":[{"@type":"SearchAction","target":{"@type":"EntryPoint","urlTemplate":"https:\/\/www.transgourmet.es\/?s={search_term_string}"},"query-input":{"@type":"PropertyValueSpecification","valueRequired":true,"valueName":"search_term_string"}}],"inLanguage":"ca"},{"@type":"Organization","@id":"https:\/\/www.transgourmet.es\/#organization","name":"Transgourmet","url":"https:\/\/www.transgourmet.es\/","logo":{"@type":"ImageObject","inLanguage":"ca","@id":"https:\/\/www.transgourmet.es\/#\/schema\/logo\/image\/","url":"https:\/\/www.transgourmet.es\/wp-content\/uploads\/2022\/08\/trans-vert.svg","contentUrl":"https:\/\/www.transgourmet.es\/wp-content\/uploads\/2022\/08\/trans-vert.svg","width":296,"height":113,"caption":"Transgourmet"},"image":{"@id":"https:\/\/www.transgourmet.es\/#\/schema\/logo\/image\/"},"sameAs":["https:\/\/x.com\/transgourmet_es","https:\/\/www.youtube.com\/c\/TransgourmetIberica","https:\/\/www.linkedin.com\/company\/transgourmet-iberica"]},{"@type":"Person","@id":"https:\/\/www.transgourmet.es\/#\/schema\/person\/7558b42d44946cf43b85426e3e9260ff","name":"Comunicacion","image":{"@type":"ImageObject","inLanguage":"ca","@id":"https:\/\/secure.gravatar.com\/avatar\/22ed58e86b6fa1d603bc37a456b3c1eead2a5b2dc754952f01bc759bba31e2f3?s=96&d=mm&r=g","url":"https:\/\/secure.gravatar.com\/avatar\/22ed58e86b6fa1d603bc37a456b3c1eead2a5b2dc754952f01bc759bba31e2f3?s=96&d=mm&r=g","contentUrl":"https:\/\/secure.gravatar.com\/avatar\/22ed58e86b6fa1d603bc37a456b3c1eead2a5b2dc754952f01bc759bba31e2f3?s=96&d=mm&r=g","caption":"Comunicacion"},"sameAs":["https:\/\/www.transgourmet.es\/"]}]}},"_links":{"self":[{"href":"https:\/\/www.transgourmet.es\/ca\/wp-json\/wp\/v2\/posts\/26169","targetHints":{"allow":["GET"]}}],"collection":[{"href":"https:\/\/www.transgourmet.es\/ca\/wp-json\/wp\/v2\/posts"}],"about":[{"href":"https:\/\/www.transgourmet.es\/ca\/wp-json\/wp\/v2\/types\/post"}],"author":[{"embeddable":true,"href":"https:\/\/www.transgourmet.es\/ca\/wp-json\/wp\/v2\/users\/3"}],"replies":[{"embeddable":true,"href":"https:\/\/www.transgourmet.es\/ca\/wp-json\/wp\/v2\/comments?post=26169"}],"version-history":[{"count":2,"href":"https:\/\/www.transgourmet.es\/ca\/wp-json\/wp\/v2\/posts\/26169\/revisions"}],"predecessor-version":[{"id":26175,"href":"https:\/\/www.transgourmet.es\/ca\/wp-json\/wp\/v2\/posts\/26169\/revisions\/26175"}],"wp:featuredmedia":[{"embeddable":true,"href":"https:\/\/www.transgourmet.es\/ca\/wp-json\/wp\/v2\/media\/26168"}],"wp:attachment":[{"href":"https:\/\/www.transgourmet.es\/ca\/wp-json\/wp\/v2\/media?parent=26169"}],"wp:term":[{"taxonomy":"category","embeddable":true,"href":"https:\/\/www.transgourmet.es\/ca\/wp-json\/wp\/v2\/categories?post=26169"},{"taxonomy":"post_tag","embeddable":true,"href":"https:\/\/www.transgourmet.es\/ca\/wp-json\/wp\/v2\/tags?post=26169"}],"curies":[{"name":"wp","href":"https:\/\/api.w.org\/{rel}","templated":true}]}}