{"id":26303,"date":"2025-12-16T08:55:44","date_gmt":"2025-12-16T07:55:44","guid":{"rendered":"https:\/\/www.transgourmet.es\/?p=26303"},"modified":"2025-12-16T08:58:10","modified_gmt":"2025-12-16T07:58:10","slug":"transgourmet-ha-obert-30-nous-supermercats-franquiciats-entre-gener-i-novembre","status":"publish","type":"post","link":"https:\/\/www.transgourmet.es\/ca\/blog\/transgourmet-ha-obert-30-nous-supermercats-franquiciats-entre-gener-i-novembre\/","title":{"rendered":"Transgourmet ha obert 30 nous supermercats franquiciats entre gener i novembre"},"content":{"rendered":"<p style=\"font-weight: 400;\">\u00a0Transgourmet Ib\u00e8rica, dedicada a la distribuci\u00f3 a l\u2019hostaleria i als supermercats de proximitat, ha refor\u00e7at la seva pres\u00e8ncia territorial durant els mesos d\u2019octubre i novembre amb l\u2019obertura de 7 noves franqu\u00edcies. Es tracta de 4 botigues Suma i 3 establiments Kuups, que fan que el nombre total d\u2019obertures d\u2019aquest 2025 ja sigui de 30, distribu\u00efdes en 8 comunitats aut\u00f2nomes i ubicades a zones urbanes, costaneres i rurals.<\/p>\n<p style=\"font-weight: 400;\">Les 4 noves botigues Suma es localitzen a la Comunitat de Madrid i a les prov\u00edncies de Val\u00e8ncia, Huelva i Lleida. Per la seva banda, els 3 establiments Kuups, fruit de l\u2019alian\u00e7a amb Nudisco, continuen l\u2019estrat\u00e8gia d\u2019expansi\u00f3 de l\u2019ensenya a la zona de Llevant amb dues obertures a Alacant i una a Val\u00e8ncia. En conjunt, els 7 nous establiments sumen 1.525 m\u00b2 de superf\u00edcie comercial i han generat m\u00e9s de 20 llocs de treball.<\/p>\n<p style=\"font-weight: 400;\">Des del gener, la companyia ha inaugurat 22 Suma, 5 Kuups i 3 Spar, que es distribueixen en 8 comunitats aut\u00f2nomes: 8 a Catalunya, 8 m\u00e9s a la Comunitat Valenciana, 6 a les Balears; 2 a Andalusia, 2 a Can\u00e0ries i 2 a la Comunitat de Madrid; 1 a Arag\u00f3 i 1 tamb\u00e9 a la Comunitat Foral de Navarra. En total, els supermercats oberts sumen 7.020 m\u00b2 de superf\u00edcie de vendes i han representat la creaci\u00f3 de m\u00e9s de 130 llocs de treball.<\/p>\n<p style=\"font-weight: 400;\"><strong>Suma compleix 25 anys<br \/>\n<\/strong>L\u2019ensenya Suma celebra enguany el seu 25\u00e8 aniversari d\u2019en\u00e7\u00e0 de l\u2019obertura del seu primer supermercat a Barcelona l\u2019any 2000. Dos anys m\u00e9s tard, la marca ja superava els 100 establiments a Catalunya. Cinc anys despr\u00e9s, Suma tenia pres\u00e8ncia en 8 comunitats aut\u00f2nomes \u2014incloses les Balears\u2014 i el 2012 va iniciar tamb\u00e9 la seva implantaci\u00f3 a les Can\u00e0ries. L\u2019any 2020 arribava a 13 comunitats aut\u00f2nomes i avui compta amb m\u00e9s de 300 supermercats.<\/p>\n<p style=\"font-weight: 400;\">Suma s\u2019ha consolidat com una de les ensenyes de refer\u00e8ncia al sector dels supermercats de proximitat.<\/p>\n","protected":false},"excerpt":{"rendered":"<p>\u00a0Transgourmet Ib\u00e8rica, dedicada a la distribuci\u00f3 a l\u2019hostaleria i als supermercats de proximitat, ha refor\u00e7at la seva pres\u00e8ncia territorial durant els mesos d\u2019octubre i novembre amb l\u2019obertura de 7 noves franqu\u00edcies. Es tracta de 4 botigues Suma i 3 establiments Kuups, que fan que el nombre total d\u2019obertures d\u2019aquest 2025 ja sigui de 30, distribu\u00efdes&hellip;&nbsp;<\/p>\n","protected":false},"author":3,"featured_media":26304,"comment_status":"open","ping_status":"open","sticky":false,"template":"","format":"standard","meta":{"_acf_changed":false,"neve_meta_sidebar":"","neve_meta_container":"","neve_meta_enable_content_width":"off","neve_meta_content_width":70,"neve_meta_title_alignment":"","neve_meta_author_avatar":"","neve_post_elements_order":"","neve_meta_disable_header":"","neve_meta_disable_footer":"","neve_meta_disable_title":"","footnotes":""},"categories":[40],"tags":[],"class_list":["post-26303","post","type-post","status-publish","format-standard","has-post-thumbnail","hentry","category-supermercats"],"acf":[],"yoast_head":"<!-- This site is optimized with the Yoast SEO plugin v27.4 - https:\/\/yoast.com\/product\/yoast-seo-wordpress\/ -->\n<title>Transgourmet ha obert 30 nous supermercats franquiciats entre gener i novembre | Transgourmet<\/title>\n<meta name=\"robots\" content=\"index, follow, max-snippet:-1, max-image-preview:large, max-video-preview:-1\" \/>\n<link rel=\"canonical\" href=\"https:\/\/www.transgourmet.es\/ca\/blog\/transgourmet-ha-obert-30-nous-supermercats-franquiciats-entre-gener-i-novembre\/\" \/>\n<meta property=\"og:locale\" content=\"ca_ES\" \/>\n<meta property=\"og:type\" content=\"article\" \/>\n<meta property=\"og:title\" content=\"Transgourmet ha obert 30 nous supermercats franquiciats entre gener i novembre | Transgourmet\" \/>\n<meta property=\"og:description\" content=\"\u00a0Transgourmet Ib\u00e8rica, dedicada a la distribuci\u00f3 a l\u2019hostaleria i als supermercats de proximitat, ha refor\u00e7at la seva pres\u00e8ncia territorial durant els mesos d\u2019octubre i novembre amb l\u2019obertura de 7 noves franqu\u00edcies. Es tracta de 4 botigues Suma i 3 establiments Kuups, que fan que el nombre total d\u2019obertures d\u2019aquest 2025 ja sigui de 30, distribu\u00efdes&hellip;&nbsp;\" \/>\n<meta property=\"og:url\" content=\"https:\/\/www.transgourmet.es\/ca\/blog\/transgourmet-ha-obert-30-nous-supermercats-franquiciats-entre-gener-i-novembre\/\" \/>\n<meta property=\"og:site_name\" content=\"Transgourmet\" \/>\n<meta property=\"article:published_time\" content=\"2025-12-16T07:55:44+00:00\" \/>\n<meta property=\"article:modified_time\" content=\"2025-12-16T07:58:10+00:00\" \/>\n<meta property=\"og:image\" content=\"https:\/\/www.transgourmet.es\/wp-content\/uploads\/2025\/12\/SumaPaiporta.jpg\" \/>\n\t<meta property=\"og:image:width\" content=\"1536\" \/>\n\t<meta property=\"og:image:height\" content=\"2040\" \/>\n\t<meta property=\"og:image:type\" content=\"image\/jpeg\" \/>\n<meta name=\"author\" content=\"Comunicacion\" \/>\n<meta name=\"twitter:card\" content=\"summary_large_image\" \/>\n<meta name=\"twitter:creator\" content=\"@transgourmet_es\" \/>\n<meta name=\"twitter:site\" content=\"@transgourmet_es\" \/>\n<meta name=\"twitter:label1\" content=\"Escrit per\" \/>\n\t<meta name=\"twitter:data1\" content=\"Comunicacion\" \/>\n\t<meta name=\"twitter:label2\" content=\"Temps estimat de lectura\" \/>\n\t<meta name=\"twitter:data2\" content=\"2 minuts\" \/>\n<script type=\"application\/ld+json\" class=\"yoast-schema-graph\">{\"@context\":\"https:\\\/\\\/schema.org\",\"@graph\":[{\"@type\":\"Article\",\"@id\":\"https:\\\/\\\/www.transgourmet.es\\\/ca\\\/blog\\\/transgourmet-ha-obert-30-nous-supermercats-franquiciats-entre-gener-i-novembre\\\/#article\",\"isPartOf\":{\"@id\":\"https:\\\/\\\/www.transgourmet.es\\\/ca\\\/blog\\\/transgourmet-ha-obert-30-nous-supermercats-franquiciats-entre-gener-i-novembre\\\/\"},\"author\":{\"name\":\"Comunicacion\",\"@id\":\"https:\\\/\\\/www.transgourmet.es\\\/#\\\/schema\\\/person\\\/7558b42d44946cf43b85426e3e9260ff\"},\"headline\":\"Transgourmet ha obert 30 nous supermercats franquiciats entre gener i novembre\",\"datePublished\":\"2025-12-16T07:55:44+00:00\",\"dateModified\":\"2025-12-16T07:58:10+00:00\",\"mainEntityOfPage\":{\"@id\":\"https:\\\/\\\/www.transgourmet.es\\\/ca\\\/blog\\\/transgourmet-ha-obert-30-nous-supermercats-franquiciats-entre-gener-i-novembre\\\/\"},\"wordCount\":333,\"commentCount\":0,\"publisher\":{\"@id\":\"https:\\\/\\\/www.transgourmet.es\\\/#organization\"},\"image\":{\"@id\":\"https:\\\/\\\/www.transgourmet.es\\\/ca\\\/blog\\\/transgourmet-ha-obert-30-nous-supermercats-franquiciats-entre-gener-i-novembre\\\/#primaryimage\"},\"thumbnailUrl\":\"https:\\\/\\\/www.transgourmet.es\\\/wp-content\\\/uploads\\\/2025\\\/12\\\/SumaPaiporta.jpg\",\"articleSection\":[\"Supermercats\"],\"inLanguage\":\"ca\",\"potentialAction\":[{\"@type\":\"CommentAction\",\"name\":\"Comment\",\"target\":[\"https:\\\/\\\/www.transgourmet.es\\\/ca\\\/blog\\\/transgourmet-ha-obert-30-nous-supermercats-franquiciats-entre-gener-i-novembre\\\/#respond\"]}]},{\"@type\":\"WebPage\",\"@id\":\"https:\\\/\\\/www.transgourmet.es\\\/ca\\\/blog\\\/transgourmet-ha-obert-30-nous-supermercats-franquiciats-entre-gener-i-novembre\\\/\",\"url\":\"https:\\\/\\\/www.transgourmet.es\\\/ca\\\/blog\\\/transgourmet-ha-obert-30-nous-supermercats-franquiciats-entre-gener-i-novembre\\\/\",\"name\":\"Transgourmet ha obert 30 nous supermercats franquiciats entre gener i novembre | Transgourmet\",\"isPartOf\":{\"@id\":\"https:\\\/\\\/www.transgourmet.es\\\/#website\"},\"primaryImageOfPage\":{\"@id\":\"https:\\\/\\\/www.transgourmet.es\\\/ca\\\/blog\\\/transgourmet-ha-obert-30-nous-supermercats-franquiciats-entre-gener-i-novembre\\\/#primaryimage\"},\"image\":{\"@id\":\"https:\\\/\\\/www.transgourmet.es\\\/ca\\\/blog\\\/transgourmet-ha-obert-30-nous-supermercats-franquiciats-entre-gener-i-novembre\\\/#primaryimage\"},\"thumbnailUrl\":\"https:\\\/\\\/www.transgourmet.es\\\/wp-content\\\/uploads\\\/2025\\\/12\\\/SumaPaiporta.jpg\",\"datePublished\":\"2025-12-16T07:55:44+00:00\",\"dateModified\":\"2025-12-16T07:58:10+00:00\",\"breadcrumb\":{\"@id\":\"https:\\\/\\\/www.transgourmet.es\\\/ca\\\/blog\\\/transgourmet-ha-obert-30-nous-supermercats-franquiciats-entre-gener-i-novembre\\\/#breadcrumb\"},\"inLanguage\":\"ca\",\"potentialAction\":[{\"@type\":\"ReadAction\",\"target\":[\"https:\\\/\\\/www.transgourmet.es\\\/ca\\\/blog\\\/transgourmet-ha-obert-30-nous-supermercats-franquiciats-entre-gener-i-novembre\\\/\"]}]},{\"@type\":\"ImageObject\",\"inLanguage\":\"ca\",\"@id\":\"https:\\\/\\\/www.transgourmet.es\\\/ca\\\/blog\\\/transgourmet-ha-obert-30-nous-supermercats-franquiciats-entre-gener-i-novembre\\\/#primaryimage\",\"url\":\"https:\\\/\\\/www.transgourmet.es\\\/wp-content\\\/uploads\\\/2025\\\/12\\\/SumaPaiporta.jpg\",\"contentUrl\":\"https:\\\/\\\/www.transgourmet.es\\\/wp-content\\\/uploads\\\/2025\\\/12\\\/SumaPaiporta.jpg\",\"width\":1536,\"height\":2040},{\"@type\":\"BreadcrumbList\",\"@id\":\"https:\\\/\\\/www.transgourmet.es\\\/ca\\\/blog\\\/transgourmet-ha-obert-30-nous-supermercats-franquiciats-entre-gener-i-novembre\\\/#breadcrumb\",\"itemListElement\":[{\"@type\":\"ListItem\",\"position\":1,\"name\":\"Portada\",\"item\":\"https:\\\/\\\/www.transgourmet.es\\\/ca\\\/\"},{\"@type\":\"ListItem\",\"position\":2,\"name\":\"Transgourmet ha obert 30 nous supermercats franquiciats entre gener i novembre\"}]},{\"@type\":\"WebSite\",\"@id\":\"https:\\\/\\\/www.transgourmet.es\\\/#website\",\"url\":\"https:\\\/\\\/www.transgourmet.es\\\/\",\"name\":\"Transgourmet\",\"description\":\"Distribuci\u00f3n mayorista de alimentaci\u00f3n en Espa\u00f1a\",\"publisher\":{\"@id\":\"https:\\\/\\\/www.transgourmet.es\\\/#organization\"},\"alternateName\":\"Grupo Transgourmet\",\"potentialAction\":[{\"@type\":\"SearchAction\",\"target\":{\"@type\":\"EntryPoint\",\"urlTemplate\":\"https:\\\/\\\/www.transgourmet.es\\\/?s={search_term_string}\"},\"query-input\":{\"@type\":\"PropertyValueSpecification\",\"valueRequired\":true,\"valueName\":\"search_term_string\"}}],\"inLanguage\":\"ca\"},{\"@type\":\"Organization\",\"@id\":\"https:\\\/\\\/www.transgourmet.es\\\/#organization\",\"name\":\"Transgourmet\",\"url\":\"https:\\\/\\\/www.transgourmet.es\\\/\",\"logo\":{\"@type\":\"ImageObject\",\"inLanguage\":\"ca\",\"@id\":\"https:\\\/\\\/www.transgourmet.es\\\/#\\\/schema\\\/logo\\\/image\\\/\",\"url\":\"https:\\\/\\\/www.transgourmet.es\\\/wp-content\\\/uploads\\\/2022\\\/08\\\/trans-vert.svg\",\"contentUrl\":\"https:\\\/\\\/www.transgourmet.es\\\/wp-content\\\/uploads\\\/2022\\\/08\\\/trans-vert.svg\",\"width\":296,\"height\":113,\"caption\":\"Transgourmet\"},\"image\":{\"@id\":\"https:\\\/\\\/www.transgourmet.es\\\/#\\\/schema\\\/logo\\\/image\\\/\"},\"sameAs\":[\"https:\\\/\\\/x.com\\\/transgourmet_es\",\"https:\\\/\\\/www.youtube.com\\\/c\\\/TransgourmetIberica\",\"https:\\\/\\\/www.linkedin.com\\\/company\\\/transgourmet-iberica\"]},{\"@type\":\"Person\",\"@id\":\"https:\\\/\\\/www.transgourmet.es\\\/#\\\/schema\\\/person\\\/7558b42d44946cf43b85426e3e9260ff\",\"name\":\"Comunicacion\",\"image\":{\"@type\":\"ImageObject\",\"inLanguage\":\"ca\",\"@id\":\"https:\\\/\\\/secure.gravatar.com\\\/avatar\\\/22ed58e86b6fa1d603bc37a456b3c1eead2a5b2dc754952f01bc759bba31e2f3?s=96&d=mm&r=g\",\"url\":\"https:\\\/\\\/secure.gravatar.com\\\/avatar\\\/22ed58e86b6fa1d603bc37a456b3c1eead2a5b2dc754952f01bc759bba31e2f3?s=96&d=mm&r=g\",\"contentUrl\":\"https:\\\/\\\/secure.gravatar.com\\\/avatar\\\/22ed58e86b6fa1d603bc37a456b3c1eead2a5b2dc754952f01bc759bba31e2f3?s=96&d=mm&r=g\",\"caption\":\"Comunicacion\"},\"sameAs\":[\"https:\\\/\\\/www.transgourmet.es\\\/\"]}]}<\/script>\n<!-- \/ Yoast SEO plugin. -->","yoast_head_json":{"title":"Transgourmet ha obert 30 nous supermercats franquiciats entre gener i novembre | Transgourmet","robots":{"index":"index","follow":"follow","max-snippet":"max-snippet:-1","max-image-preview":"max-image-preview:large","max-video-preview":"max-video-preview:-1"},"canonical":"https:\/\/www.transgourmet.es\/ca\/blog\/transgourmet-ha-obert-30-nous-supermercats-franquiciats-entre-gener-i-novembre\/","og_locale":"ca_ES","og_type":"article","og_title":"Transgourmet ha obert 30 nous supermercats franquiciats entre gener i novembre | Transgourmet","og_description":"\u00a0Transgourmet Ib\u00e8rica, dedicada a la distribuci\u00f3 a l\u2019hostaleria i als supermercats de proximitat, ha refor\u00e7at la seva pres\u00e8ncia territorial durant els mesos d\u2019octubre i novembre amb l\u2019obertura de 7 noves franqu\u00edcies. Es tracta de 4 botigues Suma i 3 establiments Kuups, que fan que el nombre total d\u2019obertures d\u2019aquest 2025 ja sigui de 30, distribu\u00efdes&hellip;&nbsp;","og_url":"https:\/\/www.transgourmet.es\/ca\/blog\/transgourmet-ha-obert-30-nous-supermercats-franquiciats-entre-gener-i-novembre\/","og_site_name":"Transgourmet","article_published_time":"2025-12-16T07:55:44+00:00","article_modified_time":"2025-12-16T07:58:10+00:00","og_image":[{"width":1536,"height":2040,"url":"https:\/\/www.transgourmet.es\/wp-content\/uploads\/2025\/12\/SumaPaiporta.jpg","type":"image\/jpeg"}],"author":"Comunicacion","twitter_card":"summary_large_image","twitter_creator":"@transgourmet_es","twitter_site":"@transgourmet_es","twitter_misc":{"Escrit per":"Comunicacion","Temps estimat de lectura":"2 minuts"},"schema":{"@context":"https:\/\/schema.org","@graph":[{"@type":"Article","@id":"https:\/\/www.transgourmet.es\/ca\/blog\/transgourmet-ha-obert-30-nous-supermercats-franquiciats-entre-gener-i-novembre\/#article","isPartOf":{"@id":"https:\/\/www.transgourmet.es\/ca\/blog\/transgourmet-ha-obert-30-nous-supermercats-franquiciats-entre-gener-i-novembre\/"},"author":{"name":"Comunicacion","@id":"https:\/\/www.transgourmet.es\/#\/schema\/person\/7558b42d44946cf43b85426e3e9260ff"},"headline":"Transgourmet ha obert 30 nous supermercats franquiciats entre gener i novembre","datePublished":"2025-12-16T07:55:44+00:00","dateModified":"2025-12-16T07:58:10+00:00","mainEntityOfPage":{"@id":"https:\/\/www.transgourmet.es\/ca\/blog\/transgourmet-ha-obert-30-nous-supermercats-franquiciats-entre-gener-i-novembre\/"},"wordCount":333,"commentCount":0,"publisher":{"@id":"https:\/\/www.transgourmet.es\/#organization"},"image":{"@id":"https:\/\/www.transgourmet.es\/ca\/blog\/transgourmet-ha-obert-30-nous-supermercats-franquiciats-entre-gener-i-novembre\/#primaryimage"},"thumbnailUrl":"https:\/\/www.transgourmet.es\/wp-content\/uploads\/2025\/12\/SumaPaiporta.jpg","articleSection":["Supermercats"],"inLanguage":"ca","potentialAction":[{"@type":"CommentAction","name":"Comment","target":["https:\/\/www.transgourmet.es\/ca\/blog\/transgourmet-ha-obert-30-nous-supermercats-franquiciats-entre-gener-i-novembre\/#respond"]}]},{"@type":"WebPage","@id":"https:\/\/www.transgourmet.es\/ca\/blog\/transgourmet-ha-obert-30-nous-supermercats-franquiciats-entre-gener-i-novembre\/","url":"https:\/\/www.transgourmet.es\/ca\/blog\/transgourmet-ha-obert-30-nous-supermercats-franquiciats-entre-gener-i-novembre\/","name":"Transgourmet ha obert 30 nous supermercats franquiciats entre gener i novembre | Transgourmet","isPartOf":{"@id":"https:\/\/www.transgourmet.es\/#website"},"primaryImageOfPage":{"@id":"https:\/\/www.transgourmet.es\/ca\/blog\/transgourmet-ha-obert-30-nous-supermercats-franquiciats-entre-gener-i-novembre\/#primaryimage"},"image":{"@id":"https:\/\/www.transgourmet.es\/ca\/blog\/transgourmet-ha-obert-30-nous-supermercats-franquiciats-entre-gener-i-novembre\/#primaryimage"},"thumbnailUrl":"https:\/\/www.transgourmet.es\/wp-content\/uploads\/2025\/12\/SumaPaiporta.jpg","datePublished":"2025-12-16T07:55:44+00:00","dateModified":"2025-12-16T07:58:10+00:00","breadcrumb":{"@id":"https:\/\/www.transgourmet.es\/ca\/blog\/transgourmet-ha-obert-30-nous-supermercats-franquiciats-entre-gener-i-novembre\/#breadcrumb"},"inLanguage":"ca","potentialAction":[{"@type":"ReadAction","target":["https:\/\/www.transgourmet.es\/ca\/blog\/transgourmet-ha-obert-30-nous-supermercats-franquiciats-entre-gener-i-novembre\/"]}]},{"@type":"ImageObject","inLanguage":"ca","@id":"https:\/\/www.transgourmet.es\/ca\/blog\/transgourmet-ha-obert-30-nous-supermercats-franquiciats-entre-gener-i-novembre\/#primaryimage","url":"https:\/\/www.transgourmet.es\/wp-content\/uploads\/2025\/12\/SumaPaiporta.jpg","contentUrl":"https:\/\/www.transgourmet.es\/wp-content\/uploads\/2025\/12\/SumaPaiporta.jpg","width":1536,"height":2040},{"@type":"BreadcrumbList","@id":"https:\/\/www.transgourmet.es\/ca\/blog\/transgourmet-ha-obert-30-nous-supermercats-franquiciats-entre-gener-i-novembre\/#breadcrumb","itemListElement":[{"@type":"ListItem","position":1,"name":"Portada","item":"https:\/\/www.transgourmet.es\/ca\/"},{"@type":"ListItem","position":2,"name":"Transgourmet ha obert 30 nous supermercats franquiciats entre gener i novembre"}]},{"@type":"WebSite","@id":"https:\/\/www.transgourmet.es\/#website","url":"https:\/\/www.transgourmet.es\/","name":"Transgourmet","description":"Distribuci\u00f3n mayorista de alimentaci\u00f3n en Espa\u00f1a","publisher":{"@id":"https:\/\/www.transgourmet.es\/#organization"},"alternateName":"Grupo Transgourmet","potentialAction":[{"@type":"SearchAction","target":{"@type":"EntryPoint","urlTemplate":"https:\/\/www.transgourmet.es\/?s={search_term_string}"},"query-input":{"@type":"PropertyValueSpecification","valueRequired":true,"valueName":"search_term_string"}}],"inLanguage":"ca"},{"@type":"Organization","@id":"https:\/\/www.transgourmet.es\/#organization","name":"Transgourmet","url":"https:\/\/www.transgourmet.es\/","logo":{"@type":"ImageObject","inLanguage":"ca","@id":"https:\/\/www.transgourmet.es\/#\/schema\/logo\/image\/","url":"https:\/\/www.transgourmet.es\/wp-content\/uploads\/2022\/08\/trans-vert.svg","contentUrl":"https:\/\/www.transgourmet.es\/wp-content\/uploads\/2022\/08\/trans-vert.svg","width":296,"height":113,"caption":"Transgourmet"},"image":{"@id":"https:\/\/www.transgourmet.es\/#\/schema\/logo\/image\/"},"sameAs":["https:\/\/x.com\/transgourmet_es","https:\/\/www.youtube.com\/c\/TransgourmetIberica","https:\/\/www.linkedin.com\/company\/transgourmet-iberica"]},{"@type":"Person","@id":"https:\/\/www.transgourmet.es\/#\/schema\/person\/7558b42d44946cf43b85426e3e9260ff","name":"Comunicacion","image":{"@type":"ImageObject","inLanguage":"ca","@id":"https:\/\/secure.gravatar.com\/avatar\/22ed58e86b6fa1d603bc37a456b3c1eead2a5b2dc754952f01bc759bba31e2f3?s=96&d=mm&r=g","url":"https:\/\/secure.gravatar.com\/avatar\/22ed58e86b6fa1d603bc37a456b3c1eead2a5b2dc754952f01bc759bba31e2f3?s=96&d=mm&r=g","contentUrl":"https:\/\/secure.gravatar.com\/avatar\/22ed58e86b6fa1d603bc37a456b3c1eead2a5b2dc754952f01bc759bba31e2f3?s=96&d=mm&r=g","caption":"Comunicacion"},"sameAs":["https:\/\/www.transgourmet.es\/"]}]}},"_links":{"self":[{"href":"https:\/\/www.transgourmet.es\/ca\/wp-json\/wp\/v2\/posts\/26303","targetHints":{"allow":["GET"]}}],"collection":[{"href":"https:\/\/www.transgourmet.es\/ca\/wp-json\/wp\/v2\/posts"}],"about":[{"href":"https:\/\/www.transgourmet.es\/ca\/wp-json\/wp\/v2\/types\/post"}],"author":[{"embeddable":true,"href":"https:\/\/www.transgourmet.es\/ca\/wp-json\/wp\/v2\/users\/3"}],"replies":[{"embeddable":true,"href":"https:\/\/www.transgourmet.es\/ca\/wp-json\/wp\/v2\/comments?post=26303"}],"version-history":[{"count":4,"href":"https:\/\/www.transgourmet.es\/ca\/wp-json\/wp\/v2\/posts\/26303\/revisions"}],"predecessor-version":[{"id":26321,"href":"https:\/\/www.transgourmet.es\/ca\/wp-json\/wp\/v2\/posts\/26303\/revisions\/26321"}],"wp:featuredmedia":[{"embeddable":true,"href":"https:\/\/www.transgourmet.es\/ca\/wp-json\/wp\/v2\/media\/26304"}],"wp:attachment":[{"href":"https:\/\/www.transgourmet.es\/ca\/wp-json\/wp\/v2\/media?parent=26303"}],"wp:term":[{"taxonomy":"category","embeddable":true,"href":"https:\/\/www.transgourmet.es\/ca\/wp-json\/wp\/v2\/categories?post=26303"},{"taxonomy":"post_tag","embeddable":true,"href":"https:\/\/www.transgourmet.es\/ca\/wp-json\/wp\/v2\/tags?post=26303"}],"curies":[{"name":"wp","href":"https:\/\/api.w.org\/{rel}","templated":true}]}}