{"id":26522,"date":"2026-03-11T09:58:11","date_gmt":"2026-03-11T08:58:11","guid":{"rendered":"https:\/\/www.transgourmet.es\/?p=26522"},"modified":"2026-03-11T09:58:33","modified_gmt":"2026-03-11T08:58:33","slug":"transgourmet-inaugura-8-nous-supermercats-franquiciats-entre-gener-i-febrer","status":"publish","type":"post","link":"https:\/\/www.transgourmet.es\/ca\/blog\/transgourmet-inaugura-8-nous-supermercats-franquiciats-entre-gener-i-febrer\/","title":{"rendered":"Transgourmet inaugura 8 nous supermercats  franquiciats entre gener i febrer"},"content":{"rendered":"<p style=\"font-weight: 400;\">Transgourmet Ib\u00e8rica, dedicada a la distribuci\u00f3 a l\u2019hostaleria i als supermercats de proximitat, continua enguany amb el pla d\u2019expansi\u00f3 del seu model de comer\u00e7 de proximitat i conveni\u00e8ncia. Entre els mesos de gener i febrer, la companyia ha obert 8 nous supermercats franquiciats: 4 amb l\u2019ensenya Kuups, 3 Suma i 1 Spar. En total, sumen 1.641 m\u00b2 de superf\u00edcie comercial.<\/p>\n<p style=\"font-weight: 400;\">Els 4 establiments Kuups s\u2019han inaugurat a trav\u00e9s de la societat Nuditrans, fruit de l\u2019alian\u00e7a amb Nudisco, i s\u2019ubiquen a la Comunitat Valenciana: 2 a la prov\u00edncia d\u2019Alacant i 2 a la de Val\u00e8ncia. A Andalusia s\u2019han obert 2 botigues Suma, concretament a les prov\u00edncies d\u2019Almeria i M\u00e0laga, i la tercera s\u2019ha obert a Catalunya, a la demarcaci\u00f3 de Tarragona.<\/p>\n<p style=\"font-weight: 400;\">El supermercat Spar \u00e9s el resultat de l\u2019acord estrat\u00e8gic amb el grup de distribuci\u00f3 Llobet, referent a la Catalunya Central, i marca el retorn i l\u2019inici d\u2019una nova etapa d\u2019expansi\u00f3 de l\u2019ensenya a la zona, on Transgourmet Ib\u00e8rica opera amb llic\u00e8ncia d\u2019explotaci\u00f3. Aquest supermercat es troba localitzat a la demarcaci\u00f3 de Barcelona.<\/p>\n<p style=\"font-weight: 400;\">La companyia mant\u00e9 aquest 2026 l\u2019estrat\u00e8gia de desenvolupament del model de proximitat i conveni\u00e8ncia a l\u2019\u00e0rea de Retail, amb un enfocament que prioritza la qualitat de les franqu\u00edcies enfront de la quantitat. Aquesta l\u00ednia de treball busca adaptar-se encara m\u00e9s a les tend\u00e8ncies actuals del mercat i a les noves demandes del consumidor.<\/p>\n<p style=\"font-weight: 400;\"><strong>SOBRE TRANSGOURMET IB\u00c9RICA<\/strong><\/p>\n<p style=\"font-weight: 400;\">Transgourmet Ib\u00e8rica \u00e9s propietat del grup su\u00eds Transgourmet, la segona empresa de distribuci\u00f3 majorista d\u2019Europa, que al seu torn pertany al grup Coop.<\/p>\n<p style=\"font-weight: 400;\">Actualment, disposa de 7 plataformes de distribuci\u00f3 repartides per tot Espanya i \u00e9s referent en el sector de <em>retail,<\/em> amb uns 700 supermercats amb les ensenyes Suma, Proxim, Spar i Kuups, i m\u00e9s de 2.500 clients independents.<\/p>\n<p style=\"font-weight: 400;\">Aix\u00ed mateix, l\u2019empresa compta amb la seva l\u00ednia de servei a l\u2019hostaleria composta per 73 centres <em>cash&amp;carry<\/em> i 29 gasolineres GM Oil, i una xarxa formada per 400 comercials de\u00a0<em>food service<\/em>\u00a0i una flota que supera els 300 vehicles per al servei de repartiment.<\/p>\n","protected":false},"excerpt":{"rendered":"<p>Transgourmet Ib\u00e8rica, dedicada a la distribuci\u00f3 a l\u2019hostaleria i als supermercats de proximitat, continua enguany amb el pla d\u2019expansi\u00f3 del seu model de comer\u00e7 de proximitat i conveni\u00e8ncia. Entre els mesos de gener i febrer, la companyia ha obert 8 nous supermercats franquiciats: 4 amb l\u2019ensenya Kuups, 3 Suma i 1 Spar. En total, sumen&hellip;&nbsp;<\/p>\n","protected":false},"author":3,"featured_media":26530,"comment_status":"open","ping_status":"open","sticky":false,"template":"","format":"standard","meta":{"_acf_changed":false,"neve_meta_sidebar":"","neve_meta_container":"","neve_meta_enable_content_width":"off","neve_meta_content_width":70,"neve_meta_title_alignment":"","neve_meta_author_avatar":"","neve_post_elements_order":"","neve_meta_disable_header":"","neve_meta_disable_footer":"","neve_meta_disable_title":"","footnotes":""},"categories":[40],"tags":[],"class_list":["post-26522","post","type-post","status-publish","format-standard","has-post-thumbnail","hentry","category-supermercats"],"acf":[],"yoast_head":"<!-- This site is optimized with the Yoast SEO plugin v27.4 - https:\/\/yoast.com\/product\/yoast-seo-wordpress\/ -->\n<title>Transgourmet inaugura 8 nous supermercats franquiciats entre gener i febrer | Transgourmet<\/title>\n<meta name=\"robots\" content=\"index, follow, max-snippet:-1, max-image-preview:large, max-video-preview:-1\" \/>\n<link rel=\"canonical\" href=\"https:\/\/www.transgourmet.es\/ca\/blog\/transgourmet-inaugura-8-nous-supermercats-franquiciats-entre-gener-i-febrer\/\" \/>\n<meta property=\"og:locale\" content=\"ca_ES\" \/>\n<meta property=\"og:type\" content=\"article\" \/>\n<meta property=\"og:title\" content=\"Transgourmet inaugura 8 nous supermercats franquiciats entre gener i febrer | Transgourmet\" \/>\n<meta property=\"og:description\" content=\"Transgourmet Ib\u00e8rica, dedicada a la distribuci\u00f3 a l\u2019hostaleria i als supermercats de proximitat, continua enguany amb el pla d\u2019expansi\u00f3 del seu model de comer\u00e7 de proximitat i conveni\u00e8ncia. Entre els mesos de gener i febrer, la companyia ha obert 8 nous supermercats franquiciats: 4 amb l\u2019ensenya Kuups, 3 Suma i 1 Spar. En total, sumen&hellip;&nbsp;\" \/>\n<meta property=\"og:url\" content=\"https:\/\/www.transgourmet.es\/ca\/blog\/transgourmet-inaugura-8-nous-supermercats-franquiciats-entre-gener-i-febrer\/\" \/>\n<meta property=\"og:site_name\" content=\"Transgourmet\" \/>\n<meta property=\"article:published_time\" content=\"2026-03-11T08:58:11+00:00\" \/>\n<meta property=\"article:modified_time\" content=\"2026-03-11T08:58:33+00:00\" \/>\n<meta property=\"og:image\" content=\"https:\/\/www.transgourmet.es\/wp-content\/uploads\/2026\/03\/Spar-Vilanova-el-Cami.jpeg\" \/>\n\t<meta property=\"og:image:width\" content=\"1803\" \/>\n\t<meta property=\"og:image:height\" content=\"1113\" \/>\n\t<meta property=\"og:image:type\" content=\"image\/jpeg\" \/>\n<meta name=\"author\" content=\"Comunicacion\" \/>\n<meta name=\"twitter:card\" content=\"summary_large_image\" \/>\n<meta name=\"twitter:creator\" content=\"@transgourmet_es\" \/>\n<meta name=\"twitter:site\" content=\"@transgourmet_es\" \/>\n<meta name=\"twitter:label1\" content=\"Escrit per\" \/>\n\t<meta name=\"twitter:data1\" content=\"Comunicacion\" \/>\n\t<meta name=\"twitter:label2\" content=\"Temps estimat de lectura\" \/>\n\t<meta name=\"twitter:data2\" content=\"2 minuts\" \/>\n<script type=\"application\/ld+json\" class=\"yoast-schema-graph\">{\"@context\":\"https:\\\/\\\/schema.org\",\"@graph\":[{\"@type\":\"Article\",\"@id\":\"https:\\\/\\\/www.transgourmet.es\\\/ca\\\/blog\\\/transgourmet-inaugura-8-nous-supermercats-franquiciats-entre-gener-i-febrer\\\/#article\",\"isPartOf\":{\"@id\":\"https:\\\/\\\/www.transgourmet.es\\\/ca\\\/blog\\\/transgourmet-inaugura-8-nous-supermercats-franquiciats-entre-gener-i-febrer\\\/\"},\"author\":{\"name\":\"Comunicacion\",\"@id\":\"https:\\\/\\\/www.transgourmet.es\\\/#\\\/schema\\\/person\\\/7558b42d44946cf43b85426e3e9260ff\"},\"headline\":\"Transgourmet inaugura 8 nous supermercats franquiciats entre gener i febrer\",\"datePublished\":\"2026-03-11T08:58:11+00:00\",\"dateModified\":\"2026-03-11T08:58:33+00:00\",\"mainEntityOfPage\":{\"@id\":\"https:\\\/\\\/www.transgourmet.es\\\/ca\\\/blog\\\/transgourmet-inaugura-8-nous-supermercats-franquiciats-entre-gener-i-febrer\\\/\"},\"wordCount\":371,\"commentCount\":0,\"publisher\":{\"@id\":\"https:\\\/\\\/www.transgourmet.es\\\/#organization\"},\"image\":{\"@id\":\"https:\\\/\\\/www.transgourmet.es\\\/ca\\\/blog\\\/transgourmet-inaugura-8-nous-supermercats-franquiciats-entre-gener-i-febrer\\\/#primaryimage\"},\"thumbnailUrl\":\"https:\\\/\\\/www.transgourmet.es\\\/wp-content\\\/uploads\\\/2026\\\/03\\\/Spar-Vilanova-el-Cami.jpeg\",\"articleSection\":[\"Supermercats\"],\"inLanguage\":\"ca\",\"potentialAction\":[{\"@type\":\"CommentAction\",\"name\":\"Comment\",\"target\":[\"https:\\\/\\\/www.transgourmet.es\\\/ca\\\/blog\\\/transgourmet-inaugura-8-nous-supermercats-franquiciats-entre-gener-i-febrer\\\/#respond\"]}]},{\"@type\":\"WebPage\",\"@id\":\"https:\\\/\\\/www.transgourmet.es\\\/ca\\\/blog\\\/transgourmet-inaugura-8-nous-supermercats-franquiciats-entre-gener-i-febrer\\\/\",\"url\":\"https:\\\/\\\/www.transgourmet.es\\\/ca\\\/blog\\\/transgourmet-inaugura-8-nous-supermercats-franquiciats-entre-gener-i-febrer\\\/\",\"name\":\"Transgourmet inaugura 8 nous supermercats franquiciats entre gener i febrer | Transgourmet\",\"isPartOf\":{\"@id\":\"https:\\\/\\\/www.transgourmet.es\\\/#website\"},\"primaryImageOfPage\":{\"@id\":\"https:\\\/\\\/www.transgourmet.es\\\/ca\\\/blog\\\/transgourmet-inaugura-8-nous-supermercats-franquiciats-entre-gener-i-febrer\\\/#primaryimage\"},\"image\":{\"@id\":\"https:\\\/\\\/www.transgourmet.es\\\/ca\\\/blog\\\/transgourmet-inaugura-8-nous-supermercats-franquiciats-entre-gener-i-febrer\\\/#primaryimage\"},\"thumbnailUrl\":\"https:\\\/\\\/www.transgourmet.es\\\/wp-content\\\/uploads\\\/2026\\\/03\\\/Spar-Vilanova-el-Cami.jpeg\",\"datePublished\":\"2026-03-11T08:58:11+00:00\",\"dateModified\":\"2026-03-11T08:58:33+00:00\",\"breadcrumb\":{\"@id\":\"https:\\\/\\\/www.transgourmet.es\\\/ca\\\/blog\\\/transgourmet-inaugura-8-nous-supermercats-franquiciats-entre-gener-i-febrer\\\/#breadcrumb\"},\"inLanguage\":\"ca\",\"potentialAction\":[{\"@type\":\"ReadAction\",\"target\":[\"https:\\\/\\\/www.transgourmet.es\\\/ca\\\/blog\\\/transgourmet-inaugura-8-nous-supermercats-franquiciats-entre-gener-i-febrer\\\/\"]}]},{\"@type\":\"ImageObject\",\"inLanguage\":\"ca\",\"@id\":\"https:\\\/\\\/www.transgourmet.es\\\/ca\\\/blog\\\/transgourmet-inaugura-8-nous-supermercats-franquiciats-entre-gener-i-febrer\\\/#primaryimage\",\"url\":\"https:\\\/\\\/www.transgourmet.es\\\/wp-content\\\/uploads\\\/2026\\\/03\\\/Spar-Vilanova-el-Cami.jpeg\",\"contentUrl\":\"https:\\\/\\\/www.transgourmet.es\\\/wp-content\\\/uploads\\\/2026\\\/03\\\/Spar-Vilanova-el-Cami.jpeg\",\"width\":1803,\"height\":1113},{\"@type\":\"BreadcrumbList\",\"@id\":\"https:\\\/\\\/www.transgourmet.es\\\/ca\\\/blog\\\/transgourmet-inaugura-8-nous-supermercats-franquiciats-entre-gener-i-febrer\\\/#breadcrumb\",\"itemListElement\":[{\"@type\":\"ListItem\",\"position\":1,\"name\":\"Portada\",\"item\":\"https:\\\/\\\/www.transgourmet.es\\\/ca\\\/\"},{\"@type\":\"ListItem\",\"position\":2,\"name\":\"Transgourmet inaugura 8 nous supermercats franquiciats entre gener i febrer\"}]},{\"@type\":\"WebSite\",\"@id\":\"https:\\\/\\\/www.transgourmet.es\\\/#website\",\"url\":\"https:\\\/\\\/www.transgourmet.es\\\/\",\"name\":\"Transgourmet\",\"description\":\"Distribuci\u00f3n mayorista de alimentaci\u00f3n en Espa\u00f1a\",\"publisher\":{\"@id\":\"https:\\\/\\\/www.transgourmet.es\\\/#organization\"},\"alternateName\":\"Grupo Transgourmet\",\"potentialAction\":[{\"@type\":\"SearchAction\",\"target\":{\"@type\":\"EntryPoint\",\"urlTemplate\":\"https:\\\/\\\/www.transgourmet.es\\\/?s={search_term_string}\"},\"query-input\":{\"@type\":\"PropertyValueSpecification\",\"valueRequired\":true,\"valueName\":\"search_term_string\"}}],\"inLanguage\":\"ca\"},{\"@type\":\"Organization\",\"@id\":\"https:\\\/\\\/www.transgourmet.es\\\/#organization\",\"name\":\"Transgourmet\",\"url\":\"https:\\\/\\\/www.transgourmet.es\\\/\",\"logo\":{\"@type\":\"ImageObject\",\"inLanguage\":\"ca\",\"@id\":\"https:\\\/\\\/www.transgourmet.es\\\/#\\\/schema\\\/logo\\\/image\\\/\",\"url\":\"https:\\\/\\\/www.transgourmet.es\\\/wp-content\\\/uploads\\\/2022\\\/08\\\/trans-vert.svg\",\"contentUrl\":\"https:\\\/\\\/www.transgourmet.es\\\/wp-content\\\/uploads\\\/2022\\\/08\\\/trans-vert.svg\",\"width\":296,\"height\":113,\"caption\":\"Transgourmet\"},\"image\":{\"@id\":\"https:\\\/\\\/www.transgourmet.es\\\/#\\\/schema\\\/logo\\\/image\\\/\"},\"sameAs\":[\"https:\\\/\\\/x.com\\\/transgourmet_es\",\"https:\\\/\\\/www.youtube.com\\\/c\\\/TransgourmetIberica\",\"https:\\\/\\\/www.linkedin.com\\\/company\\\/transgourmet-iberica\"]},{\"@type\":\"Person\",\"@id\":\"https:\\\/\\\/www.transgourmet.es\\\/#\\\/schema\\\/person\\\/7558b42d44946cf43b85426e3e9260ff\",\"name\":\"Comunicacion\",\"image\":{\"@type\":\"ImageObject\",\"inLanguage\":\"ca\",\"@id\":\"https:\\\/\\\/secure.gravatar.com\\\/avatar\\\/22ed58e86b6fa1d603bc37a456b3c1eead2a5b2dc754952f01bc759bba31e2f3?s=96&d=mm&r=g\",\"url\":\"https:\\\/\\\/secure.gravatar.com\\\/avatar\\\/22ed58e86b6fa1d603bc37a456b3c1eead2a5b2dc754952f01bc759bba31e2f3?s=96&d=mm&r=g\",\"contentUrl\":\"https:\\\/\\\/secure.gravatar.com\\\/avatar\\\/22ed58e86b6fa1d603bc37a456b3c1eead2a5b2dc754952f01bc759bba31e2f3?s=96&d=mm&r=g\",\"caption\":\"Comunicacion\"},\"sameAs\":[\"https:\\\/\\\/www.transgourmet.es\\\/\"]}]}<\/script>\n<!-- \/ Yoast SEO plugin. -->","yoast_head_json":{"title":"Transgourmet inaugura 8 nous supermercats franquiciats entre gener i febrer | Transgourmet","robots":{"index":"index","follow":"follow","max-snippet":"max-snippet:-1","max-image-preview":"max-image-preview:large","max-video-preview":"max-video-preview:-1"},"canonical":"https:\/\/www.transgourmet.es\/ca\/blog\/transgourmet-inaugura-8-nous-supermercats-franquiciats-entre-gener-i-febrer\/","og_locale":"ca_ES","og_type":"article","og_title":"Transgourmet inaugura 8 nous supermercats franquiciats entre gener i febrer | Transgourmet","og_description":"Transgourmet Ib\u00e8rica, dedicada a la distribuci\u00f3 a l\u2019hostaleria i als supermercats de proximitat, continua enguany amb el pla d\u2019expansi\u00f3 del seu model de comer\u00e7 de proximitat i conveni\u00e8ncia. Entre els mesos de gener i febrer, la companyia ha obert 8 nous supermercats franquiciats: 4 amb l\u2019ensenya Kuups, 3 Suma i 1 Spar. En total, sumen&hellip;&nbsp;","og_url":"https:\/\/www.transgourmet.es\/ca\/blog\/transgourmet-inaugura-8-nous-supermercats-franquiciats-entre-gener-i-febrer\/","og_site_name":"Transgourmet","article_published_time":"2026-03-11T08:58:11+00:00","article_modified_time":"2026-03-11T08:58:33+00:00","og_image":[{"width":1803,"height":1113,"url":"https:\/\/www.transgourmet.es\/wp-content\/uploads\/2026\/03\/Spar-Vilanova-el-Cami.jpeg","type":"image\/jpeg"}],"author":"Comunicacion","twitter_card":"summary_large_image","twitter_creator":"@transgourmet_es","twitter_site":"@transgourmet_es","twitter_misc":{"Escrit per":"Comunicacion","Temps estimat de lectura":"2 minuts"},"schema":{"@context":"https:\/\/schema.org","@graph":[{"@type":"Article","@id":"https:\/\/www.transgourmet.es\/ca\/blog\/transgourmet-inaugura-8-nous-supermercats-franquiciats-entre-gener-i-febrer\/#article","isPartOf":{"@id":"https:\/\/www.transgourmet.es\/ca\/blog\/transgourmet-inaugura-8-nous-supermercats-franquiciats-entre-gener-i-febrer\/"},"author":{"name":"Comunicacion","@id":"https:\/\/www.transgourmet.es\/#\/schema\/person\/7558b42d44946cf43b85426e3e9260ff"},"headline":"Transgourmet inaugura 8 nous supermercats franquiciats entre gener i febrer","datePublished":"2026-03-11T08:58:11+00:00","dateModified":"2026-03-11T08:58:33+00:00","mainEntityOfPage":{"@id":"https:\/\/www.transgourmet.es\/ca\/blog\/transgourmet-inaugura-8-nous-supermercats-franquiciats-entre-gener-i-febrer\/"},"wordCount":371,"commentCount":0,"publisher":{"@id":"https:\/\/www.transgourmet.es\/#organization"},"image":{"@id":"https:\/\/www.transgourmet.es\/ca\/blog\/transgourmet-inaugura-8-nous-supermercats-franquiciats-entre-gener-i-febrer\/#primaryimage"},"thumbnailUrl":"https:\/\/www.transgourmet.es\/wp-content\/uploads\/2026\/03\/Spar-Vilanova-el-Cami.jpeg","articleSection":["Supermercats"],"inLanguage":"ca","potentialAction":[{"@type":"CommentAction","name":"Comment","target":["https:\/\/www.transgourmet.es\/ca\/blog\/transgourmet-inaugura-8-nous-supermercats-franquiciats-entre-gener-i-febrer\/#respond"]}]},{"@type":"WebPage","@id":"https:\/\/www.transgourmet.es\/ca\/blog\/transgourmet-inaugura-8-nous-supermercats-franquiciats-entre-gener-i-febrer\/","url":"https:\/\/www.transgourmet.es\/ca\/blog\/transgourmet-inaugura-8-nous-supermercats-franquiciats-entre-gener-i-febrer\/","name":"Transgourmet inaugura 8 nous supermercats franquiciats entre gener i febrer | Transgourmet","isPartOf":{"@id":"https:\/\/www.transgourmet.es\/#website"},"primaryImageOfPage":{"@id":"https:\/\/www.transgourmet.es\/ca\/blog\/transgourmet-inaugura-8-nous-supermercats-franquiciats-entre-gener-i-febrer\/#primaryimage"},"image":{"@id":"https:\/\/www.transgourmet.es\/ca\/blog\/transgourmet-inaugura-8-nous-supermercats-franquiciats-entre-gener-i-febrer\/#primaryimage"},"thumbnailUrl":"https:\/\/www.transgourmet.es\/wp-content\/uploads\/2026\/03\/Spar-Vilanova-el-Cami.jpeg","datePublished":"2026-03-11T08:58:11+00:00","dateModified":"2026-03-11T08:58:33+00:00","breadcrumb":{"@id":"https:\/\/www.transgourmet.es\/ca\/blog\/transgourmet-inaugura-8-nous-supermercats-franquiciats-entre-gener-i-febrer\/#breadcrumb"},"inLanguage":"ca","potentialAction":[{"@type":"ReadAction","target":["https:\/\/www.transgourmet.es\/ca\/blog\/transgourmet-inaugura-8-nous-supermercats-franquiciats-entre-gener-i-febrer\/"]}]},{"@type":"ImageObject","inLanguage":"ca","@id":"https:\/\/www.transgourmet.es\/ca\/blog\/transgourmet-inaugura-8-nous-supermercats-franquiciats-entre-gener-i-febrer\/#primaryimage","url":"https:\/\/www.transgourmet.es\/wp-content\/uploads\/2026\/03\/Spar-Vilanova-el-Cami.jpeg","contentUrl":"https:\/\/www.transgourmet.es\/wp-content\/uploads\/2026\/03\/Spar-Vilanova-el-Cami.jpeg","width":1803,"height":1113},{"@type":"BreadcrumbList","@id":"https:\/\/www.transgourmet.es\/ca\/blog\/transgourmet-inaugura-8-nous-supermercats-franquiciats-entre-gener-i-febrer\/#breadcrumb","itemListElement":[{"@type":"ListItem","position":1,"name":"Portada","item":"https:\/\/www.transgourmet.es\/ca\/"},{"@type":"ListItem","position":2,"name":"Transgourmet inaugura 8 nous supermercats franquiciats entre gener i febrer"}]},{"@type":"WebSite","@id":"https:\/\/www.transgourmet.es\/#website","url":"https:\/\/www.transgourmet.es\/","name":"Transgourmet","description":"Distribuci\u00f3n mayorista de alimentaci\u00f3n en Espa\u00f1a","publisher":{"@id":"https:\/\/www.transgourmet.es\/#organization"},"alternateName":"Grupo Transgourmet","potentialAction":[{"@type":"SearchAction","target":{"@type":"EntryPoint","urlTemplate":"https:\/\/www.transgourmet.es\/?s={search_term_string}"},"query-input":{"@type":"PropertyValueSpecification","valueRequired":true,"valueName":"search_term_string"}}],"inLanguage":"ca"},{"@type":"Organization","@id":"https:\/\/www.transgourmet.es\/#organization","name":"Transgourmet","url":"https:\/\/www.transgourmet.es\/","logo":{"@type":"ImageObject","inLanguage":"ca","@id":"https:\/\/www.transgourmet.es\/#\/schema\/logo\/image\/","url":"https:\/\/www.transgourmet.es\/wp-content\/uploads\/2022\/08\/trans-vert.svg","contentUrl":"https:\/\/www.transgourmet.es\/wp-content\/uploads\/2022\/08\/trans-vert.svg","width":296,"height":113,"caption":"Transgourmet"},"image":{"@id":"https:\/\/www.transgourmet.es\/#\/schema\/logo\/image\/"},"sameAs":["https:\/\/x.com\/transgourmet_es","https:\/\/www.youtube.com\/c\/TransgourmetIberica","https:\/\/www.linkedin.com\/company\/transgourmet-iberica"]},{"@type":"Person","@id":"https:\/\/www.transgourmet.es\/#\/schema\/person\/7558b42d44946cf43b85426e3e9260ff","name":"Comunicacion","image":{"@type":"ImageObject","inLanguage":"ca","@id":"https:\/\/secure.gravatar.com\/avatar\/22ed58e86b6fa1d603bc37a456b3c1eead2a5b2dc754952f01bc759bba31e2f3?s=96&d=mm&r=g","url":"https:\/\/secure.gravatar.com\/avatar\/22ed58e86b6fa1d603bc37a456b3c1eead2a5b2dc754952f01bc759bba31e2f3?s=96&d=mm&r=g","contentUrl":"https:\/\/secure.gravatar.com\/avatar\/22ed58e86b6fa1d603bc37a456b3c1eead2a5b2dc754952f01bc759bba31e2f3?s=96&d=mm&r=g","caption":"Comunicacion"},"sameAs":["https:\/\/www.transgourmet.es\/"]}]}},"_links":{"self":[{"href":"https:\/\/www.transgourmet.es\/ca\/wp-json\/wp\/v2\/posts\/26522","targetHints":{"allow":["GET"]}}],"collection":[{"href":"https:\/\/www.transgourmet.es\/ca\/wp-json\/wp\/v2\/posts"}],"about":[{"href":"https:\/\/www.transgourmet.es\/ca\/wp-json\/wp\/v2\/types\/post"}],"author":[{"embeddable":true,"href":"https:\/\/www.transgourmet.es\/ca\/wp-json\/wp\/v2\/users\/3"}],"replies":[{"embeddable":true,"href":"https:\/\/www.transgourmet.es\/ca\/wp-json\/wp\/v2\/comments?post=26522"}],"version-history":[{"count":4,"href":"https:\/\/www.transgourmet.es\/ca\/wp-json\/wp\/v2\/posts\/26522\/revisions"}],"predecessor-version":[{"id":26542,"href":"https:\/\/www.transgourmet.es\/ca\/wp-json\/wp\/v2\/posts\/26522\/revisions\/26542"}],"wp:featuredmedia":[{"embeddable":true,"href":"https:\/\/www.transgourmet.es\/ca\/wp-json\/wp\/v2\/media\/26530"}],"wp:attachment":[{"href":"https:\/\/www.transgourmet.es\/ca\/wp-json\/wp\/v2\/media?parent=26522"}],"wp:term":[{"taxonomy":"category","embeddable":true,"href":"https:\/\/www.transgourmet.es\/ca\/wp-json\/wp\/v2\/categories?post=26522"},{"taxonomy":"post_tag","embeddable":true,"href":"https:\/\/www.transgourmet.es\/ca\/wp-json\/wp\/v2\/tags?post=26522"}],"curies":[{"name":"wp","href":"https:\/\/api.w.org\/{rel}","templated":true}]}}