{"id":26552,"date":"2026-03-17T10:26:14","date_gmt":"2026-03-17T09:26:14","guid":{"rendered":"https:\/\/www.transgourmet.es\/?p=26552"},"modified":"2026-03-17T10:29:14","modified_gmt":"2026-03-17T09:29:14","slug":"transgourmet-i-llobet-avancen-en-lexpansio-dspar-a-la-catalunya-central-amb-una-obertura-a-balsareny","status":"publish","type":"post","link":"https:\/\/www.transgourmet.es\/ca\/blog\/transgourmet-i-llobet-avancen-en-lexpansio-dspar-a-la-catalunya-central-amb-una-obertura-a-balsareny\/","title":{"rendered":"Transgourmet i Llobet avancen en l\u2019expansi\u00f3 d\u2019Spar a la Catalunya Central amb una obertura a Balsareny"},"content":{"rendered":"<div>\n<p><span lang=\"CA\">Transgourmet Ib\u00e8rica, dedicada a la distribuci\u00f3 a l\u2019hostaleria i al supermercat de proximitat, avan\u00e7a en l\u2019expansi\u00f3 de l\u2019ensenya Spar a la Catalunya Central de la m\u00e0 del Grup Llobet amb l\u2019obertura d\u2019un supermercat a Balsareny. Aquest nou establiment, que representa el retorn d\u2019Spar a la comarca del Bages, t\u00e9 una superf\u00edcie de 390 m\u00b2 i destaca per oferir una selecci\u00f3 especialment cuidada de producte fresco i articles locals i de temporada. <\/span><span lang=\"CA\">Les seccions de fruita i verdura, juntament amb les de carn i xarcuteria de quil\u00f2metre 0 i peix, ocupen un lloc central<\/span><span lang=\"CA\"> a la botiga. Totes funcionen en format de lliure servei per agilitzar la compra i fer-la m\u00e9s c\u00f2moda.<\/span><\/p>\n<\/div>\n<div>\n<p><span lang=\"CA\">L&#8217;assortiment disponible inclou productes de fabricants de primer nivell i una \u00e0mplia oferta de marca pr\u00f2pia. El supermercat compta amb una gran oferta de plats preparats, pensats per resoldre menjars al moment i fer m\u00e9s f\u00e0cil el dia a dia dels ve\u00efns. Inclou racions inndividuals i propostes completes que combinen diversos aliments per oferir solucions equilibrades.<\/span><\/p>\n<\/div>\n<div>\n<p><span lang=\"CA\">A m\u00e9s a m\u00e9s de l&#8217;oferta aliment\u00e0ria, el nou Spar incorpora serveis addicionals pensats per millorar l&#8217;experi\u00e8ncia de compra. Per exemple, un espai per esmorzar <i>bakery&amp;coffee<\/i>, amb brioixeria fornejada di\u00e0riament, caf\u00e8 i sucs acabats d\u2019espr\u00e9mer, aix\u00ed com la instal\u00b7laci\u00f3 de casellers Amazon Locker per a la recollida de comandes.<\/span><\/p>\n<p style=\"font-weight: 400;\"><strong>SOBRE TRANSGOURMET IB\u00c8RICA<\/strong><\/p>\n<p style=\"font-weight: 400;\">Transgourmet Ib\u00e9rica \u00e9s propietat del grup su\u00eds Transgourmet, la segona empresa de distribuci\u00f3 majorista d&#8217;Europa, que pertany, alhora, al grup Coop. Actualment compta amb 7 plataformes de distribuci\u00f3 repartides per tot Espanya i \u00e9s referent al sector de retail, amb prop de 800 supermercats sota les ensenyes Suma, Proxim, Spar i Kuups, i m\u00e9s de 2.500 clients independents.<\/p>\n<p style=\"font-weight: 400;\">Aix\u00ed mateix, l&#8217;empresa compta amb la seva l\u00ednia de servei a l&#8217;hostaleria composta per 73 centres <em>cash&amp;carry<\/em> GM Cash-Gros Mercat i 29 benzineres GM Oil, i una xarxa formada per 400 comercials de <em>food service<\/em> i una flota que supera els 300 vehicles per al servei de repartiment.<\/p>\n<p style=\"font-weight: 400;\"><strong>SOBRE GRUP LLOBET <\/strong><\/p>\n<p style=\"font-weight: 400;\">Grup Llobet \u00e9s una companyia familiar catalana de distribuci\u00f3 aliment\u00e0ria fundada el 1923, amb un model basat en la proximitat, el lideratge en frescos i l&#8217;arrelament a la Catalunya Central. En el marc de l\u2019acord de distribuci\u00f3 amb Transgourmet, \u00a0des del mes de febrer ha incorporat Spar per a alimentaci\u00f3 envasada i productes de gran consum, mantenint la gesti\u00f3 pr\u00f2pia de les seccions de frescos.<\/p>\n<\/div>\n","protected":false},"excerpt":{"rendered":"<p>Transgourmet Ib\u00e8rica, dedicada a la distribuci\u00f3 a l\u2019hostaleria i al supermercat de proximitat, avan\u00e7a en l\u2019expansi\u00f3 de l\u2019ensenya Spar a la Catalunya Central de la m\u00e0 del Grup Llobet amb l\u2019obertura d\u2019un supermercat a Balsareny. Aquest nou establiment, que representa el retorn d\u2019Spar a la comarca del Bages, t\u00e9 una superf\u00edcie de 390 m\u00b2 i&hellip;&nbsp;<\/p>\n","protected":false},"author":3,"featured_media":26553,"comment_status":"open","ping_status":"open","sticky":false,"template":"","format":"standard","meta":{"_acf_changed":false,"neve_meta_sidebar":"","neve_meta_container":"","neve_meta_enable_content_width":"off","neve_meta_content_width":70,"neve_meta_title_alignment":"","neve_meta_author_avatar":"","neve_post_elements_order":"","neve_meta_disable_header":"","neve_meta_disable_footer":"","neve_meta_disable_title":"","footnotes":""},"categories":[40],"tags":[],"class_list":["post-26552","post","type-post","status-publish","format-standard","has-post-thumbnail","hentry","category-supermercats"],"acf":[],"yoast_head":"<!-- This site is optimized with the Yoast SEO plugin v27.4 - https:\/\/yoast.com\/product\/yoast-seo-wordpress\/ -->\n<title>Transgourmet i Llobet avancen en l\u2019expansi\u00f3 d\u2019Spar a la Catalunya Central amb una obertura a Balsareny | Transgourmet<\/title>\n<meta name=\"robots\" content=\"index, follow, max-snippet:-1, max-image-preview:large, max-video-preview:-1\" \/>\n<link rel=\"canonical\" href=\"https:\/\/www.transgourmet.es\/ca\/blog\/transgourmet-i-llobet-avancen-en-lexpansio-dspar-a-la-catalunya-central-amb-una-obertura-a-balsareny\/\" \/>\n<meta property=\"og:locale\" content=\"ca_ES\" \/>\n<meta property=\"og:type\" content=\"article\" \/>\n<meta property=\"og:title\" content=\"Transgourmet i Llobet avancen en l\u2019expansi\u00f3 d\u2019Spar a la Catalunya Central amb una obertura a Balsareny | Transgourmet\" \/>\n<meta property=\"og:description\" content=\"Transgourmet Ib\u00e8rica, dedicada a la distribuci\u00f3 a l\u2019hostaleria i al supermercat de proximitat, avan\u00e7a en l\u2019expansi\u00f3 de l\u2019ensenya Spar a la Catalunya Central de la m\u00e0 del Grup Llobet amb l\u2019obertura d\u2019un supermercat a Balsareny. Aquest nou establiment, que representa el retorn d\u2019Spar a la comarca del Bages, t\u00e9 una superf\u00edcie de 390 m\u00b2 i&hellip;&nbsp;\" \/>\n<meta property=\"og:url\" content=\"https:\/\/www.transgourmet.es\/ca\/blog\/transgourmet-i-llobet-avancen-en-lexpansio-dspar-a-la-catalunya-central-amb-una-obertura-a-balsareny\/\" \/>\n<meta property=\"og:site_name\" content=\"Transgourmet\" \/>\n<meta property=\"article:published_time\" content=\"2026-03-17T09:26:14+00:00\" \/>\n<meta property=\"article:modified_time\" content=\"2026-03-17T09:29:14+00:00\" \/>\n<meta property=\"og:image\" content=\"https:\/\/www.transgourmet.es\/wp-content\/uploads\/2026\/03\/Spar-Balsareny-4-1024x970.png\" \/>\n\t<meta property=\"og:image:width\" content=\"1024\" \/>\n\t<meta property=\"og:image:height\" content=\"970\" \/>\n\t<meta property=\"og:image:type\" content=\"image\/png\" \/>\n<meta name=\"author\" content=\"Comunicacion\" \/>\n<meta name=\"twitter:card\" content=\"summary_large_image\" \/>\n<meta name=\"twitter:creator\" content=\"@transgourmet_es\" \/>\n<meta name=\"twitter:site\" content=\"@transgourmet_es\" \/>\n<meta name=\"twitter:label1\" content=\"Escrit per\" \/>\n\t<meta name=\"twitter:data1\" content=\"Comunicacion\" \/>\n\t<meta name=\"twitter:label2\" content=\"Temps estimat de lectura\" \/>\n\t<meta name=\"twitter:data2\" content=\"3 minuts\" \/>\n<script type=\"application\/ld+json\" class=\"yoast-schema-graph\">{\"@context\":\"https:\\\/\\\/schema.org\",\"@graph\":[{\"@type\":\"Article\",\"@id\":\"https:\\\/\\\/www.transgourmet.es\\\/ca\\\/blog\\\/transgourmet-i-llobet-avancen-en-lexpansio-dspar-a-la-catalunya-central-amb-una-obertura-a-balsareny\\\/#article\",\"isPartOf\":{\"@id\":\"https:\\\/\\\/www.transgourmet.es\\\/ca\\\/blog\\\/transgourmet-i-llobet-avancen-en-lexpansio-dspar-a-la-catalunya-central-amb-una-obertura-a-balsareny\\\/\"},\"author\":{\"name\":\"Comunicacion\",\"@id\":\"https:\\\/\\\/www.transgourmet.es\\\/#\\\/schema\\\/person\\\/7558b42d44946cf43b85426e3e9260ff\"},\"headline\":\"Transgourmet i Llobet avancen en l\u2019expansi\u00f3 d\u2019Spar a la Catalunya Central amb una obertura a Balsareny\",\"datePublished\":\"2026-03-17T09:26:14+00:00\",\"dateModified\":\"2026-03-17T09:29:14+00:00\",\"mainEntityOfPage\":{\"@id\":\"https:\\\/\\\/www.transgourmet.es\\\/ca\\\/blog\\\/transgourmet-i-llobet-avancen-en-lexpansio-dspar-a-la-catalunya-central-amb-una-obertura-a-balsareny\\\/\"},\"wordCount\":444,\"commentCount\":0,\"publisher\":{\"@id\":\"https:\\\/\\\/www.transgourmet.es\\\/#organization\"},\"image\":{\"@id\":\"https:\\\/\\\/www.transgourmet.es\\\/ca\\\/blog\\\/transgourmet-i-llobet-avancen-en-lexpansio-dspar-a-la-catalunya-central-amb-una-obertura-a-balsareny\\\/#primaryimage\"},\"thumbnailUrl\":\"https:\\\/\\\/www.transgourmet.es\\\/wp-content\\\/uploads\\\/2026\\\/03\\\/Spar-Balsareny-4.png\",\"articleSection\":[\"Supermercats\"],\"inLanguage\":\"ca\",\"potentialAction\":[{\"@type\":\"CommentAction\",\"name\":\"Comment\",\"target\":[\"https:\\\/\\\/www.transgourmet.es\\\/ca\\\/blog\\\/transgourmet-i-llobet-avancen-en-lexpansio-dspar-a-la-catalunya-central-amb-una-obertura-a-balsareny\\\/#respond\"]}]},{\"@type\":\"WebPage\",\"@id\":\"https:\\\/\\\/www.transgourmet.es\\\/ca\\\/blog\\\/transgourmet-i-llobet-avancen-en-lexpansio-dspar-a-la-catalunya-central-amb-una-obertura-a-balsareny\\\/\",\"url\":\"https:\\\/\\\/www.transgourmet.es\\\/ca\\\/blog\\\/transgourmet-i-llobet-avancen-en-lexpansio-dspar-a-la-catalunya-central-amb-una-obertura-a-balsareny\\\/\",\"name\":\"Transgourmet i Llobet avancen en l\u2019expansi\u00f3 d\u2019Spar a la Catalunya Central amb una obertura a Balsareny | Transgourmet\",\"isPartOf\":{\"@id\":\"https:\\\/\\\/www.transgourmet.es\\\/#website\"},\"primaryImageOfPage\":{\"@id\":\"https:\\\/\\\/www.transgourmet.es\\\/ca\\\/blog\\\/transgourmet-i-llobet-avancen-en-lexpansio-dspar-a-la-catalunya-central-amb-una-obertura-a-balsareny\\\/#primaryimage\"},\"image\":{\"@id\":\"https:\\\/\\\/www.transgourmet.es\\\/ca\\\/blog\\\/transgourmet-i-llobet-avancen-en-lexpansio-dspar-a-la-catalunya-central-amb-una-obertura-a-balsareny\\\/#primaryimage\"},\"thumbnailUrl\":\"https:\\\/\\\/www.transgourmet.es\\\/wp-content\\\/uploads\\\/2026\\\/03\\\/Spar-Balsareny-4.png\",\"datePublished\":\"2026-03-17T09:26:14+00:00\",\"dateModified\":\"2026-03-17T09:29:14+00:00\",\"breadcrumb\":{\"@id\":\"https:\\\/\\\/www.transgourmet.es\\\/ca\\\/blog\\\/transgourmet-i-llobet-avancen-en-lexpansio-dspar-a-la-catalunya-central-amb-una-obertura-a-balsareny\\\/#breadcrumb\"},\"inLanguage\":\"ca\",\"potentialAction\":[{\"@type\":\"ReadAction\",\"target\":[\"https:\\\/\\\/www.transgourmet.es\\\/ca\\\/blog\\\/transgourmet-i-llobet-avancen-en-lexpansio-dspar-a-la-catalunya-central-amb-una-obertura-a-balsareny\\\/\"]}]},{\"@type\":\"ImageObject\",\"inLanguage\":\"ca\",\"@id\":\"https:\\\/\\\/www.transgourmet.es\\\/ca\\\/blog\\\/transgourmet-i-llobet-avancen-en-lexpansio-dspar-a-la-catalunya-central-amb-una-obertura-a-balsareny\\\/#primaryimage\",\"url\":\"https:\\\/\\\/www.transgourmet.es\\\/wp-content\\\/uploads\\\/2026\\\/03\\\/Spar-Balsareny-4.png\",\"contentUrl\":\"https:\\\/\\\/www.transgourmet.es\\\/wp-content\\\/uploads\\\/2026\\\/03\\\/Spar-Balsareny-4.png\",\"width\":1082,\"height\":1025},{\"@type\":\"BreadcrumbList\",\"@id\":\"https:\\\/\\\/www.transgourmet.es\\\/ca\\\/blog\\\/transgourmet-i-llobet-avancen-en-lexpansio-dspar-a-la-catalunya-central-amb-una-obertura-a-balsareny\\\/#breadcrumb\",\"itemListElement\":[{\"@type\":\"ListItem\",\"position\":1,\"name\":\"Portada\",\"item\":\"https:\\\/\\\/www.transgourmet.es\\\/ca\\\/\"},{\"@type\":\"ListItem\",\"position\":2,\"name\":\"Transgourmet i Llobet avancen en l\u2019expansi\u00f3 d\u2019Spar a la Catalunya Central amb una obertura a Balsareny\"}]},{\"@type\":\"WebSite\",\"@id\":\"https:\\\/\\\/www.transgourmet.es\\\/#website\",\"url\":\"https:\\\/\\\/www.transgourmet.es\\\/\",\"name\":\"Transgourmet\",\"description\":\"Distribuci\u00f3n mayorista de alimentaci\u00f3n en Espa\u00f1a\",\"publisher\":{\"@id\":\"https:\\\/\\\/www.transgourmet.es\\\/#organization\"},\"alternateName\":\"Grupo Transgourmet\",\"potentialAction\":[{\"@type\":\"SearchAction\",\"target\":{\"@type\":\"EntryPoint\",\"urlTemplate\":\"https:\\\/\\\/www.transgourmet.es\\\/?s={search_term_string}\"},\"query-input\":{\"@type\":\"PropertyValueSpecification\",\"valueRequired\":true,\"valueName\":\"search_term_string\"}}],\"inLanguage\":\"ca\"},{\"@type\":\"Organization\",\"@id\":\"https:\\\/\\\/www.transgourmet.es\\\/#organization\",\"name\":\"Transgourmet\",\"url\":\"https:\\\/\\\/www.transgourmet.es\\\/\",\"logo\":{\"@type\":\"ImageObject\",\"inLanguage\":\"ca\",\"@id\":\"https:\\\/\\\/www.transgourmet.es\\\/#\\\/schema\\\/logo\\\/image\\\/\",\"url\":\"https:\\\/\\\/www.transgourmet.es\\\/wp-content\\\/uploads\\\/2022\\\/08\\\/trans-vert.svg\",\"contentUrl\":\"https:\\\/\\\/www.transgourmet.es\\\/wp-content\\\/uploads\\\/2022\\\/08\\\/trans-vert.svg\",\"width\":296,\"height\":113,\"caption\":\"Transgourmet\"},\"image\":{\"@id\":\"https:\\\/\\\/www.transgourmet.es\\\/#\\\/schema\\\/logo\\\/image\\\/\"},\"sameAs\":[\"https:\\\/\\\/x.com\\\/transgourmet_es\",\"https:\\\/\\\/www.youtube.com\\\/c\\\/TransgourmetIberica\",\"https:\\\/\\\/www.linkedin.com\\\/company\\\/transgourmet-iberica\"]},{\"@type\":\"Person\",\"@id\":\"https:\\\/\\\/www.transgourmet.es\\\/#\\\/schema\\\/person\\\/7558b42d44946cf43b85426e3e9260ff\",\"name\":\"Comunicacion\",\"image\":{\"@type\":\"ImageObject\",\"inLanguage\":\"ca\",\"@id\":\"https:\\\/\\\/secure.gravatar.com\\\/avatar\\\/22ed58e86b6fa1d603bc37a456b3c1eead2a5b2dc754952f01bc759bba31e2f3?s=96&d=mm&r=g\",\"url\":\"https:\\\/\\\/secure.gravatar.com\\\/avatar\\\/22ed58e86b6fa1d603bc37a456b3c1eead2a5b2dc754952f01bc759bba31e2f3?s=96&d=mm&r=g\",\"contentUrl\":\"https:\\\/\\\/secure.gravatar.com\\\/avatar\\\/22ed58e86b6fa1d603bc37a456b3c1eead2a5b2dc754952f01bc759bba31e2f3?s=96&d=mm&r=g\",\"caption\":\"Comunicacion\"},\"sameAs\":[\"https:\\\/\\\/www.transgourmet.es\\\/\"]}]}<\/script>\n<!-- \/ Yoast SEO plugin. -->","yoast_head_json":{"title":"Transgourmet i Llobet avancen en l\u2019expansi\u00f3 d\u2019Spar a la Catalunya Central amb una obertura a Balsareny | Transgourmet","robots":{"index":"index","follow":"follow","max-snippet":"max-snippet:-1","max-image-preview":"max-image-preview:large","max-video-preview":"max-video-preview:-1"},"canonical":"https:\/\/www.transgourmet.es\/ca\/blog\/transgourmet-i-llobet-avancen-en-lexpansio-dspar-a-la-catalunya-central-amb-una-obertura-a-balsareny\/","og_locale":"ca_ES","og_type":"article","og_title":"Transgourmet i Llobet avancen en l\u2019expansi\u00f3 d\u2019Spar a la Catalunya Central amb una obertura a Balsareny | Transgourmet","og_description":"Transgourmet Ib\u00e8rica, dedicada a la distribuci\u00f3 a l\u2019hostaleria i al supermercat de proximitat, avan\u00e7a en l\u2019expansi\u00f3 de l\u2019ensenya Spar a la Catalunya Central de la m\u00e0 del Grup Llobet amb l\u2019obertura d\u2019un supermercat a Balsareny. Aquest nou establiment, que representa el retorn d\u2019Spar a la comarca del Bages, t\u00e9 una superf\u00edcie de 390 m\u00b2 i&hellip;&nbsp;","og_url":"https:\/\/www.transgourmet.es\/ca\/blog\/transgourmet-i-llobet-avancen-en-lexpansio-dspar-a-la-catalunya-central-amb-una-obertura-a-balsareny\/","og_site_name":"Transgourmet","article_published_time":"2026-03-17T09:26:14+00:00","article_modified_time":"2026-03-17T09:29:14+00:00","og_image":[{"width":1024,"height":970,"url":"https:\/\/www.transgourmet.es\/wp-content\/uploads\/2026\/03\/Spar-Balsareny-4-1024x970.png","type":"image\/png"}],"author":"Comunicacion","twitter_card":"summary_large_image","twitter_creator":"@transgourmet_es","twitter_site":"@transgourmet_es","twitter_misc":{"Escrit per":"Comunicacion","Temps estimat de lectura":"3 minuts"},"schema":{"@context":"https:\/\/schema.org","@graph":[{"@type":"Article","@id":"https:\/\/www.transgourmet.es\/ca\/blog\/transgourmet-i-llobet-avancen-en-lexpansio-dspar-a-la-catalunya-central-amb-una-obertura-a-balsareny\/#article","isPartOf":{"@id":"https:\/\/www.transgourmet.es\/ca\/blog\/transgourmet-i-llobet-avancen-en-lexpansio-dspar-a-la-catalunya-central-amb-una-obertura-a-balsareny\/"},"author":{"name":"Comunicacion","@id":"https:\/\/www.transgourmet.es\/#\/schema\/person\/7558b42d44946cf43b85426e3e9260ff"},"headline":"Transgourmet i Llobet avancen en l\u2019expansi\u00f3 d\u2019Spar a la Catalunya Central amb una obertura a Balsareny","datePublished":"2026-03-17T09:26:14+00:00","dateModified":"2026-03-17T09:29:14+00:00","mainEntityOfPage":{"@id":"https:\/\/www.transgourmet.es\/ca\/blog\/transgourmet-i-llobet-avancen-en-lexpansio-dspar-a-la-catalunya-central-amb-una-obertura-a-balsareny\/"},"wordCount":444,"commentCount":0,"publisher":{"@id":"https:\/\/www.transgourmet.es\/#organization"},"image":{"@id":"https:\/\/www.transgourmet.es\/ca\/blog\/transgourmet-i-llobet-avancen-en-lexpansio-dspar-a-la-catalunya-central-amb-una-obertura-a-balsareny\/#primaryimage"},"thumbnailUrl":"https:\/\/www.transgourmet.es\/wp-content\/uploads\/2026\/03\/Spar-Balsareny-4.png","articleSection":["Supermercats"],"inLanguage":"ca","potentialAction":[{"@type":"CommentAction","name":"Comment","target":["https:\/\/www.transgourmet.es\/ca\/blog\/transgourmet-i-llobet-avancen-en-lexpansio-dspar-a-la-catalunya-central-amb-una-obertura-a-balsareny\/#respond"]}]},{"@type":"WebPage","@id":"https:\/\/www.transgourmet.es\/ca\/blog\/transgourmet-i-llobet-avancen-en-lexpansio-dspar-a-la-catalunya-central-amb-una-obertura-a-balsareny\/","url":"https:\/\/www.transgourmet.es\/ca\/blog\/transgourmet-i-llobet-avancen-en-lexpansio-dspar-a-la-catalunya-central-amb-una-obertura-a-balsareny\/","name":"Transgourmet i Llobet avancen en l\u2019expansi\u00f3 d\u2019Spar a la Catalunya Central amb una obertura a Balsareny | Transgourmet","isPartOf":{"@id":"https:\/\/www.transgourmet.es\/#website"},"primaryImageOfPage":{"@id":"https:\/\/www.transgourmet.es\/ca\/blog\/transgourmet-i-llobet-avancen-en-lexpansio-dspar-a-la-catalunya-central-amb-una-obertura-a-balsareny\/#primaryimage"},"image":{"@id":"https:\/\/www.transgourmet.es\/ca\/blog\/transgourmet-i-llobet-avancen-en-lexpansio-dspar-a-la-catalunya-central-amb-una-obertura-a-balsareny\/#primaryimage"},"thumbnailUrl":"https:\/\/www.transgourmet.es\/wp-content\/uploads\/2026\/03\/Spar-Balsareny-4.png","datePublished":"2026-03-17T09:26:14+00:00","dateModified":"2026-03-17T09:29:14+00:00","breadcrumb":{"@id":"https:\/\/www.transgourmet.es\/ca\/blog\/transgourmet-i-llobet-avancen-en-lexpansio-dspar-a-la-catalunya-central-amb-una-obertura-a-balsareny\/#breadcrumb"},"inLanguage":"ca","potentialAction":[{"@type":"ReadAction","target":["https:\/\/www.transgourmet.es\/ca\/blog\/transgourmet-i-llobet-avancen-en-lexpansio-dspar-a-la-catalunya-central-amb-una-obertura-a-balsareny\/"]}]},{"@type":"ImageObject","inLanguage":"ca","@id":"https:\/\/www.transgourmet.es\/ca\/blog\/transgourmet-i-llobet-avancen-en-lexpansio-dspar-a-la-catalunya-central-amb-una-obertura-a-balsareny\/#primaryimage","url":"https:\/\/www.transgourmet.es\/wp-content\/uploads\/2026\/03\/Spar-Balsareny-4.png","contentUrl":"https:\/\/www.transgourmet.es\/wp-content\/uploads\/2026\/03\/Spar-Balsareny-4.png","width":1082,"height":1025},{"@type":"BreadcrumbList","@id":"https:\/\/www.transgourmet.es\/ca\/blog\/transgourmet-i-llobet-avancen-en-lexpansio-dspar-a-la-catalunya-central-amb-una-obertura-a-balsareny\/#breadcrumb","itemListElement":[{"@type":"ListItem","position":1,"name":"Portada","item":"https:\/\/www.transgourmet.es\/ca\/"},{"@type":"ListItem","position":2,"name":"Transgourmet i Llobet avancen en l\u2019expansi\u00f3 d\u2019Spar a la Catalunya Central amb una obertura a Balsareny"}]},{"@type":"WebSite","@id":"https:\/\/www.transgourmet.es\/#website","url":"https:\/\/www.transgourmet.es\/","name":"Transgourmet","description":"Distribuci\u00f3n mayorista de alimentaci\u00f3n en Espa\u00f1a","publisher":{"@id":"https:\/\/www.transgourmet.es\/#organization"},"alternateName":"Grupo Transgourmet","potentialAction":[{"@type":"SearchAction","target":{"@type":"EntryPoint","urlTemplate":"https:\/\/www.transgourmet.es\/?s={search_term_string}"},"query-input":{"@type":"PropertyValueSpecification","valueRequired":true,"valueName":"search_term_string"}}],"inLanguage":"ca"},{"@type":"Organization","@id":"https:\/\/www.transgourmet.es\/#organization","name":"Transgourmet","url":"https:\/\/www.transgourmet.es\/","logo":{"@type":"ImageObject","inLanguage":"ca","@id":"https:\/\/www.transgourmet.es\/#\/schema\/logo\/image\/","url":"https:\/\/www.transgourmet.es\/wp-content\/uploads\/2022\/08\/trans-vert.svg","contentUrl":"https:\/\/www.transgourmet.es\/wp-content\/uploads\/2022\/08\/trans-vert.svg","width":296,"height":113,"caption":"Transgourmet"},"image":{"@id":"https:\/\/www.transgourmet.es\/#\/schema\/logo\/image\/"},"sameAs":["https:\/\/x.com\/transgourmet_es","https:\/\/www.youtube.com\/c\/TransgourmetIberica","https:\/\/www.linkedin.com\/company\/transgourmet-iberica"]},{"@type":"Person","@id":"https:\/\/www.transgourmet.es\/#\/schema\/person\/7558b42d44946cf43b85426e3e9260ff","name":"Comunicacion","image":{"@type":"ImageObject","inLanguage":"ca","@id":"https:\/\/secure.gravatar.com\/avatar\/22ed58e86b6fa1d603bc37a456b3c1eead2a5b2dc754952f01bc759bba31e2f3?s=96&d=mm&r=g","url":"https:\/\/secure.gravatar.com\/avatar\/22ed58e86b6fa1d603bc37a456b3c1eead2a5b2dc754952f01bc759bba31e2f3?s=96&d=mm&r=g","contentUrl":"https:\/\/secure.gravatar.com\/avatar\/22ed58e86b6fa1d603bc37a456b3c1eead2a5b2dc754952f01bc759bba31e2f3?s=96&d=mm&r=g","caption":"Comunicacion"},"sameAs":["https:\/\/www.transgourmet.es\/"]}]}},"_links":{"self":[{"href":"https:\/\/www.transgourmet.es\/ca\/wp-json\/wp\/v2\/posts\/26552","targetHints":{"allow":["GET"]}}],"collection":[{"href":"https:\/\/www.transgourmet.es\/ca\/wp-json\/wp\/v2\/posts"}],"about":[{"href":"https:\/\/www.transgourmet.es\/ca\/wp-json\/wp\/v2\/types\/post"}],"author":[{"embeddable":true,"href":"https:\/\/www.transgourmet.es\/ca\/wp-json\/wp\/v2\/users\/3"}],"replies":[{"embeddable":true,"href":"https:\/\/www.transgourmet.es\/ca\/wp-json\/wp\/v2\/comments?post=26552"}],"version-history":[{"count":3,"href":"https:\/\/www.transgourmet.es\/ca\/wp-json\/wp\/v2\/posts\/26552\/revisions"}],"predecessor-version":[{"id":26562,"href":"https:\/\/www.transgourmet.es\/ca\/wp-json\/wp\/v2\/posts\/26552\/revisions\/26562"}],"wp:featuredmedia":[{"embeddable":true,"href":"https:\/\/www.transgourmet.es\/ca\/wp-json\/wp\/v2\/media\/26553"}],"wp:attachment":[{"href":"https:\/\/www.transgourmet.es\/ca\/wp-json\/wp\/v2\/media?parent=26552"}],"wp:term":[{"taxonomy":"category","embeddable":true,"href":"https:\/\/www.transgourmet.es\/ca\/wp-json\/wp\/v2\/categories?post=26552"},{"taxonomy":"post_tag","embeddable":true,"href":"https:\/\/www.transgourmet.es\/ca\/wp-json\/wp\/v2\/tags?post=26552"}],"curies":[{"name":"wp","href":"https:\/\/api.w.org\/{rel}","templated":true}]}}